{"@context":"https:\/\/schema.org\/","@type":"CollectionPage","@id":"https:\/\/nacao.digital\/blog\/category\/e-commerce\/e-commerce-b2b\/#CollectionPage","headline":"E-commerce B2B Category","description":"<p>Conte\u00fados, pesquisas e dicas exclusivas para melhorar o desempenho e as vendas de e-commerces B2B.<\/p>\n","url":"https:\/\/nacao.digital\/blog\/category\/e-commerce\/e-commerce-b2b\/","hasPart":[{"@type":"Article","@id":"https:\/\/nacao.digital\/blog\/integrador-de-marketplace\/","headline":"Integrador de marketplace: 12 hubs para conhecer","url":"https:\/\/nacao.digital\/blog\/integrador-de-marketplace\/","datePublished":"2023-09-18","dateModified":"2024-08-02","mainEntityOfPage":"https:\/\/nacao.digital\/blog\/integrador-de-marketplace\/","author":{"@type":"Person","@id":"https:\/\/nacao.digital\/blog\/author\/redacao\/#Person","name":"Reda\u00e7\u00e3o - Na\u00e7\u00e3o Digital","url":"https:\/\/nacao.digital\/blog\/author\/redacao\/","identifier":7,"description":"Equipe de Reda\u00e7\u00e3o da Na\u00e7\u00e3o Digital","image":{"@type":"ImageObject","@id":"https:\/\/secure.gravatar.com\/avatar\/02e4691d00230d3425c562e7e363f571?s=96&d=mm&r=g","url":"https:\/\/secure.gravatar.com\/avatar\/02e4691d00230d3425c562e7e363f571?s=96&d=mm&r=g","height":96,"width":96}},"publisher":{"@type":"Organization","name":"Na\u00e7\u00e3o Digital","logo":{"@type":"ImageObject","@id":"https:\/\/nacao.digital\/blog\/wp-content\/uploads\/2019\/03\/logo-nd-1.png","url":"https:\/\/nacao.digital\/blog\/wp-content\/uploads\/2019\/03\/logo-nd-1.png","width":174,"height":22}},"image":{"@type":"ImageObject","@id":"https:\/\/nacao.digital\/blog\/wp-content\/uploads\/2023\/08\/integrador-de-marketplace-foto-de-capa.jpg","url":"https:\/\/nacao.digital\/blog\/wp-content\/uploads\/2023\/08\/integrador-de-marketplace-foto-de-capa.jpg","height":700,"width":1300},"keywords":["integrador de marketplace"]},{"@type":"Article","@id":"https:\/\/nacao.digital\/blog\/cyber-monday\/","headline":"Cyber Monday 2023: tend\u00eancias e dicas para lucrar","url":"https:\/\/nacao.digital\/blog\/cyber-monday\/","datePublished":"2023-08-07","dateModified":"2023-08-04","mainEntityOfPage":"https:\/\/nacao.digital\/blog\/cyber-monday\/","author":{"@type":"Person","@id":"https:\/\/nacao.digital\/blog\/author\/redacao\/#Person","name":"Reda\u00e7\u00e3o - Na\u00e7\u00e3o Digital","url":"https:\/\/nacao.digital\/blog\/author\/redacao\/","identifier":7,"description":"Equipe de Reda\u00e7\u00e3o da Na\u00e7\u00e3o Digital","image":{"@type":"ImageObject","@id":"https:\/\/secure.gravatar.com\/avatar\/02e4691d00230d3425c562e7e363f571?s=96&d=mm&r=g","url":"https:\/\/secure.gravatar.com\/avatar\/02e4691d00230d3425c562e7e363f571?s=96&d=mm&r=g","height":96,"width":96}},"publisher":{"@type":"Organization","name":"Na\u00e7\u00e3o Digital","logo":{"@type":"ImageObject","@id":"https:\/\/nacao.digital\/blog\/wp-content\/uploads\/2019\/03\/logo-nd-1.png","url":"https:\/\/nacao.digital\/blog\/wp-content\/uploads\/2019\/03\/logo-nd-1.png","width":174,"height":22}},"image":{"@type":"ImageObject","@id":"https:\/\/nacao.digital\/blog\/wp-content\/uploads\/2023\/08\/cyber-monday-foto-de-capa.jpg","url":"https:\/\/nacao.digital\/blog\/wp-content\/uploads\/2023\/08\/cyber-monday-foto-de-capa.jpg","height":700,"width":1300},"keywords":["black friday","cyber monday","cyber monday 2023"]},{"@type":"Article","@id":"https:\/\/nacao.digital\/blog\/tendencias-de-marketing-b2b\/","headline":"13 tend\u00eancias de marketing B2B para ficar de olho em 2023","url":"https:\/\/nacao.digital\/blog\/tendencias-de-marketing-b2b\/","datePublished":"2023-02-23","dateModified":"2023-02-24","mainEntityOfPage":"https:\/\/nacao.digital\/blog\/tendencias-de-marketing-b2b\/","author":{"@type":"Person","@id":"https:\/\/nacao.digital\/blog\/author\/redacao\/#Person","name":"Reda\u00e7\u00e3o - Na\u00e7\u00e3o Digital","url":"https:\/\/nacao.digital\/blog\/author\/redacao\/","identifier":7,"description":"Equipe de Reda\u00e7\u00e3o da Na\u00e7\u00e3o Digital","image":{"@type":"ImageObject","@id":"https:\/\/secure.gravatar.com\/avatar\/02e4691d00230d3425c562e7e363f571?s=96&d=mm&r=g","url":"https:\/\/secure.gravatar.com\/avatar\/02e4691d00230d3425c562e7e363f571?s=96&d=mm&r=g","height":96,"width":96}},"publisher":{"@type":"Organization","name":"Na\u00e7\u00e3o Digital","logo":{"@type":"ImageObject","@id":"https:\/\/nacao.digital\/blog\/wp-content\/uploads\/2019\/03\/logo-nd-1.png","url":"https:\/\/nacao.digital\/blog\/wp-content\/uploads\/2019\/03\/logo-nd-1.png","width":174,"height":22}},"image":{"@type":"ImageObject","@id":"https:\/\/nacao.digital\/blog\/wp-content\/uploads\/2021\/05\/tendencias-de-marketing-b2b.jpg","url":"https:\/\/nacao.digital\/blog\/wp-content\/uploads\/2021\/05\/tendencias-de-marketing-b2b.jpg","height":700,"width":1300},"keywords":["e-commerce b2b","tend\u00eancias de marketing B2B"]},{"@type":"Article","@id":"https:\/\/nacao.digital\/blog\/plataforma-de-e-commerce\/","headline":"9 melhores plataformas de e-commerce B2B em 2023","url":"https:\/\/nacao.digital\/blog\/plataforma-de-e-commerce\/","datePublished":"2023-02-15","dateModified":"2023-02-16","mainEntityOfPage":"https:\/\/nacao.digital\/blog\/plataforma-de-e-commerce\/","author":{"@type":"Person","@id":"https:\/\/nacao.digital\/blog\/author\/redacao\/#Person","name":"Reda\u00e7\u00e3o - Na\u00e7\u00e3o Digital","url":"https:\/\/nacao.digital\/blog\/author\/redacao\/","identifier":7,"description":"Equipe de Reda\u00e7\u00e3o da Na\u00e7\u00e3o Digital","image":{"@type":"ImageObject","@id":"https:\/\/secure.gravatar.com\/avatar\/02e4691d00230d3425c562e7e363f571?s=96&d=mm&r=g","url":"https:\/\/secure.gravatar.com\/avatar\/02e4691d00230d3425c562e7e363f571?s=96&d=mm&r=g","height":96,"width":96}},"publisher":{"@type":"Organization","name":"Na\u00e7\u00e3o Digital","logo":{"@type":"ImageObject","@id":"https:\/\/nacao.digital\/blog\/wp-content\/uploads\/2019\/03\/logo-nd-1.png","url":"https:\/\/nacao.digital\/blog\/wp-content\/uploads\/2019\/03\/logo-nd-1.png","width":174,"height":22}},"image":{"@type":"ImageObject","@id":"https:\/\/nacao.digital\/blog\/wp-content\/uploads\/2021\/07\/plataforma-de-e-commerce-b2b.jpg","url":"https:\/\/nacao.digital\/blog\/wp-content\/uploads\/2021\/07\/plataforma-de-e-commerce-b2b.jpg","height":700,"width":1300},"keywords":["e-commerce b2b","plataforma de e-commerce"],"commentCount":"1","comment":[{"@type":"Comment","@id":"https:\/\/nacao.digital\/blog\/plataforma-de-e-commerce\/#Comment1","dateCreated":"2024-07-02 13:33:47","description":"Agrade\u00e7o o release que por ser focado em B2B nos classificou nesta forma. Mas gostaria de acrescentar que somos uma plataforma de vendas online para neg\u00f3cios de alta complexidade e\/ou alta especificidade. A \u00fanica capaz de manter um canal de vendas B2B, B2C, OMS, Marketplace e B2B2C de forma totalmente unificada.","author":{"@type":"Person","name":"CRISTIANO FOGACA CHAUSSARD","url":"http:\/\/blog.flexy.com.br"}}]},{"@type":"Article","@id":"https:\/\/nacao.digital\/blog\/recommerce\/","headline":"Recommerce: vantagens para marcas e como implementar","url":"https:\/\/nacao.digital\/blog\/recommerce\/","datePublished":"2022-10-28","dateModified":"2022-11-07","mainEntityOfPage":"https:\/\/nacao.digital\/blog\/recommerce\/","author":{"@type":"Person","@id":"https:\/\/nacao.digital\/blog\/author\/redacao\/#Person","name":"Reda\u00e7\u00e3o - Na\u00e7\u00e3o Digital","url":"https:\/\/nacao.digital\/blog\/author\/redacao\/","identifier":7,"description":"Equipe de Reda\u00e7\u00e3o da Na\u00e7\u00e3o Digital","image":{"@type":"ImageObject","@id":"https:\/\/secure.gravatar.com\/avatar\/02e4691d00230d3425c562e7e363f571?s=96&d=mm&r=g","url":"https:\/\/secure.gravatar.com\/avatar\/02e4691d00230d3425c562e7e363f571?s=96&d=mm&r=g","height":96,"width":96}},"publisher":{"@type":"Organization","name":"Na\u00e7\u00e3o Digital","logo":{"@type":"ImageObject","@id":"https:\/\/nacao.digital\/blog\/wp-content\/uploads\/2019\/03\/logo-nd-1.png","url":"https:\/\/nacao.digital\/blog\/wp-content\/uploads\/2019\/03\/logo-nd-1.png","width":174,"height":22}},"image":{"@type":"ImageObject","@id":"https:\/\/nacao.digital\/blog\/wp-content\/uploads\/2022\/10\/recommerce-3-1-e1667847115756.jpg","url":"https:\/\/nacao.digital\/blog\/wp-content\/uploads\/2022\/10\/recommerce-3-1-e1667847115756.jpg","height":540,"width":1000},"keywords":["recommerce"]},{"@type":"Article","@id":"https:\/\/nacao.digital\/blog\/vendas-b2b\/","headline":"Futuro das vendas B2B: novas tend\u00eancias para aderir","url":"https:\/\/nacao.digital\/blog\/vendas-b2b\/","datePublished":"2022-04-14","dateModified":"2022-04-01","mainEntityOfPage":"https:\/\/nacao.digital\/blog\/vendas-b2b\/","author":{"@type":"Person","@id":"https:\/\/nacao.digital\/blog\/author\/redacao\/#Person","name":"Reda\u00e7\u00e3o - Na\u00e7\u00e3o Digital","url":"https:\/\/nacao.digital\/blog\/author\/redacao\/","identifier":7,"description":"Equipe de Reda\u00e7\u00e3o da Na\u00e7\u00e3o Digital","image":{"@type":"ImageObject","@id":"https:\/\/secure.gravatar.com\/avatar\/02e4691d00230d3425c562e7e363f571?s=96&d=mm&r=g","url":"https:\/\/secure.gravatar.com\/avatar\/02e4691d00230d3425c562e7e363f571?s=96&d=mm&r=g","height":96,"width":96}},"publisher":{"@type":"Organization","name":"Na\u00e7\u00e3o Digital","logo":{"@type":"ImageObject","@id":"https:\/\/nacao.digital\/blog\/wp-content\/uploads\/2019\/03\/logo-nd-1.png","url":"https:\/\/nacao.digital\/blog\/wp-content\/uploads\/2019\/03\/logo-nd-1.png","width":174,"height":22}},"image":{"@type":"ImageObject","@id":"https:\/\/nacao.digital\/blog\/wp-content\/uploads\/2022\/04\/vendas-b2b.jpg","url":"https:\/\/nacao.digital\/blog\/wp-content\/uploads\/2022\/04\/vendas-b2b.jpg","height":700,"width":1300},"keywords":["e-commerce b2b","vendas b2b"]},{"@type":"Article","@id":"https:\/\/nacao.digital\/blog\/metodos-de-pagamento\/","headline":"M\u00e9todos de pagamento B2B: novidades e quais usar no site?","url":"https:\/\/nacao.digital\/blog\/metodos-de-pagamento\/","datePublished":"2022-04-07","dateModified":"2022-04-01","mainEntityOfPage":"https:\/\/nacao.digital\/blog\/metodos-de-pagamento\/","author":{"@type":"Person","@id":"https:\/\/nacao.digital\/blog\/author\/redacao\/#Person","name":"Reda\u00e7\u00e3o - Na\u00e7\u00e3o Digital","url":"https:\/\/nacao.digital\/blog\/author\/redacao\/","identifier":7,"description":"Equipe de Reda\u00e7\u00e3o da Na\u00e7\u00e3o Digital","image":{"@type":"ImageObject","@id":"https:\/\/secure.gravatar.com\/avatar\/02e4691d00230d3425c562e7e363f571?s=96&d=mm&r=g","url":"https:\/\/secure.gravatar.com\/avatar\/02e4691d00230d3425c562e7e363f571?s=96&d=mm&r=g","height":96,"width":96}},"publisher":{"@type":"Organization","name":"Na\u00e7\u00e3o Digital","logo":{"@type":"ImageObject","@id":"https:\/\/nacao.digital\/blog\/wp-content\/uploads\/2019\/03\/logo-nd-1.png","url":"https:\/\/nacao.digital\/blog\/wp-content\/uploads\/2019\/03\/logo-nd-1.png","width":174,"height":22}},"image":{"@type":"ImageObject","@id":"https:\/\/nacao.digital\/blog\/wp-content\/uploads\/2022\/04\/metodos-de-pagamento.jpg","url":"https:\/\/nacao.digital\/blog\/wp-content\/uploads\/2022\/04\/metodos-de-pagamento.jpg","height":700,"width":1300},"keywords":["e-commerce b2b","m\u00e9todos de pagamento"],"commentCount":"3","comment":[{"@type":"Comment","@id":"https:\/\/nacao.digital\/blog\/metodos-de-pagamento\/#Comment1","dateCreated":"2025-02-20 11:28:14","description":"At\u00e9 o momento n\u00e3o apareceu ainda nenhum hugby de cr\u00e9dito para facilitar uma extrategia de e-commerce B2B, s\u00f3 temos mesmo as tradicionais. O jeito \u00e9 adaptar o que temos no B2C para as lojas B2B e como fa\u00e7o aqui no meu e-commerce os clientes finais compram diretamente no site e pagam no site com PIX ou Cart\u00e3o, dificilmente algu\u00e9m manda imprimir boleto. Agora as empresas fazem suas cota\u00e7\u00f5es e quando resolvem comprar eles pedem boleto, que fa\u00e7o aqui de forma manual mesmo e envio para o cliente e funciona mais ou menos como no B2C porque preciso do dinheiro para pagar o fornecedor que na maioria dos casos s\u00f3 me vendem tamb\u00e9m se for pagamento \u00e0 vista.\r\n\u00c9 o fator desagragador do neg\u00f3cio. Ent\u00e3o pensando nisso vou abrir outra empresa, voltada para os neg\u00f3cios B2B e assim batalhar por cr\u00e9dito nos meus fornecedores para implantar uma pol\u00edtica comercial melhor para atender meus clientes. \r\nMas olha no Brasil de hoje est\u00e1 dif\u00edcil.","author":{"@type":"Person","name":"Arnaldo Alves Pacheco","url":"https:\/\/limphus.com.br"}},{"@type":"Comment","@id":"https:\/\/nacao.digital\/blog\/metodos-de-pagamento\/#Comment2","dateCreated":"2022-09-22 10:46:31","description":"Muito obrigada, pessoal! Continuem acompanhando o blog da Na\u00e7\u00e3o Digital, \u00e9 um prazer ter voc\u00eas aqui. \ud83d\udc4f","author":{"@type":"Person","name":"Reda\u00e7\u00e3o - Na\u00e7\u00e3o Digital","url":"http:\/\/nacao.digital"}},{"@type":"Comment","@id":"https:\/\/nacao.digital\/blog\/metodos-de-pagamento\/#Comment3","dateCreated":"2022-09-21 18:45:54","description":"\u00d3timo post Na\u00e7\u00e3o Digital! N\u00f3s da Marvin permitimos que lojistas usem seus receb\u00edveis de cart\u00e3o para pagar fornecedores de forma simples e intuitiva, acessando melhores condi\u00e7\u00f5es e economizando.","author":{"@type":"Person","name":"Marvin","url":"http:\/\/www.marvin.com.br"}}]},{"@type":"Article","@id":"https:\/\/nacao.digital\/blog\/como-gerar-leads-qualificados\/","headline":"Como gerar leads qualificados no e-commerce B2B?","url":"https:\/\/nacao.digital\/blog\/como-gerar-leads-qualificados\/","datePublished":"2022-04-01","dateModified":"2022-04-01","mainEntityOfPage":"https:\/\/nacao.digital\/blog\/como-gerar-leads-qualificados\/","author":{"@type":"Person","@id":"https:\/\/nacao.digital\/blog\/author\/redacao\/#Person","name":"Reda\u00e7\u00e3o - Na\u00e7\u00e3o Digital","url":"https:\/\/nacao.digital\/blog\/author\/redacao\/","identifier":7,"description":"Equipe de Reda\u00e7\u00e3o da Na\u00e7\u00e3o Digital","image":{"@type":"ImageObject","@id":"https:\/\/secure.gravatar.com\/avatar\/02e4691d00230d3425c562e7e363f571?s=96&d=mm&r=g","url":"https:\/\/secure.gravatar.com\/avatar\/02e4691d00230d3425c562e7e363f571?s=96&d=mm&r=g","height":96,"width":96}},"publisher":{"@type":"Organization","name":"Na\u00e7\u00e3o Digital","logo":{"@type":"ImageObject","@id":"https:\/\/nacao.digital\/blog\/wp-content\/uploads\/2019\/03\/logo-nd-1.png","url":"https:\/\/nacao.digital\/blog\/wp-content\/uploads\/2019\/03\/logo-nd-1.png","width":174,"height":22}},"image":{"@type":"ImageObject","@id":"https:\/\/nacao.digital\/blog\/wp-content\/uploads\/2022\/04\/como-gerar-leads-qualificados-b2b.jpg","url":"https:\/\/nacao.digital\/blog\/wp-content\/uploads\/2022\/04\/como-gerar-leads-qualificados-b2b.jpg","height":700,"width":1300},"keywords":["como gerar leads qualificados","e-commerce b2b","lead generation"]},{"@type":"Article","@id":"https:\/\/nacao.digital\/blog\/avaliacoes-de-clientes\/","headline":"Avalia\u00e7\u00f5es de clientes B2B: 3 motivos para usar no e-commerce","url":"https:\/\/nacao.digital\/blog\/avaliacoes-de-clientes\/","datePublished":"2022-02-21","dateModified":"2022-02-21","mainEntityOfPage":"https:\/\/nacao.digital\/blog\/avaliacoes-de-clientes\/","author":{"@type":"Person","@id":"https:\/\/nacao.digital\/blog\/author\/redacao\/#Person","name":"Reda\u00e7\u00e3o - Na\u00e7\u00e3o Digital","url":"https:\/\/nacao.digital\/blog\/author\/redacao\/","identifier":7,"description":"Equipe de Reda\u00e7\u00e3o da Na\u00e7\u00e3o Digital","image":{"@type":"ImageObject","@id":"https:\/\/secure.gravatar.com\/avatar\/02e4691d00230d3425c562e7e363f571?s=96&d=mm&r=g","url":"https:\/\/secure.gravatar.com\/avatar\/02e4691d00230d3425c562e7e363f571?s=96&d=mm&r=g","height":96,"width":96}},"publisher":{"@type":"Organization","name":"Na\u00e7\u00e3o Digital","logo":{"@type":"ImageObject","@id":"https:\/\/nacao.digital\/blog\/wp-content\/uploads\/2019\/03\/logo-nd-1.png","url":"https:\/\/nacao.digital\/blog\/wp-content\/uploads\/2019\/03\/logo-nd-1.png","width":174,"height":22}},"image":{"@type":"ImageObject","@id":"https:\/\/nacao.digital\/blog\/wp-content\/uploads\/2022\/02\/avaliacoes-de-clientes-b2b.jpg","url":"https:\/\/nacao.digital\/blog\/wp-content\/uploads\/2022\/02\/avaliacoes-de-clientes-b2b.jpg","height":700,"width":1300},"keywords":["avalia\u00e7\u00f5es de clientes","e-commerce b2b"]}]}