{"@context":"https:\/\/schema.org\/","@type":"CollectionPage","@id":"https:\/\/nacao.digital\/blog\/category\/e-commerce\/e-commerce-b2b\/#CollectionPage","headline":"E-commerce B2B Category","description":"<p>Conte\u00fados, pesquisas e dicas exclusivas para melhorar o desempenho e as vendas de e-commerces B2B.<\/p>\n","url":"https:\/\/nacao.digital\/blog\/category\/e-commerce\/e-commerce-b2b\/","hasPart":[{"@type":"Article","@id":"https:\/\/nacao.digital\/blog\/blog-corporativo\/","headline":"Vale a pena ter um blog corporativo B2B em 2022?","url":"https:\/\/nacao.digital\/blog\/blog-corporativo\/","datePublished":"2022-02-21","dateModified":"2022-02-21","mainEntityOfPage":"https:\/\/nacao.digital\/blog\/blog-corporativo\/","author":{"@type":"Person","@id":"https:\/\/nacao.digital\/blog\/author\/redacao\/#Person","name":"Reda\u00e7\u00e3o - Na\u00e7\u00e3o Digital","url":"https:\/\/nacao.digital\/blog\/author\/redacao\/","identifier":7,"description":"Equipe de Reda\u00e7\u00e3o da Na\u00e7\u00e3o Digital","image":{"@type":"ImageObject","@id":"https:\/\/secure.gravatar.com\/avatar\/02e4691d00230d3425c562e7e363f571?s=96&d=mm&r=g","url":"https:\/\/secure.gravatar.com\/avatar\/02e4691d00230d3425c562e7e363f571?s=96&d=mm&r=g","height":96,"width":96}},"publisher":{"@type":"Organization","name":"Na\u00e7\u00e3o Digital","logo":{"@type":"ImageObject","@id":"https:\/\/nacao.digital\/blog\/wp-content\/uploads\/2019\/03\/logo-nd-1.png","url":"https:\/\/nacao.digital\/blog\/wp-content\/uploads\/2019\/03\/logo-nd-1.png","width":174,"height":22}},"image":{"@type":"ImageObject","@id":"https:\/\/nacao.digital\/blog\/wp-content\/uploads\/2022\/02\/blog-corporativo-b2b.jpg","url":"https:\/\/nacao.digital\/blog\/wp-content\/uploads\/2022\/02\/blog-corporativo-b2b.jpg","height":700,"width":1300},"keywords":["blog corporativo","inbound commerce","marketing de conte\u00fado"]},{"@type":"Article","@id":"https:\/\/nacao.digital\/blog\/como-abrir-um-e-commerce-b2b\/","headline":"Como abrir um e-commerce B2B: 4 coisas para considerar","url":"https:\/\/nacao.digital\/blog\/como-abrir-um-e-commerce-b2b\/","datePublished":"2022-02-21","dateModified":"2022-02-21","mainEntityOfPage":"https:\/\/nacao.digital\/blog\/como-abrir-um-e-commerce-b2b\/","author":{"@type":"Person","@id":"https:\/\/nacao.digital\/blog\/author\/redacao\/#Person","name":"Reda\u00e7\u00e3o - Na\u00e7\u00e3o Digital","url":"https:\/\/nacao.digital\/blog\/author\/redacao\/","identifier":7,"description":"Equipe de Reda\u00e7\u00e3o da Na\u00e7\u00e3o Digital","image":{"@type":"ImageObject","@id":"https:\/\/secure.gravatar.com\/avatar\/02e4691d00230d3425c562e7e363f571?s=96&d=mm&r=g","url":"https:\/\/secure.gravatar.com\/avatar\/02e4691d00230d3425c562e7e363f571?s=96&d=mm&r=g","height":96,"width":96}},"publisher":{"@type":"Organization","name":"Na\u00e7\u00e3o Digital","logo":{"@type":"ImageObject","@id":"https:\/\/nacao.digital\/blog\/wp-content\/uploads\/2019\/03\/logo-nd-1.png","url":"https:\/\/nacao.digital\/blog\/wp-content\/uploads\/2019\/03\/logo-nd-1.png","width":174,"height":22}},"image":{"@type":"ImageObject","@id":"https:\/\/nacao.digital\/blog\/wp-content\/uploads\/2022\/02\/como-abrir-um-e-commerce-b2b.jpg","url":"https:\/\/nacao.digital\/blog\/wp-content\/uploads\/2022\/02\/como-abrir-um-e-commerce-b2b.jpg","height":700,"width":1300},"keywords":["como abrir um e-commerce","e-commerce b2b"]},{"@type":"Article","@id":"https:\/\/nacao.digital\/blog\/retencao-de-clientes\/","headline":"Reten\u00e7\u00e3o de clientes e-commerce B2B: 5 t\u00e1ticas que funcionam","url":"https:\/\/nacao.digital\/blog\/retencao-de-clientes\/","datePublished":"2022-02-21","dateModified":"2022-02-21","mainEntityOfPage":"https:\/\/nacao.digital\/blog\/retencao-de-clientes\/","author":{"@type":"Person","@id":"https:\/\/nacao.digital\/blog\/author\/redacao\/#Person","name":"Reda\u00e7\u00e3o - Na\u00e7\u00e3o Digital","url":"https:\/\/nacao.digital\/blog\/author\/redacao\/","identifier":7,"description":"Equipe de Reda\u00e7\u00e3o da Na\u00e7\u00e3o Digital","image":{"@type":"ImageObject","@id":"https:\/\/secure.gravatar.com\/avatar\/02e4691d00230d3425c562e7e363f571?s=96&d=mm&r=g","url":"https:\/\/secure.gravatar.com\/avatar\/02e4691d00230d3425c562e7e363f571?s=96&d=mm&r=g","height":96,"width":96}},"publisher":{"@type":"Organization","name":"Na\u00e7\u00e3o Digital","logo":{"@type":"ImageObject","@id":"https:\/\/nacao.digital\/blog\/wp-content\/uploads\/2019\/03\/logo-nd-1.png","url":"https:\/\/nacao.digital\/blog\/wp-content\/uploads\/2019\/03\/logo-nd-1.png","width":174,"height":22}},"image":{"@type":"ImageObject","@id":"https:\/\/nacao.digital\/blog\/wp-content\/uploads\/2022\/02\/retencao-de-clientes.jpg","url":"https:\/\/nacao.digital\/blog\/wp-content\/uploads\/2022\/02\/retencao-de-clientes.jpg","height":700,"width":1300},"keywords":["e-commerce b2b","reten\u00e7\u00e3o de clientes"]},{"@type":"Article","@id":"https:\/\/nacao.digital\/blog\/marketing-personalizado\/","headline":"Marketing personalizado B2B: como destacar sua marca?","url":"https:\/\/nacao.digital\/blog\/marketing-personalizado\/","datePublished":"2022-01-21","dateModified":"2022-01-21","mainEntityOfPage":"https:\/\/nacao.digital\/blog\/marketing-personalizado\/","author":{"@type":"Person","@id":"https:\/\/nacao.digital\/blog\/author\/redacao\/#Person","name":"Reda\u00e7\u00e3o - Na\u00e7\u00e3o Digital","url":"https:\/\/nacao.digital\/blog\/author\/redacao\/","identifier":7,"description":"Equipe de Reda\u00e7\u00e3o da Na\u00e7\u00e3o Digital","image":{"@type":"ImageObject","@id":"https:\/\/secure.gravatar.com\/avatar\/02e4691d00230d3425c562e7e363f571?s=96&d=mm&r=g","url":"https:\/\/secure.gravatar.com\/avatar\/02e4691d00230d3425c562e7e363f571?s=96&d=mm&r=g","height":96,"width":96}},"publisher":{"@type":"Organization","name":"Na\u00e7\u00e3o Digital","logo":{"@type":"ImageObject","@id":"https:\/\/nacao.digital\/blog\/wp-content\/uploads\/2019\/03\/logo-nd-1.png","url":"https:\/\/nacao.digital\/blog\/wp-content\/uploads\/2019\/03\/logo-nd-1.png","width":174,"height":22}},"image":{"@type":"ImageObject","@id":"https:\/\/nacao.digital\/blog\/wp-content\/uploads\/2022\/01\/marketing-personalizado.jpg","url":"https:\/\/nacao.digital\/blog\/wp-content\/uploads\/2022\/01\/marketing-personalizado.jpg","height":428,"width":794},"keywords":["e-commerce b2b","marketing personalizado"]},{"@type":"Article","@id":"https:\/\/nacao.digital\/blog\/marketing-de-conteudo-para-industria\/","headline":"Marketing de conte\u00fado para ind\u00fastria: benef\u00edcios e como fazer","url":"https:\/\/nacao.digital\/blog\/marketing-de-conteudo-para-industria\/","datePublished":"2021-11-03","dateModified":"2021-11-05","mainEntityOfPage":"https:\/\/nacao.digital\/blog\/marketing-de-conteudo-para-industria\/","author":{"@type":"Person","@id":"https:\/\/nacao.digital\/blog\/author\/redacao\/#Person","name":"Reda\u00e7\u00e3o - Na\u00e7\u00e3o Digital","url":"https:\/\/nacao.digital\/blog\/author\/redacao\/","identifier":7,"description":"Equipe de Reda\u00e7\u00e3o da Na\u00e7\u00e3o Digital","image":{"@type":"ImageObject","@id":"https:\/\/secure.gravatar.com\/avatar\/02e4691d00230d3425c562e7e363f571?s=96&d=mm&r=g","url":"https:\/\/secure.gravatar.com\/avatar\/02e4691d00230d3425c562e7e363f571?s=96&d=mm&r=g","height":96,"width":96}},"publisher":{"@type":"Organization","name":"Na\u00e7\u00e3o Digital","logo":{"@type":"ImageObject","@id":"https:\/\/nacao.digital\/blog\/wp-content\/uploads\/2019\/03\/logo-nd-1.png","url":"https:\/\/nacao.digital\/blog\/wp-content\/uploads\/2019\/03\/logo-nd-1.png","width":174,"height":22}},"image":{"@type":"ImageObject","@id":"https:\/\/nacao.digital\/blog\/wp-content\/uploads\/2021\/11\/marketing-de-conteudo-para-industria-e1641986687172.jpg","url":"https:\/\/nacao.digital\/blog\/wp-content\/uploads\/2021\/11\/marketing-de-conteudo-para-industria-e1641986687172.jpg","height":337,"width":625},"keywords":["inbound commerce","marketing b2b","marketing de conteudo","marketing de conte\u00fado para ind\u00fastria"]},{"@type":"Article","@id":"https:\/\/nacao.digital\/blog\/logistica-para-e-commerce\/","headline":"6 melhores servi\u00e7os de log\u00edstica para e-commerce B2B","url":"https:\/\/nacao.digital\/blog\/logistica-para-e-commerce\/","datePublished":"2021-09-21","dateModified":"2022-03-17","mainEntityOfPage":"https:\/\/nacao.digital\/blog\/logistica-para-e-commerce\/","author":{"@type":"Person","@id":"https:\/\/nacao.digital\/blog\/author\/redacao\/#Person","name":"Reda\u00e7\u00e3o - Na\u00e7\u00e3o Digital","url":"https:\/\/nacao.digital\/blog\/author\/redacao\/","identifier":7,"description":"Equipe de Reda\u00e7\u00e3o da Na\u00e7\u00e3o Digital","image":{"@type":"ImageObject","@id":"https:\/\/secure.gravatar.com\/avatar\/02e4691d00230d3425c562e7e363f571?s=96&d=mm&r=g","url":"https:\/\/secure.gravatar.com\/avatar\/02e4691d00230d3425c562e7e363f571?s=96&d=mm&r=g","height":96,"width":96}},"publisher":{"@type":"Organization","name":"Na\u00e7\u00e3o Digital","logo":{"@type":"ImageObject","@id":"https:\/\/nacao.digital\/blog\/wp-content\/uploads\/2019\/03\/logo-nd-1.png","url":"https:\/\/nacao.digital\/blog\/wp-content\/uploads\/2019\/03\/logo-nd-1.png","width":174,"height":22}},"image":{"@type":"ImageObject","@id":"https:\/\/nacao.digital\/blog\/wp-content\/uploads\/2021\/08\/logistica-para-e-commerce-e1641986880814.jpg","url":"https:\/\/nacao.digital\/blog\/wp-content\/uploads\/2021\/08\/logistica-para-e-commerce-e1641986880814.jpg","height":337,"width":625},"keywords":["log\u00edstica para e-commerce"]},{"@type":"Article","@id":"https:\/\/nacao.digital\/blog\/experiencia-do-cliente\/","headline":"4 pilares para melhorar a experi\u00eancia do cliente no e-commerce B2B","url":"https:\/\/nacao.digital\/blog\/experiencia-do-cliente\/","datePublished":"2021-07-27","dateModified":"2022-02-28","mainEntityOfPage":"https:\/\/nacao.digital\/blog\/experiencia-do-cliente\/","author":{"@type":"Person","@id":"https:\/\/nacao.digital\/blog\/author\/redacao\/#Person","name":"Reda\u00e7\u00e3o - Na\u00e7\u00e3o Digital","url":"https:\/\/nacao.digital\/blog\/author\/redacao\/","identifier":7,"description":"Equipe de Reda\u00e7\u00e3o da Na\u00e7\u00e3o Digital","image":{"@type":"ImageObject","@id":"https:\/\/secure.gravatar.com\/avatar\/02e4691d00230d3425c562e7e363f571?s=96&d=mm&r=g","url":"https:\/\/secure.gravatar.com\/avatar\/02e4691d00230d3425c562e7e363f571?s=96&d=mm&r=g","height":96,"width":96}},"publisher":{"@type":"Organization","name":"Na\u00e7\u00e3o Digital","logo":{"@type":"ImageObject","@id":"https:\/\/nacao.digital\/blog\/wp-content\/uploads\/2019\/03\/logo-nd-1.png","url":"https:\/\/nacao.digital\/blog\/wp-content\/uploads\/2019\/03\/logo-nd-1.png","width":174,"height":22}},"image":{"@type":"ImageObject","@id":"https:\/\/nacao.digital\/blog\/wp-content\/uploads\/2021\/07\/experiencia-do-cliente-e1641986933308.jpg","url":"https:\/\/nacao.digital\/blog\/wp-content\/uploads\/2021\/07\/experiencia-do-cliente-e1641986933308.jpg","height":337,"width":625},"keywords":["e-commerce b2b","experi\u00eancia do cliente"]},{"@type":"Article","@id":"https:\/\/nacao.digital\/blog\/inbound-marketing-para-e-commerce\/","headline":"5 estrat\u00e9gias de Inbound Marketing para e-commerce B2B","url":"https:\/\/nacao.digital\/blog\/inbound-marketing-para-e-commerce\/","datePublished":"2021-07-06","dateModified":"2021-11-05","mainEntityOfPage":"https:\/\/nacao.digital\/blog\/inbound-marketing-para-e-commerce\/","author":{"@type":"Person","@id":"https:\/\/nacao.digital\/blog\/author\/redacao\/#Person","name":"Reda\u00e7\u00e3o - Na\u00e7\u00e3o Digital","url":"https:\/\/nacao.digital\/blog\/author\/redacao\/","identifier":7,"description":"Equipe de Reda\u00e7\u00e3o da Na\u00e7\u00e3o Digital","image":{"@type":"ImageObject","@id":"https:\/\/secure.gravatar.com\/avatar\/02e4691d00230d3425c562e7e363f571?s=96&d=mm&r=g","url":"https:\/\/secure.gravatar.com\/avatar\/02e4691d00230d3425c562e7e363f571?s=96&d=mm&r=g","height":96,"width":96}},"publisher":{"@type":"Organization","name":"Na\u00e7\u00e3o Digital","logo":{"@type":"ImageObject","@id":"https:\/\/nacao.digital\/blog\/wp-content\/uploads\/2019\/03\/logo-nd-1.png","url":"https:\/\/nacao.digital\/blog\/wp-content\/uploads\/2019\/03\/logo-nd-1.png","width":174,"height":22}},"image":{"@type":"ImageObject","@id":"https:\/\/nacao.digital\/blog\/wp-content\/uploads\/2021\/07\/inbound-marketing-para-e-commerce-e1641987004992.jpg","url":"https:\/\/nacao.digital\/blog\/wp-content\/uploads\/2021\/07\/inbound-marketing-para-e-commerce-e1641987004992.jpg","height":337,"width":625},"keywords":["e-commerce b2b","inbound marketing para e-commerce"]},{"@type":"Article","@id":"https:\/\/nacao.digital\/blog\/industria-e-commerce\/","headline":"Ind\u00fastria no e-commerce: por que fabricantes devem vender online?","url":"https:\/\/nacao.digital\/blog\/industria-e-commerce\/","datePublished":"2020-12-03","dateModified":"2022-02-28","mainEntityOfPage":"https:\/\/nacao.digital\/blog\/industria-e-commerce\/","author":{"@type":"Person","@id":"https:\/\/nacao.digital\/blog\/author\/redacao\/#Person","name":"Reda\u00e7\u00e3o - Na\u00e7\u00e3o Digital","url":"https:\/\/nacao.digital\/blog\/author\/redacao\/","identifier":7,"description":"Equipe de Reda\u00e7\u00e3o da Na\u00e7\u00e3o Digital","image":{"@type":"ImageObject","@id":"https:\/\/secure.gravatar.com\/avatar\/02e4691d00230d3425c562e7e363f571?s=96&d=mm&r=g","url":"https:\/\/secure.gravatar.com\/avatar\/02e4691d00230d3425c562e7e363f571?s=96&d=mm&r=g","height":96,"width":96}},"publisher":{"@type":"Organization","name":"Na\u00e7\u00e3o Digital","logo":{"@type":"ImageObject","@id":"https:\/\/nacao.digital\/blog\/wp-content\/uploads\/2019\/03\/logo-nd-1.png","url":"https:\/\/nacao.digital\/blog\/wp-content\/uploads\/2019\/03\/logo-nd-1.png","width":174,"height":22}},"image":{"@type":"ImageObject","@id":"https:\/\/nacao.digital\/blog\/wp-content\/uploads\/2020\/12\/industria-e-commerce.jpg","url":"https:\/\/nacao.digital\/blog\/wp-content\/uploads\/2020\/12\/industria-e-commerce.jpg","height":700,"width":1300},"keywords":["ind\u00fastria e-commerce"],"commentCount":"2","comment":[{"@type":"Comment","@id":"https:\/\/nacao.digital\/blog\/industria-e-commerce\/#Comment1","dateCreated":"2021-01-11 07:37:34","description":"Ol\u00e1, Juliana! Obrigada e sucesso o seu novo neg\u00f3cio :)","author":{"@type":"Person","name":"Reda\u00e7\u00e3o - Na\u00e7\u00e3o Digital","url":"http:\/\/nacao.digital"}},{"@type":"Comment","@id":"https:\/\/nacao.digital\/blog\/industria-e-commerce\/#Comment2","dateCreated":"2021-01-10 14:32:02","description":"\u00d3timo artigo. Estou sempre buscando conhecimento desde que consegui realizar meu sonho de abrir o meu site de acess\u00f3rios infantis.","author":{"@type":"Person","name":"juliana","url":"https:\/\/www.mimosdacarolacessorios.com.br\/"}}]}]}