{"@context":"https:\/\/schema.org\/","@type":"CollectionPage","@id":"https:\/\/nacao.digital\/blog\/category\/e-commerce\/gestao\/#CollectionPage","headline":"Gest\u00e3o Category","description":"<p>Estrat\u00e9gias de administra\u00e7\u00e3o, melhores pr\u00e1ticas e dicas de gest\u00e3o para e-commerces.<\/p>\n","url":"https:\/\/nacao.digital\/blog\/category\/e-commerce\/gestao\/","hasPart":[{"@type":"Article","@id":"https:\/\/nacao.digital\/blog\/tendencias-de-marketing\/","headline":"8 tend\u00eancias de marketing essenciais para 2023","url":"https:\/\/nacao.digital\/blog\/tendencias-de-marketing\/","datePublished":"2022-12-30","dateModified":"2022-12-19","mainEntityOfPage":"https:\/\/nacao.digital\/blog\/tendencias-de-marketing\/","author":{"@type":"Person","@id":"https:\/\/nacao.digital\/blog\/author\/redacao\/#Person","name":"Reda\u00e7\u00e3o - Na\u00e7\u00e3o Digital","url":"https:\/\/nacao.digital\/blog\/author\/redacao\/","identifier":7,"description":"Equipe de Reda\u00e7\u00e3o da Na\u00e7\u00e3o Digital","image":{"@type":"ImageObject","@id":"https:\/\/secure.gravatar.com\/avatar\/02e4691d00230d3425c562e7e363f571?s=96&d=mm&r=g","url":"https:\/\/secure.gravatar.com\/avatar\/02e4691d00230d3425c562e7e363f571?s=96&d=mm&r=g","height":96,"width":96}},"publisher":{"@type":"Organization","name":"Na\u00e7\u00e3o Digital","logo":{"@type":"ImageObject","@id":"https:\/\/nacao.digital\/blog\/wp-content\/uploads\/2019\/03\/logo-nd-1.png","url":"https:\/\/nacao.digital\/blog\/wp-content\/uploads\/2019\/03\/logo-nd-1.png","width":174,"height":22}},"image":{"@type":"ImageObject","@id":"https:\/\/nacao.digital\/blog\/wp-content\/uploads\/2022\/12\/tendencias-de-marketing-5-1-scaled-e1671448692765.jpg","url":"https:\/\/nacao.digital\/blog\/wp-content\/uploads\/2022\/12\/tendencias-de-marketing-5-1-scaled-e1671448692765.jpg","height":1382,"width":2560},"keywords":["tend\u00eancias de marketing"]},{"@type":"Article","@id":"https:\/\/nacao.digital\/blog\/livros-sobre-inbound-marketing\/","headline":"Livros sobre Inbound Marketing: 14 obras essenciais","url":"https:\/\/nacao.digital\/blog\/livros-sobre-inbound-marketing\/","datePublished":"2022-12-20","dateModified":"2022-12-20","mainEntityOfPage":"https:\/\/nacao.digital\/blog\/livros-sobre-inbound-marketing\/","author":{"@type":"Person","@id":"https:\/\/nacao.digital\/blog\/author\/redacao\/#Person","name":"Reda\u00e7\u00e3o - Na\u00e7\u00e3o Digital","url":"https:\/\/nacao.digital\/blog\/author\/redacao\/","identifier":7,"description":"Equipe de Reda\u00e7\u00e3o da Na\u00e7\u00e3o Digital","image":{"@type":"ImageObject","@id":"https:\/\/secure.gravatar.com\/avatar\/02e4691d00230d3425c562e7e363f571?s=96&d=mm&r=g","url":"https:\/\/secure.gravatar.com\/avatar\/02e4691d00230d3425c562e7e363f571?s=96&d=mm&r=g","height":96,"width":96}},"publisher":{"@type":"Organization","name":"Na\u00e7\u00e3o Digital","logo":{"@type":"ImageObject","@id":"https:\/\/nacao.digital\/blog\/wp-content\/uploads\/2019\/03\/logo-nd-1.png","url":"https:\/\/nacao.digital\/blog\/wp-content\/uploads\/2019\/03\/logo-nd-1.png","width":174,"height":22}},"image":{"@type":"ImageObject","@id":"https:\/\/nacao.digital\/blog\/wp-content\/uploads\/2019\/02\/livros-sobre-inbound-marketing-1.jpg","url":"https:\/\/nacao.digital\/blog\/wp-content\/uploads\/2019\/02\/livros-sobre-inbound-marketing-1.jpg","height":801,"width":1500},"keywords":["livros sobre inbound"]},{"@type":"Article","@id":"https:\/\/nacao.digital\/blog\/consumidor-do-futuro\/","headline":"Consumidor do Futuro: conhe\u00e7a os perfis de 2023","url":"https:\/\/nacao.digital\/blog\/consumidor-do-futuro\/","datePublished":"2022-12-16","dateModified":"2022-12-16","mainEntityOfPage":"https:\/\/nacao.digital\/blog\/consumidor-do-futuro\/","author":{"@type":"Person","@id":"https:\/\/nacao.digital\/blog\/author\/redacao\/#Person","name":"Reda\u00e7\u00e3o - Na\u00e7\u00e3o Digital","url":"https:\/\/nacao.digital\/blog\/author\/redacao\/","identifier":7,"description":"Equipe de Reda\u00e7\u00e3o da Na\u00e7\u00e3o Digital","image":{"@type":"ImageObject","@id":"https:\/\/secure.gravatar.com\/avatar\/02e4691d00230d3425c562e7e363f571?s=96&d=mm&r=g","url":"https:\/\/secure.gravatar.com\/avatar\/02e4691d00230d3425c562e7e363f571?s=96&d=mm&r=g","height":96,"width":96}},"publisher":{"@type":"Organization","name":"Na\u00e7\u00e3o Digital","logo":{"@type":"ImageObject","@id":"https:\/\/nacao.digital\/blog\/wp-content\/uploads\/2019\/03\/logo-nd-1.png","url":"https:\/\/nacao.digital\/blog\/wp-content\/uploads\/2019\/03\/logo-nd-1.png","width":174,"height":22}},"image":{"@type":"ImageObject","@id":"https:\/\/nacao.digital\/blog\/wp-content\/uploads\/2022\/12\/consumidor-do-futuro-5-e1669924087353.jpg","url":"https:\/\/nacao.digital\/blog\/wp-content\/uploads\/2022\/12\/consumidor-do-futuro-5-e1669924087353.jpg","height":540,"width":1000},"keywords":["consumidor do futuro"]},{"@type":"Article","@id":"https:\/\/nacao.digital\/blog\/dados-do-mercado-de-e-commerce-b2b\/","headline":"E-commerce B2B: dados e tend\u00eancias do mercado","url":"https:\/\/nacao.digital\/blog\/dados-do-mercado-de-e-commerce-b2b\/","datePublished":"2022-10-27","dateModified":"2022-11-14","mainEntityOfPage":"https:\/\/nacao.digital\/blog\/dados-do-mercado-de-e-commerce-b2b\/","author":{"@type":"Person","@id":"https:\/\/nacao.digital\/blog\/author\/rodrigo\/#Person","name":"Rodrigo Martucci","url":"https:\/\/nacao.digital\/blog\/author\/rodrigo\/","identifier":8,"image":{"@type":"ImageObject","@id":"https:\/\/secure.gravatar.com\/avatar\/43379fff041ce3e6e57345c57f81cf6c?s=96&d=mm&r=g","url":"https:\/\/secure.gravatar.com\/avatar\/43379fff041ce3e6e57345c57f81cf6c?s=96&d=mm&r=g","height":96,"width":96}},"publisher":{"@type":"Organization","name":"Na\u00e7\u00e3o Digital","logo":{"@type":"ImageObject","@id":"https:\/\/nacao.digital\/blog\/wp-content\/uploads\/2019\/03\/logo-nd-1.png","url":"https:\/\/nacao.digital\/blog\/wp-content\/uploads\/2019\/03\/logo-nd-1.png","width":174,"height":22}},"image":{"@type":"ImageObject","@id":"https:\/\/nacao.digital\/blog\/wp-content\/uploads\/2017\/04\/e-commerce-b2b-e1667847267284.jpg","url":"https:\/\/nacao.digital\/blog\/wp-content\/uploads\/2017\/04\/e-commerce-b2b-e1667847267284.jpg","height":507,"width":940},"keywords":["e-commerce b2b"]},{"@type":"Article","@id":"https:\/\/nacao.digital\/blog\/escolha-da-plataforma-para-e-commerce\/","headline":"Como acertar na escolha da plataforma para e-commerce","url":"https:\/\/nacao.digital\/blog\/escolha-da-plataforma-para-e-commerce\/","datePublished":"2022-10-18","dateModified":"2023-02-16","mainEntityOfPage":"https:\/\/nacao.digital\/blog\/escolha-da-plataforma-para-e-commerce\/","author":{"@type":"Person","@id":"https:\/\/nacao.digital\/blog\/author\/redacao\/#Person","name":"Reda\u00e7\u00e3o - Na\u00e7\u00e3o Digital","url":"https:\/\/nacao.digital\/blog\/author\/redacao\/","identifier":7,"description":"Equipe de Reda\u00e7\u00e3o da Na\u00e7\u00e3o Digital","image":{"@type":"ImageObject","@id":"https:\/\/secure.gravatar.com\/avatar\/02e4691d00230d3425c562e7e363f571?s=96&d=mm&r=g","url":"https:\/\/secure.gravatar.com\/avatar\/02e4691d00230d3425c562e7e363f571?s=96&d=mm&r=g","height":96,"width":96}},"publisher":{"@type":"Organization","name":"Na\u00e7\u00e3o Digital","logo":{"@type":"ImageObject","@id":"https:\/\/nacao.digital\/blog\/wp-content\/uploads\/2019\/03\/logo-nd-1.png","url":"https:\/\/nacao.digital\/blog\/wp-content\/uploads\/2019\/03\/logo-nd-1.png","width":174,"height":22}},"image":{"@type":"ImageObject","@id":"https:\/\/nacao.digital\/blog\/wp-content\/uploads\/2018\/06\/escolha-da-plataforma-para-e-commerce.jpg","url":"https:\/\/nacao.digital\/blog\/wp-content\/uploads\/2018\/06\/escolha-da-plataforma-para-e-commerce.jpg","height":800,"width":1500},"keywords":["plataformas de e-commerce"]},{"@type":"Article","@id":"https:\/\/nacao.digital\/blog\/impactos-do-5g-no-brasil\/","headline":"Impactos do 5G no Brasil: o que muda para o e-commerce?","url":"https:\/\/nacao.digital\/blog\/impactos-do-5g-no-brasil\/","datePublished":"2022-10-03","dateModified":"2022-09-26","mainEntityOfPage":"https:\/\/nacao.digital\/blog\/impactos-do-5g-no-brasil\/","author":{"@type":"Person","@id":"https:\/\/nacao.digital\/blog\/author\/redacao\/#Person","name":"Reda\u00e7\u00e3o - Na\u00e7\u00e3o Digital","url":"https:\/\/nacao.digital\/blog\/author\/redacao\/","identifier":7,"description":"Equipe de Reda\u00e7\u00e3o da Na\u00e7\u00e3o Digital","image":{"@type":"ImageObject","@id":"https:\/\/secure.gravatar.com\/avatar\/02e4691d00230d3425c562e7e363f571?s=96&d=mm&r=g","url":"https:\/\/secure.gravatar.com\/avatar\/02e4691d00230d3425c562e7e363f571?s=96&d=mm&r=g","height":96,"width":96}},"publisher":{"@type":"Organization","name":"Na\u00e7\u00e3o Digital","logo":{"@type":"ImageObject","@id":"https:\/\/nacao.digital\/blog\/wp-content\/uploads\/2019\/03\/logo-nd-1.png","url":"https:\/\/nacao.digital\/blog\/wp-content\/uploads\/2019\/03\/logo-nd-1.png","width":174,"height":22}},"image":{"@type":"ImageObject","@id":"https:\/\/nacao.digital\/blog\/wp-content\/uploads\/2022\/10\/impactos-do-5g-no-brasil-imagem-destacada.jpg","url":"https:\/\/nacao.digital\/blog\/wp-content\/uploads\/2022\/10\/impactos-do-5g-no-brasil-imagem-destacada.jpg","height":700,"width":1300},"keywords":["5G no Brasil"],"commentCount":"2","comment":[{"@type":"Comment","@id":"https:\/\/nacao.digital\/blog\/impactos-do-5g-no-brasil\/#Comment1","dateCreated":"2022-10-27 09:56:45","description":"Com certeza! Obrigada por acompanhar o blog da Na\u00e7\u00e3o Digital! \ud83d\udc4f","author":{"@type":"Person","name":"Reda\u00e7\u00e3o - Na\u00e7\u00e3o Digital","url":"http:\/\/nacao.digital"}},{"@type":"Comment","@id":"https:\/\/nacao.digital\/blog\/impactos-do-5g-no-brasil\/#Comment2","dateCreated":"2022-10-11 18:31:38","description":"Ir\u00e1 revolucionar toda a tecnologia, assim como o 4 G fez anteriormente.","author":{"@type":"Person","name":"Jo\u00e3o","url":"https:\/\/cowboybootsportugal.pt\/collections\/botas-de-mulher-1"}}]},{"@type":"Article","@id":"https:\/\/nacao.digital\/blog\/custo-por-clique\/","headline":"Alta do custo por clique: qual a sa\u00edda para e-commerces?","url":"https:\/\/nacao.digital\/blog\/custo-por-clique\/","datePublished":"2022-07-29","dateModified":"2022-11-22","mainEntityOfPage":"https:\/\/nacao.digital\/blog\/custo-por-clique\/","author":{"@type":"Person","@id":"https:\/\/nacao.digital\/blog\/author\/redacao\/#Person","name":"Reda\u00e7\u00e3o - Na\u00e7\u00e3o Digital","url":"https:\/\/nacao.digital\/blog\/author\/redacao\/","identifier":7,"description":"Equipe de Reda\u00e7\u00e3o da Na\u00e7\u00e3o Digital","image":{"@type":"ImageObject","@id":"https:\/\/secure.gravatar.com\/avatar\/02e4691d00230d3425c562e7e363f571?s=96&d=mm&r=g","url":"https:\/\/secure.gravatar.com\/avatar\/02e4691d00230d3425c562e7e363f571?s=96&d=mm&r=g","height":96,"width":96}},"publisher":{"@type":"Organization","name":"Na\u00e7\u00e3o Digital","logo":{"@type":"ImageObject","@id":"https:\/\/nacao.digital\/blog\/wp-content\/uploads\/2019\/03\/logo-nd-1.png","url":"https:\/\/nacao.digital\/blog\/wp-content\/uploads\/2019\/03\/logo-nd-1.png","width":174,"height":22}},"image":{"@type":"ImageObject","@id":"https:\/\/nacao.digital\/blog\/wp-content\/uploads\/2022\/07\/custo-por-clique.jpg","url":"https:\/\/nacao.digital\/blog\/wp-content\/uploads\/2022\/07\/custo-por-clique.jpg","height":700,"width":1300},"keywords":["custo por clique"]},{"@type":"Article","@id":"https:\/\/nacao.digital\/blog\/embalagens-sustentaveis\/","headline":"Embalagens sustent\u00e1veis no e-commerce: por que e como aderir?","url":"https:\/\/nacao.digital\/blog\/embalagens-sustentaveis\/","datePublished":"2021-12-06","dateModified":"2021-12-06","mainEntityOfPage":"https:\/\/nacao.digital\/blog\/embalagens-sustentaveis\/","author":{"@type":"Person","@id":"https:\/\/nacao.digital\/blog\/author\/redacao\/#Person","name":"Reda\u00e7\u00e3o - Na\u00e7\u00e3o Digital","url":"https:\/\/nacao.digital\/blog\/author\/redacao\/","identifier":7,"description":"Equipe de Reda\u00e7\u00e3o da Na\u00e7\u00e3o Digital","image":{"@type":"ImageObject","@id":"https:\/\/secure.gravatar.com\/avatar\/02e4691d00230d3425c562e7e363f571?s=96&d=mm&r=g","url":"https:\/\/secure.gravatar.com\/avatar\/02e4691d00230d3425c562e7e363f571?s=96&d=mm&r=g","height":96,"width":96}},"publisher":{"@type":"Organization","name":"Na\u00e7\u00e3o Digital","logo":{"@type":"ImageObject","@id":"https:\/\/nacao.digital\/blog\/wp-content\/uploads\/2019\/03\/logo-nd-1.png","url":"https:\/\/nacao.digital\/blog\/wp-content\/uploads\/2019\/03\/logo-nd-1.png","width":174,"height":22}},"image":{"@type":"ImageObject","@id":"https:\/\/nacao.digital\/blog\/wp-content\/uploads\/2021\/12\/embalagens-sustentaveis-e-commerce-e1641986624252.jpg","url":"https:\/\/nacao.digital\/blog\/wp-content\/uploads\/2021\/12\/embalagens-sustentaveis-e-commerce-e1641986624252.jpg","height":337,"width":625},"keywords":["embalagens para e-commerce","embalagens sustent\u00e1veis","sustentabilidade no e-commerce"]},{"@type":"Article","@id":"https:\/\/nacao.digital\/blog\/acessibilidade-no-site\/","headline":"Acessibilidade no site: como implementar no e-commerce?","url":"https:\/\/nacao.digital\/blog\/acessibilidade-no-site\/","datePublished":"2021-10-04","dateModified":"2021-10-04","mainEntityOfPage":"https:\/\/nacao.digital\/blog\/acessibilidade-no-site\/","author":{"@type":"Person","@id":"https:\/\/nacao.digital\/blog\/author\/redacao\/#Person","name":"Reda\u00e7\u00e3o - Na\u00e7\u00e3o Digital","url":"https:\/\/nacao.digital\/blog\/author\/redacao\/","identifier":7,"description":"Equipe de Reda\u00e7\u00e3o da Na\u00e7\u00e3o Digital","image":{"@type":"ImageObject","@id":"https:\/\/secure.gravatar.com\/avatar\/02e4691d00230d3425c562e7e363f571?s=96&d=mm&r=g","url":"https:\/\/secure.gravatar.com\/avatar\/02e4691d00230d3425c562e7e363f571?s=96&d=mm&r=g","height":96,"width":96}},"publisher":{"@type":"Organization","name":"Na\u00e7\u00e3o Digital","logo":{"@type":"ImageObject","@id":"https:\/\/nacao.digital\/blog\/wp-content\/uploads\/2019\/03\/logo-nd-1.png","url":"https:\/\/nacao.digital\/blog\/wp-content\/uploads\/2019\/03\/logo-nd-1.png","width":174,"height":22}},"image":{"@type":"ImageObject","@id":"https:\/\/nacao.digital\/blog\/wp-content\/uploads\/2021\/10\/acessibilidade-no-site-e1641986780472.jpg","url":"https:\/\/nacao.digital\/blog\/wp-content\/uploads\/2021\/10\/acessibilidade-no-site-e1641986780472.jpg","height":337,"width":625},"keywords":["acessibilidade e-commerce","acessibilidade no site"]}]}