{"@context":"https:\/\/schema.org\/","@type":"CollectionPage","@id":"https:\/\/nacao.digital\/blog\/category\/e-commerce\/gestao\/#CollectionPage","headline":"Gest\u00e3o Category","description":"<p>Estrat\u00e9gias de administra\u00e7\u00e3o, melhores pr\u00e1ticas e dicas de gest\u00e3o para e-commerces.<\/p>\n","url":"https:\/\/nacao.digital\/blog\/category\/e-commerce\/gestao\/","hasPart":[{"@type":"Article","@id":"https:\/\/nacao.digital\/blog\/e-commerces-de-moda\/","headline":"E-commerces de moda: como se preparar para a chegada do inverno?","url":"https:\/\/nacao.digital\/blog\/e-commerces-de-moda\/","datePublished":"2020-06-10","dateModified":"2020-06-23","mainEntityOfPage":"https:\/\/nacao.digital\/blog\/e-commerces-de-moda\/","author":{"@type":"Person","@id":"https:\/\/nacao.digital\/blog\/author\/redacao\/#Person","name":"Reda\u00e7\u00e3o - Na\u00e7\u00e3o Digital","url":"https:\/\/nacao.digital\/blog\/author\/redacao\/","identifier":7,"description":"Equipe de Reda\u00e7\u00e3o da Na\u00e7\u00e3o Digital","image":{"@type":"ImageObject","@id":"https:\/\/secure.gravatar.com\/avatar\/02e4691d00230d3425c562e7e363f571?s=96&d=mm&r=g","url":"https:\/\/secure.gravatar.com\/avatar\/02e4691d00230d3425c562e7e363f571?s=96&d=mm&r=g","height":96,"width":96}},"publisher":{"@type":"Organization","name":"Na\u00e7\u00e3o Digital","logo":{"@type":"ImageObject","@id":"https:\/\/nacao.digital\/blog\/wp-content\/uploads\/2019\/03\/logo-nd-1.png","url":"https:\/\/nacao.digital\/blog\/wp-content\/uploads\/2019\/03\/logo-nd-1.png","width":174,"height":22}},"image":{"@type":"ImageObject","@id":"https:\/\/nacao.digital\/blog\/wp-content\/uploads\/2020\/06\/e-commerces-de-moda.jpg","url":"https:\/\/nacao.digital\/blog\/wp-content\/uploads\/2020\/06\/e-commerces-de-moda.jpg","height":700,"width":1300},"keywords":["e-commerces de moda"]},{"@type":"Article","@id":"https:\/\/nacao.digital\/blog\/fluxo-de-caixa-e-estoque\/","headline":"Por que fluxo de caixa e estoque s\u00e3o t\u00e3o importantes na crise?","url":"https:\/\/nacao.digital\/blog\/fluxo-de-caixa-e-estoque\/","datePublished":"2020-05-29","dateModified":"2021-05-11","mainEntityOfPage":"https:\/\/nacao.digital\/blog\/fluxo-de-caixa-e-estoque\/","author":{"@type":"Person","@id":"https:\/\/nacao.digital\/blog\/author\/carla\/#Person","name":"Carla Guedes","url":"https:\/\/nacao.digital\/blog\/author\/carla\/","identifier":13,"description":"Jornalista, especialista em Marketing Digital e redatora na Na\u00e7\u00e3o Digital, ag\u00eancia de Inbound Commerce. Tem experi\u00eancia em webjornalismo, jornal impresso e TV.","image":{"@type":"ImageObject","@id":"https:\/\/secure.gravatar.com\/avatar\/e3a243daa40ae061eb0144dd3123e0de?s=96&d=mm&r=g","url":"https:\/\/secure.gravatar.com\/avatar\/e3a243daa40ae061eb0144dd3123e0de?s=96&d=mm&r=g","height":96,"width":96}},"publisher":{"@type":"Organization","name":"Na\u00e7\u00e3o Digital","logo":{"@type":"ImageObject","@id":"https:\/\/nacao.digital\/blog\/wp-content\/uploads\/2019\/03\/logo-nd-1.png","url":"https:\/\/nacao.digital\/blog\/wp-content\/uploads\/2019\/03\/logo-nd-1.png","width":174,"height":22}},"image":{"@type":"ImageObject","@id":"https:\/\/nacao.digital\/blog\/wp-content\/uploads\/2020\/05\/fluxo-de-caixa-e-estoque-1.jpg","url":"https:\/\/nacao.digital\/blog\/wp-content\/uploads\/2020\/05\/fluxo-de-caixa-e-estoque-1.jpg","height":700,"width":1300},"keywords":["covid-19","fluxo de caixa e estoque"]},{"@type":"Article","@id":"https:\/\/nacao.digital\/blog\/comportamento-de-compra\/","headline":"Como a Covid-19 interferiu no comportamento de compra online?","url":"https:\/\/nacao.digital\/blog\/comportamento-de-compra\/","datePublished":"2020-05-29","dateModified":"2021-09-08","mainEntityOfPage":"https:\/\/nacao.digital\/blog\/comportamento-de-compra\/","author":{"@type":"Person","@id":"https:\/\/nacao.digital\/blog\/author\/carla\/#Person","name":"Carla Guedes","url":"https:\/\/nacao.digital\/blog\/author\/carla\/","identifier":13,"description":"Jornalista, especialista em Marketing Digital e redatora na Na\u00e7\u00e3o Digital, ag\u00eancia de Inbound Commerce. Tem experi\u00eancia em webjornalismo, jornal impresso e TV.","image":{"@type":"ImageObject","@id":"https:\/\/secure.gravatar.com\/avatar\/e3a243daa40ae061eb0144dd3123e0de?s=96&d=mm&r=g","url":"https:\/\/secure.gravatar.com\/avatar\/e3a243daa40ae061eb0144dd3123e0de?s=96&d=mm&r=g","height":96,"width":96}},"publisher":{"@type":"Organization","name":"Na\u00e7\u00e3o Digital","logo":{"@type":"ImageObject","@id":"https:\/\/nacao.digital\/blog\/wp-content\/uploads\/2019\/03\/logo-nd-1.png","url":"https:\/\/nacao.digital\/blog\/wp-content\/uploads\/2019\/03\/logo-nd-1.png","width":174,"height":22}},"image":{"@type":"ImageObject","@id":"https:\/\/nacao.digital\/blog\/wp-content\/uploads\/2020\/05\/comportamento-de-compra.jpg","url":"https:\/\/nacao.digital\/blog\/wp-content\/uploads\/2020\/05\/comportamento-de-compra.jpg","height":700,"width":1300},"keywords":["comportamento de compra","covid-19"]},{"@type":"Article","@id":"https:\/\/nacao.digital\/blog\/como-abrir-um-e-commerce\/","headline":"Covid-19: como abrir um e-commerce tendo loja f\u00edsica?","url":"https:\/\/nacao.digital\/blog\/como-abrir-um-e-commerce\/","datePublished":"2020-05-19","dateModified":"2022-02-28","mainEntityOfPage":"https:\/\/nacao.digital\/blog\/como-abrir-um-e-commerce\/","author":{"@type":"Person","@id":"https:\/\/nacao.digital\/blog\/author\/carla\/#Person","name":"Carla Guedes","url":"https:\/\/nacao.digital\/blog\/author\/carla\/","identifier":13,"description":"Jornalista, especialista em Marketing Digital e redatora na Na\u00e7\u00e3o Digital, ag\u00eancia de Inbound Commerce. Tem experi\u00eancia em webjornalismo, jornal impresso e TV.","image":{"@type":"ImageObject","@id":"https:\/\/secure.gravatar.com\/avatar\/e3a243daa40ae061eb0144dd3123e0de?s=96&d=mm&r=g","url":"https:\/\/secure.gravatar.com\/avatar\/e3a243daa40ae061eb0144dd3123e0de?s=96&d=mm&r=g","height":96,"width":96}},"publisher":{"@type":"Organization","name":"Na\u00e7\u00e3o Digital","logo":{"@type":"ImageObject","@id":"https:\/\/nacao.digital\/blog\/wp-content\/uploads\/2019\/03\/logo-nd-1.png","url":"https:\/\/nacao.digital\/blog\/wp-content\/uploads\/2019\/03\/logo-nd-1.png","width":174,"height":22}},"image":{"@type":"ImageObject","@id":"https:\/\/nacao.digital\/blog\/wp-content\/uploads\/2020\/05\/como-abrir-um-e-commerce.jpg","url":"https:\/\/nacao.digital\/blog\/wp-content\/uploads\/2020\/05\/como-abrir-um-e-commerce.jpg","height":700,"width":1300},"keywords":["como abrir um e-commerce","covid-19"]},{"@type":"Article","@id":"https:\/\/nacao.digital\/blog\/covid-19-e-commerce\/","headline":"Covid-19: como operar seu e-commerce para vencer a crise","url":"https:\/\/nacao.digital\/blog\/covid-19-e-commerce\/","datePublished":"2020-04-30","dateModified":"2020-06-04","mainEntityOfPage":"https:\/\/nacao.digital\/blog\/covid-19-e-commerce\/","author":{"@type":"Person","@id":"https:\/\/nacao.digital\/blog\/author\/carla\/#Person","name":"Carla Guedes","url":"https:\/\/nacao.digital\/blog\/author\/carla\/","identifier":13,"description":"Jornalista, especialista em Marketing Digital e redatora na Na\u00e7\u00e3o Digital, ag\u00eancia de Inbound Commerce. Tem experi\u00eancia em webjornalismo, jornal impresso e TV.","image":{"@type":"ImageObject","@id":"https:\/\/secure.gravatar.com\/avatar\/e3a243daa40ae061eb0144dd3123e0de?s=96&d=mm&r=g","url":"https:\/\/secure.gravatar.com\/avatar\/e3a243daa40ae061eb0144dd3123e0de?s=96&d=mm&r=g","height":96,"width":96}},"publisher":{"@type":"Organization","name":"Na\u00e7\u00e3o Digital","logo":{"@type":"ImageObject","@id":"https:\/\/nacao.digital\/blog\/wp-content\/uploads\/2019\/03\/logo-nd-1.png","url":"https:\/\/nacao.digital\/blog\/wp-content\/uploads\/2019\/03\/logo-nd-1.png","width":174,"height":22}},"image":{"@type":"ImageObject","@id":"https:\/\/nacao.digital\/blog\/wp-content\/uploads\/2020\/04\/covid-19-e-commerce-2.jpg","url":"https:\/\/nacao.digital\/blog\/wp-content\/uploads\/2020\/04\/covid-19-e-commerce-2.jpg","height":800,"width":1500},"keywords":["covid-19","covid-19 e-commerce"]},{"@type":"Article","@id":"https:\/\/nacao.digital\/blog\/estoque-loja-virtual\/","headline":"Estoque de loja virtual: qual o mais indicado para seu neg\u00f3cio?","url":"https:\/\/nacao.digital\/blog\/estoque-loja-virtual\/","datePublished":"2020-04-20","dateModified":"2021-03-05","mainEntityOfPage":"https:\/\/nacao.digital\/blog\/estoque-loja-virtual\/","author":{"@type":"Person","@id":"https:\/\/nacao.digital\/blog\/author\/carla\/#Person","name":"Carla Guedes","url":"https:\/\/nacao.digital\/blog\/author\/carla\/","identifier":13,"description":"Jornalista, especialista em Marketing Digital e redatora na Na\u00e7\u00e3o Digital, ag\u00eancia de Inbound Commerce. Tem experi\u00eancia em webjornalismo, jornal impresso e TV.","image":{"@type":"ImageObject","@id":"https:\/\/secure.gravatar.com\/avatar\/e3a243daa40ae061eb0144dd3123e0de?s=96&d=mm&r=g","url":"https:\/\/secure.gravatar.com\/avatar\/e3a243daa40ae061eb0144dd3123e0de?s=96&d=mm&r=g","height":96,"width":96}},"publisher":{"@type":"Organization","name":"Na\u00e7\u00e3o Digital","logo":{"@type":"ImageObject","@id":"https:\/\/nacao.digital\/blog\/wp-content\/uploads\/2019\/03\/logo-nd-1.png","url":"https:\/\/nacao.digital\/blog\/wp-content\/uploads\/2019\/03\/logo-nd-1.png","width":174,"height":22}},"image":{"@type":"ImageObject","@id":"https:\/\/nacao.digital\/blog\/wp-content\/uploads\/2020\/04\/estoque-loja-virtual.jpg","url":"https:\/\/nacao.digital\/blog\/wp-content\/uploads\/2020\/04\/estoque-loja-virtual.jpg","height":800,"width":1500},"keywords":["estoque loja virtual"]},{"@type":"Article","@id":"https:\/\/nacao.digital\/blog\/ecommerce-ou-marketplace\/","headline":"E-commerce pr\u00f3prio ou marketplace: onde vender?","url":"https:\/\/nacao.digital\/blog\/ecommerce-ou-marketplace\/","datePublished":"2020-04-06","dateModified":"2021-12-20","mainEntityOfPage":"https:\/\/nacao.digital\/blog\/ecommerce-ou-marketplace\/","author":{"@type":"Person","@id":"https:\/\/nacao.digital\/blog\/author\/carla\/#Person","name":"Carla Guedes","url":"https:\/\/nacao.digital\/blog\/author\/carla\/","identifier":13,"description":"Jornalista, especialista em Marketing Digital e redatora na Na\u00e7\u00e3o Digital, ag\u00eancia de Inbound Commerce. Tem experi\u00eancia em webjornalismo, jornal impresso e TV.","image":{"@type":"ImageObject","@id":"https:\/\/secure.gravatar.com\/avatar\/e3a243daa40ae061eb0144dd3123e0de?s=96&d=mm&r=g","url":"https:\/\/secure.gravatar.com\/avatar\/e3a243daa40ae061eb0144dd3123e0de?s=96&d=mm&r=g","height":96,"width":96}},"publisher":{"@type":"Organization","name":"Na\u00e7\u00e3o Digital","logo":{"@type":"ImageObject","@id":"https:\/\/nacao.digital\/blog\/wp-content\/uploads\/2019\/03\/logo-nd-1.png","url":"https:\/\/nacao.digital\/blog\/wp-content\/uploads\/2019\/03\/logo-nd-1.png","width":174,"height":22}},"image":{"@type":"ImageObject","@id":"https:\/\/nacao.digital\/blog\/wp-content\/uploads\/2020\/04\/e-commerce-ou-marketplace-2.jpg","url":"https:\/\/nacao.digital\/blog\/wp-content\/uploads\/2020\/04\/e-commerce-ou-marketplace-2.jpg","height":800,"width":1500},"keywords":["e-commerce ou marketplace"],"commentCount":"2","comment":[{"@type":"Comment","@id":"https:\/\/nacao.digital\/blog\/ecommerce-ou-marketplace\/#Comment1","dateCreated":"2020-04-07 08:12:29","description":"Boa sorte no novo neg\u00f3cio, Jos\u00e9!","author":{"@type":"Person","name":"Reda\u00e7\u00e3o","url":""}},{"@type":"Comment","@id":"https:\/\/nacao.digital\/blog\/ecommerce-ou-marketplace\/#Comment2","dateCreated":"2020-04-06 12:29:52","description":"Estou iniciando no Marketing Digital, tenho muitas dificuldades, devido ao meu adiantado estado de velhice ( ). Mas, estou insistindo desde Janeiro\/20, lancei v\u00e1rios anuncios no Mercado Livre e no Amazon, em ambos estou trabalhando quase sem lucro. As taxas dos Marketing Place, s\u00e3o fora do comum. N\u00e3o d\u00e1 pra concorrer com os grandes. E s\u00e3o cheios de leis, normas, que dificultam a gente vender e ter que cumprir as exigencias deles. Por isso, estarei inaugurando ainda dentro dessa crise do V\u00edrus, o meu Ecommerce  e investir em Campanhas no Google. Se eu quiser prosperar no mercado digital.","author":{"@type":"Person","name":"JOSE ALTAIR CHICONI","url":"http:\/\/kimixnatural.com.br"}}]},{"@type":"Article","@id":"https:\/\/nacao.digital\/blog\/industria-pode-vender-para-consumidor-final\/","headline":"Como a ind\u00fastria pode vender online para o consumidor final?","url":"https:\/\/nacao.digital\/blog\/industria-pode-vender-para-consumidor-final\/","datePublished":"2019-10-21","dateModified":"2020-07-13","mainEntityOfPage":"https:\/\/nacao.digital\/blog\/industria-pode-vender-para-consumidor-final\/","author":{"@type":"Person","@id":"https:\/\/nacao.digital\/blog\/author\/redacao\/#Person","name":"Reda\u00e7\u00e3o - Na\u00e7\u00e3o Digital","url":"https:\/\/nacao.digital\/blog\/author\/redacao\/","identifier":7,"description":"Equipe de Reda\u00e7\u00e3o da Na\u00e7\u00e3o Digital","image":{"@type":"ImageObject","@id":"https:\/\/secure.gravatar.com\/avatar\/02e4691d00230d3425c562e7e363f571?s=96&d=mm&r=g","url":"https:\/\/secure.gravatar.com\/avatar\/02e4691d00230d3425c562e7e363f571?s=96&d=mm&r=g","height":96,"width":96}},"publisher":{"@type":"Organization","name":"Na\u00e7\u00e3o Digital","logo":{"@type":"ImageObject","@id":"https:\/\/nacao.digital\/blog\/wp-content\/uploads\/2019\/03\/logo-nd-1.png","url":"https:\/\/nacao.digital\/blog\/wp-content\/uploads\/2019\/03\/logo-nd-1.png","width":174,"height":22}},"image":{"@type":"ImageObject","@id":"https:\/\/nacao.digital\/blog\/wp-content\/uploads\/2019\/10\/industria-pode-vender-para-consumidor-final-1.jpg","url":"https:\/\/nacao.digital\/blog\/wp-content\/uploads\/2019\/10\/industria-pode-vender-para-consumidor-final-1.jpg","height":800,"width":1500},"keywords":["ind\u00fastria pode vender para consumidor final"],"commentCount":"2","comment":[{"@type":"Comment","@id":"https:\/\/nacao.digital\/blog\/industria-pode-vender-para-consumidor-final\/#Comment1","dateCreated":"2021-03-16 11:28:19","description":"Concordo com o Felipe Ara\u00fajo... Acho muito desleal. Destroi o corm\u00e9rcio e fonte renda de muitas fam\u00edlia. Assim como dimunui a gera\u00e7\u00e3o de empregos e renda dos demais estados, e dessa forma concentrando empregos, lucros gigantesco e crescimento para esse \u00fanico estado distribuidor\/fornecedor.","author":{"@type":"Person","name":"Clenilde Pimentel","url":""}},{"@type":"Comment","@id":"https:\/\/nacao.digital\/blog\/industria-pode-vender-para-consumidor-final\/#Comment2","dateCreated":"2020-07-11 14:01:40","description":"Isso est\u00e1 destruindo os comerciantes , fabrica tem que vender pra distribuidora , distribuidora para o logista ou no m\u00e1ximo para o logista , o resto \u00e9 covardia","author":{"@type":"Person","name":"Felipe de Araujo Silvestre","url":""}}]},{"@type":"Article","@id":"https:\/\/nacao.digital\/blog\/ux-para-e-commerce\/","headline":"UX para e-commerce: qual a import\u00e2ncia?","url":"https:\/\/nacao.digital\/blog\/ux-para-e-commerce\/","datePublished":"2019-10-17","dateModified":"2020-04-08","mainEntityOfPage":"https:\/\/nacao.digital\/blog\/ux-para-e-commerce\/","author":{"@type":"Person","@id":"https:\/\/nacao.digital\/blog\/author\/redacao\/#Person","name":"Reda\u00e7\u00e3o - Na\u00e7\u00e3o Digital","url":"https:\/\/nacao.digital\/blog\/author\/redacao\/","identifier":7,"description":"Equipe de Reda\u00e7\u00e3o da Na\u00e7\u00e3o Digital","image":{"@type":"ImageObject","@id":"https:\/\/secure.gravatar.com\/avatar\/02e4691d00230d3425c562e7e363f571?s=96&d=mm&r=g","url":"https:\/\/secure.gravatar.com\/avatar\/02e4691d00230d3425c562e7e363f571?s=96&d=mm&r=g","height":96,"width":96}},"publisher":{"@type":"Organization","name":"Na\u00e7\u00e3o Digital","logo":{"@type":"ImageObject","@id":"https:\/\/nacao.digital\/blog\/wp-content\/uploads\/2019\/03\/logo-nd-1.png","url":"https:\/\/nacao.digital\/blog\/wp-content\/uploads\/2019\/03\/logo-nd-1.png","width":174,"height":22}},"image":{"@type":"ImageObject","@id":"https:\/\/nacao.digital\/blog\/wp-content\/uploads\/2019\/10\/ux-para-e-commerce-2.jpg","url":"https:\/\/nacao.digital\/blog\/wp-content\/uploads\/2019\/10\/ux-para-e-commerce-2.jpg","height":800,"width":1500},"keywords":["ux para e-commerce"]}]}