{"@context":"https:\/\/schema.org\/","@type":"CollectionPage","@id":"https:\/\/nacao.digital\/blog\/category\/e-commerce\/gestao\/#CollectionPage","headline":"Gest\u00e3o Category","description":"<p>Estrat\u00e9gias de administra\u00e7\u00e3o, melhores pr\u00e1ticas e dicas de gest\u00e3o para e-commerces.<\/p>\n","url":"https:\/\/nacao.digital\/blog\/category\/e-commerce\/gestao\/","hasPart":[{"@type":"Article","@id":"https:\/\/nacao.digital\/blog\/compra-online-retirada-na-loja\/","headline":"Compra online com retirada na loja: por que oferecer essa op\u00e7\u00e3o?","url":"https:\/\/nacao.digital\/blog\/compra-online-retirada-na-loja\/","datePublished":"2019-10-14","dateModified":"2022-02-28","mainEntityOfPage":"https:\/\/nacao.digital\/blog\/compra-online-retirada-na-loja\/","author":{"@type":"Person","@id":"https:\/\/nacao.digital\/blog\/author\/carla\/#Person","name":"Carla Guedes","url":"https:\/\/nacao.digital\/blog\/author\/carla\/","identifier":13,"description":"Jornalista, especialista em Marketing Digital e redatora na Na\u00e7\u00e3o Digital, ag\u00eancia de Inbound Commerce. Tem experi\u00eancia em webjornalismo, jornal impresso e TV.","image":{"@type":"ImageObject","@id":"https:\/\/secure.gravatar.com\/avatar\/e3a243daa40ae061eb0144dd3123e0de?s=96&d=mm&r=g","url":"https:\/\/secure.gravatar.com\/avatar\/e3a243daa40ae061eb0144dd3123e0de?s=96&d=mm&r=g","height":96,"width":96}},"publisher":{"@type":"Organization","name":"Na\u00e7\u00e3o Digital","logo":{"@type":"ImageObject","@id":"https:\/\/nacao.digital\/blog\/wp-content\/uploads\/2019\/03\/logo-nd-1.png","url":"https:\/\/nacao.digital\/blog\/wp-content\/uploads\/2019\/03\/logo-nd-1.png","width":174,"height":22}},"image":{"@type":"ImageObject","@id":"https:\/\/nacao.digital\/blog\/wp-content\/uploads\/2019\/10\/compra-online-retirada-na-loja-3.jpg","url":"https:\/\/nacao.digital\/blog\/wp-content\/uploads\/2019\/10\/compra-online-retirada-na-loja-3.jpg","height":800,"width":1500},"keywords":["compra online retirada na loja"]},{"@type":"Article","@id":"https:\/\/nacao.digital\/blog\/voice-commerce\/","headline":"Entenda como o voice commerce vai mudar a experi\u00eancia de compra","url":"https:\/\/nacao.digital\/blog\/voice-commerce\/","datePublished":"2019-08-05","dateModified":"2020-06-08","mainEntityOfPage":"https:\/\/nacao.digital\/blog\/voice-commerce\/","author":{"@type":"Person","@id":"https:\/\/nacao.digital\/blog\/author\/carla\/#Person","name":"Carla Guedes","url":"https:\/\/nacao.digital\/blog\/author\/carla\/","identifier":13,"description":"Jornalista, especialista em Marketing Digital e redatora na Na\u00e7\u00e3o Digital, ag\u00eancia de Inbound Commerce. Tem experi\u00eancia em webjornalismo, jornal impresso e TV.","image":{"@type":"ImageObject","@id":"https:\/\/secure.gravatar.com\/avatar\/e3a243daa40ae061eb0144dd3123e0de?s=96&d=mm&r=g","url":"https:\/\/secure.gravatar.com\/avatar\/e3a243daa40ae061eb0144dd3123e0de?s=96&d=mm&r=g","height":96,"width":96}},"publisher":{"@type":"Organization","name":"Na\u00e7\u00e3o Digital","logo":{"@type":"ImageObject","@id":"https:\/\/nacao.digital\/blog\/wp-content\/uploads\/2019\/03\/logo-nd-1.png","url":"https:\/\/nacao.digital\/blog\/wp-content\/uploads\/2019\/03\/logo-nd-1.png","width":174,"height":22}},"image":{"@type":"ImageObject","@id":"https:\/\/nacao.digital\/blog\/wp-content\/uploads\/2019\/07\/voice-commerce.jpg","url":"https:\/\/nacao.digital\/blog\/wp-content\/uploads\/2019\/07\/voice-commerce.jpg","height":667,"width":1000},"keywords":["voice commerce"]},{"@type":"Article","@id":"https:\/\/nacao.digital\/blog\/tendencias-de-e-commerce\/","headline":"15 tend\u00eancias de e-commerce para 2022","url":"https:\/\/nacao.digital\/blog\/tendencias-de-e-commerce\/","datePublished":"2019-07-15","dateModified":"2022-02-28","mainEntityOfPage":"https:\/\/nacao.digital\/blog\/tendencias-de-e-commerce\/","author":{"@type":"Person","@id":"https:\/\/nacao.digital\/blog\/author\/carla\/#Person","name":"Carla Guedes","url":"https:\/\/nacao.digital\/blog\/author\/carla\/","identifier":13,"description":"Jornalista, especialista em Marketing Digital e redatora na Na\u00e7\u00e3o Digital, ag\u00eancia de Inbound Commerce. Tem experi\u00eancia em webjornalismo, jornal impresso e TV.","image":{"@type":"ImageObject","@id":"https:\/\/secure.gravatar.com\/avatar\/e3a243daa40ae061eb0144dd3123e0de?s=96&d=mm&r=g","url":"https:\/\/secure.gravatar.com\/avatar\/e3a243daa40ae061eb0144dd3123e0de?s=96&d=mm&r=g","height":96,"width":96}},"publisher":{"@type":"Organization","name":"Na\u00e7\u00e3o Digital","logo":{"@type":"ImageObject","@id":"https:\/\/nacao.digital\/blog\/wp-content\/uploads\/2019\/03\/logo-nd-1.png","url":"https:\/\/nacao.digital\/blog\/wp-content\/uploads\/2019\/03\/logo-nd-1.png","width":174,"height":22}},"image":{"@type":"ImageObject","@id":"https:\/\/nacao.digital\/blog\/wp-content\/uploads\/2019\/07\/tendencias-de-ecommerce-1-1.jpg","url":"https:\/\/nacao.digital\/blog\/wp-content\/uploads\/2019\/07\/tendencias-de-ecommerce-1-1.jpg","height":800,"width":1500},"keywords":["tend\u00eancias de e commerce"]},{"@type":"Article","@id":"https:\/\/nacao.digital\/blog\/kpi-ecommerce\/","headline":"Me\u00e7a seus resultados: 8 KPIs fundamentais para ecommerce","url":"https:\/\/nacao.digital\/blog\/kpi-ecommerce\/","datePublished":"2019-07-08","dateModified":"2022-02-28","mainEntityOfPage":"https:\/\/nacao.digital\/blog\/kpi-ecommerce\/","author":{"@type":"Person","@id":"https:\/\/nacao.digital\/blog\/author\/redacao\/#Person","name":"Reda\u00e7\u00e3o - Na\u00e7\u00e3o Digital","url":"https:\/\/nacao.digital\/blog\/author\/redacao\/","identifier":7,"description":"Equipe de Reda\u00e7\u00e3o da Na\u00e7\u00e3o Digital","image":{"@type":"ImageObject","@id":"https:\/\/secure.gravatar.com\/avatar\/02e4691d00230d3425c562e7e363f571?s=96&d=mm&r=g","url":"https:\/\/secure.gravatar.com\/avatar\/02e4691d00230d3425c562e7e363f571?s=96&d=mm&r=g","height":96,"width":96}},"publisher":{"@type":"Organization","name":"Na\u00e7\u00e3o Digital","logo":{"@type":"ImageObject","@id":"https:\/\/nacao.digital\/blog\/wp-content\/uploads\/2019\/03\/logo-nd-1.png","url":"https:\/\/nacao.digital\/blog\/wp-content\/uploads\/2019\/03\/logo-nd-1.png","width":174,"height":22}},"image":{"@type":"ImageObject","@id":"https:\/\/nacao.digital\/blog\/wp-content\/uploads\/2019\/07\/kpi-ecommerce.jpg","url":"https:\/\/nacao.digital\/blog\/wp-content\/uploads\/2019\/07\/kpi-ecommerce.jpg","height":800,"width":1500},"keywords":["kpi ecommerce"]},{"@type":"Article","@id":"https:\/\/nacao.digital\/blog\/politica-de-privacidade-loja-virtual\/","headline":"Como criar uma pol\u00edtica de privacidade para loja virtual?","url":"https:\/\/nacao.digital\/blog\/politica-de-privacidade-loja-virtual\/","datePublished":"2019-07-01","dateModified":"2020-12-22","mainEntityOfPage":"https:\/\/nacao.digital\/blog\/politica-de-privacidade-loja-virtual\/","author":{"@type":"Person","@id":"https:\/\/nacao.digital\/blog\/author\/redacao\/#Person","name":"Reda\u00e7\u00e3o - Na\u00e7\u00e3o Digital","url":"https:\/\/nacao.digital\/blog\/author\/redacao\/","identifier":7,"description":"Equipe de Reda\u00e7\u00e3o da Na\u00e7\u00e3o Digital","image":{"@type":"ImageObject","@id":"https:\/\/secure.gravatar.com\/avatar\/02e4691d00230d3425c562e7e363f571?s=96&d=mm&r=g","url":"https:\/\/secure.gravatar.com\/avatar\/02e4691d00230d3425c562e7e363f571?s=96&d=mm&r=g","height":96,"width":96}},"publisher":{"@type":"Organization","name":"Na\u00e7\u00e3o Digital","logo":{"@type":"ImageObject","@id":"https:\/\/nacao.digital\/blog\/wp-content\/uploads\/2019\/03\/logo-nd-1.png","url":"https:\/\/nacao.digital\/blog\/wp-content\/uploads\/2019\/03\/logo-nd-1.png","width":174,"height":22}},"image":{"@type":"ImageObject","@id":"https:\/\/nacao.digital\/blog\/wp-content\/uploads\/2019\/07\/politica-de-privacidade-loja-virtual.jpg","url":"https:\/\/nacao.digital\/blog\/wp-content\/uploads\/2019\/07\/politica-de-privacidade-loja-virtual.jpg","height":800,"width":1500},"keywords":["pol\u00edtica de privacidade loja virtual"],"commentCount":"2","comment":[{"@type":"Comment","@id":"https:\/\/nacao.digital\/blog\/politica-de-privacidade-loja-virtual\/#Comment1","dateCreated":"2021-05-24 07:37:15","description":"Oi, Tiago, tudo bem? Entre em contato conosco para que possamos te ajudar melhor. \u00c9 s\u00f3 deixar seus dados aqui: https:\/\/nacao.digital\/contrate-agora\/\nObrigada!","author":{"@type":"Person","name":"Reda\u00e7\u00e3o - Na\u00e7\u00e3o Digital","url":"http:\/\/nacao.digital"}},{"@type":"Comment","@id":"https:\/\/nacao.digital\/blog\/politica-de-privacidade-loja-virtual\/#Comment2","dateCreated":"2021-05-23 19:54:38","description":"Ol\u00e1, achei interessante , gostaria de um modelo de politica de privacidade e principalmente quando se \u00e9 intermediador de compra feita do fornecedor para o cliente final.","author":{"@type":"Person","name":"tiago","url":""}}]},{"@type":"Article","@id":"https:\/\/nacao.digital\/blog\/planejamento-estrategico\/","headline":"Estrat\u00e9gia: a import\u00e2ncia de um planejamento estrat\u00e9gico para seu e-commerce","url":"https:\/\/nacao.digital\/blog\/planejamento-estrategico\/","datePublished":"2019-06-17","dateModified":"2021-03-05","mainEntityOfPage":"https:\/\/nacao.digital\/blog\/planejamento-estrategico\/","author":{"@type":"Person","@id":"https:\/\/nacao.digital\/blog\/author\/redacao\/#Person","name":"Reda\u00e7\u00e3o - Na\u00e7\u00e3o Digital","url":"https:\/\/nacao.digital\/blog\/author\/redacao\/","identifier":7,"description":"Equipe de Reda\u00e7\u00e3o da Na\u00e7\u00e3o Digital","image":{"@type":"ImageObject","@id":"https:\/\/secure.gravatar.com\/avatar\/02e4691d00230d3425c562e7e363f571?s=96&d=mm&r=g","url":"https:\/\/secure.gravatar.com\/avatar\/02e4691d00230d3425c562e7e363f571?s=96&d=mm&r=g","height":96,"width":96}},"publisher":{"@type":"Organization","name":"Na\u00e7\u00e3o Digital","logo":{"@type":"ImageObject","@id":"https:\/\/nacao.digital\/blog\/wp-content\/uploads\/2019\/03\/logo-nd-1.png","url":"https:\/\/nacao.digital\/blog\/wp-content\/uploads\/2019\/03\/logo-nd-1.png","width":174,"height":22}},"image":{"@type":"ImageObject","@id":"https:\/\/nacao.digital\/blog\/wp-content\/uploads\/2019\/05\/planejamento-estrat\u00e9gico.jpg","url":"https:\/\/nacao.digital\/blog\/wp-content\/uploads\/2019\/05\/planejamento-estrat\u00e9gico.jpg","height":600,"width":940},"keywords":["planejamento estrat\u00e9gico"]},{"@type":"Article","@id":"https:\/\/nacao.digital\/blog\/iot-no-e-commerce\/","headline":"IoT no e-commerce: o impacto da Internet das Coisas","url":"https:\/\/nacao.digital\/blog\/iot-no-e-commerce\/","datePublished":"2019-06-10","dateModified":"2021-07-07","mainEntityOfPage":"https:\/\/nacao.digital\/blog\/iot-no-e-commerce\/","author":{"@type":"Person","@id":"https:\/\/nacao.digital\/blog\/author\/redacao\/#Person","name":"Reda\u00e7\u00e3o - Na\u00e7\u00e3o Digital","url":"https:\/\/nacao.digital\/blog\/author\/redacao\/","identifier":7,"description":"Equipe de Reda\u00e7\u00e3o da Na\u00e7\u00e3o Digital","image":{"@type":"ImageObject","@id":"https:\/\/secure.gravatar.com\/avatar\/02e4691d00230d3425c562e7e363f571?s=96&d=mm&r=g","url":"https:\/\/secure.gravatar.com\/avatar\/02e4691d00230d3425c562e7e363f571?s=96&d=mm&r=g","height":96,"width":96}},"publisher":{"@type":"Organization","name":"Na\u00e7\u00e3o Digital","logo":{"@type":"ImageObject","@id":"https:\/\/nacao.digital\/blog\/wp-content\/uploads\/2019\/03\/logo-nd-1.png","url":"https:\/\/nacao.digital\/blog\/wp-content\/uploads\/2019\/03\/logo-nd-1.png","width":174,"height":22}},"image":{"@type":"ImageObject","@id":"https:\/\/nacao.digital\/blog\/wp-content\/uploads\/2019\/06\/IoT-no-e-commerce-1.jpg","url":"https:\/\/nacao.digital\/blog\/wp-content\/uploads\/2019\/06\/IoT-no-e-commerce-1.jpg","height":800,"width":1500},"keywords":["internet das coisas","iot","iot no e-commerce","tecnologia"]},{"@type":"Article","@id":"https:\/\/nacao.digital\/blog\/o-que-e-mobile-commerce\/","headline":"O que \u00e9 mobile commerce e como aplic\u00e1-lo em seu e-commerce","url":"https:\/\/nacao.digital\/blog\/o-que-e-mobile-commerce\/","datePublished":"2019-06-03","dateModified":"2022-07-07","mainEntityOfPage":"https:\/\/nacao.digital\/blog\/o-que-e-mobile-commerce\/","author":{"@type":"Person","@id":"https:\/\/nacao.digital\/blog\/author\/redacao\/#Person","name":"Reda\u00e7\u00e3o - Na\u00e7\u00e3o Digital","url":"https:\/\/nacao.digital\/blog\/author\/redacao\/","identifier":7,"description":"Equipe de Reda\u00e7\u00e3o da Na\u00e7\u00e3o Digital","image":{"@type":"ImageObject","@id":"https:\/\/secure.gravatar.com\/avatar\/02e4691d00230d3425c562e7e363f571?s=96&d=mm&r=g","url":"https:\/\/secure.gravatar.com\/avatar\/02e4691d00230d3425c562e7e363f571?s=96&d=mm&r=g","height":96,"width":96}},"publisher":{"@type":"Organization","name":"Na\u00e7\u00e3o Digital","logo":{"@type":"ImageObject","@id":"https:\/\/nacao.digital\/blog\/wp-content\/uploads\/2019\/03\/logo-nd-1.png","url":"https:\/\/nacao.digital\/blog\/wp-content\/uploads\/2019\/03\/logo-nd-1.png","width":174,"height":22}},"image":{"@type":"ImageObject","@id":"https:\/\/nacao.digital\/blog\/wp-content\/uploads\/2019\/05\/O-que-\u00e9-mobile-commerce.jpg","url":"https:\/\/nacao.digital\/blog\/wp-content\/uploads\/2019\/05\/O-que-\u00e9-mobile-commerce.jpg","height":600,"width":940},"keywords":["m-commerce","mobile","o que \u00e9 mobile commerce"]},{"@type":"Article","@id":"https:\/\/nacao.digital\/blog\/engajar-colaboradores\/","headline":"Como engajar os colaboradores da empresa? Conhe\u00e7a dicas pr\u00e1ticas","url":"https:\/\/nacao.digital\/blog\/engajar-colaboradores\/","datePublished":"2019-05-06","dateModified":"2020-01-14","mainEntityOfPage":"https:\/\/nacao.digital\/blog\/engajar-colaboradores\/","author":{"@type":"Person","@id":"https:\/\/nacao.digital\/blog\/author\/redacao\/#Person","name":"Reda\u00e7\u00e3o - Na\u00e7\u00e3o Digital","url":"https:\/\/nacao.digital\/blog\/author\/redacao\/","identifier":7,"description":"Equipe de Reda\u00e7\u00e3o da Na\u00e7\u00e3o Digital","image":{"@type":"ImageObject","@id":"https:\/\/secure.gravatar.com\/avatar\/02e4691d00230d3425c562e7e363f571?s=96&d=mm&r=g","url":"https:\/\/secure.gravatar.com\/avatar\/02e4691d00230d3425c562e7e363f571?s=96&d=mm&r=g","height":96,"width":96}},"publisher":{"@type":"Organization","name":"Na\u00e7\u00e3o Digital","logo":{"@type":"ImageObject","@id":"https:\/\/nacao.digital\/blog\/wp-content\/uploads\/2019\/03\/logo-nd-1.png","url":"https:\/\/nacao.digital\/blog\/wp-content\/uploads\/2019\/03\/logo-nd-1.png","width":174,"height":22}},"image":{"@type":"ImageObject","@id":"https:\/\/nacao.digital\/blog\/wp-content\/uploads\/2019\/05\/como-engajar-colaboradores.jpg","url":"https:\/\/nacao.digital\/blog\/wp-content\/uploads\/2019\/05\/como-engajar-colaboradores.jpg","height":600,"width":940},"keywords":["colaboradores","engajamento"]}]}