{"@context":"https:\/\/schema.org\/","@type":"CollectionPage","@id":"https:\/\/nacao.digital\/blog\/category\/e-commerce\/gestao\/#CollectionPage","headline":"Gest\u00e3o Category","description":"<p>Estrat\u00e9gias de administra\u00e7\u00e3o, melhores pr\u00e1ticas e dicas de gest\u00e3o para e-commerces.<\/p>\n","url":"https:\/\/nacao.digital\/blog\/category\/e-commerce\/gestao\/","hasPart":[{"@type":"Article","@id":"https:\/\/nacao.digital\/blog\/correios-ou-transportadora\/","headline":"Correios ou transportadora: qual \u00e9 a melhor op\u00e7\u00e3o no e-commerce?","url":"https:\/\/nacao.digital\/blog\/correios-ou-transportadora\/","datePublished":"2019-04-15","dateModified":"2022-02-28","mainEntityOfPage":"https:\/\/nacao.digital\/blog\/correios-ou-transportadora\/","author":{"@type":"Person","@id":"https:\/\/nacao.digital\/blog\/author\/redacao\/#Person","name":"Reda\u00e7\u00e3o - Na\u00e7\u00e3o Digital","url":"https:\/\/nacao.digital\/blog\/author\/redacao\/","identifier":7,"description":"Equipe de Reda\u00e7\u00e3o da Na\u00e7\u00e3o Digital","image":{"@type":"ImageObject","@id":"https:\/\/secure.gravatar.com\/avatar\/02e4691d00230d3425c562e7e363f571?s=96&d=mm&r=g","url":"https:\/\/secure.gravatar.com\/avatar\/02e4691d00230d3425c562e7e363f571?s=96&d=mm&r=g","height":96,"width":96}},"publisher":{"@type":"Organization","name":"Na\u00e7\u00e3o Digital","logo":{"@type":"ImageObject","@id":"https:\/\/nacao.digital\/blog\/wp-content\/uploads\/2019\/03\/logo-nd-1.png","url":"https:\/\/nacao.digital\/blog\/wp-content\/uploads\/2019\/03\/logo-nd-1.png","width":174,"height":22}},"image":{"@type":"ImageObject","@id":"https:\/\/nacao.digital\/blog\/wp-content\/uploads\/2019\/04\/correios-ou-transportadora.jpg","url":"https:\/\/nacao.digital\/blog\/wp-content\/uploads\/2019\/04\/correios-ou-transportadora.jpg","height":600,"width":940},"keywords":["correios","correios ou transportadora","log\u00edstica"]},{"@type":"Article","@id":"https:\/\/nacao.digital\/blog\/cnpj-para-e-commerce\/","headline":"CNPJ para e-commerce: entenda as etapas de formaliza\u00e7\u00e3o","url":"https:\/\/nacao.digital\/blog\/cnpj-para-e-commerce\/","datePublished":"2019-04-08","dateModified":"2022-06-06","mainEntityOfPage":"https:\/\/nacao.digital\/blog\/cnpj-para-e-commerce\/","author":{"@type":"Person","@id":"https:\/\/nacao.digital\/blog\/author\/redacao\/#Person","name":"Reda\u00e7\u00e3o - Na\u00e7\u00e3o Digital","url":"https:\/\/nacao.digital\/blog\/author\/redacao\/","identifier":7,"description":"Equipe de Reda\u00e7\u00e3o da Na\u00e7\u00e3o Digital","image":{"@type":"ImageObject","@id":"https:\/\/secure.gravatar.com\/avatar\/02e4691d00230d3425c562e7e363f571?s=96&d=mm&r=g","url":"https:\/\/secure.gravatar.com\/avatar\/02e4691d00230d3425c562e7e363f571?s=96&d=mm&r=g","height":96,"width":96}},"publisher":{"@type":"Organization","name":"Na\u00e7\u00e3o Digital","logo":{"@type":"ImageObject","@id":"https:\/\/nacao.digital\/blog\/wp-content\/uploads\/2019\/03\/logo-nd-1.png","url":"https:\/\/nacao.digital\/blog\/wp-content\/uploads\/2019\/03\/logo-nd-1.png","width":174,"height":22}},"image":{"@type":"ImageObject","@id":"https:\/\/nacao.digital\/blog\/wp-content\/uploads\/2019\/04\/CNPJ-para-e-commerce.jpg","url":"https:\/\/nacao.digital\/blog\/wp-content\/uploads\/2019\/04\/CNPJ-para-e-commerce.jpg","height":600,"width":940},"keywords":["cnpj para e-commerce","formaliza\u00e7\u00e3o"]},{"@type":"Article","@id":"https:\/\/nacao.digital\/blog\/politica-de-troca\/","headline":"Pol\u00edtica de troca: como oferecer a primeira troca gratuita","url":"https:\/\/nacao.digital\/blog\/politica-de-troca\/","datePublished":"2019-04-02","dateModified":"2020-04-24","mainEntityOfPage":"https:\/\/nacao.digital\/blog\/politica-de-troca\/","author":{"@type":"Person","@id":"https:\/\/nacao.digital\/blog\/author\/redacao\/#Person","name":"Reda\u00e7\u00e3o - Na\u00e7\u00e3o Digital","url":"https:\/\/nacao.digital\/blog\/author\/redacao\/","identifier":7,"description":"Equipe de Reda\u00e7\u00e3o da Na\u00e7\u00e3o Digital","image":{"@type":"ImageObject","@id":"https:\/\/secure.gravatar.com\/avatar\/02e4691d00230d3425c562e7e363f571?s=96&d=mm&r=g","url":"https:\/\/secure.gravatar.com\/avatar\/02e4691d00230d3425c562e7e363f571?s=96&d=mm&r=g","height":96,"width":96}},"publisher":{"@type":"Organization","name":"Na\u00e7\u00e3o Digital","logo":{"@type":"ImageObject","@id":"https:\/\/nacao.digital\/blog\/wp-content\/uploads\/2019\/03\/logo-nd-1.png","url":"https:\/\/nacao.digital\/blog\/wp-content\/uploads\/2019\/03\/logo-nd-1.png","width":174,"height":22}},"image":{"@type":"ImageObject","@id":"https:\/\/nacao.digital\/blog\/wp-content\/uploads\/2019\/04\/politica-de-troca.jpg","url":"https:\/\/nacao.digital\/blog\/wp-content\/uploads\/2019\/04\/politica-de-troca.jpg","height":800,"width":1500},"keywords":["log\u00edstica","pol\u00edtica de troca","primeira troca gratuita"]},{"@type":"Article","@id":"https:\/\/nacao.digital\/blog\/e-commerce-em-2018\/","headline":"E-commerce em 2018: confira o faturamento e outros dados do setor","url":"https:\/\/nacao.digital\/blog\/e-commerce-em-2018\/","datePublished":"2019-03-14","dateModified":"2022-02-28","mainEntityOfPage":"https:\/\/nacao.digital\/blog\/e-commerce-em-2018\/","author":{"@type":"Person","@id":"https:\/\/nacao.digital\/blog\/author\/redacao\/#Person","name":"Reda\u00e7\u00e3o - Na\u00e7\u00e3o Digital","url":"https:\/\/nacao.digital\/blog\/author\/redacao\/","identifier":7,"description":"Equipe de Reda\u00e7\u00e3o da Na\u00e7\u00e3o Digital","image":{"@type":"ImageObject","@id":"https:\/\/secure.gravatar.com\/avatar\/02e4691d00230d3425c562e7e363f571?s=96&d=mm&r=g","url":"https:\/\/secure.gravatar.com\/avatar\/02e4691d00230d3425c562e7e363f571?s=96&d=mm&r=g","height":96,"width":96}},"publisher":{"@type":"Organization","name":"Na\u00e7\u00e3o Digital","logo":{"@type":"ImageObject","@id":"https:\/\/nacao.digital\/blog\/wp-content\/uploads\/2019\/03\/logo-nd-1.png","url":"https:\/\/nacao.digital\/blog\/wp-content\/uploads\/2019\/03\/logo-nd-1.png","width":174,"height":22}},"image":{"@type":"ImageObject","@id":"https:\/\/nacao.digital\/blog\/wp-content\/uploads\/2019\/03\/e-commerce-em-2018-1.jpg","url":"https:\/\/nacao.digital\/blog\/wp-content\/uploads\/2019\/03\/e-commerce-em-2018-1.jpg","height":800,"width":1500},"keywords":["E-commerce 2018"]},{"@type":"Article","@id":"https:\/\/nacao.digital\/blog\/consumidor-digital\/","headline":"Consumidor digital: confira pesquisas para nortear suas a\u00e7\u00f5es","url":"https:\/\/nacao.digital\/blog\/consumidor-digital\/","datePublished":"2019-02-04","dateModified":"2022-04-01","mainEntityOfPage":"https:\/\/nacao.digital\/blog\/consumidor-digital\/","author":{"@type":"Person","@id":"https:\/\/nacao.digital\/blog\/author\/redacao\/#Person","name":"Reda\u00e7\u00e3o - Na\u00e7\u00e3o Digital","url":"https:\/\/nacao.digital\/blog\/author\/redacao\/","identifier":7,"description":"Equipe de Reda\u00e7\u00e3o da Na\u00e7\u00e3o Digital","image":{"@type":"ImageObject","@id":"https:\/\/secure.gravatar.com\/avatar\/02e4691d00230d3425c562e7e363f571?s=96&d=mm&r=g","url":"https:\/\/secure.gravatar.com\/avatar\/02e4691d00230d3425c562e7e363f571?s=96&d=mm&r=g","height":96,"width":96}},"publisher":{"@type":"Organization","name":"Na\u00e7\u00e3o Digital","logo":{"@type":"ImageObject","@id":"https:\/\/nacao.digital\/blog\/wp-content\/uploads\/2019\/03\/logo-nd-1.png","url":"https:\/\/nacao.digital\/blog\/wp-content\/uploads\/2019\/03\/logo-nd-1.png","width":174,"height":22}},"image":{"@type":"ImageObject","@id":"https:\/\/nacao.digital\/blog\/wp-content\/uploads\/2019\/02\/consumidor-digital-1.jpg","url":"https:\/\/nacao.digital\/blog\/wp-content\/uploads\/2019\/02\/consumidor-digital-1.jpg","height":801,"width":1500},"keywords":["consumidor digital","pesquisa comportamento do consumidor"]},{"@type":"Article","@id":"https:\/\/nacao.digital\/blog\/agencia-de-marketing-digital-para-e-commerce\/","headline":"Ag\u00eancia de marketing para e-commerce: como escolher e contratar","url":"https:\/\/nacao.digital\/blog\/agencia-de-marketing-digital-para-e-commerce\/","datePublished":"2018-09-10","dateModified":"2020-12-02","mainEntityOfPage":"https:\/\/nacao.digital\/blog\/agencia-de-marketing-digital-para-e-commerce\/","author":{"@type":"Person","@id":"https:\/\/nacao.digital\/blog\/author\/redacao\/#Person","name":"Reda\u00e7\u00e3o - Na\u00e7\u00e3o Digital","url":"https:\/\/nacao.digital\/blog\/author\/redacao\/","identifier":7,"description":"Equipe de Reda\u00e7\u00e3o da Na\u00e7\u00e3o Digital","image":{"@type":"ImageObject","@id":"https:\/\/secure.gravatar.com\/avatar\/02e4691d00230d3425c562e7e363f571?s=96&d=mm&r=g","url":"https:\/\/secure.gravatar.com\/avatar\/02e4691d00230d3425c562e7e363f571?s=96&d=mm&r=g","height":96,"width":96}},"publisher":{"@type":"Organization","name":"Na\u00e7\u00e3o Digital","logo":{"@type":"ImageObject","@id":"https:\/\/nacao.digital\/blog\/wp-content\/uploads\/2019\/03\/logo-nd-1.png","url":"https:\/\/nacao.digital\/blog\/wp-content\/uploads\/2019\/03\/logo-nd-1.png","width":174,"height":22}},"image":{"@type":"ImageObject","@id":"https:\/\/nacao.digital\/blog\/wp-content\/uploads\/2018\/09\/agencia-de-marketing-digital-para-e-commerce.jpg","url":"https:\/\/nacao.digital\/blog\/wp-content\/uploads\/2018\/09\/agencia-de-marketing-digital-para-e-commerce.jpg","height":600,"width":940},"keywords":["ag\u00eancia de marketing digital","e-commerce"]},{"@type":"Article","@id":"https:\/\/nacao.digital\/blog\/blogs-e-noticias-sobre-ecommerce\/","headline":"Not\u00edcias sobre e-commerce: portais e blogs para acompanhar","url":"https:\/\/nacao.digital\/blog\/blogs-e-noticias-sobre-ecommerce\/","datePublished":"2018-07-18","dateModified":"2020-04-23","mainEntityOfPage":"https:\/\/nacao.digital\/blog\/blogs-e-noticias-sobre-ecommerce\/","author":{"@type":"Person","@id":"https:\/\/nacao.digital\/blog\/author\/redacao\/#Person","name":"Reda\u00e7\u00e3o - Na\u00e7\u00e3o Digital","url":"https:\/\/nacao.digital\/blog\/author\/redacao\/","identifier":7,"description":"Equipe de Reda\u00e7\u00e3o da Na\u00e7\u00e3o Digital","image":{"@type":"ImageObject","@id":"https:\/\/secure.gravatar.com\/avatar\/02e4691d00230d3425c562e7e363f571?s=96&d=mm&r=g","url":"https:\/\/secure.gravatar.com\/avatar\/02e4691d00230d3425c562e7e363f571?s=96&d=mm&r=g","height":96,"width":96}},"publisher":{"@type":"Organization","name":"Na\u00e7\u00e3o Digital","logo":{"@type":"ImageObject","@id":"https:\/\/nacao.digital\/blog\/wp-content\/uploads\/2019\/03\/logo-nd-1.png","url":"https:\/\/nacao.digital\/blog\/wp-content\/uploads\/2019\/03\/logo-nd-1.png","width":174,"height":22}},"image":{"@type":"ImageObject","@id":"https:\/\/nacao.digital\/blog\/wp-content\/uploads\/2018\/07\/blogs-e-noticias-sobre-ecommerce.jpg","url":"https:\/\/nacao.digital\/blog\/wp-content\/uploads\/2018\/07\/blogs-e-noticias-sobre-ecommerce.jpg","height":800,"width":1500},"keywords":["not\u00edcias sobre e-commerce"]},{"@type":"Article","@id":"https:\/\/nacao.digital\/blog\/logistica-integrada-e-envio\/","headline":"Desafios do e-commerce: envio de produtos e log\u00edstica integrada","url":"https:\/\/nacao.digital\/blog\/logistica-integrada-e-envio\/","datePublished":"2018-06-04","dateModified":"2020-05-13","mainEntityOfPage":"https:\/\/nacao.digital\/blog\/logistica-integrada-e-envio\/","author":{"@type":"Person","@id":"https:\/\/nacao.digital\/blog\/author\/redacao\/#Person","name":"Reda\u00e7\u00e3o - Na\u00e7\u00e3o Digital","url":"https:\/\/nacao.digital\/blog\/author\/redacao\/","identifier":7,"description":"Equipe de Reda\u00e7\u00e3o da Na\u00e7\u00e3o Digital","image":{"@type":"ImageObject","@id":"https:\/\/secure.gravatar.com\/avatar\/02e4691d00230d3425c562e7e363f571?s=96&d=mm&r=g","url":"https:\/\/secure.gravatar.com\/avatar\/02e4691d00230d3425c562e7e363f571?s=96&d=mm&r=g","height":96,"width":96}},"publisher":{"@type":"Organization","name":"Na\u00e7\u00e3o Digital","logo":{"@type":"ImageObject","@id":"https:\/\/nacao.digital\/blog\/wp-content\/uploads\/2019\/03\/logo-nd-1.png","url":"https:\/\/nacao.digital\/blog\/wp-content\/uploads\/2019\/03\/logo-nd-1.png","width":174,"height":22}},"image":{"@type":"ImageObject","@id":"https:\/\/nacao.digital\/blog\/wp-content\/uploads\/2018\/06\/logistica-integrada-para-ecommerce.jpg","url":"https:\/\/nacao.digital\/blog\/wp-content\/uploads\/2018\/06\/logistica-integrada-para-ecommerce.jpg","height":640,"width":960},"keywords":["log\u00edstica"]},{"@type":"Article","@id":"https:\/\/nacao.digital\/blog\/e-business-sua-empresa-esta-pronta-para-ser-um-e-commerce\/","headline":"E-business: sua empresa est\u00e1 pronta para ser um e-commerce?","url":"https:\/\/nacao.digital\/blog\/e-business-sua-empresa-esta-pronta-para-ser-um-e-commerce\/","datePublished":"2018-04-16","dateModified":"2020-04-30","mainEntityOfPage":"https:\/\/nacao.digital\/blog\/e-business-sua-empresa-esta-pronta-para-ser-um-e-commerce\/","author":{"@type":"Person","@id":"https:\/\/nacao.digital\/blog\/author\/redacao\/#Person","name":"Reda\u00e7\u00e3o - Na\u00e7\u00e3o Digital","url":"https:\/\/nacao.digital\/blog\/author\/redacao\/","identifier":7,"description":"Equipe de Reda\u00e7\u00e3o da Na\u00e7\u00e3o Digital","image":{"@type":"ImageObject","@id":"https:\/\/secure.gravatar.com\/avatar\/02e4691d00230d3425c562e7e363f571?s=96&d=mm&r=g","url":"https:\/\/secure.gravatar.com\/avatar\/02e4691d00230d3425c562e7e363f571?s=96&d=mm&r=g","height":96,"width":96}},"publisher":{"@type":"Organization","name":"Na\u00e7\u00e3o Digital","logo":{"@type":"ImageObject","@id":"https:\/\/nacao.digital\/blog\/wp-content\/uploads\/2019\/03\/logo-nd-1.png","url":"https:\/\/nacao.digital\/blog\/wp-content\/uploads\/2019\/03\/logo-nd-1.png","width":174,"height":22}},"image":{"@type":"ImageObject","@id":"https:\/\/nacao.digital\/blog\/wp-content\/uploads\/2018\/04\/e-business-1.jpeg","url":"https:\/\/nacao.digital\/blog\/wp-content\/uploads\/2018\/04\/e-business-1.jpeg","height":801,"width":1500},"keywords":["acoes e-commerce","e-business","estrat\u00e9gia para e-commerce","transformando neg\u00f3cios em e-commerces"]}]}