{"@context":"https:\/\/schema.org\/","@type":"CollectionPage","@id":"https:\/\/nacao.digital\/blog\/category\/e-commerce\/gestao\/#CollectionPage","headline":"Gest\u00e3o Category","description":"<p>Estrat\u00e9gias de administra\u00e7\u00e3o, melhores pr\u00e1ticas e dicas de gest\u00e3o para e-commerces.<\/p>\n","url":"https:\/\/nacao.digital\/blog\/category\/e-commerce\/gestao\/","hasPart":[{"@type":"Article","@id":"https:\/\/nacao.digital\/blog\/analista-e-gerente-de-e-commerce\/","headline":"Gerente de e-commerce: o que faz, sal\u00e1rio e como se tornar um","url":"https:\/\/nacao.digital\/blog\/analista-e-gerente-de-e-commerce\/","datePublished":"2018-03-12","dateModified":"2022-02-28","mainEntityOfPage":"https:\/\/nacao.digital\/blog\/analista-e-gerente-de-e-commerce\/","author":{"@type":"Person","@id":"https:\/\/nacao.digital\/blog\/author\/redacao\/#Person","name":"Reda\u00e7\u00e3o - Na\u00e7\u00e3o Digital","url":"https:\/\/nacao.digital\/blog\/author\/redacao\/","identifier":7,"description":"Equipe de Reda\u00e7\u00e3o da Na\u00e7\u00e3o Digital","image":{"@type":"ImageObject","@id":"https:\/\/secure.gravatar.com\/avatar\/02e4691d00230d3425c562e7e363f571?s=96&d=mm&r=g","url":"https:\/\/secure.gravatar.com\/avatar\/02e4691d00230d3425c562e7e363f571?s=96&d=mm&r=g","height":96,"width":96}},"publisher":{"@type":"Organization","name":"Na\u00e7\u00e3o Digital","logo":{"@type":"ImageObject","@id":"https:\/\/nacao.digital\/blog\/wp-content\/uploads\/2019\/03\/logo-nd-1.png","url":"https:\/\/nacao.digital\/blog\/wp-content\/uploads\/2019\/03\/logo-nd-1.png","width":174,"height":22}},"image":{"@type":"ImageObject","@id":"https:\/\/nacao.digital\/blog\/wp-content\/uploads\/2018\/03\/analista-e-gerente-de-e-commerce.jpg","url":"https:\/\/nacao.digital\/blog\/wp-content\/uploads\/2018\/03\/analista-e-gerente-de-e-commerce.jpg","height":800,"width":1500},"keywords":["analista de e-commerce","gerente de e-commerce"],"commentCount":"2","comment":[{"@type":"Comment","@id":"https:\/\/nacao.digital\/blog\/analista-e-gerente-de-e-commerce\/#Comment1","dateCreated":"2019-02-08 08:35:23","description":"Com certeza, Pablo! Obrigado pelo seu coment\u00e1rio. Que tal assinar nossa newsletter para receber novas mat\u00e9rias todas as semanas em seu e-mail?","author":{"@type":"Person","name":"Reda\u00e7\u00e3o - Na\u00e7\u00e3o Digital","url":"http:\/\/nacao.digital"}},{"@type":"Comment","@id":"https:\/\/nacao.digital\/blog\/analista-e-gerente-de-e-commerce\/#Comment2","dateCreated":"2019-02-07 17:08:07","description":"Excelente mat\u00e9ria.\r\nS\u00f3 esqueceram de frisar que para ser um bom gerente de e commerce, precisa estar sempre se atualizando e com o m\u00e1ximo de dedica\u00e7\u00e3o poss\u00edvel!","author":{"@type":"Person","name":"Pablo Sabino","url":"https:\/\/www.infortej.com.br"}}]},{"@type":"Article","@id":"https:\/\/nacao.digital\/blog\/indicadores-de-desempenho\/","headline":"3 perguntas que 99% das pessoas n\u00e3o fazem ao analisar os indicadores de desempenho do e-commerce","url":"https:\/\/nacao.digital\/blog\/indicadores-de-desempenho\/","datePublished":"2018-03-05","dateModified":"2020-05-21","mainEntityOfPage":"https:\/\/nacao.digital\/blog\/indicadores-de-desempenho\/","author":{"@type":"Person","@id":"https:\/\/nacao.digital\/blog\/author\/redacao\/#Person","name":"Reda\u00e7\u00e3o - Na\u00e7\u00e3o Digital","url":"https:\/\/nacao.digital\/blog\/author\/redacao\/","identifier":7,"description":"Equipe de Reda\u00e7\u00e3o da Na\u00e7\u00e3o Digital","image":{"@type":"ImageObject","@id":"https:\/\/secure.gravatar.com\/avatar\/02e4691d00230d3425c562e7e363f571?s=96&d=mm&r=g","url":"https:\/\/secure.gravatar.com\/avatar\/02e4691d00230d3425c562e7e363f571?s=96&d=mm&r=g","height":96,"width":96}},"publisher":{"@type":"Organization","name":"Na\u00e7\u00e3o Digital","logo":{"@type":"ImageObject","@id":"https:\/\/nacao.digital\/blog\/wp-content\/uploads\/2019\/03\/logo-nd-1.png","url":"https:\/\/nacao.digital\/blog\/wp-content\/uploads\/2019\/03\/logo-nd-1.png","width":174,"height":22}},"image":{"@type":"ImageObject","@id":"https:\/\/nacao.digital\/blog\/wp-content\/uploads\/2018\/02\/226.jpg","url":"https:\/\/nacao.digital\/blog\/wp-content\/uploads\/2018\/02\/226.jpg","height":3264,"width":4896},"keywords":["ecommerce","estrat\u00e9gia para e-commerce","indicadores de desempenho","KPI's"],"commentCount":"1","comment":[{"@type":"Comment","@id":"https:\/\/nacao.digital\/blog\/indicadores-de-desempenho\/#Comment1","dateCreated":"2018-03-20 02:41:00","description":"Excelente dica. Obrigado","author":{"@type":"Person","name":"Kamy","url":""}}]},{"@type":"Article","@id":"https:\/\/nacao.digital\/blog\/seth-goldin-atendimento-ao-consumidor\/","headline":"O outro tipo de atendimento ao consumidor","url":"https:\/\/nacao.digital\/blog\/seth-goldin-atendimento-ao-consumidor\/","datePublished":"2018-02-05","dateModified":"2020-05-26","mainEntityOfPage":"https:\/\/nacao.digital\/blog\/seth-goldin-atendimento-ao-consumidor\/","author":{"@type":"Person","@id":"https:\/\/nacao.digital\/blog\/author\/redacao\/#Person","name":"Reda\u00e7\u00e3o - Na\u00e7\u00e3o Digital","url":"https:\/\/nacao.digital\/blog\/author\/redacao\/","identifier":7,"description":"Equipe de Reda\u00e7\u00e3o da Na\u00e7\u00e3o Digital","image":{"@type":"ImageObject","@id":"https:\/\/secure.gravatar.com\/avatar\/02e4691d00230d3425c562e7e363f571?s=96&d=mm&r=g","url":"https:\/\/secure.gravatar.com\/avatar\/02e4691d00230d3425c562e7e363f571?s=96&d=mm&r=g","height":96,"width":96}},"publisher":{"@type":"Organization","name":"Na\u00e7\u00e3o Digital","logo":{"@type":"ImageObject","@id":"https:\/\/nacao.digital\/blog\/wp-content\/uploads\/2019\/03\/logo-nd-1.png","url":"https:\/\/nacao.digital\/blog\/wp-content\/uploads\/2019\/03\/logo-nd-1.png","width":174,"height":22}},"image":{"@type":"ImageObject","@id":"https:\/\/nacao.digital\/blog\/wp-content\/uploads\/2018\/02\/atendimento-ao-consumidor.jpeg","url":"https:\/\/nacao.digital\/blog\/wp-content\/uploads\/2018\/02\/atendimento-ao-consumidor.jpeg","height":627,"width":940},"keywords":["artigos","atendimento ao consumidor","marketing de conteudo","Seth Goldin"]},{"@type":"Article","@id":"https:\/\/nacao.digital\/blog\/descubra-as-principais-tendencias-do-marketing-digital-para-2018\/","headline":"10 tend\u00eancias do marketing digital","url":"https:\/\/nacao.digital\/blog\/descubra-as-principais-tendencias-do-marketing-digital-para-2018\/","datePublished":"2018-01-15","dateModified":"2020-05-29","mainEntityOfPage":"https:\/\/nacao.digital\/blog\/descubra-as-principais-tendencias-do-marketing-digital-para-2018\/","author":{"@type":"Person","@id":"https:\/\/nacao.digital\/blog\/author\/redacao\/#Person","name":"Reda\u00e7\u00e3o - Na\u00e7\u00e3o Digital","url":"https:\/\/nacao.digital\/blog\/author\/redacao\/","identifier":7,"description":"Equipe de Reda\u00e7\u00e3o da Na\u00e7\u00e3o Digital","image":{"@type":"ImageObject","@id":"https:\/\/secure.gravatar.com\/avatar\/02e4691d00230d3425c562e7e363f571?s=96&d=mm&r=g","url":"https:\/\/secure.gravatar.com\/avatar\/02e4691d00230d3425c562e7e363f571?s=96&d=mm&r=g","height":96,"width":96}},"publisher":{"@type":"Organization","name":"Na\u00e7\u00e3o Digital","logo":{"@type":"ImageObject","@id":"https:\/\/nacao.digital\/blog\/wp-content\/uploads\/2019\/03\/logo-nd-1.png","url":"https:\/\/nacao.digital\/blog\/wp-content\/uploads\/2019\/03\/logo-nd-1.png","width":174,"height":22}},"image":{"@type":"ImageObject","@id":"https:\/\/nacao.digital\/blog\/wp-content\/uploads\/2018\/01\/tend\u00eancias-do-marketing-digital.jpg","url":"https:\/\/nacao.digital\/blog\/wp-content\/uploads\/2018\/01\/tend\u00eancias-do-marketing-digital.jpg","height":601,"width":960},"keywords":["tend\u00eancias do marketing digital"]},{"@type":"Article","@id":"https:\/\/nacao.digital\/blog\/retrospectiva-do-e-commerce-brasileiro-2017\/","headline":"Retrospectiva do e-commerce brasileiro 2017","url":"https:\/\/nacao.digital\/blog\/retrospectiva-do-e-commerce-brasileiro-2017\/","datePublished":"2017-12-21","dateModified":"2020-05-12","mainEntityOfPage":"https:\/\/nacao.digital\/blog\/retrospectiva-do-e-commerce-brasileiro-2017\/","author":{"@type":"Person","@id":"https:\/\/nacao.digital\/blog\/author\/redacao\/#Person","name":"Reda\u00e7\u00e3o - Na\u00e7\u00e3o Digital","url":"https:\/\/nacao.digital\/blog\/author\/redacao\/","identifier":7,"description":"Equipe de Reda\u00e7\u00e3o da Na\u00e7\u00e3o Digital","image":{"@type":"ImageObject","@id":"https:\/\/secure.gravatar.com\/avatar\/02e4691d00230d3425c562e7e363f571?s=96&d=mm&r=g","url":"https:\/\/secure.gravatar.com\/avatar\/02e4691d00230d3425c562e7e363f571?s=96&d=mm&r=g","height":96,"width":96}},"publisher":{"@type":"Organization","name":"Na\u00e7\u00e3o Digital","logo":{"@type":"ImageObject","@id":"https:\/\/nacao.digital\/blog\/wp-content\/uploads\/2019\/03\/logo-nd-1.png","url":"https:\/\/nacao.digital\/blog\/wp-content\/uploads\/2019\/03\/logo-nd-1.png","width":174,"height":22}},"image":{"@type":"ImageObject","@id":"https:\/\/nacao.digital\/blog\/wp-content\/uploads\/2017\/12\/success-2917048_960_720.jpg","url":"https:\/\/nacao.digital\/blog\/wp-content\/uploads\/2017\/12\/success-2917048_960_720.jpg","height":601,"width":960},"keywords":["calend\u00e1rio para e-commerce","e-commerce brasileiro"]},{"@type":"Article","@id":"https:\/\/nacao.digital\/blog\/calendario-para-o-e-commerce-2018-dicas-para-voce-se-planejar\/","headline":"Calend\u00e1rio para o E-commerce 2018: dicas para voc\u00ea se planejar","url":"https:\/\/nacao.digital\/blog\/calendario-para-o-e-commerce-2018-dicas-para-voce-se-planejar\/","datePublished":"2017-12-06","dateModified":"2020-05-29","mainEntityOfPage":"https:\/\/nacao.digital\/blog\/calendario-para-o-e-commerce-2018-dicas-para-voce-se-planejar\/","author":{"@type":"Person","@id":"https:\/\/nacao.digital\/blog\/author\/redacao\/#Person","name":"Reda\u00e7\u00e3o - Na\u00e7\u00e3o Digital","url":"https:\/\/nacao.digital\/blog\/author\/redacao\/","identifier":7,"description":"Equipe de Reda\u00e7\u00e3o da Na\u00e7\u00e3o Digital","image":{"@type":"ImageObject","@id":"https:\/\/secure.gravatar.com\/avatar\/02e4691d00230d3425c562e7e363f571?s=96&d=mm&r=g","url":"https:\/\/secure.gravatar.com\/avatar\/02e4691d00230d3425c562e7e363f571?s=96&d=mm&r=g","height":96,"width":96}},"publisher":{"@type":"Organization","name":"Na\u00e7\u00e3o Digital","logo":{"@type":"ImageObject","@id":"https:\/\/nacao.digital\/blog\/wp-content\/uploads\/2019\/03\/logo-nd-1.png","url":"https:\/\/nacao.digital\/blog\/wp-content\/uploads\/2019\/03\/logo-nd-1.png","width":174,"height":22}},"image":{"@type":"ImageObject","@id":"https:\/\/nacao.digital\/blog\/wp-content\/uploads\/2017\/12\/Captura-de-Tela-6.png","url":"https:\/\/nacao.digital\/blog\/wp-content\/uploads\/2017\/12\/Captura-de-Tela-6.png","height":503,"width":1109},"keywords":["calend\u00e1rio para o e-commerce","E-commerce 2018","guia datas e-commerce"]},{"@type":"Article","@id":"https:\/\/nacao.digital\/blog\/cuidados-na-black-friday\/","headline":"Como participar da Black Friday: os cuidados que o seu cliente toma","url":"https:\/\/nacao.digital\/blog\/cuidados-na-black-friday\/","datePublished":"2017-11-22","dateModified":"2022-08-31","mainEntityOfPage":"https:\/\/nacao.digital\/blog\/cuidados-na-black-friday\/","author":{"@type":"Person","@id":"https:\/\/nacao.digital\/blog\/author\/rodrigo\/#Person","name":"Rodrigo Martucci","url":"https:\/\/nacao.digital\/blog\/author\/rodrigo\/","identifier":8,"image":{"@type":"ImageObject","@id":"https:\/\/secure.gravatar.com\/avatar\/43379fff041ce3e6e57345c57f81cf6c?s=96&d=mm&r=g","url":"https:\/\/secure.gravatar.com\/avatar\/43379fff041ce3e6e57345c57f81cf6c?s=96&d=mm&r=g","height":96,"width":96}},"publisher":{"@type":"Organization","name":"Na\u00e7\u00e3o Digital","logo":{"@type":"ImageObject","@id":"https:\/\/nacao.digital\/blog\/wp-content\/uploads\/2019\/03\/logo-nd-1.png","url":"https:\/\/nacao.digital\/blog\/wp-content\/uploads\/2019\/03\/logo-nd-1.png","width":174,"height":22}},"image":{"@type":"ImageObject","@id":"https:\/\/nacao.digital\/blog\/wp-content\/uploads\/2017\/11\/como-participar-da-black-friday-.jpg","url":"https:\/\/nacao.digital\/blog\/wp-content\/uploads\/2017\/11\/como-participar-da-black-friday-.jpg","height":1218,"width":1824},"keywords":["black friday","cuidados na black friday"]},{"@type":"Article","@id":"https:\/\/nacao.digital\/blog\/lucratividade-no-e-commerce\/","headline":"Lucratividade no e-commerce: o lado que ningu\u00e9m comenta","url":"https:\/\/nacao.digital\/blog\/lucratividade-no-e-commerce\/","datePublished":"2017-10-11","dateModified":"2020-05-26","mainEntityOfPage":"https:\/\/nacao.digital\/blog\/lucratividade-no-e-commerce\/","author":{"@type":"Person","@id":"https:\/\/nacao.digital\/blog\/author\/rodrigo\/#Person","name":"Rodrigo Martucci","url":"https:\/\/nacao.digital\/blog\/author\/rodrigo\/","identifier":8,"image":{"@type":"ImageObject","@id":"https:\/\/secure.gravatar.com\/avatar\/43379fff041ce3e6e57345c57f81cf6c?s=96&d=mm&r=g","url":"https:\/\/secure.gravatar.com\/avatar\/43379fff041ce3e6e57345c57f81cf6c?s=96&d=mm&r=g","height":96,"width":96}},"publisher":{"@type":"Organization","name":"Na\u00e7\u00e3o Digital","logo":{"@type":"ImageObject","@id":"https:\/\/nacao.digital\/blog\/wp-content\/uploads\/2019\/03\/logo-nd-1.png","url":"https:\/\/nacao.digital\/blog\/wp-content\/uploads\/2019\/03\/logo-nd-1.png","width":174,"height":22}},"image":{"@type":"ImageObject","@id":"https:\/\/nacao.digital\/blog\/wp-content\/uploads\/2017\/10\/profitability.jpg","url":"https:\/\/nacao.digital\/blog\/wp-content\/uploads\/2017\/10\/profitability.jpg","height":260,"width":499},"keywords":["lucratividade no e-commerce"]},{"@type":"Article","@id":"https:\/\/nacao.digital\/blog\/e-commerce-now\/","headline":"1\u00aa edi\u00e7\u00e3o do E-commerce Now! Foco: rentabilidade no e-commerce","url":"https:\/\/nacao.digital\/blog\/e-commerce-now\/","datePublished":"2017-10-10","dateModified":"2021-04-14","mainEntityOfPage":"https:\/\/nacao.digital\/blog\/e-commerce-now\/","author":{"@type":"Person","@id":"https:\/\/nacao.digital\/blog\/author\/rodrigo\/#Person","name":"Rodrigo Martucci","url":"https:\/\/nacao.digital\/blog\/author\/rodrigo\/","identifier":8,"image":{"@type":"ImageObject","@id":"https:\/\/secure.gravatar.com\/avatar\/43379fff041ce3e6e57345c57f81cf6c?s=96&d=mm&r=g","url":"https:\/\/secure.gravatar.com\/avatar\/43379fff041ce3e6e57345c57f81cf6c?s=96&d=mm&r=g","height":96,"width":96}},"publisher":{"@type":"Organization","name":"Na\u00e7\u00e3o Digital","logo":{"@type":"ImageObject","@id":"https:\/\/nacao.digital\/blog\/wp-content\/uploads\/2019\/03\/logo-nd-1.png","url":"https:\/\/nacao.digital\/blog\/wp-content\/uploads\/2019\/03\/logo-nd-1.png","width":174,"height":22}},"image":{"@type":"ImageObject","@id":"https:\/\/nacao.digital\/blog\/wp-content\/uploads\/2017\/10\/ecommercenowfoto.png","url":"https:\/\/nacao.digital\/blog\/wp-content\/uploads\/2017\/10\/ecommercenowfoto.png","height":1000,"width":1000},"keywords":null}]}