{"@context":"https:\/\/schema.org\/","@type":"CollectionPage","@id":"https:\/\/nacao.digital\/blog\/category\/e-commerce\/gestao\/#CollectionPage","headline":"Gest\u00e3o Category","description":"<p>Estrat\u00e9gias de administra\u00e7\u00e3o, melhores pr\u00e1ticas e dicas de gest\u00e3o para e-commerces.<\/p>\n","url":"https:\/\/nacao.digital\/blog\/category\/e-commerce\/gestao\/","hasPart":[{"@type":"Article","@id":"https:\/\/nacao.digital\/blog\/o-que-pode-levar-o-seu-e-commerce-falencia\/","headline":"3 erros que podem levar o seu e-commerce \u00e0 fal\u00eancia","url":"https:\/\/nacao.digital\/blog\/o-que-pode-levar-o-seu-e-commerce-falencia\/","datePublished":"2017-09-11","dateModified":"2021-04-14","mainEntityOfPage":"https:\/\/nacao.digital\/blog\/o-que-pode-levar-o-seu-e-commerce-falencia\/","author":{"@type":"Person","@id":"https:\/\/nacao.digital\/blog\/author\/rodrigo\/#Person","name":"Rodrigo Martucci","url":"https:\/\/nacao.digital\/blog\/author\/rodrigo\/","identifier":8,"image":{"@type":"ImageObject","@id":"https:\/\/secure.gravatar.com\/avatar\/43379fff041ce3e6e57345c57f81cf6c?s=96&d=mm&r=g","url":"https:\/\/secure.gravatar.com\/avatar\/43379fff041ce3e6e57345c57f81cf6c?s=96&d=mm&r=g","height":96,"width":96}},"publisher":{"@type":"Organization","name":"Na\u00e7\u00e3o Digital","logo":{"@type":"ImageObject","@id":"https:\/\/nacao.digital\/blog\/wp-content\/uploads\/2019\/03\/logo-nd-1.png","url":"https:\/\/nacao.digital\/blog\/wp-content\/uploads\/2019\/03\/logo-nd-1.png","width":174,"height":22}},"image":{"@type":"ImageObject","@id":"https:\/\/nacao.digital\/blog\/wp-content\/uploads\/2017\/09\/sears-graph.png","url":"https:\/\/nacao.digital\/blog\/wp-content\/uploads\/2017\/09\/sears-graph.png","height":651,"width":1053},"keywords":["fal\u00eancia e-commerce","gest\u00e3o de e-commerce"]},{"@type":"Article","@id":"https:\/\/nacao.digital\/blog\/levando-o-excepcional-serio\/","headline":"Levando o excepcional a s\u00e9rio no e-commerce","url":"https:\/\/nacao.digital\/blog\/levando-o-excepcional-serio\/","datePublished":"2017-09-05","dateModified":"2020-06-10","mainEntityOfPage":"https:\/\/nacao.digital\/blog\/levando-o-excepcional-serio\/","author":{"@type":"Person","@id":"https:\/\/nacao.digital\/blog\/author\/rodrigo\/#Person","name":"Rodrigo Martucci","url":"https:\/\/nacao.digital\/blog\/author\/rodrigo\/","identifier":8,"image":{"@type":"ImageObject","@id":"https:\/\/secure.gravatar.com\/avatar\/43379fff041ce3e6e57345c57f81cf6c?s=96&d=mm&r=g","url":"https:\/\/secure.gravatar.com\/avatar\/43379fff041ce3e6e57345c57f81cf6c?s=96&d=mm&r=g","height":96,"width":96}},"publisher":{"@type":"Organization","name":"Na\u00e7\u00e3o Digital","logo":{"@type":"ImageObject","@id":"https:\/\/nacao.digital\/blog\/wp-content\/uploads\/2019\/03\/logo-nd-1.png","url":"https:\/\/nacao.digital\/blog\/wp-content\/uploads\/2019\/03\/logo-nd-1.png","width":174,"height":22}},"image":{"@type":"ImageObject","@id":"https:\/\/nacao.digital\/blog\/wp-content\/uploads\/2017\/09\/extraordinario.jpg","url":"https:\/\/nacao.digital\/blog\/wp-content\/uploads\/2017\/09\/extraordinario.jpg","height":1080,"width":1920},"keywords":null},{"@type":"Article","@id":"https:\/\/nacao.digital\/blog\/como-melhorar-as-vendas-do-e-commerce\/","headline":"5 maneiras de melhorar as vendas do e-commerce sem investir em m\u00eddia","url":"https:\/\/nacao.digital\/blog\/como-melhorar-as-vendas-do-e-commerce\/","datePublished":"2017-08-28","dateModified":"2021-04-15","mainEntityOfPage":"https:\/\/nacao.digital\/blog\/como-melhorar-as-vendas-do-e-commerce\/","author":{"@type":"Person","@id":"https:\/\/nacao.digital\/blog\/author\/rodrigo\/#Person","name":"Rodrigo Martucci","url":"https:\/\/nacao.digital\/blog\/author\/rodrigo\/","identifier":8,"image":{"@type":"ImageObject","@id":"https:\/\/secure.gravatar.com\/avatar\/43379fff041ce3e6e57345c57f81cf6c?s=96&d=mm&r=g","url":"https:\/\/secure.gravatar.com\/avatar\/43379fff041ce3e6e57345c57f81cf6c?s=96&d=mm&r=g","height":96,"width":96}},"publisher":{"@type":"Organization","name":"Na\u00e7\u00e3o Digital","logo":{"@type":"ImageObject","@id":"https:\/\/nacao.digital\/blog\/wp-content\/uploads\/2019\/03\/logo-nd-1.png","url":"https:\/\/nacao.digital\/blog\/wp-content\/uploads\/2019\/03\/logo-nd-1.png","width":174,"height":22}},"image":{"@type":"ImageObject","@id":"https:\/\/nacao.digital\/blog\/wp-content\/uploads\/2017\/08\/melhorar-as-vendas-do-e-commerce.jpg","url":"https:\/\/nacao.digital\/blog\/wp-content\/uploads\/2017\/08\/melhorar-as-vendas-do-e-commerce.jpg","height":700,"width":1300},"keywords":["melhorar vendas do e-commerce"],"commentCount":"2","comment":[{"@type":"Comment","@id":"https:\/\/nacao.digital\/blog\/como-melhorar-as-vendas-do-e-commerce\/#Comment1","dateCreated":"2017-09-21 17:26:21","description":"Que bom que gostou meu caro. Grande abra\u00e7o.","author":{"@type":"Person","name":"rodrigo","url":"http:\/\/nacao.digital"}},{"@type":"Comment","@id":"https:\/\/nacao.digital\/blog\/como-melhorar-as-vendas-do-e-commerce\/#Comment2","dateCreated":"2017-09-14 15:39:53","description":"Muito boa a postagem, no caso do Push Notifications, implementei a minha loja virtual e j\u00e1 testei, muito interessante! Obrigado pelas dicas!","author":{"@type":"Person","name":"LUCIAN SOUSA","url":""}}]},{"@type":"Article","@id":"https:\/\/nacao.digital\/blog\/culpem-o-charles-moche\/","headline":"Culpem o Charles Moche","url":"https:\/\/nacao.digital\/blog\/culpem-o-charles-moche\/","datePublished":"2017-07-04","dateModified":"2020-06-10","mainEntityOfPage":"https:\/\/nacao.digital\/blog\/culpem-o-charles-moche\/","author":{"@type":"Person","@id":"https:\/\/nacao.digital\/blog\/author\/rodrigo\/#Person","name":"Rodrigo Martucci","url":"https:\/\/nacao.digital\/blog\/author\/rodrigo\/","identifier":8,"image":{"@type":"ImageObject","@id":"https:\/\/secure.gravatar.com\/avatar\/43379fff041ce3e6e57345c57f81cf6c?s=96&d=mm&r=g","url":"https:\/\/secure.gravatar.com\/avatar\/43379fff041ce3e6e57345c57f81cf6c?s=96&d=mm&r=g","height":96,"width":96}},"publisher":{"@type":"Organization","name":"Na\u00e7\u00e3o Digital","logo":{"@type":"ImageObject","@id":"https:\/\/nacao.digital\/blog\/wp-content\/uploads\/2019\/03\/logo-nd-1.png","url":"https:\/\/nacao.digital\/blog\/wp-content\/uploads\/2019\/03\/logo-nd-1.png","width":174,"height":22}},"image":{"@type":"ImageObject","@id":"https:\/\/nacao.digital\/blog\/wp-content\/uploads\/2017\/07\/bike.jpg","url":"https:\/\/nacao.digital\/blog\/wp-content\/uploads\/2017\/07\/bike.jpg","height":378,"width":539},"keywords":null},{"@type":"Article","@id":"https:\/\/nacao.digital\/blog\/migracao-de-e-commerce\/","headline":"Migra\u00e7\u00e3o de e-commerce: 10 passos para n\u00e3o ter preju\u00edzo","url":"https:\/\/nacao.digital\/blog\/migracao-de-e-commerce\/","datePublished":"2017-06-08","dateModified":"2022-09-02","mainEntityOfPage":"https:\/\/nacao.digital\/blog\/migracao-de-e-commerce\/","author":{"@type":"Person","@id":"https:\/\/nacao.digital\/blog\/author\/redacao\/#Person","name":"Reda\u00e7\u00e3o - Na\u00e7\u00e3o Digital","url":"https:\/\/nacao.digital\/blog\/author\/redacao\/","identifier":7,"description":"Equipe de Reda\u00e7\u00e3o da Na\u00e7\u00e3o Digital","image":{"@type":"ImageObject","@id":"https:\/\/secure.gravatar.com\/avatar\/02e4691d00230d3425c562e7e363f571?s=96&d=mm&r=g","url":"https:\/\/secure.gravatar.com\/avatar\/02e4691d00230d3425c562e7e363f571?s=96&d=mm&r=g","height":96,"width":96}},"publisher":{"@type":"Organization","name":"Na\u00e7\u00e3o Digital","logo":{"@type":"ImageObject","@id":"https:\/\/nacao.digital\/blog\/wp-content\/uploads\/2019\/03\/logo-nd-1.png","url":"https:\/\/nacao.digital\/blog\/wp-content\/uploads\/2019\/03\/logo-nd-1.png","width":174,"height":22}},"image":{"@type":"ImageObject","@id":"https:\/\/nacao.digital\/blog\/wp-content\/uploads\/2017\/06\/migracao-de-e-commerce.jpg","url":"https:\/\/nacao.digital\/blog\/wp-content\/uploads\/2017\/06\/migracao-de-e-commerce.jpg","height":700,"width":1300},"keywords":["migra\u00e7\u00e3o de e-commerce","migra\u00e7\u00e3o de plataforma"]},{"@type":"Article","@id":"https:\/\/nacao.digital\/blog\/busca-pela-familiaridade\/","headline":"A busca pela familiaridade","url":"https:\/\/nacao.digital\/blog\/busca-pela-familiaridade\/","datePublished":"2017-05-31","dateModified":"2024-06-26","mainEntityOfPage":"https:\/\/nacao.digital\/blog\/busca-pela-familiaridade\/","author":{"@type":"Person","@id":"https:\/\/nacao.digital\/blog\/author\/rodrigo\/#Person","name":"Rodrigo Martucci","url":"https:\/\/nacao.digital\/blog\/author\/rodrigo\/","identifier":8,"image":{"@type":"ImageObject","@id":"https:\/\/secure.gravatar.com\/avatar\/43379fff041ce3e6e57345c57f81cf6c?s=96&d=mm&r=g","url":"https:\/\/secure.gravatar.com\/avatar\/43379fff041ce3e6e57345c57f81cf6c?s=96&d=mm&r=g","height":96,"width":96}},"publisher":{"@type":"Organization","name":"Na\u00e7\u00e3o Digital","logo":{"@type":"ImageObject","@id":"https:\/\/nacao.digital\/blog\/wp-content\/uploads\/2019\/03\/logo-nd-1.png","url":"https:\/\/nacao.digital\/blog\/wp-content\/uploads\/2019\/03\/logo-nd-1.png","width":174,"height":22}},"image":{"@type":"ImageObject","@id":"https:\/\/nacao.digital\/blog\/wp-content\/uploads\/2022\/11\/como-vender-na-Black-Friday-3.jpg","url":"https:\/\/nacao.digital\/blog\/wp-content\/uploads\/2022\/11\/como-vender-na-Black-Friday-3.jpg","height":666,"width":1000},"keywords":null},{"@type":"Article","@id":"https:\/\/nacao.digital\/blog\/direto-da-fabrica-para-o-consumidor-online\/","headline":"Da f\u00e1brica para o consumidor online: administrando canais para evitar canibaliza\u00e7\u00e3o","url":"https:\/\/nacao.digital\/blog\/direto-da-fabrica-para-o-consumidor-online\/","datePublished":"2017-05-23","dateModified":"2020-04-24","mainEntityOfPage":"https:\/\/nacao.digital\/blog\/direto-da-fabrica-para-o-consumidor-online\/","author":{"@type":"Person","@id":"https:\/\/nacao.digital\/blog\/author\/rodrigo\/#Person","name":"Rodrigo Martucci","url":"https:\/\/nacao.digital\/blog\/author\/rodrigo\/","identifier":8,"image":{"@type":"ImageObject","@id":"https:\/\/secure.gravatar.com\/avatar\/43379fff041ce3e6e57345c57f81cf6c?s=96&d=mm&r=g","url":"https:\/\/secure.gravatar.com\/avatar\/43379fff041ce3e6e57345c57f81cf6c?s=96&d=mm&r=g","height":96,"width":96}},"publisher":{"@type":"Organization","name":"Na\u00e7\u00e3o Digital","logo":{"@type":"ImageObject","@id":"https:\/\/nacao.digital\/blog\/wp-content\/uploads\/2019\/03\/logo-nd-1.png","url":"https:\/\/nacao.digital\/blog\/wp-content\/uploads\/2019\/03\/logo-nd-1.png","width":174,"height":22}},"image":{"@type":"ImageObject","@id":"https:\/\/nacao.digital\/blog\/wp-content\/uploads\/2017\/05\/directconsumer.png","url":"https:\/\/nacao.digital\/blog\/wp-content\/uploads\/2017\/05\/directconsumer.png","height":667,"width":1000},"keywords":null},{"@type":"Article","@id":"https:\/\/nacao.digital\/blog\/os-6-melhores-blogs-sobre-e-commerce-que-todo-profissional-deveria-acompanhar\/","headline":"Os 5 melhores blogs sobre e-commerce que todo profissional deve acompanhar","url":"https:\/\/nacao.digital\/blog\/os-6-melhores-blogs-sobre-e-commerce-que-todo-profissional-deveria-acompanhar\/","datePublished":"2017-04-19","dateModified":"2020-04-23","mainEntityOfPage":"https:\/\/nacao.digital\/blog\/os-6-melhores-blogs-sobre-e-commerce-que-todo-profissional-deveria-acompanhar\/","author":{"@type":"Person","@id":"https:\/\/nacao.digital\/blog\/author\/rodrigo\/#Person","name":"Rodrigo Martucci","url":"https:\/\/nacao.digital\/blog\/author\/rodrigo\/","identifier":8,"image":{"@type":"ImageObject","@id":"https:\/\/secure.gravatar.com\/avatar\/43379fff041ce3e6e57345c57f81cf6c?s=96&d=mm&r=g","url":"https:\/\/secure.gravatar.com\/avatar\/43379fff041ce3e6e57345c57f81cf6c?s=96&d=mm&r=g","height":96,"width":96}},"publisher":{"@type":"Organization","name":"Na\u00e7\u00e3o Digital","logo":{"@type":"ImageObject","@id":"https:\/\/nacao.digital\/blog\/wp-content\/uploads\/2019\/03\/logo-nd-1.png","url":"https:\/\/nacao.digital\/blog\/wp-content\/uploads\/2019\/03\/logo-nd-1.png","width":174,"height":22}},"image":{"@type":"ImageObject","@id":"https:\/\/nacao.digital\/blog\/wp-content\/uploads\/2017\/04\/os-6-melhores-blogs-sobre-e-commerce-que-todo-profissional-deveria-acompanhar-1.jpg","url":"https:\/\/nacao.digital\/blog\/wp-content\/uploads\/2017\/04\/os-6-melhores-blogs-sobre-e-commerce-que-todo-profissional-deveria-acompanhar-1.jpg","height":800,"width":1500},"keywords":["blogs sobre e-commerce"],"commentCount":"2","comment":[{"@type":"Comment","@id":"https:\/\/nacao.digital\/blog\/os-6-melhores-blogs-sobre-e-commerce-que-todo-profissional-deveria-acompanhar\/#Comment1","dateCreated":"2020-08-24 13:43:22","description":"Obrigada, Carlos! Continue acompanhando os nossos conte\u00fados.","author":{"@type":"Person","name":"Reda\u00e7\u00e3o - Na\u00e7\u00e3o Digital","url":"http:\/\/nacao.digital"}},{"@type":"Comment","@id":"https:\/\/nacao.digital\/blog\/os-6-melhores-blogs-sobre-e-commerce-que-todo-profissional-deveria-acompanhar\/#Comment2","dateCreated":"2020-08-21 17:05:32","description":"Parab\u00e9ns \u00f3timo artigo, ficou show de bola","author":{"@type":"Person","name":"Carlos","url":"https:\/\/comprarcnhabilita.com\/"}}]},{"@type":"Article","@id":"https:\/\/nacao.digital\/blog\/e-book-recompra-no-e-commerce-moda\/","headline":"Na\u00e7\u00e3o Digital, Softvar e Donuz lan\u00e7am e-book sobre recompra no e-commerce de moda","url":"https:\/\/nacao.digital\/blog\/e-book-recompra-no-e-commerce-moda\/","datePublished":"2017-04-11","dateModified":"2020-05-29","mainEntityOfPage":"https:\/\/nacao.digital\/blog\/e-book-recompra-no-e-commerce-moda\/","author":{"@type":"Person","@id":"https:\/\/nacao.digital\/blog\/author\/rodrigo\/#Person","name":"Rodrigo Martucci","url":"https:\/\/nacao.digital\/blog\/author\/rodrigo\/","identifier":8,"image":{"@type":"ImageObject","@id":"https:\/\/secure.gravatar.com\/avatar\/43379fff041ce3e6e57345c57f81cf6c?s=96&d=mm&r=g","url":"https:\/\/secure.gravatar.com\/avatar\/43379fff041ce3e6e57345c57f81cf6c?s=96&d=mm&r=g","height":96,"width":96}},"publisher":{"@type":"Organization","name":"Na\u00e7\u00e3o Digital","logo":{"@type":"ImageObject","@id":"https:\/\/nacao.digital\/blog\/wp-content\/uploads\/2019\/03\/logo-nd-1.png","url":"https:\/\/nacao.digital\/blog\/wp-content\/uploads\/2019\/03\/logo-nd-1.png","width":174,"height":22}},"image":{"@type":"ImageObject","@id":"https:\/\/nacao.digital\/blog\/wp-content\/uploads\/2017\/04\/EbookModa_Nacao01.jpg","url":"https:\/\/nacao.digital\/blog\/wp-content\/uploads\/2017\/04\/EbookModa_Nacao01.jpg","height":400,"width":855},"keywords":["e-commerce de moda"]}]}