{"@context":"https:\/\/schema.org\/","@type":"CollectionPage","@id":"https:\/\/nacao.digital\/blog\/category\/e-commerce\/gestao\/#CollectionPage","headline":"Gest\u00e3o Category","description":"<p>Estrat\u00e9gias de administra\u00e7\u00e3o, melhores pr\u00e1ticas e dicas de gest\u00e3o para e-commerces.<\/p>\n","url":"https:\/\/nacao.digital\/blog\/category\/e-commerce\/gestao\/","hasPart":[{"@type":"Article","@id":"https:\/\/nacao.digital\/blog\/segurando-a-diversificacao\/","headline":"Segurando a diversifica\u00e7\u00e3o","url":"https:\/\/nacao.digital\/blog\/segurando-a-diversificacao\/","datePublished":"2017-03-28","dateModified":"2020-06-10","mainEntityOfPage":"https:\/\/nacao.digital\/blog\/segurando-a-diversificacao\/","author":{"@type":"Person","@id":"https:\/\/nacao.digital\/blog\/author\/redacao\/#Person","name":"Reda\u00e7\u00e3o - Na\u00e7\u00e3o Digital","url":"https:\/\/nacao.digital\/blog\/author\/redacao\/","identifier":7,"description":"Equipe de Reda\u00e7\u00e3o da Na\u00e7\u00e3o Digital","image":{"@type":"ImageObject","@id":"https:\/\/secure.gravatar.com\/avatar\/02e4691d00230d3425c562e7e363f571?s=96&d=mm&r=g","url":"https:\/\/secure.gravatar.com\/avatar\/02e4691d00230d3425c562e7e363f571?s=96&d=mm&r=g","height":96,"width":96}},"publisher":{"@type":"Organization","name":"Na\u00e7\u00e3o Digital","logo":{"@type":"ImageObject","@id":"https:\/\/nacao.digital\/blog\/wp-content\/uploads\/2019\/03\/logo-nd-1.png","url":"https:\/\/nacao.digital\/blog\/wp-content\/uploads\/2019\/03\/logo-nd-1.png","width":174,"height":22}},"image":{"@type":"ImageObject","@id":"https:\/\/nacao.digital\/blog\/wp-content\/uploads\/2017\/03\/diversificar.png","url":"https:\/\/nacao.digital\/blog\/wp-content\/uploads\/2017\/03\/diversificar.png","height":400,"width":855},"keywords":["diversificar","foco","nicho","seth godin"]},{"@type":"Article","@id":"https:\/\/nacao.digital\/blog\/de-gota-em-gota-e-o-efeito-relampago\/","headline":"De gota em gota e o efeito rel\u00e2mpago","url":"https:\/\/nacao.digital\/blog\/de-gota-em-gota-e-o-efeito-relampago\/","datePublished":"2017-03-06","dateModified":"2020-06-10","mainEntityOfPage":"https:\/\/nacao.digital\/blog\/de-gota-em-gota-e-o-efeito-relampago\/","author":{"@type":"Person","@id":"https:\/\/nacao.digital\/blog\/author\/redacao\/#Person","name":"Reda\u00e7\u00e3o - Na\u00e7\u00e3o Digital","url":"https:\/\/nacao.digital\/blog\/author\/redacao\/","identifier":7,"description":"Equipe de Reda\u00e7\u00e3o da Na\u00e7\u00e3o Digital","image":{"@type":"ImageObject","@id":"https:\/\/secure.gravatar.com\/avatar\/02e4691d00230d3425c562e7e363f571?s=96&d=mm&r=g","url":"https:\/\/secure.gravatar.com\/avatar\/02e4691d00230d3425c562e7e363f571?s=96&d=mm&r=g","height":96,"width":96}},"publisher":{"@type":"Organization","name":"Na\u00e7\u00e3o Digital","logo":{"@type":"ImageObject","@id":"https:\/\/nacao.digital\/blog\/wp-content\/uploads\/2019\/03\/logo-nd-1.png","url":"https:\/\/nacao.digital\/blog\/wp-content\/uploads\/2019\/03\/logo-nd-1.png","width":174,"height":22}},"image":{"@type":"ImageObject","@id":"https:\/\/nacao.digital\/blog\/wp-content\/uploads\/2017\/03\/mudan\u00e7a.png","url":"https:\/\/nacao.digital\/blog\/wp-content\/uploads\/2017\/03\/mudan\u00e7a.png","height":400,"width":855},"keywords":["mudan\u00e7a","seth godin","transforma\u00e7\u00e3o"]},{"@type":"Article","@id":"https:\/\/nacao.digital\/blog\/frete-gratis-no-e-commerce\/","headline":"Como abordar frete gr\u00e1tis no e-commerce do jeito certo","url":"https:\/\/nacao.digital\/blog\/frete-gratis-no-e-commerce\/","datePublished":"2017-03-02","dateModified":"2018-06-11","mainEntityOfPage":"https:\/\/nacao.digital\/blog\/frete-gratis-no-e-commerce\/","author":{"@type":"Person","@id":"https:\/\/nacao.digital\/blog\/author\/redacao\/#Person","name":"Reda\u00e7\u00e3o - Na\u00e7\u00e3o Digital","url":"https:\/\/nacao.digital\/blog\/author\/redacao\/","identifier":7,"description":"Equipe de Reda\u00e7\u00e3o da Na\u00e7\u00e3o Digital","image":{"@type":"ImageObject","@id":"https:\/\/secure.gravatar.com\/avatar\/02e4691d00230d3425c562e7e363f571?s=96&d=mm&r=g","url":"https:\/\/secure.gravatar.com\/avatar\/02e4691d00230d3425c562e7e363f571?s=96&d=mm&r=g","height":96,"width":96}},"publisher":{"@type":"Organization","name":"Na\u00e7\u00e3o Digital","logo":{"@type":"ImageObject","@id":"https:\/\/nacao.digital\/blog\/wp-content\/uploads\/2019\/03\/logo-nd-1.png","url":"https:\/\/nacao.digital\/blog\/wp-content\/uploads\/2019\/03\/logo-nd-1.png","width":174,"height":22}},"image":{"@type":"ImageObject","@id":"https:\/\/nacao.digital\/blog\/wp-content\/uploads\/2017\/03\/frete-gr\u00e1tis-no-e-commerce.png","url":"https:\/\/nacao.digital\/blog\/wp-content\/uploads\/2017\/03\/frete-gr\u00e1tis-no-e-commerce.png","height":400,"width":855},"keywords":["estrategia de vendas online","frete gr\u00e1tis"],"commentCount":"1","comment":[{"@type":"Comment","@id":"https:\/\/nacao.digital\/blog\/frete-gratis-no-e-commerce\/#Comment1","dateCreated":"2017-04-25 12:59:33","description":"Gostei.","author":{"@type":"Person","name":"Reginaldo","url":"http:\/\/www.grupoderecuperacao.com.br"}}]},{"@type":"Article","@id":"https:\/\/nacao.digital\/blog\/perdi-por-tao-pouco\/","headline":"Perdi por t\u00e3o pouco!","url":"https:\/\/nacao.digital\/blog\/perdi-por-tao-pouco\/","datePublished":"2017-02-02","dateModified":"2020-06-10","mainEntityOfPage":"https:\/\/nacao.digital\/blog\/perdi-por-tao-pouco\/","author":{"@type":"Person","@id":"https:\/\/nacao.digital\/blog\/author\/redacao\/#Person","name":"Reda\u00e7\u00e3o - Na\u00e7\u00e3o Digital","url":"https:\/\/nacao.digital\/blog\/author\/redacao\/","identifier":7,"description":"Equipe de Reda\u00e7\u00e3o da Na\u00e7\u00e3o Digital","image":{"@type":"ImageObject","@id":"https:\/\/secure.gravatar.com\/avatar\/02e4691d00230d3425c562e7e363f571?s=96&d=mm&r=g","url":"https:\/\/secure.gravatar.com\/avatar\/02e4691d00230d3425c562e7e363f571?s=96&d=mm&r=g","height":96,"width":96}},"publisher":{"@type":"Organization","name":"Na\u00e7\u00e3o Digital","logo":{"@type":"ImageObject","@id":"https:\/\/nacao.digital\/blog\/wp-content\/uploads\/2019\/03\/logo-nd-1.png","url":"https:\/\/nacao.digital\/blog\/wp-content\/uploads\/2019\/03\/logo-nd-1.png","width":174,"height":22}},"image":{"@type":"ImageObject","@id":"https:\/\/nacao.digital\/blog\/wp-content\/uploads\/2017\/02\/perdi-por-t\u00e3o-pouco.png","url":"https:\/\/nacao.digital\/blog\/wp-content\/uploads\/2017\/02\/perdi-por-t\u00e3o-pouco.png","height":400,"width":855},"keywords":null},{"@type":"Article","@id":"https:\/\/nacao.digital\/blog\/categorizacao-dos-itens-do-e-commerce\/","headline":"Categoriza\u00e7\u00e3o dos itens do e-commerce: uma abordagem mais humana","url":"https:\/\/nacao.digital\/blog\/categorizacao-dos-itens-do-e-commerce\/","datePublished":"2017-01-11","dateModified":"2017-01-11","mainEntityOfPage":"https:\/\/nacao.digital\/blog\/categorizacao-dos-itens-do-e-commerce\/","author":{"@type":"Person","@id":"https:\/\/nacao.digital\/blog\/author\/redacao\/#Person","name":"Reda\u00e7\u00e3o - Na\u00e7\u00e3o Digital","url":"https:\/\/nacao.digital\/blog\/author\/redacao\/","identifier":7,"description":"Equipe de Reda\u00e7\u00e3o da Na\u00e7\u00e3o Digital","image":{"@type":"ImageObject","@id":"https:\/\/secure.gravatar.com\/avatar\/02e4691d00230d3425c562e7e363f571?s=96&d=mm&r=g","url":"https:\/\/secure.gravatar.com\/avatar\/02e4691d00230d3425c562e7e363f571?s=96&d=mm&r=g","height":96,"width":96}},"publisher":{"@type":"Organization","name":"Na\u00e7\u00e3o Digital","logo":{"@type":"ImageObject","@id":"https:\/\/nacao.digital\/blog\/wp-content\/uploads\/2019\/03\/logo-nd-1.png","url":"https:\/\/nacao.digital\/blog\/wp-content\/uploads\/2019\/03\/logo-nd-1.png","width":174,"height":22}},"image":{"@type":"ImageObject","@id":"https:\/\/nacao.digital\/blog\/wp-content\/uploads\/2017\/01\/categoriza\u00e7\u00e3o-dos-itens-do-e-commerce-1.png","url":"https:\/\/nacao.digital\/blog\/wp-content\/uploads\/2017\/01\/categoriza\u00e7\u00e3o-dos-itens-do-e-commerce-1.png","height":400,"width":855},"keywords":null},{"@type":"Article","@id":"https:\/\/nacao.digital\/blog\/retrospectiva-e-commerce-2016\/","headline":"Retrospectiva e-commerce 2016 e tend\u00eancias para 2017","url":"https:\/\/nacao.digital\/blog\/retrospectiva-e-commerce-2016\/","datePublished":"2016-12-20","dateModified":"2016-12-20","mainEntityOfPage":"https:\/\/nacao.digital\/blog\/retrospectiva-e-commerce-2016\/","author":{"@type":"Person","@id":"https:\/\/nacao.digital\/blog\/author\/redacao\/#Person","name":"Reda\u00e7\u00e3o - Na\u00e7\u00e3o Digital","url":"https:\/\/nacao.digital\/blog\/author\/redacao\/","identifier":7,"description":"Equipe de Reda\u00e7\u00e3o da Na\u00e7\u00e3o Digital","image":{"@type":"ImageObject","@id":"https:\/\/secure.gravatar.com\/avatar\/02e4691d00230d3425c562e7e363f571?s=96&d=mm&r=g","url":"https:\/\/secure.gravatar.com\/avatar\/02e4691d00230d3425c562e7e363f571?s=96&d=mm&r=g","height":96,"width":96}},"publisher":{"@type":"Organization","name":"Na\u00e7\u00e3o Digital","logo":{"@type":"ImageObject","@id":"https:\/\/nacao.digital\/blog\/wp-content\/uploads\/2019\/03\/logo-nd-1.png","url":"https:\/\/nacao.digital\/blog\/wp-content\/uploads\/2019\/03\/logo-nd-1.png","width":174,"height":22}},"image":{"@type":"ImageObject","@id":"https:\/\/nacao.digital\/blog\/wp-content\/uploads\/2016\/12\/retrospectiva-ecommerce.png","url":"https:\/\/nacao.digital\/blog\/wp-content\/uploads\/2016\/12\/retrospectiva-ecommerce.png","height":400,"width":855},"keywords":["calend\u00e1rio para o e-commerce"],"commentCount":"4","comment":[{"@type":"Comment","@id":"https:\/\/nacao.digital\/blog\/retrospectiva-e-commerce-2016\/#Comment1","dateCreated":"2017-02-22 11:11:28","description":"Que bom que gostou Bruno!","author":{"@type":"Person","name":"Juliana Battistelli","url":"http:\/\/nacao.digital"}},{"@type":"Comment","@id":"https:\/\/nacao.digital\/blog\/retrospectiva-e-commerce-2016\/#Comment2","dateCreated":"2017-02-21 23:57:58","description":"Parab\u00e9ns!\nMaravilhoso vosso artigo sobre e-commerce!","author":{"@type":"Person","name":"Bruno Dias","url":""}},{"@type":"Comment","@id":"https:\/\/nacao.digital\/blog\/retrospectiva-e-commerce-2016\/#Comment3","dateCreated":"2017-01-24 11:07:49","description":"Ol\u00e1 Rinaldo! Que bom que gostou.\nO E-commerce at\u00e9 funciona para o marketing multi-n\u00edvel, mas n\u00e3o no formato tradicional. \u00c9 poss\u00edvel voc\u00ea fazer uma multi-store, onde voc\u00ea cria uma loja, sobe os produtos do estoque, fotos, informa\u00e7\u00f5es, etc. A\u00ed \u00e9 poss\u00edvel criar centenas de outras lojas, com outros nomes e apar\u00eancia, que usam o mesmo estoque, fotos e produtos da loja principal. Assim, as pessoas podem abrir suas lojas, sem ter que investir em estoque e iniciarem suas vendas, recebendo comiss\u00f5es da loja principal. Faz sentido?\nAbra\u00e7o!","author":{"@type":"Person","name":"rodrigo","url":""}},{"@type":"Comment","@id":"https:\/\/nacao.digital\/blog\/retrospectiva-e-commerce-2016\/#Comment4","dateCreated":"2017-01-23 21:19:03","description":"Boa tarde,\n\nGostei muito desta mat\u00e9ria. Pois tenho uma pergunta. \n\n Gostaria de saber se o E-Commerce funciona para Marketing Multi N\u00edvel?","author":{"@type":"Person","name":"Rinaldo Fiorini","url":""}}]},{"@type":"Article","@id":"https:\/\/nacao.digital\/blog\/enganado-em-jogar-o-jogo-errado\/","headline":"Enganado em jogar o jogo errado","url":"https:\/\/nacao.digital\/blog\/enganado-em-jogar-o-jogo-errado\/","datePublished":"2016-12-14","dateModified":"2020-06-10","mainEntityOfPage":"https:\/\/nacao.digital\/blog\/enganado-em-jogar-o-jogo-errado\/","author":{"@type":"Person","@id":"https:\/\/nacao.digital\/blog\/author\/redacao\/#Person","name":"Reda\u00e7\u00e3o - Na\u00e7\u00e3o Digital","url":"https:\/\/nacao.digital\/blog\/author\/redacao\/","identifier":7,"description":"Equipe de Reda\u00e7\u00e3o da Na\u00e7\u00e3o Digital","image":{"@type":"ImageObject","@id":"https:\/\/secure.gravatar.com\/avatar\/02e4691d00230d3425c562e7e363f571?s=96&d=mm&r=g","url":"https:\/\/secure.gravatar.com\/avatar\/02e4691d00230d3425c562e7e363f571?s=96&d=mm&r=g","height":96,"width":96}},"publisher":{"@type":"Organization","name":"Na\u00e7\u00e3o Digital","logo":{"@type":"ImageObject","@id":"https:\/\/nacao.digital\/blog\/wp-content\/uploads\/2019\/03\/logo-nd-1.png","url":"https:\/\/nacao.digital\/blog\/wp-content\/uploads\/2019\/03\/logo-nd-1.png","width":174,"height":22}},"image":{"@type":"ImageObject","@id":"https:\/\/nacao.digital\/blog\/wp-content\/uploads\/2016\/12\/seth-godin-jogo.png","url":"https:\/\/nacao.digital\/blog\/wp-content\/uploads\/2016\/12\/seth-godin-jogo.png","height":400,"width":855},"keywords":null,"commentCount":"1","comment":[{"@type":"Comment","@id":"https:\/\/nacao.digital\/blog\/enganado-em-jogar-o-jogo-errado\/#Comment1","dateCreated":"2017-01-12 12:08:47","description":"muito bom o seu artigo","author":{"@type":"Person","name":"Jo\u00e3o vitor","url":"http:\/\/www.mixhouseabc.com.br\/2016\/08\/marido-de-aluguel-no-abc.html"}}]},{"@type":"Article","@id":"https:\/\/nacao.digital\/blog\/dados-black-friday-2016\/","headline":"Dados Black Friday 2019: veja os resultados da data no e-commerce","url":"https:\/\/nacao.digital\/blog\/dados-black-friday-2016\/","datePublished":"2016-12-01","dateModified":"2020-11-20","mainEntityOfPage":"https:\/\/nacao.digital\/blog\/dados-black-friday-2016\/","author":{"@type":"Person","@id":"https:\/\/nacao.digital\/blog\/author\/redacao\/#Person","name":"Reda\u00e7\u00e3o - Na\u00e7\u00e3o Digital","url":"https:\/\/nacao.digital\/blog\/author\/redacao\/","identifier":7,"description":"Equipe de Reda\u00e7\u00e3o da Na\u00e7\u00e3o Digital","image":{"@type":"ImageObject","@id":"https:\/\/secure.gravatar.com\/avatar\/02e4691d00230d3425c562e7e363f571?s=96&d=mm&r=g","url":"https:\/\/secure.gravatar.com\/avatar\/02e4691d00230d3425c562e7e363f571?s=96&d=mm&r=g","height":96,"width":96}},"publisher":{"@type":"Organization","name":"Na\u00e7\u00e3o Digital","logo":{"@type":"ImageObject","@id":"https:\/\/nacao.digital\/blog\/wp-content\/uploads\/2019\/03\/logo-nd-1.png","url":"https:\/\/nacao.digital\/blog\/wp-content\/uploads\/2019\/03\/logo-nd-1.png","width":174,"height":22}},"image":{"@type":"ImageObject","@id":"https:\/\/nacao.digital\/blog\/wp-content\/uploads\/2016\/12\/dados-black-friday-2016.png","url":"https:\/\/nacao.digital\/blog\/wp-content\/uploads\/2016\/12\/dados-black-friday-2016.png","height":400,"width":855},"keywords":null},{"@type":"Article","@id":"https:\/\/nacao.digital\/blog\/fim-do-e-sedex\/","headline":"Fim do E-Sedex: saiba como lidar com o fim desta forma de envio dos Correios","url":"https:\/\/nacao.digital\/blog\/fim-do-e-sedex\/","datePublished":"2016-11-30","dateModified":"2016-11-30","mainEntityOfPage":"https:\/\/nacao.digital\/blog\/fim-do-e-sedex\/","author":{"@type":"Person","@id":"https:\/\/nacao.digital\/blog\/author\/redacao\/#Person","name":"Reda\u00e7\u00e3o - Na\u00e7\u00e3o Digital","url":"https:\/\/nacao.digital\/blog\/author\/redacao\/","identifier":7,"description":"Equipe de Reda\u00e7\u00e3o da Na\u00e7\u00e3o Digital","image":{"@type":"ImageObject","@id":"https:\/\/secure.gravatar.com\/avatar\/02e4691d00230d3425c562e7e363f571?s=96&d=mm&r=g","url":"https:\/\/secure.gravatar.com\/avatar\/02e4691d00230d3425c562e7e363f571?s=96&d=mm&r=g","height":96,"width":96}},"publisher":{"@type":"Organization","name":"Na\u00e7\u00e3o Digital","logo":{"@type":"ImageObject","@id":"https:\/\/nacao.digital\/blog\/wp-content\/uploads\/2019\/03\/logo-nd-1.png","url":"https:\/\/nacao.digital\/blog\/wp-content\/uploads\/2019\/03\/logo-nd-1.png","width":174,"height":22}},"image":{"@type":"ImageObject","@id":"https:\/\/nacao.digital\/blog\/wp-content\/uploads\/2016\/11\/fim-do-e-sedex.png","url":"https:\/\/nacao.digital\/blog\/wp-content\/uploads\/2016\/11\/fim-do-e-sedex.png","height":400,"width":855},"keywords":null,"commentCount":"1","comment":[{"@type":"Comment","@id":"https:\/\/nacao.digital\/blog\/fim-do-e-sedex\/#Comment1","dateCreated":"2016-12-06 14:40:10","description":"Esquenta n\u00e3o gente, Partiu Encomendas est\u00e1 quase abrindo. Mesmo n\u00edvel de tarifas, mas com um servi\u00e7o melhor. Coleta e entrega em todo CEP do Brasil e tamb\u00e9m entregamos em 220 pa\u00edses do mundo.","author":{"@type":"Person","name":"Mattie Teuns","url":""}}]}]}