{"@context":"https:\/\/schema.org\/","@type":"CollectionPage","@id":"https:\/\/nacao.digital\/blog\/category\/partner-corner\/#CollectionPage","headline":"Partner corner Category","description":"<p>Espa\u00e7o dedicado para os conte\u00fados produzidos por colunistas e parceiros convidados pelo blog da Na\u00e7\u00e3o Digital.<\/p>\n","url":"https:\/\/nacao.digital\/blog\/category\/partner-corner\/","hasPart":[{"@type":"Article","@id":"https:\/\/nacao.digital\/blog\/meta-media-certified-company\/","headline":"Na\u00e7\u00e3o Digital conquista t\u00edtulo de Meta Media Certified Company","url":"https:\/\/nacao.digital\/blog\/meta-media-certified-company\/","datePublished":"2022-11-30","dateModified":"2022-11-30","mainEntityOfPage":"https:\/\/nacao.digital\/blog\/meta-media-certified-company\/","author":{"@type":"Person","@id":"https:\/\/nacao.digital\/blog\/author\/redacao\/#Person","name":"Reda\u00e7\u00e3o - Na\u00e7\u00e3o Digital","url":"https:\/\/nacao.digital\/blog\/author\/redacao\/","identifier":7,"description":"Equipe de Reda\u00e7\u00e3o da Na\u00e7\u00e3o Digital","image":{"@type":"ImageObject","@id":"https:\/\/secure.gravatar.com\/avatar\/02e4691d00230d3425c562e7e363f571?s=96&d=mm&r=g","url":"https:\/\/secure.gravatar.com\/avatar\/02e4691d00230d3425c562e7e363f571?s=96&d=mm&r=g","height":96,"width":96}},"publisher":{"@type":"Organization","name":"Na\u00e7\u00e3o Digital","logo":{"@type":"ImageObject","@id":"https:\/\/nacao.digital\/blog\/wp-content\/uploads\/2019\/03\/logo-nd-1.png","url":"https:\/\/nacao.digital\/blog\/wp-content\/uploads\/2019\/03\/logo-nd-1.png","width":174,"height":22}},"image":{"@type":"ImageObject","@id":"https:\/\/nacao.digital\/blog\/wp-content\/uploads\/2022\/11\/meta-media-certified-company-2-1-e1669833734856.jpg","url":"https:\/\/nacao.digital\/blog\/wp-content\/uploads\/2022\/11\/meta-media-certified-company-2-1-e1669833734856.jpg","height":1105,"width":2048},"keywords":["Meta Media Certified Company"]},{"@type":"Article","@id":"https:\/\/nacao.digital\/blog\/video-marketing\/","headline":"Video marketing: como inserir aos poucos no seu e-commerce","url":"https:\/\/nacao.digital\/blog\/video-marketing\/","datePublished":"2022-03-02","dateModified":"2022-03-09","mainEntityOfPage":"https:\/\/nacao.digital\/blog\/video-marketing\/","author":{"@type":"Person","@id":"https:\/\/nacao.digital\/blog\/author\/redacao\/#Person","name":"Reda\u00e7\u00e3o - Na\u00e7\u00e3o Digital","url":"https:\/\/nacao.digital\/blog\/author\/redacao\/","identifier":7,"description":"Equipe de Reda\u00e7\u00e3o da Na\u00e7\u00e3o Digital","image":{"@type":"ImageObject","@id":"https:\/\/secure.gravatar.com\/avatar\/02e4691d00230d3425c562e7e363f571?s=96&d=mm&r=g","url":"https:\/\/secure.gravatar.com\/avatar\/02e4691d00230d3425c562e7e363f571?s=96&d=mm&r=g","height":96,"width":96}},"publisher":{"@type":"Organization","name":"Na\u00e7\u00e3o Digital","logo":{"@type":"ImageObject","@id":"https:\/\/nacao.digital\/blog\/wp-content\/uploads\/2019\/03\/logo-nd-1.png","url":"https:\/\/nacao.digital\/blog\/wp-content\/uploads\/2019\/03\/logo-nd-1.png","width":174,"height":22}},"image":{"@type":"ImageObject","@id":"https:\/\/nacao.digital\/blog\/wp-content\/uploads\/2022\/03\/video-marketing.jpg","url":"https:\/\/nacao.digital\/blog\/wp-content\/uploads\/2022\/03\/video-marketing.jpg","height":700,"width":1300},"keywords":["video marketing"]},{"@type":"Article","@id":"https:\/\/nacao.digital\/blog\/web-design\/","headline":"Como o Web Design pode ajudar a aumentar as taxas de convers\u00e3o do com\u00e9rcio eletr\u00f4nico","url":"https:\/\/nacao.digital\/blog\/web-design\/","datePublished":"2021-12-17","dateModified":"2021-12-17","mainEntityOfPage":"https:\/\/nacao.digital\/blog\/web-design\/","author":{"@type":"Person","@id":"https:\/\/nacao.digital\/blog\/author\/redacao\/#Person","name":"Reda\u00e7\u00e3o - Na\u00e7\u00e3o Digital","url":"https:\/\/nacao.digital\/blog\/author\/redacao\/","identifier":7,"description":"Equipe de Reda\u00e7\u00e3o da Na\u00e7\u00e3o Digital","image":{"@type":"ImageObject","@id":"https:\/\/secure.gravatar.com\/avatar\/02e4691d00230d3425c562e7e363f571?s=96&d=mm&r=g","url":"https:\/\/secure.gravatar.com\/avatar\/02e4691d00230d3425c562e7e363f571?s=96&d=mm&r=g","height":96,"width":96}},"publisher":{"@type":"Organization","name":"Na\u00e7\u00e3o Digital","logo":{"@type":"ImageObject","@id":"https:\/\/nacao.digital\/blog\/wp-content\/uploads\/2019\/03\/logo-nd-1.png","url":"https:\/\/nacao.digital\/blog\/wp-content\/uploads\/2019\/03\/logo-nd-1.png","width":174,"height":22}},"image":{"@type":"ImageObject","@id":"https:\/\/nacao.digital\/blog\/wp-content\/uploads\/2021\/12\/web-design-e-commerce-e1641986445363.jpg","url":"https:\/\/nacao.digital\/blog\/wp-content\/uploads\/2021\/12\/web-design-e-commerce-e1641986445363.jpg","height":337,"width":625},"keywords":["guest post","web design"]},{"@type":"Article","@id":"https:\/\/nacao.digital\/blog\/hotsites\/","headline":"Hotsites: como usar essa estrat\u00e9gia de vendas na Black Friday?","url":"https:\/\/nacao.digital\/blog\/hotsites\/","datePublished":"2021-10-18","dateModified":"2022-08-31","mainEntityOfPage":"https:\/\/nacao.digital\/blog\/hotsites\/","author":{"@type":"Person","@id":"https:\/\/nacao.digital\/blog\/author\/redacao\/#Person","name":"Reda\u00e7\u00e3o - Na\u00e7\u00e3o Digital","url":"https:\/\/nacao.digital\/blog\/author\/redacao\/","identifier":7,"description":"Equipe de Reda\u00e7\u00e3o da Na\u00e7\u00e3o Digital","image":{"@type":"ImageObject","@id":"https:\/\/secure.gravatar.com\/avatar\/02e4691d00230d3425c562e7e363f571?s=96&d=mm&r=g","url":"https:\/\/secure.gravatar.com\/avatar\/02e4691d00230d3425c562e7e363f571?s=96&d=mm&r=g","height":96,"width":96}},"publisher":{"@type":"Organization","name":"Na\u00e7\u00e3o Digital","logo":{"@type":"ImageObject","@id":"https:\/\/nacao.digital\/blog\/wp-content\/uploads\/2019\/03\/logo-nd-1.png","url":"https:\/\/nacao.digital\/blog\/wp-content\/uploads\/2019\/03\/logo-nd-1.png","width":174,"height":22}},"image":{"@type":"ImageObject","@id":"https:\/\/nacao.digital\/blog\/wp-content\/uploads\/2021\/10\/hotsites-black-friday-e1641986752104.jpg","url":"https:\/\/nacao.digital\/blog\/wp-content\/uploads\/2021\/10\/hotsites-black-friday-e1641986752104.jpg","height":337,"width":625},"keywords":["black friday","hotsites","partner corner"]},{"@type":"Article","@id":"https:\/\/nacao.digital\/blog\/quanto-vale-sua-empresa\/","headline":"Voc\u00ea sabe quanto vale sua empresa e como um e-commerce pode valorizar seu neg\u00f3cio?","url":"https:\/\/nacao.digital\/blog\/quanto-vale-sua-empresa\/","datePublished":"2021-02-12","dateModified":"2021-06-09","mainEntityOfPage":"https:\/\/nacao.digital\/blog\/quanto-vale-sua-empresa\/","author":{"@type":"Person","@id":"https:\/\/nacao.digital\/blog\/author\/redacao\/#Person","name":"Reda\u00e7\u00e3o - Na\u00e7\u00e3o Digital","url":"https:\/\/nacao.digital\/blog\/author\/redacao\/","identifier":7,"description":"Equipe de Reda\u00e7\u00e3o da Na\u00e7\u00e3o Digital","image":{"@type":"ImageObject","@id":"https:\/\/secure.gravatar.com\/avatar\/02e4691d00230d3425c562e7e363f571?s=96&d=mm&r=g","url":"https:\/\/secure.gravatar.com\/avatar\/02e4691d00230d3425c562e7e363f571?s=96&d=mm&r=g","height":96,"width":96}},"publisher":{"@type":"Organization","name":"Na\u00e7\u00e3o Digital","logo":{"@type":"ImageObject","@id":"https:\/\/nacao.digital\/blog\/wp-content\/uploads\/2019\/03\/logo-nd-1.png","url":"https:\/\/nacao.digital\/blog\/wp-content\/uploads\/2019\/03\/logo-nd-1.png","width":174,"height":22}},"image":{"@type":"ImageObject","@id":"https:\/\/nacao.digital\/blog\/wp-content\/uploads\/2021\/02\/quanto-vale-sua-empresa-valuation.jpg","url":"https:\/\/nacao.digital\/blog\/wp-content\/uploads\/2021\/02\/quanto-vale-sua-empresa-valuation.jpg","height":700,"width":1300},"keywords":["quanto vale sua empresa"]},{"@type":"Article","@id":"https:\/\/nacao.digital\/blog\/eqi-saude-higiene-beleza\/","headline":"92% dos e-commerces de Sa\u00fade, Higiene e Beleza n\u00e3o oferecem boa experi\u00eancia de compra","url":"https:\/\/nacao.digital\/blog\/eqi-saude-higiene-beleza\/","datePublished":"2020-05-13","dateModified":"2020-05-13","mainEntityOfPage":"https:\/\/nacao.digital\/blog\/eqi-saude-higiene-beleza\/","author":{"@type":"Person","@id":"https:\/\/nacao.digital\/blog\/author\/redacao\/#Person","name":"Reda\u00e7\u00e3o - Na\u00e7\u00e3o Digital","url":"https:\/\/nacao.digital\/blog\/author\/redacao\/","identifier":7,"description":"Equipe de Reda\u00e7\u00e3o da Na\u00e7\u00e3o Digital","image":{"@type":"ImageObject","@id":"https:\/\/secure.gravatar.com\/avatar\/02e4691d00230d3425c562e7e363f571?s=96&d=mm&r=g","url":"https:\/\/secure.gravatar.com\/avatar\/02e4691d00230d3425c562e7e363f571?s=96&d=mm&r=g","height":96,"width":96}},"publisher":{"@type":"Organization","name":"Na\u00e7\u00e3o Digital","logo":{"@type":"ImageObject","@id":"https:\/\/nacao.digital\/blog\/wp-content\/uploads\/2019\/03\/logo-nd-1.png","url":"https:\/\/nacao.digital\/blog\/wp-content\/uploads\/2019\/03\/logo-nd-1.png","width":174,"height":22}},"image":{"@type":"ImageObject","@id":"https:\/\/nacao.digital\/blog\/wp-content\/uploads\/2020\/05\/eqi-saude-higiene-beleza.jpg","url":"https:\/\/nacao.digital\/blog\/wp-content\/uploads\/2020\/05\/eqi-saude-higiene-beleza.jpg","height":800,"width":1500},"keywords":["eqi de sa\u00fade higiene e beleza"]},{"@type":"Article","@id":"https:\/\/nacao.digital\/blog\/campanhas-dia-das-maes\/","headline":"Marketing data-driven: a melhor forma de usar dados first party nas campanhas de Dia das M\u00e3es","url":"https:\/\/nacao.digital\/blog\/campanhas-dia-das-maes\/","datePublished":"2020-04-17","dateModified":"2021-10-18","mainEntityOfPage":"https:\/\/nacao.digital\/blog\/campanhas-dia-das-maes\/","author":{"@type":"Person","@id":"https:\/\/nacao.digital\/blog\/author\/redacao\/#Person","name":"Reda\u00e7\u00e3o - Na\u00e7\u00e3o Digital","url":"https:\/\/nacao.digital\/blog\/author\/redacao\/","identifier":7,"description":"Equipe de Reda\u00e7\u00e3o da Na\u00e7\u00e3o Digital","image":{"@type":"ImageObject","@id":"https:\/\/secure.gravatar.com\/avatar\/02e4691d00230d3425c562e7e363f571?s=96&d=mm&r=g","url":"https:\/\/secure.gravatar.com\/avatar\/02e4691d00230d3425c562e7e363f571?s=96&d=mm&r=g","height":96,"width":96}},"publisher":{"@type":"Organization","name":"Na\u00e7\u00e3o Digital","logo":{"@type":"ImageObject","@id":"https:\/\/nacao.digital\/blog\/wp-content\/uploads\/2019\/03\/logo-nd-1.png","url":"https:\/\/nacao.digital\/blog\/wp-content\/uploads\/2019\/03\/logo-nd-1.png","width":174,"height":22}},"image":{"@type":"ImageObject","@id":"https:\/\/nacao.digital\/blog\/wp-content\/uploads\/2020\/04\/campanhas-dia-das-maes.jpg","url":"https:\/\/nacao.digital\/blog\/wp-content\/uploads\/2020\/04\/campanhas-dia-das-maes.jpg","height":800,"width":1500},"keywords":["campanhas dia das m\u00e3es","partner corner"]},{"@type":"Article","@id":"https:\/\/nacao.digital\/blog\/velocidade-do-atendimento\/","headline":"Como a velocidade do atendimento influencia a perman\u00eancia do usu\u00e1rio no seu site?","url":"https:\/\/nacao.digital\/blog\/velocidade-do-atendimento\/","datePublished":"2018-08-27","dateModified":"2021-01-18","mainEntityOfPage":"https:\/\/nacao.digital\/blog\/velocidade-do-atendimento\/","author":{"@type":"Person","@id":"https:\/\/nacao.digital\/blog\/author\/redacao\/#Person","name":"Reda\u00e7\u00e3o - Na\u00e7\u00e3o Digital","url":"https:\/\/nacao.digital\/blog\/author\/redacao\/","identifier":7,"description":"Equipe de Reda\u00e7\u00e3o da Na\u00e7\u00e3o Digital","image":{"@type":"ImageObject","@id":"https:\/\/secure.gravatar.com\/avatar\/02e4691d00230d3425c562e7e363f571?s=96&d=mm&r=g","url":"https:\/\/secure.gravatar.com\/avatar\/02e4691d00230d3425c562e7e363f571?s=96&d=mm&r=g","height":96,"width":96}},"publisher":{"@type":"Organization","name":"Na\u00e7\u00e3o Digital","logo":{"@type":"ImageObject","@id":"https:\/\/nacao.digital\/blog\/wp-content\/uploads\/2019\/03\/logo-nd-1.png","url":"https:\/\/nacao.digital\/blog\/wp-content\/uploads\/2019\/03\/logo-nd-1.png","width":174,"height":22}},"image":{"@type":"ImageObject","@id":"https:\/\/nacao.digital\/blog\/wp-content\/uploads\/2018\/08\/velocidade-do-atendimento.jpg","url":"https:\/\/nacao.digital\/blog\/wp-content\/uploads\/2018\/08\/velocidade-do-atendimento.jpg","height":600,"width":940},"keywords":["atendimento ao cliente"]}]}