{"@context":"https:\/\/schema.org\/","@type":"CollectionPage","@id":"https:\/\/nacao.digital\/blog\/category\/sobre\/#CollectionPage","headline":"A Na\u00e7\u00e3o Category","description":"<p>Conte\u00fados institucionais, cases de clientes e releases da Na\u00e7\u00e3o Digital, ag\u00eancia especialista em crescimento de e-commerces.<\/p>\n","url":"https:\/\/nacao.digital\/blog\/category\/sobre\/","hasPart":[{"@type":"Article","@id":"https:\/\/nacao.digital\/blog\/meta-media-certified-company\/","headline":"Na\u00e7\u00e3o Digital conquista t\u00edtulo de Meta Media Certified Company","url":"https:\/\/nacao.digital\/blog\/meta-media-certified-company\/","datePublished":"2022-11-30","dateModified":"2022-11-30","mainEntityOfPage":"https:\/\/nacao.digital\/blog\/meta-media-certified-company\/","author":{"@type":"Person","@id":"https:\/\/nacao.digital\/blog\/author\/redacao\/#Person","name":"Reda\u00e7\u00e3o - Na\u00e7\u00e3o Digital","url":"https:\/\/nacao.digital\/blog\/author\/redacao\/","identifier":7,"description":"Equipe de Reda\u00e7\u00e3o da Na\u00e7\u00e3o Digital","image":{"@type":"ImageObject","@id":"https:\/\/secure.gravatar.com\/avatar\/02e4691d00230d3425c562e7e363f571?s=96&d=mm&r=g","url":"https:\/\/secure.gravatar.com\/avatar\/02e4691d00230d3425c562e7e363f571?s=96&d=mm&r=g","height":96,"width":96}},"publisher":{"@type":"Organization","name":"Na\u00e7\u00e3o Digital","logo":{"@type":"ImageObject","@id":"https:\/\/nacao.digital\/blog\/wp-content\/uploads\/2019\/03\/logo-nd-1.png","url":"https:\/\/nacao.digital\/blog\/wp-content\/uploads\/2019\/03\/logo-nd-1.png","width":174,"height":22}},"image":{"@type":"ImageObject","@id":"https:\/\/nacao.digital\/blog\/wp-content\/uploads\/2022\/11\/meta-media-certified-company-2-1-e1669833734856.jpg","url":"https:\/\/nacao.digital\/blog\/wp-content\/uploads\/2022\/11\/meta-media-certified-company-2-1-e1669833734856.jpg","height":1105,"width":2048},"keywords":["Meta Media Certified Company"]},{"@type":"Article","@id":"https:\/\/nacao.digital\/blog\/diversidade-e-inclusao\/","headline":"Quando a liberdade \u00e9 inclusiva, todos ganham: neg\u00f3cios e pessoas","url":"https:\/\/nacao.digital\/blog\/diversidade-e-inclusao\/","datePublished":"2022-06-26","dateModified":"2022-06-26","mainEntityOfPage":"https:\/\/nacao.digital\/blog\/diversidade-e-inclusao\/","author":{"@type":"Person","@id":"https:\/\/nacao.digital\/blog\/author\/redacao\/#Person","name":"Reda\u00e7\u00e3o - Na\u00e7\u00e3o Digital","url":"https:\/\/nacao.digital\/blog\/author\/redacao\/","identifier":7,"description":"Equipe de Reda\u00e7\u00e3o da Na\u00e7\u00e3o Digital","image":{"@type":"ImageObject","@id":"https:\/\/secure.gravatar.com\/avatar\/02e4691d00230d3425c562e7e363f571?s=96&d=mm&r=g","url":"https:\/\/secure.gravatar.com\/avatar\/02e4691d00230d3425c562e7e363f571?s=96&d=mm&r=g","height":96,"width":96}},"publisher":{"@type":"Organization","name":"Na\u00e7\u00e3o Digital","logo":{"@type":"ImageObject","@id":"https:\/\/nacao.digital\/blog\/wp-content\/uploads\/2019\/03\/logo-nd-1.png","url":"https:\/\/nacao.digital\/blog\/wp-content\/uploads\/2019\/03\/logo-nd-1.png","width":174,"height":22}},"image":{"@type":"ImageObject","@id":"https:\/\/nacao.digital\/blog\/wp-content\/uploads\/2022\/06\/diversidade-e-inclusao-empresas.jpg","url":"https:\/\/nacao.digital\/blog\/wp-content\/uploads\/2022\/06\/diversidade-e-inclusao-empresas.jpg","height":700,"width":1300},"keywords":["diversidade e inclus\u00e3o"]},{"@type":"Article","@id":"https:\/\/nacao.digital\/blog\/minha-loja-de-moveis\/","headline":"Performance Content: a estrat\u00e9gia que ajudou a Minha Loja de M\u00f3veis aumentar a receita em 363%","url":"https:\/\/nacao.digital\/blog\/minha-loja-de-moveis\/","datePublished":"2021-10-20","dateModified":"2021-11-03","mainEntityOfPage":"https:\/\/nacao.digital\/blog\/minha-loja-de-moveis\/","author":{"@type":"Person","@id":"https:\/\/nacao.digital\/blog\/author\/redacao\/#Person","name":"Reda\u00e7\u00e3o - Na\u00e7\u00e3o Digital","url":"https:\/\/nacao.digital\/blog\/author\/redacao\/","identifier":7,"description":"Equipe de Reda\u00e7\u00e3o da Na\u00e7\u00e3o Digital","image":{"@type":"ImageObject","@id":"https:\/\/secure.gravatar.com\/avatar\/02e4691d00230d3425c562e7e363f571?s=96&d=mm&r=g","url":"https:\/\/secure.gravatar.com\/avatar\/02e4691d00230d3425c562e7e363f571?s=96&d=mm&r=g","height":96,"width":96}},"publisher":{"@type":"Organization","name":"Na\u00e7\u00e3o Digital","logo":{"@type":"ImageObject","@id":"https:\/\/nacao.digital\/blog\/wp-content\/uploads\/2019\/03\/logo-nd-1.png","url":"https:\/\/nacao.digital\/blog\/wp-content\/uploads\/2019\/03\/logo-nd-1.png","width":174,"height":22}},"image":{"@type":"ImageObject","@id":"https:\/\/nacao.digital\/blog\/wp-content\/uploads\/2021\/10\/minha-loja-de-moveis-e1641986727456.jpg","url":"https:\/\/nacao.digital\/blog\/wp-content\/uploads\/2021\/10\/minha-loja-de-moveis-e1641986727456.jpg","height":337,"width":625},"keywords":["case","cases","Cases da Na\u00e7\u00e3o","descri\u00e7\u00e3o de produto","minha loja de m\u00f3veis","performance content"]},{"@type":"Article","@id":"https:\/\/nacao.digital\/blog\/ccm-moda-fitness\/","headline":"Como a CCM Moda Fitness aumentou convers\u00f5es com a recupera\u00e7\u00e3o de carrinho","url":"https:\/\/nacao.digital\/blog\/ccm-moda-fitness\/","datePublished":"2020-10-02","dateModified":"2020-10-02","mainEntityOfPage":"https:\/\/nacao.digital\/blog\/ccm-moda-fitness\/","author":{"@type":"Person","@id":"https:\/\/nacao.digital\/blog\/author\/redacao\/#Person","name":"Reda\u00e7\u00e3o - Na\u00e7\u00e3o Digital","url":"https:\/\/nacao.digital\/blog\/author\/redacao\/","identifier":7,"description":"Equipe de Reda\u00e7\u00e3o da Na\u00e7\u00e3o Digital","image":{"@type":"ImageObject","@id":"https:\/\/secure.gravatar.com\/avatar\/02e4691d00230d3425c562e7e363f571?s=96&d=mm&r=g","url":"https:\/\/secure.gravatar.com\/avatar\/02e4691d00230d3425c562e7e363f571?s=96&d=mm&r=g","height":96,"width":96}},"publisher":{"@type":"Organization","name":"Na\u00e7\u00e3o Digital","logo":{"@type":"ImageObject","@id":"https:\/\/nacao.digital\/blog\/wp-content\/uploads\/2019\/03\/logo-nd-1.png","url":"https:\/\/nacao.digital\/blog\/wp-content\/uploads\/2019\/03\/logo-nd-1.png","width":174,"height":22}},"image":{"@type":"ImageObject","@id":"https:\/\/nacao.digital\/blog\/wp-content\/uploads\/2020\/10\/ccm-moda-fitness.jpg","url":"https:\/\/nacao.digital\/blog\/wp-content\/uploads\/2020\/10\/ccm-moda-fitness.jpg","height":700,"width":1300},"keywords":["ccm moda fitness"],"commentCount":"2","comment":[{"@type":"Comment","@id":"https:\/\/nacao.digital\/blog\/ccm-moda-fitness\/#Comment1","dateCreated":"2020-10-30 08:30:58","description":"Obrigada, Gabriela!","author":{"@type":"Person","name":"Reda\u00e7\u00e3o - Na\u00e7\u00e3o Digital","url":"http:\/\/nacao.digital"}},{"@type":"Comment","@id":"https:\/\/nacao.digital\/blog\/ccm-moda-fitness\/#Comment2","dateCreated":"2020-10-29 19:04:25","description":"otimo artigo.","author":{"@type":"Person","name":"Gabriela","url":"https:\/\/belezalucrativa.com\/curso-lash-lifting-online\/"}}]},{"@type":"Article","@id":"https:\/\/nacao.digital\/blog\/quisty\/","headline":"Como a Quisty tornou o blog um gerador de vendas na crise?","url":"https:\/\/nacao.digital\/blog\/quisty\/","datePublished":"2020-09-10","dateModified":"2020-09-08","mainEntityOfPage":"https:\/\/nacao.digital\/blog\/quisty\/","author":{"@type":"Person","@id":"https:\/\/nacao.digital\/blog\/author\/redacao\/#Person","name":"Reda\u00e7\u00e3o - Na\u00e7\u00e3o Digital","url":"https:\/\/nacao.digital\/blog\/author\/redacao\/","identifier":7,"description":"Equipe de Reda\u00e7\u00e3o da Na\u00e7\u00e3o Digital","image":{"@type":"ImageObject","@id":"https:\/\/secure.gravatar.com\/avatar\/02e4691d00230d3425c562e7e363f571?s=96&d=mm&r=g","url":"https:\/\/secure.gravatar.com\/avatar\/02e4691d00230d3425c562e7e363f571?s=96&d=mm&r=g","height":96,"width":96}},"publisher":{"@type":"Organization","name":"Na\u00e7\u00e3o Digital","logo":{"@type":"ImageObject","@id":"https:\/\/nacao.digital\/blog\/wp-content\/uploads\/2019\/03\/logo-nd-1.png","url":"https:\/\/nacao.digital\/blog\/wp-content\/uploads\/2019\/03\/logo-nd-1.png","width":174,"height":22}},"image":{"@type":"ImageObject","@id":"https:\/\/nacao.digital\/blog\/wp-content\/uploads\/2020\/09\/quisty.jpg","url":"https:\/\/nacao.digital\/blog\/wp-content\/uploads\/2020\/09\/quisty.jpg","height":700,"width":1300},"keywords":["case","cases","Cases da Na\u00e7\u00e3o","her\u00f3is da crise","quisty"]},{"@type":"Article","@id":"https:\/\/nacao.digital\/blog\/moka-clube\/","headline":"Moka Clube: e-commerce cresce em 4 meses o esperado para 1 ano","url":"https:\/\/nacao.digital\/blog\/moka-clube\/","datePublished":"2020-09-09","dateModified":"2020-09-08","mainEntityOfPage":"https:\/\/nacao.digital\/blog\/moka-clube\/","author":{"@type":"Person","@id":"https:\/\/nacao.digital\/blog\/author\/redacao\/#Person","name":"Reda\u00e7\u00e3o - Na\u00e7\u00e3o Digital","url":"https:\/\/nacao.digital\/blog\/author\/redacao\/","identifier":7,"description":"Equipe de Reda\u00e7\u00e3o da Na\u00e7\u00e3o Digital","image":{"@type":"ImageObject","@id":"https:\/\/secure.gravatar.com\/avatar\/02e4691d00230d3425c562e7e363f571?s=96&d=mm&r=g","url":"https:\/\/secure.gravatar.com\/avatar\/02e4691d00230d3425c562e7e363f571?s=96&d=mm&r=g","height":96,"width":96}},"publisher":{"@type":"Organization","name":"Na\u00e7\u00e3o Digital","logo":{"@type":"ImageObject","@id":"https:\/\/nacao.digital\/blog\/wp-content\/uploads\/2019\/03\/logo-nd-1.png","url":"https:\/\/nacao.digital\/blog\/wp-content\/uploads\/2019\/03\/logo-nd-1.png","width":174,"height":22}},"image":{"@type":"ImageObject","@id":"https:\/\/nacao.digital\/blog\/wp-content\/uploads\/2020\/09\/moka-clube.jpg","url":"https:\/\/nacao.digital\/blog\/wp-content\/uploads\/2020\/09\/moka-clube.jpg","height":700,"width":1300},"keywords":["case","cases","Cases da Na\u00e7\u00e3o","her\u00f3is da crise","moka clube"]},{"@type":"Article","@id":"https:\/\/nacao.digital\/blog\/digitale-textil\/","headline":"Dobrar a receita do e-commerce com alcance org\u00e2nico? A Digitale T\u00eaxtil conseguiu","url":"https:\/\/nacao.digital\/blog\/digitale-textil\/","datePublished":"2020-09-08","dateModified":"2020-09-08","mainEntityOfPage":"https:\/\/nacao.digital\/blog\/digitale-textil\/","author":{"@type":"Person","@id":"https:\/\/nacao.digital\/blog\/author\/redacao\/#Person","name":"Reda\u00e7\u00e3o - Na\u00e7\u00e3o Digital","url":"https:\/\/nacao.digital\/blog\/author\/redacao\/","identifier":7,"description":"Equipe de Reda\u00e7\u00e3o da Na\u00e7\u00e3o Digital","image":{"@type":"ImageObject","@id":"https:\/\/secure.gravatar.com\/avatar\/02e4691d00230d3425c562e7e363f571?s=96&d=mm&r=g","url":"https:\/\/secure.gravatar.com\/avatar\/02e4691d00230d3425c562e7e363f571?s=96&d=mm&r=g","height":96,"width":96}},"publisher":{"@type":"Organization","name":"Na\u00e7\u00e3o Digital","logo":{"@type":"ImageObject","@id":"https:\/\/nacao.digital\/blog\/wp-content\/uploads\/2019\/03\/logo-nd-1.png","url":"https:\/\/nacao.digital\/blog\/wp-content\/uploads\/2019\/03\/logo-nd-1.png","width":174,"height":22}},"image":{"@type":"ImageObject","@id":"https:\/\/nacao.digital\/blog\/wp-content\/uploads\/2020\/09\/digitale-textil.jpg","url":"https:\/\/nacao.digital\/blog\/wp-content\/uploads\/2020\/09\/digitale-textil.jpg","height":700,"width":1300},"keywords":["case","cases","Cases da Na\u00e7\u00e3o","digitale t\u00eaxtil","her\u00f3is da crise"]},{"@type":"Article","@id":"https:\/\/nacao.digital\/blog\/quintal-dermocosmeticos\/","headline":"Quintal Dermocosm\u00e9ticos: beleza em alta e recorde em vendas","url":"https:\/\/nacao.digital\/blog\/quintal-dermocosmeticos\/","datePublished":"2020-09-04","dateModified":"2020-09-15","mainEntityOfPage":"https:\/\/nacao.digital\/blog\/quintal-dermocosmeticos\/","author":{"@type":"Person","@id":"https:\/\/nacao.digital\/blog\/author\/redacao\/#Person","name":"Reda\u00e7\u00e3o - Na\u00e7\u00e3o Digital","url":"https:\/\/nacao.digital\/blog\/author\/redacao\/","identifier":7,"description":"Equipe de Reda\u00e7\u00e3o da Na\u00e7\u00e3o Digital","image":{"@type":"ImageObject","@id":"https:\/\/secure.gravatar.com\/avatar\/02e4691d00230d3425c562e7e363f571?s=96&d=mm&r=g","url":"https:\/\/secure.gravatar.com\/avatar\/02e4691d00230d3425c562e7e363f571?s=96&d=mm&r=g","height":96,"width":96}},"publisher":{"@type":"Organization","name":"Na\u00e7\u00e3o Digital","logo":{"@type":"ImageObject","@id":"https:\/\/nacao.digital\/blog\/wp-content\/uploads\/2019\/03\/logo-nd-1.png","url":"https:\/\/nacao.digital\/blog\/wp-content\/uploads\/2019\/03\/logo-nd-1.png","width":174,"height":22}},"image":{"@type":"ImageObject","@id":"https:\/\/nacao.digital\/blog\/wp-content\/uploads\/2020\/09\/quintal-dermocosmeticos.jpg","url":"https:\/\/nacao.digital\/blog\/wp-content\/uploads\/2020\/09\/quintal-dermocosmeticos.jpg","height":700,"width":1300},"keywords":["case","cases","Cases da Na\u00e7\u00e3o","her\u00f3is da crise","quintal dermocosm\u00e9ticos"]},{"@type":"Article","@id":"https:\/\/nacao.digital\/blog\/shopinfo\/","headline":"Como a Shopinfo usou o marketing digital para dobrar o faturamento","url":"https:\/\/nacao.digital\/blog\/shopinfo\/","datePublished":"2020-08-07","dateModified":"2020-08-07","mainEntityOfPage":"https:\/\/nacao.digital\/blog\/shopinfo\/","author":{"@type":"Person","@id":"https:\/\/nacao.digital\/blog\/author\/redacao\/#Person","name":"Reda\u00e7\u00e3o - Na\u00e7\u00e3o Digital","url":"https:\/\/nacao.digital\/blog\/author\/redacao\/","identifier":7,"description":"Equipe de Reda\u00e7\u00e3o da Na\u00e7\u00e3o Digital","image":{"@type":"ImageObject","@id":"https:\/\/secure.gravatar.com\/avatar\/02e4691d00230d3425c562e7e363f571?s=96&d=mm&r=g","url":"https:\/\/secure.gravatar.com\/avatar\/02e4691d00230d3425c562e7e363f571?s=96&d=mm&r=g","height":96,"width":96}},"publisher":{"@type":"Organization","name":"Na\u00e7\u00e3o Digital","logo":{"@type":"ImageObject","@id":"https:\/\/nacao.digital\/blog\/wp-content\/uploads\/2019\/03\/logo-nd-1.png","url":"https:\/\/nacao.digital\/blog\/wp-content\/uploads\/2019\/03\/logo-nd-1.png","width":174,"height":22}},"image":{"@type":"ImageObject","@id":"https:\/\/nacao.digital\/blog\/wp-content\/uploads\/2020\/08\/shopinfo.jpg","url":"https:\/\/nacao.digital\/blog\/wp-content\/uploads\/2020\/08\/shopinfo.jpg","height":700,"width":1300},"keywords":["case","cases","Cases da Na\u00e7\u00e3o","her\u00f3is da crise","shopinfo"]}]}