{"@context":"https:\/\/schema.org\/","@type":"CollectionPage","@id":"https:\/\/nacao.digital\/blog\/category\/sobre\/#CollectionPage","headline":"A Na\u00e7\u00e3o Category","description":"<p>Conte\u00fados institucionais, cases de clientes e releases da Na\u00e7\u00e3o Digital, ag\u00eancia especialista em crescimento de e-commerces.<\/p>\n","url":"https:\/\/nacao.digital\/blog\/category\/sobre\/","hasPart":[{"@type":"Article","@id":"https:\/\/nacao.digital\/blog\/retrospectiva-2016-da-nacao\/","headline":"Retrospectiva 2016 da Na\u00e7\u00e3o Digital: um ano de cria\u00e7\u00e3o de valor","url":"https:\/\/nacao.digital\/blog\/retrospectiva-2016-da-nacao\/","datePublished":"2016-12-27","dateModified":"2020-06-02","mainEntityOfPage":"https:\/\/nacao.digital\/blog\/retrospectiva-2016-da-nacao\/","author":{"@type":"Person","@id":"https:\/\/nacao.digital\/blog\/author\/redacao\/#Person","name":"Reda\u00e7\u00e3o - Na\u00e7\u00e3o Digital","url":"https:\/\/nacao.digital\/blog\/author\/redacao\/","identifier":7,"description":"Equipe de Reda\u00e7\u00e3o da Na\u00e7\u00e3o Digital","image":{"@type":"ImageObject","@id":"https:\/\/secure.gravatar.com\/avatar\/02e4691d00230d3425c562e7e363f571?s=96&d=mm&r=g","url":"https:\/\/secure.gravatar.com\/avatar\/02e4691d00230d3425c562e7e363f571?s=96&d=mm&r=g","height":96,"width":96}},"publisher":{"@type":"Organization","name":"Na\u00e7\u00e3o Digital","logo":{"@type":"ImageObject","@id":"https:\/\/nacao.digital\/blog\/wp-content\/uploads\/2019\/03\/logo-nd-1.png","url":"https:\/\/nacao.digital\/blog\/wp-content\/uploads\/2019\/03\/logo-nd-1.png","width":174,"height":22}},"image":{"@type":"ImageObject","@id":"https:\/\/nacao.digital\/blog\/wp-content\/uploads\/2016\/12\/retrospectiva-na\u00e7\u00e3o.png","url":"https:\/\/nacao.digital\/blog\/wp-content\/uploads\/2016\/12\/retrospectiva-na\u00e7\u00e3o.png","height":400,"width":855},"keywords":null},{"@type":"Article","@id":"https:\/\/nacao.digital\/blog\/nacao-digital-no-forum-e-commerce-brasil\/","headline":"Na\u00e7\u00e3o Digital no F\u00f3rum E-commerce Brasil: destaques do conte\u00fado que nos impulsionam","url":"https:\/\/nacao.digital\/blog\/nacao-digital-no-forum-e-commerce-brasil\/","datePublished":"2016-08-01","dateModified":"2020-05-28","mainEntityOfPage":"https:\/\/nacao.digital\/blog\/nacao-digital-no-forum-e-commerce-brasil\/","author":{"@type":"Person","@id":"https:\/\/nacao.digital\/blog\/author\/redacao\/#Person","name":"Reda\u00e7\u00e3o - Na\u00e7\u00e3o Digital","url":"https:\/\/nacao.digital\/blog\/author\/redacao\/","identifier":7,"description":"Equipe de Reda\u00e7\u00e3o da Na\u00e7\u00e3o Digital","image":{"@type":"ImageObject","@id":"https:\/\/secure.gravatar.com\/avatar\/02e4691d00230d3425c562e7e363f571?s=96&d=mm&r=g","url":"https:\/\/secure.gravatar.com\/avatar\/02e4691d00230d3425c562e7e363f571?s=96&d=mm&r=g","height":96,"width":96}},"publisher":{"@type":"Organization","name":"Na\u00e7\u00e3o Digital","logo":{"@type":"ImageObject","@id":"https:\/\/nacao.digital\/blog\/wp-content\/uploads\/2019\/03\/logo-nd-1.png","url":"https:\/\/nacao.digital\/blog\/wp-content\/uploads\/2019\/03\/logo-nd-1.png","width":174,"height":22}},"image":{"@type":"ImageObject","@id":"https:\/\/nacao.digital\/blog\/wp-content\/uploads\/2016\/08\/forum-e-commerce-brasil.png","url":"https:\/\/nacao.digital\/blog\/wp-content\/uploads\/2016\/08\/forum-e-commerce-brasil.png","height":400,"width":855},"keywords":null},{"@type":"Article","@id":"https:\/\/nacao.digital\/blog\/forum-e-commerce-brasil-2016\/","headline":"Na\u00e7\u00e3o Digital participa do F\u00f3rum E-commerce Brasil 2016","url":"https:\/\/nacao.digital\/blog\/forum-e-commerce-brasil-2016\/","datePublished":"2016-07-25","dateModified":"2020-05-28","mainEntityOfPage":"https:\/\/nacao.digital\/blog\/forum-e-commerce-brasil-2016\/","author":{"@type":"Person","@id":"https:\/\/nacao.digital\/blog\/author\/redacao\/#Person","name":"Reda\u00e7\u00e3o - Na\u00e7\u00e3o Digital","url":"https:\/\/nacao.digital\/blog\/author\/redacao\/","identifier":7,"description":"Equipe de Reda\u00e7\u00e3o da Na\u00e7\u00e3o Digital","image":{"@type":"ImageObject","@id":"https:\/\/secure.gravatar.com\/avatar\/02e4691d00230d3425c562e7e363f571?s=96&d=mm&r=g","url":"https:\/\/secure.gravatar.com\/avatar\/02e4691d00230d3425c562e7e363f571?s=96&d=mm&r=g","height":96,"width":96}},"publisher":{"@type":"Organization","name":"Na\u00e7\u00e3o Digital","logo":{"@type":"ImageObject","@id":"https:\/\/nacao.digital\/blog\/wp-content\/uploads\/2019\/03\/logo-nd-1.png","url":"https:\/\/nacao.digital\/blog\/wp-content\/uploads\/2019\/03\/logo-nd-1.png","width":174,"height":22}},"image":{"@type":"ImageObject","@id":"https:\/\/nacao.digital\/blog\/wp-content\/uploads\/2016\/07\/f\u00f3rum-e-commerce-brasil.png","url":"https:\/\/nacao.digital\/blog\/wp-content\/uploads\/2016\/07\/f\u00f3rum-e-commerce-brasil.png","height":400,"width":855},"keywords":null},{"@type":"Article","@id":"https:\/\/nacao.digital\/blog\/como-triplicamos-taxa-de-conversao-da-surya-dental-com-automacao-de-marketing\/","headline":"Como triplicamos a taxa de convers\u00e3o da Surya Dental com automa\u00e7\u00e3o de marketing","url":"https:\/\/nacao.digital\/blog\/como-triplicamos-taxa-de-conversao-da-surya-dental-com-automacao-de-marketing\/","datePublished":"2016-06-20","dateModified":"2020-04-07","mainEntityOfPage":"https:\/\/nacao.digital\/blog\/como-triplicamos-taxa-de-conversao-da-surya-dental-com-automacao-de-marketing\/","author":{"@type":"Person","@id":"https:\/\/nacao.digital\/blog\/author\/redacao\/#Person","name":"Reda\u00e7\u00e3o - Na\u00e7\u00e3o Digital","url":"https:\/\/nacao.digital\/blog\/author\/redacao\/","identifier":7,"description":"Equipe de Reda\u00e7\u00e3o da Na\u00e7\u00e3o Digital","image":{"@type":"ImageObject","@id":"https:\/\/secure.gravatar.com\/avatar\/02e4691d00230d3425c562e7e363f571?s=96&d=mm&r=g","url":"https:\/\/secure.gravatar.com\/avatar\/02e4691d00230d3425c562e7e363f571?s=96&d=mm&r=g","height":96,"width":96}},"publisher":{"@type":"Organization","name":"Na\u00e7\u00e3o Digital","logo":{"@type":"ImageObject","@id":"https:\/\/nacao.digital\/blog\/wp-content\/uploads\/2019\/03\/logo-nd-1.png","url":"https:\/\/nacao.digital\/blog\/wp-content\/uploads\/2019\/03\/logo-nd-1.png","width":174,"height":22}},"image":{"@type":"ImageObject","@id":"https:\/\/nacao.digital\/blog\/wp-content\/uploads\/2016\/06\/taxa-de-convers\u00e3o.png","url":"https:\/\/nacao.digital\/blog\/wp-content\/uploads\/2016\/06\/taxa-de-convers\u00e3o.png","height":400,"width":855},"keywords":null,"commentCount":"1","comment":[{"@type":"Comment","@id":"https:\/\/nacao.digital\/blog\/como-triplicamos-taxa-de-conversao-da-surya-dental-com-automacao-de-marketing\/#Comment1","dateCreated":"2016-08-24 19:57:15","description":"Muito bom o post. Parab\u00e9ns pelos resultados!","author":{"@type":"Person","name":"rodrigo","url":""}}]},{"@type":"Article","@id":"https:\/\/nacao.digital\/blog\/a-nacao-digital-e-uma-agencia-google-partner\/","headline":"Na\u00e7\u00e3o Digital \u00e9 uma ag\u00eancia Google Partners","url":"https:\/\/nacao.digital\/blog\/a-nacao-digital-e-uma-agencia-google-partner\/","datePublished":"2016-04-11","dateModified":"2021-04-19","mainEntityOfPage":"https:\/\/nacao.digital\/blog\/a-nacao-digital-e-uma-agencia-google-partner\/","author":{"@type":"Person","@id":"https:\/\/nacao.digital\/blog\/author\/rodrigo\/#Person","name":"Rodrigo Martucci","url":"https:\/\/nacao.digital\/blog\/author\/rodrigo\/","identifier":8,"image":{"@type":"ImageObject","@id":"https:\/\/secure.gravatar.com\/avatar\/43379fff041ce3e6e57345c57f81cf6c?s=96&d=mm&r=g","url":"https:\/\/secure.gravatar.com\/avatar\/43379fff041ce3e6e57345c57f81cf6c?s=96&d=mm&r=g","height":96,"width":96}},"publisher":{"@type":"Organization","name":"Na\u00e7\u00e3o Digital","logo":{"@type":"ImageObject","@id":"https:\/\/nacao.digital\/blog\/wp-content\/uploads\/2019\/03\/logo-nd-1.png","url":"https:\/\/nacao.digital\/blog\/wp-content\/uploads\/2019\/03\/logo-nd-1.png","width":174,"height":22}},"image":{"@type":"ImageObject","@id":"https:\/\/nacao.digital\/blog\/wp-content\/uploads\/2016\/04\/google_partners.jpg","url":"https:\/\/nacao.digital\/blog\/wp-content\/uploads\/2016\/04\/google_partners.jpg","height":277,"width":1000},"keywords":["certificacao adwords","google partner","google partners","nacao digital","online media"]},{"@type":"Article","@id":"https:\/\/nacao.digital\/blog\/a-nacao-no-google-partner-weekend\/","headline":"A Na\u00e7\u00e3o no Google Partner Weekend","url":"https:\/\/nacao.digital\/blog\/a-nacao-no-google-partner-weekend\/","datePublished":"2015-09-28","dateModified":"2021-12-20","mainEntityOfPage":"https:\/\/nacao.digital\/blog\/a-nacao-no-google-partner-weekend\/","author":{"@type":"Person","@id":"https:\/\/nacao.digital\/blog\/author\/rodrigo\/#Person","name":"Rodrigo Martucci","url":"https:\/\/nacao.digital\/blog\/author\/rodrigo\/","identifier":8,"image":{"@type":"ImageObject","@id":"https:\/\/secure.gravatar.com\/avatar\/43379fff041ce3e6e57345c57f81cf6c?s=96&d=mm&r=g","url":"https:\/\/secure.gravatar.com\/avatar\/43379fff041ce3e6e57345c57f81cf6c?s=96&d=mm&r=g","height":96,"width":96}},"publisher":{"@type":"Organization","name":"Na\u00e7\u00e3o Digital","logo":{"@type":"ImageObject","@id":"https:\/\/nacao.digital\/blog\/wp-content\/uploads\/2019\/03\/logo-nd-1.png","url":"https:\/\/nacao.digital\/blog\/wp-content\/uploads\/2019\/03\/logo-nd-1.png","width":174,"height":22}},"image":{"@type":"ImageObject","@id":"https:\/\/nacao.digital\/blog\/wp-content\/uploads\/2016\/04\/q1-500x400-300x240.jpg","url":"https:\/\/nacao.digital\/blog\/wp-content\/uploads\/2016\/04\/q1-500x400-300x240.jpg","height":240,"width":300},"keywords":null}]}