[{"@context":"https:\/\/schema.org\/","@type":"Article","@id":"https:\/\/nacao.digital\/blog\/retrospectiva-2016-da-nacao\/#Article","mainEntityOfPage":"https:\/\/nacao.digital\/blog\/retrospectiva-2016-da-nacao\/","headline":"Retrospectiva 2016 da Na\u00e7\u00e3o Digital: um ano de cria\u00e7\u00e3o de valor","name":"Retrospectiva 2016 da Na\u00e7\u00e3o Digital: um ano de cria\u00e7\u00e3o de valor","description":"Este conte\u00fado foi atualizado em: 02\/06\/2020 O ano de 2016 foi marcado por acontecimentos inesperados em todo o mundo, que bagun\u00e7aram com a zona de conforto de milhares de pessoas e fizeram crescer ideias conflitantes. Para a Na\u00e7\u00e3o Digital, as novas ideias surgidas aqui dentro foram propulsoras para o movimento em 2016. Este ano foi&hellip;","datePublished":"2016-12-27","dateModified":"2020-06-02","author":{"@type":"Person","@id":"https:\/\/nacao.digital\/blog\/author\/redacao\/#Person","name":"Reda\u00e7\u00e3o - Na\u00e7\u00e3o Digital","url":"https:\/\/nacao.digital\/blog\/author\/redacao\/","identifier":7,"image":{"@type":"ImageObject","@id":"https:\/\/secure.gravatar.com\/avatar\/02e4691d00230d3425c562e7e363f571?s=96&d=mm&r=g","url":"https:\/\/secure.gravatar.com\/avatar\/02e4691d00230d3425c562e7e363f571?s=96&d=mm&r=g","height":96,"width":96}},"publisher":{"@type":"Organization","name":"Na\u00e7\u00e3o Digital","logo":{"@type":"ImageObject","@id":"https:\/\/nacao.digital\/blog\/wp-content\/uploads\/2019\/03\/logo-nd-1.png","url":"https:\/\/nacao.digital\/blog\/wp-content\/uploads\/2019\/03\/logo-nd-1.png","width":174,"height":22}},"image":{"@type":"ImageObject","@id":"https:\/\/nacao.digital\/blog\/wp-content\/uploads\/2016\/12\/retrospectiva-na\u00e7\u00e3o.png","url":"https:\/\/nacao.digital\/blog\/wp-content\/uploads\/2016\/12\/retrospectiva-na\u00e7\u00e3o.png","height":400,"width":855},"url":"https:\/\/nacao.digital\/blog\/retrospectiva-2016-da-nacao\/","about":["A Na\u00e7\u00e3o"],"wordCount":457,"articleBody":"   Este conte\u00fado foi atualizado em: 02\/06\/2020   O ano de 2016 foi marcado por acontecimentos inesperados em todo o mundo, que bagun\u00e7aram com a zona de conforto de milhares de pessoas e fizeram crescer ideias conflitantes. Para a Na\u00e7\u00e3o Digital, as novas ideias surgidas aqui dentro foram propulsoras para o movimento em 2016. Este ano foi s\u00edmbolo dos primeiros passos para novidades maiores na digital: novos membros na equipe, novos clientes, novos eventos, novas ferramentas, novas estrat\u00e9gias, nova metodologia, nova sede. Foi o ano de criar valor e come\u00e7ar a ver este valor voltando para n\u00f3s. Veja tudo o que aconteceu na retrospectiva 2016 da Na\u00e7\u00e3o!Caminhando com a Na\u00e7\u00e3oO mais importante para n\u00f3s vem primeiro. 2016 foi ano de renovar nossa cartela de clientes com algumas conquistas que geraram um aprendizado conjunto. Quisty, Malucos Por Custom, Shopinfo e ELGScreen foram os clientes novos que caminharam com a gente neste 2016, com estrat\u00e9gias reais e resultados reais. Equipe renovadaNada do que conquistamos este ano foi um resultado individual. Adicionamos cinco novos membros em nossa equipe, para auxiliar no inbound, design, conte\u00fado e SEO. Sarah, Evergton, Tayara, Karina e Augusto foram os chegados de 2016, que j\u00e1 come\u00e7aram com o p\u00e9 direito, compartilhando suas ideias, fazendo crescer e crescendo junto com a gente. \u00a0Na estradaO ano de 2016 tamb\u00e9m foi sin\u00f4nimo de p\u00e9 na estrada para a digital. Come\u00e7amos a participar ativamente em eventos de e-commerce e inbound pelo pa\u00eds e j\u00e1 pudemos ver o potencial e influ\u00eancia da Na\u00e7\u00e3o no mercado. Patrocinamos o F\u00f3rum E-commerce Brasil 2016 em S\u00e3o Paulo, com um espa\u00e7o para apresentarmos nossos trabalhos e muito resultado positivo durante o evento, patrocinamos o RD on the Road em Curitiba e marcamos presen\u00e7a no F\u00f3rum Gestores E-commerce Brasil em agosto de 2016. Gerando valorRenovamos o site e blog, fizemos webinars de prepara\u00e7\u00e3o para a Black Friday junto de parcerias incr\u00edveis, participamos do evento com sucesso junto aos clientes, investimos em novas estrat\u00e9gias de convers\u00e3o e desenvolvemos uma metodologia \u00fanica de Inbound Commerce.Com todo esse valor gerado durante o ano para nossos clientes, parceiros e colaboradores, acabamos recebendo valor em troca. Tivemos um crescimento de 30% no faturamento anual da empresa, com boas previs\u00f5es para o ano que vem.Nova casa!E para completar o ano com mudan\u00e7as boas, estamos em uma nova casa! Com uma equipe maior e mais unida, resolvemos crescer em um lugar mais amplo, mais funcional e mais aberto \u00e0s novidades que est\u00e3o por vir no ano que vem. Quer caminhar com a gente em 2017? Clique aqui e conhe\u00e7a mais um pouco sobre n\u00f3s!&nbsp;Compartilhe:"},{"@context":"https:\/\/schema.org\/","@type":"BreadcrumbList","itemListElement":[{"@type":"ListItem","position":1,"name":"Blog","item":"https:\/\/nacao.digital\/blog\/#breadcrumbitem"},{"@type":"ListItem","position":2,"name":"Retrospectiva 2016 da Na\u00e7\u00e3o Digital: um ano de cria\u00e7\u00e3o de valor","item":"https:\/\/nacao.digital\/blog\/retrospectiva-2016-da-nacao\/#breadcrumbitem"}]}]