{"@context":"https:\/\/schema.org\/","@type":"CollectionPage","@id":"https:\/\/nacao.digital\/blog\/tag\/5g-no-brasil\/#CollectionPage","headline":"5G no Brasil Tag","description":"","url":"https:\/\/nacao.digital\/blog\/tag\/5g-no-brasil\/","hasPart":[{"@type":"Article","@id":"https:\/\/nacao.digital\/blog\/impactos-do-5g-no-brasil\/","headline":"Impactos do 5G no Brasil: o que muda para o e-commerce?","url":"https:\/\/nacao.digital\/blog\/impactos-do-5g-no-brasil\/","datePublished":"2022-10-03","dateModified":"2022-09-26","mainEntityOfPage":"https:\/\/nacao.digital\/blog\/impactos-do-5g-no-brasil\/","author":{"@type":"Person","@id":"https:\/\/nacao.digital\/blog\/author\/redacao\/#Person","name":"Reda\u00e7\u00e3o - Na\u00e7\u00e3o Digital","url":"https:\/\/nacao.digital\/blog\/author\/redacao\/","identifier":7,"description":"Equipe de Reda\u00e7\u00e3o da Na\u00e7\u00e3o Digital","image":{"@type":"ImageObject","@id":"https:\/\/secure.gravatar.com\/avatar\/02e4691d00230d3425c562e7e363f571?s=96&d=mm&r=g","url":"https:\/\/secure.gravatar.com\/avatar\/02e4691d00230d3425c562e7e363f571?s=96&d=mm&r=g","height":96,"width":96}},"publisher":{"@type":"Organization","name":"Na\u00e7\u00e3o Digital","logo":{"@type":"ImageObject","@id":"https:\/\/nacao.digital\/blog\/wp-content\/uploads\/2019\/03\/logo-nd-1.png","url":"https:\/\/nacao.digital\/blog\/wp-content\/uploads\/2019\/03\/logo-nd-1.png","width":174,"height":22}},"image":{"@type":"ImageObject","@id":"https:\/\/nacao.digital\/blog\/wp-content\/uploads\/2022\/10\/impactos-do-5g-no-brasil-imagem-destacada.jpg","url":"https:\/\/nacao.digital\/blog\/wp-content\/uploads\/2022\/10\/impactos-do-5g-no-brasil-imagem-destacada.jpg","height":700,"width":1300},"keywords":["5G no Brasil"],"commentCount":"2","comment":[{"@type":"Comment","@id":"https:\/\/nacao.digital\/blog\/impactos-do-5g-no-brasil\/#Comment1","dateCreated":"2022-10-27 09:56:45","description":"Com certeza! Obrigada por acompanhar o blog da Na\u00e7\u00e3o Digital! \ud83d\udc4f","author":{"@type":"Person","name":"Reda\u00e7\u00e3o - Na\u00e7\u00e3o Digital","url":"http:\/\/nacao.digital"}},{"@type":"Comment","@id":"https:\/\/nacao.digital\/blog\/impactos-do-5g-no-brasil\/#Comment2","dateCreated":"2022-10-11 18:31:38","description":"Ir\u00e1 revolucionar toda a tecnologia, assim como o 4 G fez anteriormente.","author":{"@type":"Person","name":"Jo\u00e3o","url":"https:\/\/cowboybootsportugal.pt\/collections\/botas-de-mulher-1"}}]}]}