{"@context":"https:\/\/schema.org\/","@type":"CollectionPage","@id":"https:\/\/nacao.digital\/blog\/tag\/black-friday\/#CollectionPage","headline":"black friday Tag","description":"","url":"https:\/\/nacao.digital\/blog\/tag\/black-friday\/","hasPart":[{"@type":"Article","@id":"https:\/\/nacao.digital\/blog\/pesquisa-google-black-friday-2016\/","headline":"Pesquisa Google Black Friday 2023: dados imperd\u00edveis","url":"https:\/\/nacao.digital\/blog\/pesquisa-google-black-friday-2016\/","datePublished":"2023-11-13","dateModified":"2023-11-13","mainEntityOfPage":"https:\/\/nacao.digital\/blog\/pesquisa-google-black-friday-2016\/","author":{"@type":"Person","@id":"https:\/\/nacao.digital\/blog\/author\/redacao\/#Person","name":"Reda\u00e7\u00e3o - Na\u00e7\u00e3o Digital","url":"https:\/\/nacao.digital\/blog\/author\/redacao\/","identifier":7,"description":"Equipe de Reda\u00e7\u00e3o da Na\u00e7\u00e3o Digital","image":{"@type":"ImageObject","@id":"https:\/\/secure.gravatar.com\/avatar\/02e4691d00230d3425c562e7e363f571?s=96&d=mm&r=g","url":"https:\/\/secure.gravatar.com\/avatar\/02e4691d00230d3425c562e7e363f571?s=96&d=mm&r=g","height":96,"width":96}},"publisher":{"@type":"Organization","name":"Na\u00e7\u00e3o Digital","logo":{"@type":"ImageObject","@id":"https:\/\/nacao.digital\/blog\/wp-content\/uploads\/2019\/03\/logo-nd-1.png","url":"https:\/\/nacao.digital\/blog\/wp-content\/uploads\/2019\/03\/logo-nd-1.png","width":174,"height":22}},"image":{"@type":"ImageObject","@id":"https:\/\/nacao.digital\/blog\/wp-content\/uploads\/2016\/09\/black-friday-2016-3.png","url":"https:\/\/nacao.digital\/blog\/wp-content\/uploads\/2016\/09\/black-friday-2016-3.png","height":400,"width":855},"keywords":["black friday"]},{"@type":"Article","@id":"https:\/\/nacao.digital\/blog\/cyber-monday\/","headline":"Cyber Monday 2023: tend\u00eancias e dicas para lucrar","url":"https:\/\/nacao.digital\/blog\/cyber-monday\/","datePublished":"2023-08-07","dateModified":"2023-08-04","mainEntityOfPage":"https:\/\/nacao.digital\/blog\/cyber-monday\/","author":{"@type":"Person","@id":"https:\/\/nacao.digital\/blog\/author\/redacao\/#Person","name":"Reda\u00e7\u00e3o - Na\u00e7\u00e3o Digital","url":"https:\/\/nacao.digital\/blog\/author\/redacao\/","identifier":7,"description":"Equipe de Reda\u00e7\u00e3o da Na\u00e7\u00e3o Digital","image":{"@type":"ImageObject","@id":"https:\/\/secure.gravatar.com\/avatar\/02e4691d00230d3425c562e7e363f571?s=96&d=mm&r=g","url":"https:\/\/secure.gravatar.com\/avatar\/02e4691d00230d3425c562e7e363f571?s=96&d=mm&r=g","height":96,"width":96}},"publisher":{"@type":"Organization","name":"Na\u00e7\u00e3o Digital","logo":{"@type":"ImageObject","@id":"https:\/\/nacao.digital\/blog\/wp-content\/uploads\/2019\/03\/logo-nd-1.png","url":"https:\/\/nacao.digital\/blog\/wp-content\/uploads\/2019\/03\/logo-nd-1.png","width":174,"height":22}},"image":{"@type":"ImageObject","@id":"https:\/\/nacao.digital\/blog\/wp-content\/uploads\/2023\/08\/cyber-monday-foto-de-capa.jpg","url":"https:\/\/nacao.digital\/blog\/wp-content\/uploads\/2023\/08\/cyber-monday-foto-de-capa.jpg","height":700,"width":1300},"keywords":["black friday","cyber monday","cyber monday 2023"]},{"@type":"Article","@id":"https:\/\/nacao.digital\/blog\/resultados-da-black-friday\/","headline":"Confira os resultados da Black Friday 2022 no e-commerce","url":"https:\/\/nacao.digital\/blog\/resultados-da-black-friday\/","datePublished":"2023-01-20","dateModified":"2022-12-20","mainEntityOfPage":"https:\/\/nacao.digital\/blog\/resultados-da-black-friday\/","author":{"@type":"Person","@id":"https:\/\/nacao.digital\/blog\/author\/redacao\/#Person","name":"Reda\u00e7\u00e3o - Na\u00e7\u00e3o Digital","url":"https:\/\/nacao.digital\/blog\/author\/redacao\/","identifier":7,"description":"Equipe de Reda\u00e7\u00e3o da Na\u00e7\u00e3o Digital","image":{"@type":"ImageObject","@id":"https:\/\/secure.gravatar.com\/avatar\/02e4691d00230d3425c562e7e363f571?s=96&d=mm&r=g","url":"https:\/\/secure.gravatar.com\/avatar\/02e4691d00230d3425c562e7e363f571?s=96&d=mm&r=g","height":96,"width":96}},"publisher":{"@type":"Organization","name":"Na\u00e7\u00e3o Digital","logo":{"@type":"ImageObject","@id":"https:\/\/nacao.digital\/blog\/wp-content\/uploads\/2019\/03\/logo-nd-1.png","url":"https:\/\/nacao.digital\/blog\/wp-content\/uploads\/2019\/03\/logo-nd-1.png","width":174,"height":22}},"image":{"@type":"ImageObject","@id":"https:\/\/nacao.digital\/blog\/wp-content\/uploads\/2022\/12\/resultados-da-black-friday-imagem-destacada.jpg","url":"https:\/\/nacao.digital\/blog\/wp-content\/uploads\/2022\/12\/resultados-da-black-friday-imagem-destacada.jpg","height":867,"width":1300},"keywords":["black friday","black friday 2022","marketing black friday"],"commentCount":"2","comment":[{"@type":"Comment","@id":"https:\/\/nacao.digital\/blog\/resultados-da-black-friday\/#Comment1","dateCreated":"2023-11-17 17:10:06","description":"\u00f3tima mat\u00e9ria, isso mostra que a Black Friday nem sempre \u00e9 uma black fraude e sim, tem muita promo\u00e7\u00e3o boa rolando \u00e9 s\u00f3 pesquisar bem!","author":{"@type":"Person","name":"Marcos","url":"https:\/\/melhorlavaeseca.com.br\/"}}]},{"@type":"Article","@id":"https:\/\/nacao.digital\/blog\/hotsites\/","headline":"Hotsites: como usar essa estrat\u00e9gia de vendas na Black Friday?","url":"https:\/\/nacao.digital\/blog\/hotsites\/","datePublished":"2021-10-18","dateModified":"2022-08-31","mainEntityOfPage":"https:\/\/nacao.digital\/blog\/hotsites\/","author":{"@type":"Person","@id":"https:\/\/nacao.digital\/blog\/author\/redacao\/#Person","name":"Reda\u00e7\u00e3o - Na\u00e7\u00e3o Digital","url":"https:\/\/nacao.digital\/blog\/author\/redacao\/","identifier":7,"description":"Equipe de Reda\u00e7\u00e3o da Na\u00e7\u00e3o Digital","image":{"@type":"ImageObject","@id":"https:\/\/secure.gravatar.com\/avatar\/02e4691d00230d3425c562e7e363f571?s=96&d=mm&r=g","url":"https:\/\/secure.gravatar.com\/avatar\/02e4691d00230d3425c562e7e363f571?s=96&d=mm&r=g","height":96,"width":96}},"publisher":{"@type":"Organization","name":"Na\u00e7\u00e3o Digital","logo":{"@type":"ImageObject","@id":"https:\/\/nacao.digital\/blog\/wp-content\/uploads\/2019\/03\/logo-nd-1.png","url":"https:\/\/nacao.digital\/blog\/wp-content\/uploads\/2019\/03\/logo-nd-1.png","width":174,"height":22}},"image":{"@type":"ImageObject","@id":"https:\/\/nacao.digital\/blog\/wp-content\/uploads\/2021\/10\/hotsites-black-friday-e1641986752104.jpg","url":"https:\/\/nacao.digital\/blog\/wp-content\/uploads\/2021\/10\/hotsites-black-friday-e1641986752104.jpg","height":337,"width":625},"keywords":["black friday","hotsites","partner corner"]},{"@type":"Article","@id":"https:\/\/nacao.digital\/blog\/acoes-black-friday\/","headline":"A\u00e7\u00f5es de Black Friday e Copa: o que fazer no e-commerce?","url":"https:\/\/nacao.digital\/blog\/acoes-black-friday\/","datePublished":"2019-10-07","dateModified":"2022-11-22","mainEntityOfPage":"https:\/\/nacao.digital\/blog\/acoes-black-friday\/","author":{"@type":"Person","@id":"https:\/\/nacao.digital\/blog\/author\/redacao\/#Person","name":"Reda\u00e7\u00e3o - Na\u00e7\u00e3o Digital","url":"https:\/\/nacao.digital\/blog\/author\/redacao\/","identifier":7,"description":"Equipe de Reda\u00e7\u00e3o da Na\u00e7\u00e3o Digital","image":{"@type":"ImageObject","@id":"https:\/\/secure.gravatar.com\/avatar\/02e4691d00230d3425c562e7e363f571?s=96&d=mm&r=g","url":"https:\/\/secure.gravatar.com\/avatar\/02e4691d00230d3425c562e7e363f571?s=96&d=mm&r=g","height":96,"width":96}},"publisher":{"@type":"Organization","name":"Na\u00e7\u00e3o Digital","logo":{"@type":"ImageObject","@id":"https:\/\/nacao.digital\/blog\/wp-content\/uploads\/2019\/03\/logo-nd-1.png","url":"https:\/\/nacao.digital\/blog\/wp-content\/uploads\/2019\/03\/logo-nd-1.png","width":174,"height":22}},"image":{"@type":"ImageObject","@id":"https:\/\/nacao.digital\/blog\/wp-content\/uploads\/2019\/10\/a\u00e7oes-black-friday.jpg","url":"https:\/\/nacao.digital\/blog\/wp-content\/uploads\/2019\/10\/a\u00e7oes-black-friday.jpg","height":800,"width":1500},"keywords":["a\u00e7\u00f5es black friday","black friday","campanhas black friday","marketing black friday"],"commentCount":"1","comment":[{"@type":"Comment","@id":"https:\/\/nacao.digital\/blog\/acoes-black-friday\/#Comment1","dateCreated":"2020-04-04 06:54:02","description":"Bom dia Carla Guedes A\u00e7\u00f5es para Black Friday: 8 id\u00e9ias que v\u00e3o encantar seu cliente amei seu post a qualidade e compet\u00eancia estas duas palavras traduzem a sabedoria no assunto Carla Arantes https:\/\/www.brindesgrafica.com.br\/ sua mais nova admiradora e seguidora.","author":{"@type":"Person","name":"Carla Arantes","url":"https:\/\/www.brindesgrafica.com.br"}}]},{"@type":"Article","@id":"https:\/\/nacao.digital\/blog\/cuidados-na-black-friday\/","headline":"Como participar da Black Friday: os cuidados que o seu cliente toma","url":"https:\/\/nacao.digital\/blog\/cuidados-na-black-friday\/","datePublished":"2017-11-22","dateModified":"2022-08-31","mainEntityOfPage":"https:\/\/nacao.digital\/blog\/cuidados-na-black-friday\/","author":{"@type":"Person","@id":"https:\/\/nacao.digital\/blog\/author\/rodrigo\/#Person","name":"Rodrigo Martucci","url":"https:\/\/nacao.digital\/blog\/author\/rodrigo\/","identifier":8,"image":{"@type":"ImageObject","@id":"https:\/\/secure.gravatar.com\/avatar\/43379fff041ce3e6e57345c57f81cf6c?s=96&d=mm&r=g","url":"https:\/\/secure.gravatar.com\/avatar\/43379fff041ce3e6e57345c57f81cf6c?s=96&d=mm&r=g","height":96,"width":96}},"publisher":{"@type":"Organization","name":"Na\u00e7\u00e3o Digital","logo":{"@type":"ImageObject","@id":"https:\/\/nacao.digital\/blog\/wp-content\/uploads\/2019\/03\/logo-nd-1.png","url":"https:\/\/nacao.digital\/blog\/wp-content\/uploads\/2019\/03\/logo-nd-1.png","width":174,"height":22}},"image":{"@type":"ImageObject","@id":"https:\/\/nacao.digital\/blog\/wp-content\/uploads\/2017\/11\/como-participar-da-black-friday-.jpg","url":"https:\/\/nacao.digital\/blog\/wp-content\/uploads\/2017\/11\/como-participar-da-black-friday-.jpg","height":1218,"width":1824},"keywords":["black friday","cuidados na black friday"]},{"@type":"Article","@id":"https:\/\/nacao.digital\/blog\/black-friday-2016-2\/","headline":"Black Friday 2016: uma an\u00e1lise de 2015 para tra\u00e7ar melhores estrat\u00e9gias","url":"https:\/\/nacao.digital\/blog\/black-friday-2016-2\/","datePublished":"2016-09-21","dateModified":"2018-09-25","mainEntityOfPage":"https:\/\/nacao.digital\/blog\/black-friday-2016-2\/","author":{"@type":"Person","@id":"https:\/\/nacao.digital\/blog\/author\/redacao\/#Person","name":"Reda\u00e7\u00e3o - Na\u00e7\u00e3o Digital","url":"https:\/\/nacao.digital\/blog\/author\/redacao\/","identifier":7,"description":"Equipe de Reda\u00e7\u00e3o da Na\u00e7\u00e3o Digital","image":{"@type":"ImageObject","@id":"https:\/\/secure.gravatar.com\/avatar\/02e4691d00230d3425c562e7e363f571?s=96&d=mm&r=g","url":"https:\/\/secure.gravatar.com\/avatar\/02e4691d00230d3425c562e7e363f571?s=96&d=mm&r=g","height":96,"width":96}},"publisher":{"@type":"Organization","name":"Na\u00e7\u00e3o Digital","logo":{"@type":"ImageObject","@id":"https:\/\/nacao.digital\/blog\/wp-content\/uploads\/2019\/03\/logo-nd-1.png","url":"https:\/\/nacao.digital\/blog\/wp-content\/uploads\/2019\/03\/logo-nd-1.png","width":174,"height":22}},"image":{"@type":"ImageObject","@id":"https:\/\/nacao.digital\/blog\/wp-content\/uploads\/2016\/09\/black-friday-2016-2.png","url":"https:\/\/nacao.digital\/blog\/wp-content\/uploads\/2016\/09\/black-friday-2016-2.png","height":400,"width":855},"keywords":["black friday"]}]}