{"@context":"https:\/\/schema.org\/","@type":"CollectionPage","@id":"https:\/\/nacao.digital\/blog\/tag\/comercio-nas-redes-sociais\/#CollectionPage","headline":"com\u00e9rcio nas redes sociais Tag","description":"","url":"https:\/\/nacao.digital\/blog\/tag\/comercio-nas-redes-sociais\/","hasPart":[{"@type":"Article","@id":"https:\/\/nacao.digital\/blog\/social-commerce\/","headline":"Social commerce vale a pena para o seu neg\u00f3cio?","url":"https:\/\/nacao.digital\/blog\/social-commerce\/","datePublished":"2022-04-21","dateModified":"2022-04-01","mainEntityOfPage":"https:\/\/nacao.digital\/blog\/social-commerce\/","author":{"@type":"Person","@id":"https:\/\/nacao.digital\/blog\/author\/redacao\/#Person","name":"Reda\u00e7\u00e3o - Na\u00e7\u00e3o Digital","url":"https:\/\/nacao.digital\/blog\/author\/redacao\/","identifier":7,"description":"Equipe de Reda\u00e7\u00e3o da Na\u00e7\u00e3o Digital","image":{"@type":"ImageObject","@id":"https:\/\/secure.gravatar.com\/avatar\/02e4691d00230d3425c562e7e363f571?s=96&d=mm&r=g","url":"https:\/\/secure.gravatar.com\/avatar\/02e4691d00230d3425c562e7e363f571?s=96&d=mm&r=g","height":96,"width":96}},"publisher":{"@type":"Organization","name":"Na\u00e7\u00e3o Digital","logo":{"@type":"ImageObject","@id":"https:\/\/nacao.digital\/blog\/wp-content\/uploads\/2019\/03\/logo-nd-1.png","url":"https:\/\/nacao.digital\/blog\/wp-content\/uploads\/2019\/03\/logo-nd-1.png","width":174,"height":22}},"image":{"@type":"ImageObject","@id":"https:\/\/nacao.digital\/blog\/wp-content\/uploads\/2022\/04\/social-commerce.jpg","url":"https:\/\/nacao.digital\/blog\/wp-content\/uploads\/2022\/04\/social-commerce.jpg","height":700,"width":1300},"keywords":["com\u00e9rcio nas redes sociais","social commerce"]}]}