{"@context":"https:\/\/schema.org\/","@type":"CollectionPage","@id":"https:\/\/nacao.digital\/blog\/tag\/como-abrir-um-e-commerce\/#CollectionPage","headline":"como abrir um e-commerce Tag","description":"","url":"https:\/\/nacao.digital\/blog\/tag\/como-abrir-um-e-commerce\/","hasPart":[{"@type":"Article","@id":"https:\/\/nacao.digital\/blog\/como-abrir-um-e-commerce-b2b\/","headline":"Como abrir um e-commerce B2B: 4 coisas para considerar","url":"https:\/\/nacao.digital\/blog\/como-abrir-um-e-commerce-b2b\/","datePublished":"2022-02-21","dateModified":"2022-02-21","mainEntityOfPage":"https:\/\/nacao.digital\/blog\/como-abrir-um-e-commerce-b2b\/","author":{"@type":"Person","@id":"https:\/\/nacao.digital\/blog\/author\/redacao\/#Person","name":"Reda\u00e7\u00e3o - Na\u00e7\u00e3o Digital","url":"https:\/\/nacao.digital\/blog\/author\/redacao\/","identifier":7,"description":"Equipe de Reda\u00e7\u00e3o da Na\u00e7\u00e3o Digital","image":{"@type":"ImageObject","@id":"https:\/\/secure.gravatar.com\/avatar\/02e4691d00230d3425c562e7e363f571?s=96&d=mm&r=g","url":"https:\/\/secure.gravatar.com\/avatar\/02e4691d00230d3425c562e7e363f571?s=96&d=mm&r=g","height":96,"width":96}},"publisher":{"@type":"Organization","name":"Na\u00e7\u00e3o Digital","logo":{"@type":"ImageObject","@id":"https:\/\/nacao.digital\/blog\/wp-content\/uploads\/2019\/03\/logo-nd-1.png","url":"https:\/\/nacao.digital\/blog\/wp-content\/uploads\/2019\/03\/logo-nd-1.png","width":174,"height":22}},"image":{"@type":"ImageObject","@id":"https:\/\/nacao.digital\/blog\/wp-content\/uploads\/2022\/02\/como-abrir-um-e-commerce-b2b.jpg","url":"https:\/\/nacao.digital\/blog\/wp-content\/uploads\/2022\/02\/como-abrir-um-e-commerce-b2b.jpg","height":700,"width":1300},"keywords":["como abrir um e-commerce","e-commerce b2b"]},{"@type":"Article","@id":"https:\/\/nacao.digital\/blog\/como-abrir-um-e-commerce\/","headline":"Covid-19: como abrir um e-commerce tendo loja f\u00edsica?","url":"https:\/\/nacao.digital\/blog\/como-abrir-um-e-commerce\/","datePublished":"2020-05-19","dateModified":"2022-02-28","mainEntityOfPage":"https:\/\/nacao.digital\/blog\/como-abrir-um-e-commerce\/","author":{"@type":"Person","@id":"https:\/\/nacao.digital\/blog\/author\/carla\/#Person","name":"Carla Guedes","url":"https:\/\/nacao.digital\/blog\/author\/carla\/","identifier":13,"description":"Jornalista, especialista em Marketing Digital e redatora na Na\u00e7\u00e3o Digital, ag\u00eancia de Inbound Commerce. Tem experi\u00eancia em webjornalismo, jornal impresso e TV.","image":{"@type":"ImageObject","@id":"https:\/\/secure.gravatar.com\/avatar\/e3a243daa40ae061eb0144dd3123e0de?s=96&d=mm&r=g","url":"https:\/\/secure.gravatar.com\/avatar\/e3a243daa40ae061eb0144dd3123e0de?s=96&d=mm&r=g","height":96,"width":96}},"publisher":{"@type":"Organization","name":"Na\u00e7\u00e3o Digital","logo":{"@type":"ImageObject","@id":"https:\/\/nacao.digital\/blog\/wp-content\/uploads\/2019\/03\/logo-nd-1.png","url":"https:\/\/nacao.digital\/blog\/wp-content\/uploads\/2019\/03\/logo-nd-1.png","width":174,"height":22}},"image":{"@type":"ImageObject","@id":"https:\/\/nacao.digital\/blog\/wp-content\/uploads\/2020\/05\/como-abrir-um-e-commerce.jpg","url":"https:\/\/nacao.digital\/blog\/wp-content\/uploads\/2020\/05\/como-abrir-um-e-commerce.jpg","height":700,"width":1300},"keywords":["como abrir um e-commerce","covid-19"]}]}