{"@context":"https:\/\/schema.org\/","@type":"CollectionPage","@id":"https:\/\/nacao.digital\/blog\/tag\/datas-comemorativas-no-e-commerce\/#CollectionPage","headline":"datas comemorativas no e-commerce Tag","description":"","url":"https:\/\/nacao.digital\/blog\/tag\/datas-comemorativas-no-e-commerce\/","hasPart":[{"@type":"Article","@id":"https:\/\/nacao.digital\/blog\/carnaval-no-e-commerce\/","headline":"Carnaval no e-commerce: 12 dicas r\u00e1pidas para vender mais","url":"https:\/\/nacao.digital\/blog\/carnaval-no-e-commerce\/","datePublished":"2023-01-03","dateModified":"2023-02-15","mainEntityOfPage":"https:\/\/nacao.digital\/blog\/carnaval-no-e-commerce\/","author":{"@type":"Person","@id":"https:\/\/nacao.digital\/blog\/author\/redacao\/#Person","name":"Reda\u00e7\u00e3o - Na\u00e7\u00e3o Digital","url":"https:\/\/nacao.digital\/blog\/author\/redacao\/","identifier":7,"description":"Equipe de Reda\u00e7\u00e3o da Na\u00e7\u00e3o Digital","image":{"@type":"ImageObject","@id":"https:\/\/secure.gravatar.com\/avatar\/02e4691d00230d3425c562e7e363f571?s=96&d=mm&r=g","url":"https:\/\/secure.gravatar.com\/avatar\/02e4691d00230d3425c562e7e363f571?s=96&d=mm&r=g","height":96,"width":96}},"publisher":{"@type":"Organization","name":"Na\u00e7\u00e3o Digital","logo":{"@type":"ImageObject","@id":"https:\/\/nacao.digital\/blog\/wp-content\/uploads\/2019\/03\/logo-nd-1.png","url":"https:\/\/nacao.digital\/blog\/wp-content\/uploads\/2019\/03\/logo-nd-1.png","width":174,"height":22}},"image":{"@type":"ImageObject","@id":"https:\/\/nacao.digital\/blog\/wp-content\/uploads\/2020\/02\/carnaval-no-e-commerce.jpg","url":"https:\/\/nacao.digital\/blog\/wp-content\/uploads\/2020\/02\/carnaval-no-e-commerce.jpg","height":800,"width":1500},"keywords":["carnaval no e-commerce","datas comemorativas no e-commerce"]}]}