{"@context":"https:\/\/schema.org\/","@type":"CollectionPage","@id":"https:\/\/nacao.digital\/blog\/tag\/digitalks\/#CollectionPage","headline":"digitalks Tag","description":"","url":"https:\/\/nacao.digital\/blog\/tag\/digitalks\/","hasPart":[{"@type":"Article","@id":"https:\/\/nacao.digital\/blog\/eventos-de-e-commerce-e-marketing\/","headline":"23 eventos de e-commerce e marketing para 2023\/24","url":"https:\/\/nacao.digital\/blog\/eventos-de-e-commerce-e-marketing\/","datePublished":"2023-03-23","dateModified":"2023-03-23","mainEntityOfPage":"https:\/\/nacao.digital\/blog\/eventos-de-e-commerce-e-marketing\/","author":{"@type":"Person","@id":"https:\/\/nacao.digital\/blog\/author\/redacao\/#Person","name":"Reda\u00e7\u00e3o - Na\u00e7\u00e3o Digital","url":"https:\/\/nacao.digital\/blog\/author\/redacao\/","identifier":7,"description":"Equipe de Reda\u00e7\u00e3o da Na\u00e7\u00e3o Digital","image":{"@type":"ImageObject","@id":"https:\/\/secure.gravatar.com\/avatar\/02e4691d00230d3425c562e7e363f571?s=96&d=mm&r=g","url":"https:\/\/secure.gravatar.com\/avatar\/02e4691d00230d3425c562e7e363f571?s=96&d=mm&r=g","height":96,"width":96}},"publisher":{"@type":"Organization","name":"Na\u00e7\u00e3o Digital","logo":{"@type":"ImageObject","@id":"https:\/\/nacao.digital\/blog\/wp-content\/uploads\/2019\/03\/logo-nd-1.png","url":"https:\/\/nacao.digital\/blog\/wp-content\/uploads\/2019\/03\/logo-nd-1.png","width":174,"height":22}},"image":{"@type":"ImageObject","@id":"https:\/\/nacao.digital\/blog\/wp-content\/uploads\/2018\/05\/eventos-de-ecommerce-e-marketing-1.jpg","url":"https:\/\/nacao.digital\/blog\/wp-content\/uploads\/2018\/05\/eventos-de-ecommerce-e-marketing-1.jpg","height":800,"width":1500},"keywords":["digitalks","eventos de e-commerce","eventos de e-commerce e marketing","eventos online","fire festival","f\u00f3rum e-commerce brasil","rd summit","vtex day"],"commentCount":"9","comment":[{"@type":"Comment","@id":"https:\/\/nacao.digital\/blog\/eventos-de-e-commerce-e-marketing\/#Comment1","dateCreated":"2023-08-21 11:57:43","description":"Obrigada por compartilhar sua percep\u00e7\u00e3o conosco, Felipe! Nossa dica \u00e9 sempre ficar de olho para descobrir se um evento presencial conta com transmiss\u00e3o online tamb\u00e9m. Nessa lista, est\u00e3o alguns deles. \ud83d\ude01","author":{"@type":"Person","name":"Reda\u00e7\u00e3o - Na\u00e7\u00e3o Digital","url":"http:\/\/nacao.digital"}},{"@type":"Comment","@id":"https:\/\/nacao.digital\/blog\/eventos-de-e-commerce-e-marketing\/#Comment2","dateCreated":"2023-08-07 12:44:14","description":"Um problema triste p\u00f3s pandemia \u00e9 que os eventos online voltaram a cair muito. A aceita\u00e7\u00e3o do p\u00fablico, deu-se somente enquanto n\u00e3o se podia ir presencialmente aos eventos. Espero que isso mude.","author":{"@type":"Person","name":"Felipe Serra","url":"https:\/\/primeeventos.com.br\/"}},{"@type":"Comment","@id":"https:\/\/nacao.digital\/blog\/eventos-de-e-commerce-e-marketing\/#Comment3","dateCreated":"2021-10-15 19:29:32","description":"Agora ap\u00f3s pandemia acredito que as empresas se concietizaram que a o marketing digital \u00e9 a alma do negocio","author":{"@type":"Person","name":"Andreia Gomes","url":"https:\/\/allcryptoguide.com\/"}},{"@type":"Comment","@id":"https:\/\/nacao.digital\/blog\/eventos-de-e-commerce-e-marketing\/#Comment4","dateCreated":"2019-12-17 09:20:12","description":"Oi, Jackeline, tudo bem? Voc\u00ea checou na caixa de Spam? Eu tentei agora e deu certo. Bem, segue o link novamente: https:\/\/conteudo.nacao.digital\/calendario-2020\/\nQualquer problema, retorne pra gente. Obrigado!","author":{"@type":"Person","name":"Reda\u00e7\u00e3o - Na\u00e7\u00e3o Digital","url":"http:\/\/nacao.digital"}},{"@type":"Comment","@id":"https:\/\/nacao.digital\/blog\/eventos-de-e-commerce-e-marketing\/#Comment5","dateCreated":"2019-12-16 18:52:09","description":"o link do material esta com problema , n\u00e3o faz a baixa\r\ntentei 2 e-mail\u00b4s diferentes e mesmo assim n\u00e3o deu certo","author":{"@type":"Person","name":"Jackeline Ferrarezi","url":"http:\/\/Siberiano.com.br"}},{"@type":"Comment","@id":"https:\/\/nacao.digital\/blog\/eventos-de-e-commerce-e-marketing\/#Comment6","dateCreated":"2019-09-20 08:09:23","description":"Oi, Fredson! Muito obrigado pelo feedback. Continue acompanhando nossas dicas. Um abra\u00e7o!","author":{"@type":"Person","name":"Reda\u00e7\u00e3o - Na\u00e7\u00e3o Digital","url":"http:\/\/nacao.digital"}},{"@type":"Comment","@id":"https:\/\/nacao.digital\/blog\/eventos-de-e-commerce-e-marketing\/#Comment7","dateCreated":"2019-09-20 00:05:20","description":"Amei todo conte\u00fado. Dificilmente encontramos um artigo bem elaborado e l\u00f3gico como este. Parab\u00e9ns!","author":{"@type":"Person","name":"Fredson","url":"https:\/\/topempreendedor.online"}},{"@type":"Comment","@id":"https:\/\/nacao.digital\/blog\/eventos-de-e-commerce-e-marketing\/#Comment8","dateCreated":"2019-08-02 11:37:53","description":"Oi, Carlos! \u00c9 melhor voc\u00ea entrar em contato com a organiza\u00e7\u00e3o do evento que voc\u00ea tem interesse. Eles v\u00e3o saber te informar.","author":{"@type":"Person","name":"Reda\u00e7\u00e3o - Na\u00e7\u00e3o Digital","url":"http:\/\/nacao.digital"}},{"@type":"Comment","@id":"https:\/\/nacao.digital\/blog\/eventos-de-e-commerce-e-marketing\/#Comment9","dateCreated":"2019-08-01 13:35:07","description":"Boa tarde,\r\n\r\nGostaria de me informar se voces tem conhecimento de alguns eventos na cidade de Sao Paulo que precisem de servi\u00e7o voluntariado ?!","author":{"@type":"Person","name":"Carlos Augusto","url":""}}]}]}