{"@context":"https:\/\/schema.org\/","@type":"CollectionPage","@id":"https:\/\/nacao.digital\/blog\/tag\/eqi-de-saude-higiene-e-beleza\/#CollectionPage","headline":"eqi de sa\u00fade higiene e beleza Tag","description":"","url":"https:\/\/nacao.digital\/blog\/tag\/eqi-de-saude-higiene-e-beleza\/","hasPart":[{"@type":"Article","@id":"https:\/\/nacao.digital\/blog\/eqi-saude-higiene-beleza\/","headline":"92% dos e-commerces de Sa\u00fade, Higiene e Beleza n\u00e3o oferecem boa experi\u00eancia de compra","url":"https:\/\/nacao.digital\/blog\/eqi-saude-higiene-beleza\/","datePublished":"2020-05-13","dateModified":"2020-05-13","mainEntityOfPage":"https:\/\/nacao.digital\/blog\/eqi-saude-higiene-beleza\/","author":{"@type":"Person","@id":"https:\/\/nacao.digital\/blog\/author\/redacao\/#Person","name":"Reda\u00e7\u00e3o - Na\u00e7\u00e3o Digital","url":"https:\/\/nacao.digital\/blog\/author\/redacao\/","identifier":7,"description":"Equipe de Reda\u00e7\u00e3o da Na\u00e7\u00e3o Digital","image":{"@type":"ImageObject","@id":"https:\/\/secure.gravatar.com\/avatar\/02e4691d00230d3425c562e7e363f571?s=96&d=mm&r=g","url":"https:\/\/secure.gravatar.com\/avatar\/02e4691d00230d3425c562e7e363f571?s=96&d=mm&r=g","height":96,"width":96}},"publisher":{"@type":"Organization","name":"Na\u00e7\u00e3o Digital","logo":{"@type":"ImageObject","@id":"https:\/\/nacao.digital\/blog\/wp-content\/uploads\/2019\/03\/logo-nd-1.png","url":"https:\/\/nacao.digital\/blog\/wp-content\/uploads\/2019\/03\/logo-nd-1.png","width":174,"height":22}},"image":{"@type":"ImageObject","@id":"https:\/\/nacao.digital\/blog\/wp-content\/uploads\/2020\/05\/eqi-saude-higiene-beleza.jpg","url":"https:\/\/nacao.digital\/blog\/wp-content\/uploads\/2020\/05\/eqi-saude-higiene-beleza.jpg","height":800,"width":1500},"keywords":["eqi de sa\u00fade higiene e beleza"]}]}