{"@context":"https:\/\/schema.org\/","@type":"CollectionPage","@id":"https:\/\/nacao.digital\/blog\/tag\/logistica\/#CollectionPage","headline":"log\u00edstica Tag","description":"","url":"https:\/\/nacao.digital\/blog\/tag\/logistica\/","hasPart":[{"@type":"Article","@id":"https:\/\/nacao.digital\/blog\/correios-ou-transportadora\/","headline":"Correios ou transportadora: qual \u00e9 a melhor op\u00e7\u00e3o no e-commerce?","url":"https:\/\/nacao.digital\/blog\/correios-ou-transportadora\/","datePublished":"2019-04-15","dateModified":"2022-02-28","mainEntityOfPage":"https:\/\/nacao.digital\/blog\/correios-ou-transportadora\/","author":{"@type":"Person","@id":"https:\/\/nacao.digital\/blog\/author\/redacao\/#Person","name":"Reda\u00e7\u00e3o - Na\u00e7\u00e3o Digital","url":"https:\/\/nacao.digital\/blog\/author\/redacao\/","identifier":7,"description":"Equipe de Reda\u00e7\u00e3o da Na\u00e7\u00e3o Digital","image":{"@type":"ImageObject","@id":"https:\/\/secure.gravatar.com\/avatar\/02e4691d00230d3425c562e7e363f571?s=96&d=mm&r=g","url":"https:\/\/secure.gravatar.com\/avatar\/02e4691d00230d3425c562e7e363f571?s=96&d=mm&r=g","height":96,"width":96}},"publisher":{"@type":"Organization","name":"Na\u00e7\u00e3o Digital","logo":{"@type":"ImageObject","@id":"https:\/\/nacao.digital\/blog\/wp-content\/uploads\/2019\/03\/logo-nd-1.png","url":"https:\/\/nacao.digital\/blog\/wp-content\/uploads\/2019\/03\/logo-nd-1.png","width":174,"height":22}},"image":{"@type":"ImageObject","@id":"https:\/\/nacao.digital\/blog\/wp-content\/uploads\/2019\/04\/correios-ou-transportadora.jpg","url":"https:\/\/nacao.digital\/blog\/wp-content\/uploads\/2019\/04\/correios-ou-transportadora.jpg","height":600,"width":940},"keywords":["correios","correios ou transportadora","log\u00edstica"]},{"@type":"Article","@id":"https:\/\/nacao.digital\/blog\/politica-de-troca\/","headline":"Pol\u00edtica de troca: como oferecer a primeira troca gratuita","url":"https:\/\/nacao.digital\/blog\/politica-de-troca\/","datePublished":"2019-04-02","dateModified":"2020-04-24","mainEntityOfPage":"https:\/\/nacao.digital\/blog\/politica-de-troca\/","author":{"@type":"Person","@id":"https:\/\/nacao.digital\/blog\/author\/redacao\/#Person","name":"Reda\u00e7\u00e3o - Na\u00e7\u00e3o Digital","url":"https:\/\/nacao.digital\/blog\/author\/redacao\/","identifier":7,"description":"Equipe de Reda\u00e7\u00e3o da Na\u00e7\u00e3o Digital","image":{"@type":"ImageObject","@id":"https:\/\/secure.gravatar.com\/avatar\/02e4691d00230d3425c562e7e363f571?s=96&d=mm&r=g","url":"https:\/\/secure.gravatar.com\/avatar\/02e4691d00230d3425c562e7e363f571?s=96&d=mm&r=g","height":96,"width":96}},"publisher":{"@type":"Organization","name":"Na\u00e7\u00e3o Digital","logo":{"@type":"ImageObject","@id":"https:\/\/nacao.digital\/blog\/wp-content\/uploads\/2019\/03\/logo-nd-1.png","url":"https:\/\/nacao.digital\/blog\/wp-content\/uploads\/2019\/03\/logo-nd-1.png","width":174,"height":22}},"image":{"@type":"ImageObject","@id":"https:\/\/nacao.digital\/blog\/wp-content\/uploads\/2019\/04\/politica-de-troca.jpg","url":"https:\/\/nacao.digital\/blog\/wp-content\/uploads\/2019\/04\/politica-de-troca.jpg","height":800,"width":1500},"keywords":["log\u00edstica","pol\u00edtica de troca","primeira troca gratuita"]},{"@type":"Article","@id":"https:\/\/nacao.digital\/blog\/logistica-integrada-e-envio\/","headline":"Desafios do e-commerce: envio de produtos e log\u00edstica integrada","url":"https:\/\/nacao.digital\/blog\/logistica-integrada-e-envio\/","datePublished":"2018-06-04","dateModified":"2020-05-13","mainEntityOfPage":"https:\/\/nacao.digital\/blog\/logistica-integrada-e-envio\/","author":{"@type":"Person","@id":"https:\/\/nacao.digital\/blog\/author\/redacao\/#Person","name":"Reda\u00e7\u00e3o - Na\u00e7\u00e3o Digital","url":"https:\/\/nacao.digital\/blog\/author\/redacao\/","identifier":7,"description":"Equipe de Reda\u00e7\u00e3o da Na\u00e7\u00e3o Digital","image":{"@type":"ImageObject","@id":"https:\/\/secure.gravatar.com\/avatar\/02e4691d00230d3425c562e7e363f571?s=96&d=mm&r=g","url":"https:\/\/secure.gravatar.com\/avatar\/02e4691d00230d3425c562e7e363f571?s=96&d=mm&r=g","height":96,"width":96}},"publisher":{"@type":"Organization","name":"Na\u00e7\u00e3o Digital","logo":{"@type":"ImageObject","@id":"https:\/\/nacao.digital\/blog\/wp-content\/uploads\/2019\/03\/logo-nd-1.png","url":"https:\/\/nacao.digital\/blog\/wp-content\/uploads\/2019\/03\/logo-nd-1.png","width":174,"height":22}},"image":{"@type":"ImageObject","@id":"https:\/\/nacao.digital\/blog\/wp-content\/uploads\/2018\/06\/logistica-integrada-para-ecommerce.jpg","url":"https:\/\/nacao.digital\/blog\/wp-content\/uploads\/2018\/06\/logistica-integrada-para-ecommerce.jpg","height":640,"width":960},"keywords":["log\u00edstica"]}]}