{"@context":"https:\/\/schema.org\/","@type":"CollectionPage","@id":"https:\/\/nacao.digital\/blog\/tag\/midias-alternativas\/#CollectionPage","headline":"m\u00eddias alternativas Tag","description":"","url":"https:\/\/nacao.digital\/blog\/tag\/midias-alternativas\/","hasPart":[{"@type":"Article","@id":"https:\/\/nacao.digital\/blog\/midias-alternativas\/","headline":"M\u00eddias alternativas: o que s\u00e3o e como utiliz\u00e1-las?","url":"https:\/\/nacao.digital\/blog\/midias-alternativas\/","datePublished":"2023-03-24","dateModified":"2023-03-08","mainEntityOfPage":"https:\/\/nacao.digital\/blog\/midias-alternativas\/","author":{"@type":"Person","@id":"https:\/\/nacao.digital\/blog\/author\/redacao\/#Person","name":"Reda\u00e7\u00e3o - Na\u00e7\u00e3o Digital","url":"https:\/\/nacao.digital\/blog\/author\/redacao\/","identifier":7,"description":"Equipe de Reda\u00e7\u00e3o da Na\u00e7\u00e3o Digital","image":{"@type":"ImageObject","@id":"https:\/\/secure.gravatar.com\/avatar\/02e4691d00230d3425c562e7e363f571?s=96&d=mm&r=g","url":"https:\/\/secure.gravatar.com\/avatar\/02e4691d00230d3425c562e7e363f571?s=96&d=mm&r=g","height":96,"width":96}},"publisher":{"@type":"Organization","name":"Na\u00e7\u00e3o Digital","logo":{"@type":"ImageObject","@id":"https:\/\/nacao.digital\/blog\/wp-content\/uploads\/2019\/03\/logo-nd-1.png","url":"https:\/\/nacao.digital\/blog\/wp-content\/uploads\/2019\/03\/logo-nd-1.png","width":174,"height":22}},"image":{"@type":"ImageObject","@id":"https:\/\/nacao.digital\/blog\/wp-content\/uploads\/2023\/03\/midias-alterantivas-celular-e1678309088413.jpg","url":"https:\/\/nacao.digital\/blog\/wp-content\/uploads\/2023\/03\/midias-alterantivas-celular-e1678309088413.jpg","height":540,"width":1000},"keywords":["m\u00eddias alternativas"]}]}