{"@context":"https:\/\/schema.org\/","@type":"CollectionPage","@id":"https:\/\/nacao.digital\/blog\/tag\/o-que-e-seguranca-da-informacao\/#CollectionPage","headline":"o que \u00e9 seguran\u00e7a da informa\u00e7\u00e3o Tag","description":"","url":"https:\/\/nacao.digital\/blog\/tag\/o-que-e-seguranca-da-informacao\/","hasPart":[{"@type":"Article","@id":"https:\/\/nacao.digital\/blog\/o-que-e-seguranca-da-informacao\/","headline":"Descubra o que \u00e9 seguran\u00e7a da informa\u00e7\u00e3o e seus pilares","url":"https:\/\/nacao.digital\/blog\/o-que-e-seguranca-da-informacao\/","datePublished":"2023-03-31","dateModified":"2023-03-08","mainEntityOfPage":"https:\/\/nacao.digital\/blog\/o-que-e-seguranca-da-informacao\/","author":{"@type":"Person","@id":"https:\/\/nacao.digital\/blog\/author\/redacao\/#Person","name":"Reda\u00e7\u00e3o - Na\u00e7\u00e3o Digital","url":"https:\/\/nacao.digital\/blog\/author\/redacao\/","identifier":7,"description":"Equipe de Reda\u00e7\u00e3o da Na\u00e7\u00e3o Digital","image":{"@type":"ImageObject","@id":"https:\/\/secure.gravatar.com\/avatar\/02e4691d00230d3425c562e7e363f571?s=96&d=mm&r=g","url":"https:\/\/secure.gravatar.com\/avatar\/02e4691d00230d3425c562e7e363f571?s=96&d=mm&r=g","height":96,"width":96}},"publisher":{"@type":"Organization","name":"Na\u00e7\u00e3o Digital","logo":{"@type":"ImageObject","@id":"https:\/\/nacao.digital\/blog\/wp-content\/uploads\/2019\/03\/logo-nd-1.png","url":"https:\/\/nacao.digital\/blog\/wp-content\/uploads\/2019\/03\/logo-nd-1.png","width":174,"height":22}},"image":{"@type":"ImageObject","@id":"https:\/\/nacao.digital\/blog\/wp-content\/uploads\/2023\/03\/o-que-e-seguranca-da-informacao-foto-de-capa-e1678309762549.jpg","url":"https:\/\/nacao.digital\/blog\/wp-content\/uploads\/2023\/03\/o-que-e-seguranca-da-informacao-foto-de-capa-e1678309762549.jpg","height":500,"width":1000},"keywords":["o que \u00e9 seguran\u00e7a da informa\u00e7\u00e3o"]}]}