{"@context":"https:\/\/schema.org\/","@type":"CollectionPage","@id":"https:\/\/nacao.digital\/blog\/tag\/podcast-carrinho-abandonado\/#CollectionPage","headline":"podcast carrinho abandonado Tag","description":"","url":"https:\/\/nacao.digital\/blog\/tag\/podcast-carrinho-abandonado\/","hasPart":[{"@type":"Article","@id":"https:\/\/nacao.digital\/blog\/e-commerce-de-sucesso\/","headline":"Podcast: Qual o caminho para ter um e-commerce de sucesso?","url":"https:\/\/nacao.digital\/blog\/e-commerce-de-sucesso\/","datePublished":"2021-09-03","dateModified":"2021-09-03","mainEntityOfPage":"https:\/\/nacao.digital\/blog\/e-commerce-de-sucesso\/","author":{"@type":"Person","@id":"https:\/\/nacao.digital\/blog\/author\/redacao\/#Person","name":"Reda\u00e7\u00e3o - Na\u00e7\u00e3o Digital","url":"https:\/\/nacao.digital\/blog\/author\/redacao\/","identifier":7,"description":"Equipe de Reda\u00e7\u00e3o da Na\u00e7\u00e3o Digital","image":{"@type":"ImageObject","@id":"https:\/\/secure.gravatar.com\/avatar\/02e4691d00230d3425c562e7e363f571?s=96&d=mm&r=g","url":"https:\/\/secure.gravatar.com\/avatar\/02e4691d00230d3425c562e7e363f571?s=96&d=mm&r=g","height":96,"width":96}},"publisher":{"@type":"Organization","name":"Na\u00e7\u00e3o Digital","logo":{"@type":"ImageObject","@id":"https:\/\/nacao.digital\/blog\/wp-content\/uploads\/2019\/03\/logo-nd-1.png","url":"https:\/\/nacao.digital\/blog\/wp-content\/uploads\/2019\/03\/logo-nd-1.png","width":174,"height":22}},"image":{"@type":"ImageObject","@id":"https:\/\/nacao.digital\/blog\/wp-content\/uploads\/2021\/09\/podcast-carrinho-abandonado-e-commerce-de-sucesso.jpg","url":"https:\/\/nacao.digital\/blog\/wp-content\/uploads\/2021\/09\/podcast-carrinho-abandonado-e-commerce-de-sucesso.jpg","height":300,"width":520},"keywords":["e-commerce de sucesso","podcast","podcast carrinho abandonado"]},{"@type":"Article","@id":"https:\/\/nacao.digital\/blog\/comunicacao-entre-empresa\/","headline":"Podcast: Como melhorar a comunica\u00e7\u00e3o entre empresas?","url":"https:\/\/nacao.digital\/blog\/comunicacao-entre-empresa\/","datePublished":"2021-09-03","dateModified":"2021-09-03","mainEntityOfPage":"https:\/\/nacao.digital\/blog\/comunicacao-entre-empresa\/","author":{"@type":"Person","@id":"https:\/\/nacao.digital\/blog\/author\/redacao\/#Person","name":"Reda\u00e7\u00e3o - Na\u00e7\u00e3o Digital","url":"https:\/\/nacao.digital\/blog\/author\/redacao\/","identifier":7,"description":"Equipe de Reda\u00e7\u00e3o da Na\u00e7\u00e3o Digital","image":{"@type":"ImageObject","@id":"https:\/\/secure.gravatar.com\/avatar\/02e4691d00230d3425c562e7e363f571?s=96&d=mm&r=g","url":"https:\/\/secure.gravatar.com\/avatar\/02e4691d00230d3425c562e7e363f571?s=96&d=mm&r=g","height":96,"width":96}},"publisher":{"@type":"Organization","name":"Na\u00e7\u00e3o Digital","logo":{"@type":"ImageObject","@id":"https:\/\/nacao.digital\/blog\/wp-content\/uploads\/2019\/03\/logo-nd-1.png","url":"https:\/\/nacao.digital\/blog\/wp-content\/uploads\/2019\/03\/logo-nd-1.png","width":174,"height":22}},"image":{"@type":"ImageObject","@id":"https:\/\/nacao.digital\/blog\/wp-content\/uploads\/2021\/09\/podcast-carrinho-abandonado-comunicacao-entre-empresas.jpg","url":"https:\/\/nacao.digital\/blog\/wp-content\/uploads\/2021\/09\/podcast-carrinho-abandonado-comunicacao-entre-empresas.jpg","height":300,"width":520},"keywords":["comunica\u00e7\u00e3o entre empresas","podcast","podcast carrinho abandonado"]},{"@type":"Article","@id":"https:\/\/nacao.digital\/blog\/podcast-erros-e-acertos-no-gerenciamento-de-canais\/","headline":"Podcast: Erros e acertos no gerenciamento de canais","url":"https:\/\/nacao.digital\/blog\/podcast-erros-e-acertos-no-gerenciamento-de-canais\/","datePublished":"2021-09-03","dateModified":"2021-09-03","mainEntityOfPage":"https:\/\/nacao.digital\/blog\/podcast-erros-e-acertos-no-gerenciamento-de-canais\/","author":{"@type":"Person","@id":"https:\/\/nacao.digital\/blog\/author\/redacao\/#Person","name":"Reda\u00e7\u00e3o - Na\u00e7\u00e3o Digital","url":"https:\/\/nacao.digital\/blog\/author\/redacao\/","identifier":7,"description":"Equipe de Reda\u00e7\u00e3o da Na\u00e7\u00e3o Digital","image":{"@type":"ImageObject","@id":"https:\/\/secure.gravatar.com\/avatar\/02e4691d00230d3425c562e7e363f571?s=96&d=mm&r=g","url":"https:\/\/secure.gravatar.com\/avatar\/02e4691d00230d3425c562e7e363f571?s=96&d=mm&r=g","height":96,"width":96}},"publisher":{"@type":"Organization","name":"Na\u00e7\u00e3o Digital","logo":{"@type":"ImageObject","@id":"https:\/\/nacao.digital\/blog\/wp-content\/uploads\/2019\/03\/logo-nd-1.png","url":"https:\/\/nacao.digital\/blog\/wp-content\/uploads\/2019\/03\/logo-nd-1.png","width":174,"height":22}},"image":{"@type":"ImageObject","@id":"https:\/\/nacao.digital\/blog\/wp-content\/uploads\/2021\/09\/podcast-carrinho-abandonado-gerenciamento-de-canais.jpg","url":"https:\/\/nacao.digital\/blog\/wp-content\/uploads\/2021\/09\/podcast-carrinho-abandonado-gerenciamento-de-canais.jpg","height":300,"width":520},"keywords":["gerenciamento de canais","podcast","podcast carrinho abandonado"]},{"@type":"Article","@id":"https:\/\/nacao.digital\/blog\/e-commerce-no-brasil\/","headline":"Podcast: Como o maior portal de e-commerce do mundo come\u00e7ou","url":"https:\/\/nacao.digital\/blog\/e-commerce-no-brasil\/","datePublished":"2021-09-03","dateModified":"2021-09-03","mainEntityOfPage":"https:\/\/nacao.digital\/blog\/e-commerce-no-brasil\/","author":{"@type":"Person","@id":"https:\/\/nacao.digital\/blog\/author\/redacao\/#Person","name":"Reda\u00e7\u00e3o - Na\u00e7\u00e3o Digital","url":"https:\/\/nacao.digital\/blog\/author\/redacao\/","identifier":7,"description":"Equipe de Reda\u00e7\u00e3o da Na\u00e7\u00e3o Digital","image":{"@type":"ImageObject","@id":"https:\/\/secure.gravatar.com\/avatar\/02e4691d00230d3425c562e7e363f571?s=96&d=mm&r=g","url":"https:\/\/secure.gravatar.com\/avatar\/02e4691d00230d3425c562e7e363f571?s=96&d=mm&r=g","height":96,"width":96}},"publisher":{"@type":"Organization","name":"Na\u00e7\u00e3o Digital","logo":{"@type":"ImageObject","@id":"https:\/\/nacao.digital\/blog\/wp-content\/uploads\/2019\/03\/logo-nd-1.png","url":"https:\/\/nacao.digital\/blog\/wp-content\/uploads\/2019\/03\/logo-nd-1.png","width":174,"height":22}},"image":{"@type":"ImageObject","@id":"https:\/\/nacao.digital\/blog\/wp-content\/uploads\/2021\/09\/podcast-carrinho-abandonado-e-commerce-no-brasil.jpg","url":"https:\/\/nacao.digital\/blog\/wp-content\/uploads\/2021\/09\/podcast-carrinho-abandonado-e-commerce-no-brasil.jpg","height":300,"width":520},"keywords":["e-commerce no brasil","podcast","podcast carrinho abandonado"]},{"@type":"Article","@id":"https:\/\/nacao.digital\/blog\/first-party-data\/","headline":"Podcast: Como as mudan\u00e7as do first party data impactam o e-commerce?","url":"https:\/\/nacao.digital\/blog\/first-party-data\/","datePublished":"2021-09-03","dateModified":"2021-09-03","mainEntityOfPage":"https:\/\/nacao.digital\/blog\/first-party-data\/","author":{"@type":"Person","@id":"https:\/\/nacao.digital\/blog\/author\/redacao\/#Person","name":"Reda\u00e7\u00e3o - Na\u00e7\u00e3o Digital","url":"https:\/\/nacao.digital\/blog\/author\/redacao\/","identifier":7,"description":"Equipe de Reda\u00e7\u00e3o da Na\u00e7\u00e3o Digital","image":{"@type":"ImageObject","@id":"https:\/\/secure.gravatar.com\/avatar\/02e4691d00230d3425c562e7e363f571?s=96&d=mm&r=g","url":"https:\/\/secure.gravatar.com\/avatar\/02e4691d00230d3425c562e7e363f571?s=96&d=mm&r=g","height":96,"width":96}},"publisher":{"@type":"Organization","name":"Na\u00e7\u00e3o Digital","logo":{"@type":"ImageObject","@id":"https:\/\/nacao.digital\/blog\/wp-content\/uploads\/2019\/03\/logo-nd-1.png","url":"https:\/\/nacao.digital\/blog\/wp-content\/uploads\/2019\/03\/logo-nd-1.png","width":174,"height":22}},"image":{"@type":"ImageObject","@id":"https:\/\/nacao.digital\/blog\/wp-content\/uploads\/2021\/09\/podcast-carrinho-abandonado-first-party-data.jpg","url":"https:\/\/nacao.digital\/blog\/wp-content\/uploads\/2021\/09\/podcast-carrinho-abandonado-first-party-data.jpg","height":300,"width":520},"keywords":["first party data","podcast","podcast carrinho abandonado"]},{"@type":"Article","@id":"https:\/\/nacao.digital\/blog\/estrategias-de-crm\/","headline":"Podcast: Quais s\u00e3o as estrat\u00e9gias de CRM mais aplicadas no Brasil?","url":"https:\/\/nacao.digital\/blog\/estrategias-de-crm\/","datePublished":"2021-09-03","dateModified":"2021-09-03","mainEntityOfPage":"https:\/\/nacao.digital\/blog\/estrategias-de-crm\/","author":{"@type":"Person","@id":"https:\/\/nacao.digital\/blog\/author\/redacao\/#Person","name":"Reda\u00e7\u00e3o - Na\u00e7\u00e3o Digital","url":"https:\/\/nacao.digital\/blog\/author\/redacao\/","identifier":7,"description":"Equipe de Reda\u00e7\u00e3o da Na\u00e7\u00e3o Digital","image":{"@type":"ImageObject","@id":"https:\/\/secure.gravatar.com\/avatar\/02e4691d00230d3425c562e7e363f571?s=96&d=mm&r=g","url":"https:\/\/secure.gravatar.com\/avatar\/02e4691d00230d3425c562e7e363f571?s=96&d=mm&r=g","height":96,"width":96}},"publisher":{"@type":"Organization","name":"Na\u00e7\u00e3o Digital","logo":{"@type":"ImageObject","@id":"https:\/\/nacao.digital\/blog\/wp-content\/uploads\/2019\/03\/logo-nd-1.png","url":"https:\/\/nacao.digital\/blog\/wp-content\/uploads\/2019\/03\/logo-nd-1.png","width":174,"height":22}},"image":{"@type":"ImageObject","@id":"https:\/\/nacao.digital\/blog\/wp-content\/uploads\/2021\/09\/podcast-carrinho-abandonado-estrategias-de-crm.jpg","url":"https:\/\/nacao.digital\/blog\/wp-content\/uploads\/2021\/09\/podcast-carrinho-abandonado-estrategias-de-crm.jpg","height":300,"width":520},"keywords":["estrat\u00e9gias de crm","podcast","podcast carrinho abandonado"]},{"@type":"Article","@id":"https:\/\/nacao.digital\/blog\/agencia-de-marketing-para-e-commerce\/","headline":"Podcast: Como cobrar uma ag\u00eancia de marketing para e-commerce?","url":"https:\/\/nacao.digital\/blog\/agencia-de-marketing-para-e-commerce\/","datePublished":"2021-09-03","dateModified":"2021-09-03","mainEntityOfPage":"https:\/\/nacao.digital\/blog\/agencia-de-marketing-para-e-commerce\/","author":{"@type":"Person","@id":"https:\/\/nacao.digital\/blog\/author\/redacao\/#Person","name":"Reda\u00e7\u00e3o - Na\u00e7\u00e3o Digital","url":"https:\/\/nacao.digital\/blog\/author\/redacao\/","identifier":7,"description":"Equipe de Reda\u00e7\u00e3o da Na\u00e7\u00e3o Digital","image":{"@type":"ImageObject","@id":"https:\/\/secure.gravatar.com\/avatar\/02e4691d00230d3425c562e7e363f571?s=96&d=mm&r=g","url":"https:\/\/secure.gravatar.com\/avatar\/02e4691d00230d3425c562e7e363f571?s=96&d=mm&r=g","height":96,"width":96}},"publisher":{"@type":"Organization","name":"Na\u00e7\u00e3o Digital","logo":{"@type":"ImageObject","@id":"https:\/\/nacao.digital\/blog\/wp-content\/uploads\/2019\/03\/logo-nd-1.png","url":"https:\/\/nacao.digital\/blog\/wp-content\/uploads\/2019\/03\/logo-nd-1.png","width":174,"height":22}},"image":{"@type":"ImageObject","@id":"https:\/\/nacao.digital\/blog\/wp-content\/uploads\/2021\/09\/podcast-carrinho-abandonado-agencia-de-marketing-para-e-commerce.jpg","url":"https:\/\/nacao.digital\/blog\/wp-content\/uploads\/2021\/09\/podcast-carrinho-abandonado-agencia-de-marketing-para-e-commerce.jpg","height":300,"width":520},"keywords":["ag\u00eancia de marketing para e-commerce","podcast","podcast carrinho abandonado"]},{"@type":"Article","@id":"https:\/\/nacao.digital\/blog\/melhor-plataforma-de-e-commerce\/","headline":"Podcast: Qual a melhor plataforma de e-commerce?","url":"https:\/\/nacao.digital\/blog\/melhor-plataforma-de-e-commerce\/","datePublished":"2021-09-03","dateModified":"2021-09-03","mainEntityOfPage":"https:\/\/nacao.digital\/blog\/melhor-plataforma-de-e-commerce\/","author":{"@type":"Person","@id":"https:\/\/nacao.digital\/blog\/author\/redacao\/#Person","name":"Reda\u00e7\u00e3o - Na\u00e7\u00e3o Digital","url":"https:\/\/nacao.digital\/blog\/author\/redacao\/","identifier":7,"description":"Equipe de Reda\u00e7\u00e3o da Na\u00e7\u00e3o Digital","image":{"@type":"ImageObject","@id":"https:\/\/secure.gravatar.com\/avatar\/02e4691d00230d3425c562e7e363f571?s=96&d=mm&r=g","url":"https:\/\/secure.gravatar.com\/avatar\/02e4691d00230d3425c562e7e363f571?s=96&d=mm&r=g","height":96,"width":96}},"publisher":{"@type":"Organization","name":"Na\u00e7\u00e3o Digital","logo":{"@type":"ImageObject","@id":"https:\/\/nacao.digital\/blog\/wp-content\/uploads\/2019\/03\/logo-nd-1.png","url":"https:\/\/nacao.digital\/blog\/wp-content\/uploads\/2019\/03\/logo-nd-1.png","width":174,"height":22}},"image":{"@type":"ImageObject","@id":"https:\/\/nacao.digital\/blog\/wp-content\/uploads\/2021\/09\/podcast-carrinho-abandonado-melhor-plataforma-para-e-commerce.jpg","url":"https:\/\/nacao.digital\/blog\/wp-content\/uploads\/2021\/09\/podcast-carrinho-abandonado-melhor-plataforma-para-e-commerce.jpg","height":300,"width":520},"keywords":["melhor plataforma de e-commerce","podcast","podcast carrinho abandonado"]},{"@type":"Article","@id":"https:\/\/nacao.digital\/blog\/sony-brasil\/","headline":"Podcast: Os segredos da Sony Brasil para cativar o consumidor","url":"https:\/\/nacao.digital\/blog\/sony-brasil\/","datePublished":"2021-09-03","dateModified":"2021-09-03","mainEntityOfPage":"https:\/\/nacao.digital\/blog\/sony-brasil\/","author":{"@type":"Person","@id":"https:\/\/nacao.digital\/blog\/author\/redacao\/#Person","name":"Reda\u00e7\u00e3o - Na\u00e7\u00e3o Digital","url":"https:\/\/nacao.digital\/blog\/author\/redacao\/","identifier":7,"description":"Equipe de Reda\u00e7\u00e3o da Na\u00e7\u00e3o Digital","image":{"@type":"ImageObject","@id":"https:\/\/secure.gravatar.com\/avatar\/02e4691d00230d3425c562e7e363f571?s=96&d=mm&r=g","url":"https:\/\/secure.gravatar.com\/avatar\/02e4691d00230d3425c562e7e363f571?s=96&d=mm&r=g","height":96,"width":96}},"publisher":{"@type":"Organization","name":"Na\u00e7\u00e3o Digital","logo":{"@type":"ImageObject","@id":"https:\/\/nacao.digital\/blog\/wp-content\/uploads\/2019\/03\/logo-nd-1.png","url":"https:\/\/nacao.digital\/blog\/wp-content\/uploads\/2019\/03\/logo-nd-1.png","width":174,"height":22}},"image":{"@type":"ImageObject","@id":"https:\/\/nacao.digital\/blog\/wp-content\/uploads\/2021\/09\/podcast-carrinho-abandonado-lucio-pereira-sony-brasil.jpg","url":"https:\/\/nacao.digital\/blog\/wp-content\/uploads\/2021\/09\/podcast-carrinho-abandonado-lucio-pereira-sony-brasil.jpg","height":300,"width":520},"keywords":["podcast","podcast carrinho abandonado","sony brasil"]}]}