{"@context":"https:\/\/schema.org\/","@type":"CollectionPage","@id":"https:\/\/nacao.digital\/blog\/tag\/primeira-troca-gratuita\/#CollectionPage","headline":"primeira troca gratuita Tag","description":"","url":"https:\/\/nacao.digital\/blog\/tag\/primeira-troca-gratuita\/","hasPart":[{"@type":"Article","@id":"https:\/\/nacao.digital\/blog\/politica-de-troca\/","headline":"Pol\u00edtica de troca: como oferecer a primeira troca gratuita","url":"https:\/\/nacao.digital\/blog\/politica-de-troca\/","datePublished":"2019-04-02","dateModified":"2020-04-24","mainEntityOfPage":"https:\/\/nacao.digital\/blog\/politica-de-troca\/","author":{"@type":"Person","@id":"https:\/\/nacao.digital\/blog\/author\/redacao\/#Person","name":"Reda\u00e7\u00e3o - Na\u00e7\u00e3o Digital","url":"https:\/\/nacao.digital\/blog\/author\/redacao\/","identifier":7,"description":"Equipe de Reda\u00e7\u00e3o da Na\u00e7\u00e3o Digital","image":{"@type":"ImageObject","@id":"https:\/\/secure.gravatar.com\/avatar\/02e4691d00230d3425c562e7e363f571?s=96&d=mm&r=g","url":"https:\/\/secure.gravatar.com\/avatar\/02e4691d00230d3425c562e7e363f571?s=96&d=mm&r=g","height":96,"width":96}},"publisher":{"@type":"Organization","name":"Na\u00e7\u00e3o Digital","logo":{"@type":"ImageObject","@id":"https:\/\/nacao.digital\/blog\/wp-content\/uploads\/2019\/03\/logo-nd-1.png","url":"https:\/\/nacao.digital\/blog\/wp-content\/uploads\/2019\/03\/logo-nd-1.png","width":174,"height":22}},"image":{"@type":"ImageObject","@id":"https:\/\/nacao.digital\/blog\/wp-content\/uploads\/2019\/04\/politica-de-troca.jpg","url":"https:\/\/nacao.digital\/blog\/wp-content\/uploads\/2019\/04\/politica-de-troca.jpg","height":800,"width":1500},"keywords":["log\u00edstica","pol\u00edtica de troca","primeira troca gratuita"]}]}