{"@context":"https:\/\/schema.org\/","@type":"CollectionPage","@id":"https:\/\/nacao.digital\/blog\/tag\/setembro-amarelo\/#CollectionPage","headline":"setembro amarelo Tag","description":"","url":"https:\/\/nacao.digital\/blog\/tag\/setembro-amarelo\/","hasPart":[{"@type":"Article","@id":"https:\/\/nacao.digital\/blog\/setembro-amarelo-empresas\/","headline":"Setembro Amarelo nas empresas: import\u00e2ncia e dicas de a\u00e7\u00f5es","url":"https:\/\/nacao.digital\/blog\/setembro-amarelo-empresas\/","datePublished":"2022-09-19","dateModified":"2022-09-19","mainEntityOfPage":"https:\/\/nacao.digital\/blog\/setembro-amarelo-empresas\/","author":{"@type":"Person","@id":"https:\/\/nacao.digital\/blog\/author\/redacao\/#Person","name":"Reda\u00e7\u00e3o - Na\u00e7\u00e3o Digital","url":"https:\/\/nacao.digital\/blog\/author\/redacao\/","identifier":7,"description":"Equipe de Reda\u00e7\u00e3o da Na\u00e7\u00e3o Digital","image":{"@type":"ImageObject","@id":"https:\/\/secure.gravatar.com\/avatar\/02e4691d00230d3425c562e7e363f571?s=96&d=mm&r=g","url":"https:\/\/secure.gravatar.com\/avatar\/02e4691d00230d3425c562e7e363f571?s=96&d=mm&r=g","height":96,"width":96}},"publisher":{"@type":"Organization","name":"Na\u00e7\u00e3o Digital","logo":{"@type":"ImageObject","@id":"https:\/\/nacao.digital\/blog\/wp-content\/uploads\/2019\/03\/logo-nd-1.png","url":"https:\/\/nacao.digital\/blog\/wp-content\/uploads\/2019\/03\/logo-nd-1.png","width":174,"height":22}},"image":{"@type":"ImageObject","@id":"https:\/\/nacao.digital\/blog\/wp-content\/uploads\/2022\/09\/setembro-amarelo-empresas-imagem-destacada-1.jpg","url":"https:\/\/nacao.digital\/blog\/wp-content\/uploads\/2022\/09\/setembro-amarelo-empresas-imagem-destacada-1.jpg","height":700,"width":1200},"keywords":["setembro amarelo"]}]}