{"id":1066,"date":"2017-08-03T21:28:51","date_gmt":"2017-08-03T21:28:51","guid":{"rendered":"http:\/\/nacao.digital\/blog\/?p=1066"},"modified":"2017-08-03T21:28:51","modified_gmt":"2017-08-03T21:28:51","slug":"nacao-digital-no-forum-e-commerce-brasil-2017-tendencias","status":"publish","type":"post","link":"https:\/\/nacao.digital\/blog\/nacao-digital-no-forum-e-commerce-brasil-2017-tendencias\/","title":{"rendered":"Na\u00e7\u00e3o Digital no F\u00f3rum E-commerce Brasil 2017"},"content":{"rendered":"<p>A volta de temas como omnichannel, rentabilidade x faturamento e log\u00edstica de entrega refor\u00e7a que o e-commerce nacional embora mais amadurecido, ainda engatinha na evolu\u00e7\u00e3o.<\/p>\n<p><span style=\"font-weight: 400;\">Aconteceu na semana passada (25\/7 a 27\/7) \u00a0o<\/span><b> F\u00f3rum E-commerce Brasil 2017<\/b><span style=\"font-weight: 400;\">. Em sua 8\u00aa edi\u00e7\u00e3o, o evento reuniu mais de 13 mil congressistas e 108 palestrantes divididos em 13 \u00e1reas de conte\u00fado, com 150 fornecedores no sal\u00e3o de neg\u00f3cios.<\/span><\/p>\n<p><span style=\"font-weight: 400;\">Al\u00e9m de ser o segundo principal evento da \u00e1rea no mundo, tamb\u00e9m \u00e9 uma das maiores oportunidades para novos neg\u00f3cios e parcerias, al\u00e9m do fortalecimento de toda a cadeia envolvida nas opera\u00e7\u00f5es de lojas virtuais.<\/span><\/p>\n<p><span style=\"font-weight: 400;\">N\u00f3s da <\/span><b>Na\u00e7\u00e3o Digital<\/b><span style=\"font-weight: 400;\"> tivemos a oportunidade de participar como congressistas, nos dividindo entre as palestras ofertadas e o contato com os fornecedores expositores. Durante os pr\u00f3ximos dias, voc\u00ea poder\u00e1 acompanhar alguns dos principais insights que trouxemos de l\u00e1.<\/span><\/p>\n<figure id=\"attachment_1069\" aria-describedby=\"caption-attachment-1069\" style=\"width: 418px\" class=\"wp-caption aligncenter\"><img decoding=\"async\" class=\"wp-image-1069\" src=\"http:\/\/nacao.digital\/blog\/wp-content\/uploads\/2017\/08\/equipe_na____o_digital_no_f__rum_e-commerce_brasil_1024.jpg\" alt=\"\" width=\"418\" height=\"557\" srcset=\"https:\/\/nacao.digital\/blog\/wp-content\/uploads\/2017\/08\/equipe_na____o_digital_no_f__rum_e-commerce_brasil_1024.jpg 768w, https:\/\/nacao.digital\/blog\/wp-content\/uploads\/2017\/08\/equipe_na____o_digital_no_f__rum_e-commerce_brasil_1024-225x300.jpg 225w\" sizes=\"(max-width: 418px) 100vw, 418px\" \/><figcaption id=\"caption-attachment-1069\" class=\"wp-caption-text\">Equipe Na\u00e7\u00e3o Digital no F\u00f3rum E-commerce Brasil.<\/figcaption><\/figure>\n<p><span style=\"font-weight: 400;\">Um fator interessante \u00e9 que, embora o<\/span><b> e-commerce nacional <\/b><span style=\"font-weight: 400;\">tenha apresentado um amadurecimento significativo nos \u00faltimos anos, ainda sofre com \u00e1reas b\u00e1sicas, como a transi\u00e7\u00e3o para o<\/span><b> omnichannel<\/b><span style=\"font-weight: 400;\"> \u00a0e as dificuldades log\u00edsticas: tempo de entrega, formas de envio e rentabilidade de frete, al\u00e9m da preocupa\u00e7\u00e3o que deve ser a prim\u00e1ria em toda opera\u00e7\u00e3o: o relacionamento com o cliente acima de tudo e sua ess\u00eancia enquanto marca e empresa, assunto esse que debatemos bastante aqui no blog, e que aponta uma evolu\u00e7\u00e3o que ainda engatinha quando comparada ao mercado internacional.<\/span><\/p>\n<p><span style=\"font-weight: 400;\">Uma das palestras destaque reuniu Gl\u00f3ria Kalil, Julia Petit (Fundadora da Petiscos), Tiago Luz (CDO Shoulder) e Taciana (Head de Marketing da Farm) para discutir a influ\u00eancia do digital no <\/span><b>mercado de moda<\/b><span style=\"font-weight: 400;\">. \u00a0N\u00e3o s\u00f3 as mudan\u00e7as quanto ao acesso de informa\u00e7\u00f5es e forma de consumo foram apontadas, como o painel refor\u00e7ou a necessidade de as marcas nascerem primeiro em ess\u00eancia e relacionamento humanizado com o consumidor &#8211; dois dos pilares do <\/span><b>inbound marketing <\/b><span style=\"font-weight: 400;\">&#8211; antes de se tornar um produto de venda ou uma promo\u00e7\u00e3o.<\/span><\/p>\n<p><span style=\"font-weight: 400;\">\u201c<\/span><span style=\"font-weight: 400;\">Ele (consumidor) busca na moda uma express\u00e3o individual, nem que seja com o aval de uma etiqueta, uma marca que o represente bem, que \u201cseja a cara dele\u201d. A pluralidade aumenta o mercado, forma novos nichos e aponta novos comportamentos.\u201d<\/span><\/p>\n<figure id=\"attachment_1068\" aria-describedby=\"caption-attachment-1068\" style=\"width: 596px\" class=\"wp-caption aligncenter\"><img decoding=\"async\" class=\"wp-image-1068 size-full\" src=\"http:\/\/nacao.digital\/blog\/wp-content\/uploads\/2017\/08\/painel_com_gl__ria_kalil_e_julia_petit.png\" alt=\"\" width=\"596\" height=\"448\" srcset=\"https:\/\/nacao.digital\/blog\/wp-content\/uploads\/2017\/08\/painel_com_gl__ria_kalil_e_julia_petit.png 596w, https:\/\/nacao.digital\/blog\/wp-content\/uploads\/2017\/08\/painel_com_gl__ria_kalil_e_julia_petit-300x226.png 300w\" sizes=\"(max-width: 596px) 100vw, 596px\" \/><figcaption id=\"caption-attachment-1068\" class=\"wp-caption-text\">Gl\u00f3ria Kalil, Tiago Luz, Taciana e Julia Petit em painel sobre a influ\u00eancia do digital no mercado de moda.<\/figcaption><\/figure>\n<p><span style=\"font-weight: 400;\">Sabemos bem que o mercado de moda \u00e9 hoje um dos que mais enfrenta mudan\u00e7as durante o ano, seja ele por novas mat\u00e9rias primas, desejo de consumo ou pela necessidade de atender o comprador com a agilidade que ele precisa e da forma menos intrusiva poss\u00edvel. <\/span><\/p>\n<p><span style=\"font-weight: 400;\">E nesse cen\u00e1rio, como bem apontado por Gl\u00f3ria Kalil, \u201co e-commerce \u00e9 a forma mais moderna de falar com o consumidor\u201d, e uma ferramenta importante para a velocidade do mercado de moda. A tend\u00eancia do <\/span><b>Fast Fashion<\/b><span style=\"font-weight: 400;\">, em que marcas s\u00e3o obrigadas a lan\u00e7ar diversas cole\u00e7\u00f5es entre suas cole\u00e7\u00f5es j\u00e1 planejadas, \u00e9 favorecida pelo e-commerce, tendo em vista a facilidade de lan\u00e7amento do produto no ambiente online, uma vez que \u00e9 poss\u00edvel que a pe\u00e7a chegue no e-commerce com mais rapidez do que na loja f\u00edsica.<\/span><\/p>\n<p><span style=\"font-weight: 400;\">Outro dispositivo de compra que se desenvolve mais facilmente online \u00e9 o <\/span><b>See Now, Buy Now<\/b><span style=\"font-weight: 400;\">, em que pe\u00e7as apresentadas em um desfile por exemplo, estar\u00e3o dispon\u00edveis no dia seguinte para compra nas lojas f\u00edsicas. Para aqueles que t\u00eam maior dificuldade log\u00edstica e de m\u00e3o de obra, disponibiliz\u00e1-las primeiro no e-commerce propicia que n\u00e3o percam para outros players de mercado, atendendo ao seu p\u00fablico no mesmo espa\u00e7o de tempo.<\/span><\/p>\n<p><span style=\"font-weight: 400;\">E vale lembrar: o <\/span><b>e-commerce de moda<\/b><span style=\"font-weight: 400;\"> n\u00e3o s\u00f3 propicia agilidade como torna o consumo democr\u00e1tico, levando \u00e0 regi\u00f5es distantes a mesma moda consumida em grandes centros.<\/span><\/p>\n<p><span style=\"font-weight: 400;\">Voc\u00ea pode conferir tudo sobre o painel <a href=\"https:\/\/www.ecommercebrasil.com.br\/noticias\/moda-influencia-do-digital-na-producao-e-venda-da-moda-o-que-mudou-na-forma-como-consumimos-moda\/\">aqui<\/a>.<\/span><\/p>\n","protected":false},"excerpt":{"rendered":"<p>A volta de temas como omnichannel, rentabilidade x faturamento e log\u00edstica de entrega refor\u00e7a que o e-commerce nacional embora mais amadurecido, ainda engatinha na evolu\u00e7\u00e3o. Aconteceu na semana passada (25\/7 a 27\/7) \u00a0o F\u00f3rum E-commerce Brasil 2017. Em sua 8\u00aa edi\u00e7\u00e3o, o evento reuniu mais de 13 mil congressistas e 108 palestrantes divididos em 13&hellip;<\/p>\n","protected":false},"author":7,"featured_media":1068,"comment_status":"open","ping_status":"open","sticky":false,"template":"","format":"standard","meta":{"footnotes":""},"categories":[113],"tags":[],"post_series":[],"yoast_head":"<!-- This site is optimized with the Yoast SEO plugin v22.0 - https:\/\/yoast.com\/wordpress\/plugins\/seo\/ -->\n<title>Fortalecimento do setor no F\u00f3rum E-commerce Brasil 2017<\/title>\n<meta name=\"description\" content=\"As tend\u00eancias para o fortalecimento do setor: tempo de entrega, formas de envio e rentabilidade de frete. Palestra e novidades para e-commerces de moda.\" \/>\n<meta name=\"robots\" content=\"index, follow, max-snippet:-1, max-image-preview:large, max-video-preview:-1\" \/>\n<link rel=\"canonical\" href=\"https:\/\/nacao.digital\/blog\/nacao-digital-no-forum-e-commerce-brasil-2017-tendencias\/\" \/>\n<meta property=\"og:locale\" content=\"pt_BR\" \/>\n<meta property=\"og:type\" content=\"article\" \/>\n<meta property=\"og:title\" content=\"Fortalecimento do setor no F\u00f3rum E-commerce Brasil 2017\" \/>\n<meta property=\"og:description\" content=\"As tend\u00eancias para o fortalecimento do setor: tempo de entrega, formas de envio e rentabilidade de frete. Palestra e novidades para e-commerces de moda.\" \/>\n<meta property=\"og:url\" content=\"https:\/\/nacao.digital\/blog\/nacao-digital-no-forum-e-commerce-brasil-2017-tendencias\/\" \/>\n<meta property=\"og:site_name\" content=\"Blog da Na\u00e7\u00e3o Digital\" \/>\n<meta property=\"article:publisher\" content=\"https:\/\/www.facebook.com\/inbound.commerce\" \/>\n<meta property=\"article:published_time\" content=\"2017-08-03T21:28:51+00:00\" \/>\n<meta property=\"og:image\" content=\"https:\/\/nacao.digital\/blog\/wp-content\/uploads\/2017\/08\/painel_com_gl__ria_kalil_e_julia_petit.png\" \/>\n\t<meta property=\"og:image:width\" content=\"596\" \/>\n\t<meta property=\"og:image:height\" content=\"448\" \/>\n\t<meta property=\"og:image:type\" content=\"image\/png\" \/>\n<meta name=\"author\" content=\"Reda\u00e7\u00e3o - Na\u00e7\u00e3o Digital\" \/>\n<meta name=\"twitter:card\" content=\"summary_large_image\" \/>\n<meta name=\"twitter:label1\" content=\"Escrito por\" \/>\n\t<meta name=\"twitter:data1\" content=\"Reda\u00e7\u00e3o - Na\u00e7\u00e3o Digital\" \/>\n\t<meta name=\"twitter:label2\" content=\"Est. tempo de leitura\" \/>\n\t<meta name=\"twitter:data2\" content=\"3 minutos\" \/>\n<script type=\"application\/ld+json\" class=\"yoast-schema-graph\">{\"@context\":\"https:\/\/schema.org\",\"@graph\":[{\"@type\":\"Article\",\"@id\":\"https:\/\/nacao.digital\/blog\/nacao-digital-no-forum-e-commerce-brasil-2017-tendencias\/#article\",\"isPartOf\":{\"@id\":\"https:\/\/nacao.digital\/blog\/nacao-digital-no-forum-e-commerce-brasil-2017-tendencias\/\"},\"author\":{\"name\":\"Reda\u00e7\u00e3o - Na\u00e7\u00e3o Digital\",\"@id\":\"https:\/\/nacao.digital\/blog\/#\/schema\/person\/4e45d0f5b6d52948e113abab0619dcdc\"},\"headline\":\"Na\u00e7\u00e3o Digital no F\u00f3rum E-commerce Brasil 2017\",\"datePublished\":\"2017-08-03T21:28:51+00:00\",\"dateModified\":\"2017-08-03T21:28:51+00:00\",\"mainEntityOfPage\":{\"@id\":\"https:\/\/nacao.digital\/blog\/nacao-digital-no-forum-e-commerce-brasil-2017-tendencias\/\"},\"wordCount\":688,\"commentCount\":0,\"publisher\":{\"@id\":\"https:\/\/nacao.digital\/blog\/#organization\"},\"articleSection\":[\"E-commerce\"],\"inLanguage\":\"pt-BR\",\"potentialAction\":[{\"@type\":\"CommentAction\",\"name\":\"Comment\",\"target\":[\"https:\/\/nacao.digital\/blog\/nacao-digital-no-forum-e-commerce-brasil-2017-tendencias\/#respond\"]}]},{\"@type\":\"WebPage\",\"@id\":\"https:\/\/nacao.digital\/blog\/nacao-digital-no-forum-e-commerce-brasil-2017-tendencias\/\",\"url\":\"https:\/\/nacao.digital\/blog\/nacao-digital-no-forum-e-commerce-brasil-2017-tendencias\/\",\"name\":\"Fortalecimento do setor no F\u00f3rum E-commerce Brasil 2017\",\"isPartOf\":{\"@id\":\"https:\/\/nacao.digital\/blog\/#website\"},\"datePublished\":\"2017-08-03T21:28:51+00:00\",\"dateModified\":\"2017-08-03T21:28:51+00:00\",\"description\":\"As tend\u00eancias para o fortalecimento do setor: tempo de entrega, formas de envio e rentabilidade de frete. Palestra e novidades para e-commerces de moda.\",\"breadcrumb\":{\"@id\":\"https:\/\/nacao.digital\/blog\/nacao-digital-no-forum-e-commerce-brasil-2017-tendencias\/#breadcrumb\"},\"inLanguage\":\"pt-BR\",\"potentialAction\":[{\"@type\":\"ReadAction\",\"target\":[\"https:\/\/nacao.digital\/blog\/nacao-digital-no-forum-e-commerce-brasil-2017-tendencias\/\"]}]},{\"@type\":\"BreadcrumbList\",\"@id\":\"https:\/\/nacao.digital\/blog\/nacao-digital-no-forum-e-commerce-brasil-2017-tendencias\/#breadcrumb\",\"itemListElement\":[{\"@type\":\"ListItem\",\"position\":1,\"name\":\"In\u00edcio\",\"item\":\"https:\/\/nacao.digital\/blog\/\"},{\"@type\":\"ListItem\",\"position\":2,\"name\":\"Na\u00e7\u00e3o Digital no F\u00f3rum E-commerce Brasil 2017\"}]},{\"@type\":\"WebSite\",\"@id\":\"https:\/\/nacao.digital\/blog\/#website\",\"url\":\"https:\/\/nacao.digital\/blog\/\",\"name\":\"Blog da Na\u00e7\u00e3o Digital\",\"description\":\"Aprenda as melhores estrat\u00e9gias para atrair p\u00fablico mais segmentado, converter mais e vender muito. Tudo isso usando a metodologia de Inbound Marketing para E-commerce.\",\"publisher\":{\"@id\":\"https:\/\/nacao.digital\/blog\/#organization\"},\"potentialAction\":[{\"@type\":\"SearchAction\",\"target\":{\"@type\":\"EntryPoint\",\"urlTemplate\":\"https:\/\/nacao.digital\/blog\/?s={search_term_string}\"},\"query-input\":\"required name=search_term_string\"}],\"inLanguage\":\"pt-BR\"},{\"@type\":\"Organization\",\"@id\":\"https:\/\/nacao.digital\/blog\/#organization\",\"name\":\"Na\u00e7\u00e3o Digital\",\"url\":\"https:\/\/nacao.digital\/blog\/\",\"logo\":{\"@type\":\"ImageObject\",\"inLanguage\":\"pt-BR\",\"@id\":\"https:\/\/nacao.digital\/blog\/#\/schema\/logo\/image\/\",\"url\":\"https:\/\/nacao.digital\/blog\/wp-content\/uploads\/2018\/05\/nacao-digital.jpg\",\"contentUrl\":\"https:\/\/nacao.digital\/blog\/wp-content\/uploads\/2018\/05\/nacao-digital.jpg\",\"width\":590,\"height\":389,\"caption\":\"Na\u00e7\u00e3o Digital\"},\"image\":{\"@id\":\"https:\/\/nacao.digital\/blog\/#\/schema\/logo\/image\/\"},\"sameAs\":[\"https:\/\/www.facebook.com\/inbound.commerce\",\"https:\/\/www.instagram.com\/nacaodigital\/\",\"https:\/\/pt.linkedin.com\/company\/na\u00e7\u00e3o-digital\"]},{\"@type\":\"Person\",\"@id\":\"https:\/\/nacao.digital\/blog\/#\/schema\/person\/4e45d0f5b6d52948e113abab0619dcdc\",\"name\":\"Reda\u00e7\u00e3o - Na\u00e7\u00e3o Digital\",\"image\":{\"@type\":\"ImageObject\",\"inLanguage\":\"pt-BR\",\"@id\":\"https:\/\/nacao.digital\/blog\/#\/schema\/person\/image\/\",\"url\":\"https:\/\/secure.gravatar.com\/avatar\/02e4691d00230d3425c562e7e363f571?s=96&d=mm&r=g\",\"contentUrl\":\"https:\/\/secure.gravatar.com\/avatar\/02e4691d00230d3425c562e7e363f571?s=96&d=mm&r=g\",\"caption\":\"Reda\u00e7\u00e3o - Na\u00e7\u00e3o Digital\"},\"description\":\"Equipe de Reda\u00e7\u00e3o da Na\u00e7\u00e3o Digital\",\"sameAs\":[\"http:\/\/nacao.digital\"],\"url\":\"https:\/\/nacao.digital\/blog\/author\/redacao\/\"}]}<\/script>\n<!-- \/ Yoast SEO plugin. -->","yoast_head_json":{"title":"Fortalecimento do setor no F\u00f3rum E-commerce Brasil 2017","description":"As tend\u00eancias para o fortalecimento do setor: tempo de entrega, formas de envio e rentabilidade de frete. Palestra e novidades para e-commerces de moda.","robots":{"index":"index","follow":"follow","max-snippet":"max-snippet:-1","max-image-preview":"max-image-preview:large","max-video-preview":"max-video-preview:-1"},"canonical":"https:\/\/nacao.digital\/blog\/nacao-digital-no-forum-e-commerce-brasil-2017-tendencias\/","og_locale":"pt_BR","og_type":"article","og_title":"Fortalecimento do setor no F\u00f3rum E-commerce Brasil 2017","og_description":"As tend\u00eancias para o fortalecimento do setor: tempo de entrega, formas de envio e rentabilidade de frete. Palestra e novidades para e-commerces de moda.","og_url":"https:\/\/nacao.digital\/blog\/nacao-digital-no-forum-e-commerce-brasil-2017-tendencias\/","og_site_name":"Blog da Na\u00e7\u00e3o Digital","article_publisher":"https:\/\/www.facebook.com\/inbound.commerce","article_published_time":"2017-08-03T21:28:51+00:00","og_image":[{"width":596,"height":448,"url":"https:\/\/nacao.digital\/blog\/wp-content\/uploads\/2017\/08\/painel_com_gl__ria_kalil_e_julia_petit.png","type":"image\/png"}],"author":"Reda\u00e7\u00e3o - Na\u00e7\u00e3o Digital","twitter_card":"summary_large_image","twitter_misc":{"Escrito por":"Reda\u00e7\u00e3o - Na\u00e7\u00e3o Digital","Est. tempo de leitura":"3 minutos"},"schema":{"@context":"https:\/\/schema.org","@graph":[{"@type":"Article","@id":"https:\/\/nacao.digital\/blog\/nacao-digital-no-forum-e-commerce-brasil-2017-tendencias\/#article","isPartOf":{"@id":"https:\/\/nacao.digital\/blog\/nacao-digital-no-forum-e-commerce-brasil-2017-tendencias\/"},"author":{"name":"Reda\u00e7\u00e3o - Na\u00e7\u00e3o Digital","@id":"https:\/\/nacao.digital\/blog\/#\/schema\/person\/4e45d0f5b6d52948e113abab0619dcdc"},"headline":"Na\u00e7\u00e3o Digital no F\u00f3rum E-commerce Brasil 2017","datePublished":"2017-08-03T21:28:51+00:00","dateModified":"2017-08-03T21:28:51+00:00","mainEntityOfPage":{"@id":"https:\/\/nacao.digital\/blog\/nacao-digital-no-forum-e-commerce-brasil-2017-tendencias\/"},"wordCount":688,"commentCount":0,"publisher":{"@id":"https:\/\/nacao.digital\/blog\/#organization"},"articleSection":["E-commerce"],"inLanguage":"pt-BR","potentialAction":[{"@type":"CommentAction","name":"Comment","target":["https:\/\/nacao.digital\/blog\/nacao-digital-no-forum-e-commerce-brasil-2017-tendencias\/#respond"]}]},{"@type":"WebPage","@id":"https:\/\/nacao.digital\/blog\/nacao-digital-no-forum-e-commerce-brasil-2017-tendencias\/","url":"https:\/\/nacao.digital\/blog\/nacao-digital-no-forum-e-commerce-brasil-2017-tendencias\/","name":"Fortalecimento do setor no F\u00f3rum E-commerce Brasil 2017","isPartOf":{"@id":"https:\/\/nacao.digital\/blog\/#website"},"datePublished":"2017-08-03T21:28:51+00:00","dateModified":"2017-08-03T21:28:51+00:00","description":"As tend\u00eancias para o fortalecimento do setor: tempo de entrega, formas de envio e rentabilidade de frete. Palestra e novidades para e-commerces de moda.","breadcrumb":{"@id":"https:\/\/nacao.digital\/blog\/nacao-digital-no-forum-e-commerce-brasil-2017-tendencias\/#breadcrumb"},"inLanguage":"pt-BR","potentialAction":[{"@type":"ReadAction","target":["https:\/\/nacao.digital\/blog\/nacao-digital-no-forum-e-commerce-brasil-2017-tendencias\/"]}]},{"@type":"BreadcrumbList","@id":"https:\/\/nacao.digital\/blog\/nacao-digital-no-forum-e-commerce-brasil-2017-tendencias\/#breadcrumb","itemListElement":[{"@type":"ListItem","position":1,"name":"In\u00edcio","item":"https:\/\/nacao.digital\/blog\/"},{"@type":"ListItem","position":2,"name":"Na\u00e7\u00e3o Digital no F\u00f3rum E-commerce Brasil 2017"}]},{"@type":"WebSite","@id":"https:\/\/nacao.digital\/blog\/#website","url":"https:\/\/nacao.digital\/blog\/","name":"Blog da Na\u00e7\u00e3o Digital","description":"Aprenda as melhores estrat\u00e9gias para atrair p\u00fablico mais segmentado, converter mais e vender muito. Tudo isso usando a metodologia de Inbound Marketing para E-commerce.","publisher":{"@id":"https:\/\/nacao.digital\/blog\/#organization"},"potentialAction":[{"@type":"SearchAction","target":{"@type":"EntryPoint","urlTemplate":"https:\/\/nacao.digital\/blog\/?s={search_term_string}"},"query-input":"required name=search_term_string"}],"inLanguage":"pt-BR"},{"@type":"Organization","@id":"https:\/\/nacao.digital\/blog\/#organization","name":"Na\u00e7\u00e3o Digital","url":"https:\/\/nacao.digital\/blog\/","logo":{"@type":"ImageObject","inLanguage":"pt-BR","@id":"https:\/\/nacao.digital\/blog\/#\/schema\/logo\/image\/","url":"https:\/\/nacao.digital\/blog\/wp-content\/uploads\/2018\/05\/nacao-digital.jpg","contentUrl":"https:\/\/nacao.digital\/blog\/wp-content\/uploads\/2018\/05\/nacao-digital.jpg","width":590,"height":389,"caption":"Na\u00e7\u00e3o Digital"},"image":{"@id":"https:\/\/nacao.digital\/blog\/#\/schema\/logo\/image\/"},"sameAs":["https:\/\/www.facebook.com\/inbound.commerce","https:\/\/www.instagram.com\/nacaodigital\/","https:\/\/pt.linkedin.com\/company\/na\u00e7\u00e3o-digital"]},{"@type":"Person","@id":"https:\/\/nacao.digital\/blog\/#\/schema\/person\/4e45d0f5b6d52948e113abab0619dcdc","name":"Reda\u00e7\u00e3o - Na\u00e7\u00e3o Digital","image":{"@type":"ImageObject","inLanguage":"pt-BR","@id":"https:\/\/nacao.digital\/blog\/#\/schema\/person\/image\/","url":"https:\/\/secure.gravatar.com\/avatar\/02e4691d00230d3425c562e7e363f571?s=96&d=mm&r=g","contentUrl":"https:\/\/secure.gravatar.com\/avatar\/02e4691d00230d3425c562e7e363f571?s=96&d=mm&r=g","caption":"Reda\u00e7\u00e3o - Na\u00e7\u00e3o Digital"},"description":"Equipe de Reda\u00e7\u00e3o da Na\u00e7\u00e3o Digital","sameAs":["http:\/\/nacao.digital"],"url":"https:\/\/nacao.digital\/blog\/author\/redacao\/"}]}},"amp_enabled":true,"_links":{"self":[{"href":"https:\/\/nacao.digital\/blog\/wp-json\/wp\/v2\/posts\/1066"}],"collection":[{"href":"https:\/\/nacao.digital\/blog\/wp-json\/wp\/v2\/posts"}],"about":[{"href":"https:\/\/nacao.digital\/blog\/wp-json\/wp\/v2\/types\/post"}],"author":[{"embeddable":true,"href":"https:\/\/nacao.digital\/blog\/wp-json\/wp\/v2\/users\/7"}],"replies":[{"embeddable":true,"href":"https:\/\/nacao.digital\/blog\/wp-json\/wp\/v2\/comments?post=1066"}],"version-history":[{"count":0,"href":"https:\/\/nacao.digital\/blog\/wp-json\/wp\/v2\/posts\/1066\/revisions"}],"wp:featuredmedia":[{"embeddable":true,"href":"https:\/\/nacao.digital\/blog\/wp-json\/wp\/v2\/media\/1068"}],"wp:attachment":[{"href":"https:\/\/nacao.digital\/blog\/wp-json\/wp\/v2\/media?parent=1066"}],"wp:term":[{"taxonomy":"category","embeddable":true,"href":"https:\/\/nacao.digital\/blog\/wp-json\/wp\/v2\/categories?post=1066"},{"taxonomy":"post_tag","embeddable":true,"href":"https:\/\/nacao.digital\/blog\/wp-json\/wp\/v2\/tags?post=1066"},{"taxonomy":"post_series","embeddable":true,"href":"https:\/\/nacao.digital\/blog\/wp-json\/wp\/v2\/post_series?post=1066"}],"curies":[{"name":"wp","href":"https:\/\/api.w.org\/{rel}","templated":true}]}}