{"id":1220,"date":"2018-01-17T11:20:44","date_gmt":"2018-01-17T13:20:44","guid":{"rendered":"http:\/\/nacao.digital\/blog\/?p=1220"},"modified":"2020-04-30T17:27:21","modified_gmt":"2020-04-30T20:27:21","slug":"patrocinado-x-organico-as-mudancas-no-facebook-2018","status":"publish","type":"post","link":"https:\/\/nacao.digital\/blog\/patrocinado-x-organico-as-mudancas-no-facebook-2018\/","title":{"rendered":"Patrocinado x org\u00e2nico: as mudan\u00e7as no Facebook"},"content":{"rendered":"<p class=\"last-modified\"> <b> <i> Este conte\u00fado foi atualizado em: 30\/04\/2020 <\/i> <\/b> <\/p><p>O alcance org\u00e2nico do Facebook vai chegar a zero! \u00c9 isso mesmo, meus queridos. As mudan\u00e7as no Facebook indicam que a maior rede social do mundo n\u00e3o ir\u00e1 mais \u201cpromover\u201d conte\u00fado gratuito no feed de not\u00edcias para p\u00e1ginas com fins comerciais, segundo an\u00fancio oficial do pr\u00f3prio Zuck.<\/p>\n<p><!--more--><\/p>\n<p>H\u00e1 um bom tempo essa possibilidade tem rondado e assombrado empreendedores ao redor de todo o globo. Contudo, as mudan\u00e7as no Facebook n\u00e3o se tratam de nenhuma novidade. Tendo em vista o rumo que a rede social vinha tomando em rela\u00e7\u00e3o aos anunciantes nos \u00faltimos anos (veja mais<a href=\"http:\/\/nacao.digital\/blog\/audience-network\/\" target=\"_blank\" rel=\"noopener noreferrer\">\u00a0aqui)<\/a>. E lhes digo mais, eliminar de uma vez por todas o alcance org\u00e2nico no news feed \u00e9 uma <em>excelente not\u00edcia<\/em><em>! <\/em><\/p>\n<p>Para que possamos compreender o impacto que veremos nos pr\u00f3ximos dias, ser\u00e1 preciso entender o contexto que nos trouxe at\u00e9 aqui. E esse \u00e9 o meu objetivo neste texto. Ent\u00e3o, se voc\u00ea investe tempo e dinheiro do seu neg\u00f3cio no Facebook, esse post \u00e9 pra voc\u00ea. Vamos l\u00e1?<\/p>\n<h2>O comportamento do consumidor na rede social<\/h2>\n<p>Dois bilh\u00f5es de usu\u00e1rios ativos. Esse \u00e9 o n\u00famero de pessoas que acessam diariamente o <a href=\"https:\/\/pt-br.facebook.com\/\" target=\"_blank\" rel=\"noopener noreferrer\">Facebook<\/a> ao redor do mundo.<\/p>\n<p>No Brasil, pesquisas apontam que 45% da popula\u00e7\u00e3o acessa a rede social mensalmente, o equivalente a 92 milh\u00f5es de pessoas. Deste montante, aproximadamente 62 milh\u00f5es de usu\u00e1rios acessam a rede regularmente.<\/p>\n<p>Esses dados mostram que n\u00e3o \u00e9 por menos que, ao longo de toda sua exist\u00eancia, o Facebook despertou o interesse de dezenas de milhares de anunciantes. Afinal, onde existe audi\u00eancia, existem vendas. Hoje s\u00e3o mais de tr\u00eas milh\u00f5es de anunciantes promovendo ofertas, servi\u00e7os, produtos e afins na rede social. Era de se esperar que esse volume de an\u00fancios pudesse prejudicar a experi\u00eancia do usu\u00e1rio final.<\/p>\n<p>Com o objetivo de manter as pessoas satisfeitas com sua navega\u00e7\u00e3o no Facebook, diversos par\u00e2metros foram implementados no algoritmo de ranqueamento da plataforma (EdgeRank). Esses par\u00e2metros visam a satisfa\u00e7\u00e3o de cada indiv\u00edduo, tornando a experi\u00eancia extremamente pessoal e cada vez menos invasiva. Parece complexo, mas nem tanto.<\/p>\n<h2>Fa\u00e7a um breve exerc\u00edcio mental<\/h2>\n<p>Qual foi a ultima vez que voc\u00ea voc\u00ea interagiu com temas, not\u00edcias, entretenimento e ofertas que n\u00e3o tem a ver com seu gosto, sua rotina, seus interesses e seus desejos? Acredito que poucas, ou nenhuma vez.<\/p>\n<p>As pessoas que voc\u00ea v\u00ea frequentemente na sua linha do tempo n\u00e3o s\u00e3o sempre as mesmas? Aquelas com que voc\u00ea mais se identifica? Mesmo tendo milhares de \u201camigos\u201d no Facebook, voc\u00ea estar\u00e1 condicionado a interagir com aqueles que de fato s\u00e3o relevantes (de alguma forma) pra voc\u00ea. \u00c9 assim que o EdgeRank funciona, e \u00e9 da mesma maneira que se aplicam as regras de ranqueamento para anunciantes.<\/p>\n<p><strong>An\u00fancios devem ser relevantes<\/strong> para o indiv\u00edduo. Essa relev\u00e2ncia \u00e9 mensurada pelo n\u00edvel de intera\u00e7\u00e3o despertada, sejam curtidas, coment\u00e1rios, compartilhamentos, cliques, assistir v\u00eddeos ou marcar amigos. A relev\u00e2ncia representa proximidade. Quanto mais pr\u00f3ximo voc\u00ea estiver do seu consumidor, menor ser\u00e1 seus custos de m\u00eddia no Facebook.<br \/>\nFoi-se o tempo em que curtidas ou quantidade de f\u00e3s eram considerados objetivos relevantes para o seu neg\u00f3cio.<\/p>\n<p>Atualmente, a l\u00f3gica \u00e9 inversa, pois anunciantes devem projetar seus esfor\u00e7os em construir uma audi\u00eancia qualificada atrav\u00e9s de conte\u00fado pertinente, ofertas de valor, produtos relevantes e intera\u00e7\u00e3o transparente. Caso voc\u00ea esteja fazendo isso, curtidas e f\u00e3s ser\u00e3o apenas uma consequ\u00eancia da comunica\u00e7\u00e3o estrat\u00e9gica que voc\u00ea promove, n\u00e3o um objetivo de marketing.<\/p>\n<p>Tenha em mente que seu objetivo prim\u00e1rio no Facebook \u00e9 construir uma audi\u00eancia qualificada. Eis que chegamos ao \u201cX\u201d da quest\u00e3o: <strong>audi\u00eancias qualificadas s\u00e3o constru\u00eddas atrav\u00e9s de p\u00fablicos personalizados<\/strong>, cujo objetivo \u00e9 a veicula\u00e7\u00e3o de m\u00eddia.<\/p>\n<p>Organicamente voc\u00ea n\u00e3o consegue trabalhar p\u00fablicos espec\u00edficos, est\u00e1 \u00e0 merc\u00ea das pessoas que curtiram a p\u00e1gina do seu neg\u00f3cio e os amigos em comum delas. O que acaba se evidenciando na qualidade de atra\u00e7\u00e3o dessas a\u00e7\u00f5es, que atraem p\u00fablicos desqualificados.<\/p>\n<h2>Mudan\u00e7as no Facebook: o fim do alcance org\u00e2nico no feed<\/h2>\n<p>As mudan\u00e7as no Facebook agem no sentido de eliminar o alcance org\u00e2nico das p\u00e1ginas comerciais e passar a exigir, indiretamente, que todos os anunciantes se comprometam \u00e0 promover conte\u00fado relevante. Esse conte\u00fado deve ser voltado \u00e0 pessoas que realmente tenham interesse naquilo que est\u00e1 sendo veiculado. Isso n\u00e3o quer dizer que bastar\u00e1 \u201cinjetar verba\u201d para ser bem sucedido na rede social.<\/p>\n<p>Todo conte\u00fado, post, oferta, an\u00fancio e afins ser\u00e3o avaliados num ranking de relev\u00e2ncia para o usu\u00e1rio final. Independente de quanto voc\u00ea esteja disposto a gastar. Saiba que sua veicula\u00e7\u00e3o deve passar pelo crit\u00e9rio do que chamaremos de \u201c\u00edndice de qualidade\u201d.<\/p>\n<h2>Como ranquear e ser relevante na pr\u00e1tica?<\/h2>\n<p>Imagine que voc\u00ea est\u00e1 promovendo no Facebook um post sobre \u201ccoleiras personalizadas para c\u00e3es\u201d. Para encontrar pessoas que possam comprar o seu produto, voc\u00ea dever\u00e1 construir uma audi\u00eancia projetada (buyer persona) qualificada.<\/p>\n<p>Para isso, voc\u00ea provavelmente incluiria interesses como \u201cpossuem c\u00e3es\u201d, \u201cgostam de cachorros\u201d, \u201ccurtem p\u00e1ginas de petshop\u201d, \u201cconsomem marcas espec\u00edficas de ra\u00e7\u00e3o\u201d e assim por diante.<br \/>\nPor\u00e9m, assim como voc\u00ea, existem centenas de concorrentes disputando pela aten\u00e7\u00e3o da mesma Buyer Persona. Elas est\u00e3o construindo p\u00fablicos muito parecidos com os seus. Ent\u00e3o, como se destacar, aparecer primeiro e se sobressair?<\/p>\n<p>A resposta, apesar de ser clara, est\u00e1 longe de ser simples:<strong> Relev\u00e2ncia!<\/strong><\/p>\n<p>O Facebook ir\u00e1 avaliar a complexidade da sua <strong>audi\u00eancia personalizada<\/strong>, o quanto voc\u00ea est\u00e1 disposto a pagar para aparecer e, consequentemente, o<strong> engajamento<\/strong> que despertou atrav\u00e9s da postagem. Afinal, voc\u00ea paga para aparecer na timeline das pessoas, mas se elas v\u00e3o gostar e interagir, bem, isso \u00e9 outra hist\u00f3ria.<\/p>\n<p>A rede social avalia se o seu conte\u00fado est\u00e1 sendo bem recebido atrav\u00e9s de diversos fatores: intera\u00e7\u00f5es, cliques etc. No fim, tudo isso vai para um leil\u00e3o, baseado no quanto a sua concorr\u00eancia est\u00e1 disposta a pagar tamb\u00e9m. Ao somar todos os fatores, o pr\u00f3prio Facebook ir\u00e1 favorecer \u00e0queles que tiverem a melhor nota dentro do \u201c\u00edndice de qualidade\u201d.\u00a0 O objetivo \u00e9 ranquear os an\u00fancios mais propensos \u00e0 agradar o usu\u00e1rio. Sagaz, n\u00e9?!<\/p>\n<p>O que podemos concluir com as atuais mudan\u00e7as no Facebook \u00e9 que elas tendem a deixar o mercado mais competitivo, filtrando os anunciantes que realmente se esfor\u00e7am para aplicar uma comunica\u00e7\u00e3o 3.0.<\/p>\n","protected":false},"excerpt":{"rendered":"<p>Este conte\u00fado foi atualizado em: 30\/04\/2020 O alcance org\u00e2nico do Facebook vai chegar a zero! \u00c9 isso mesmo, meus queridos. As mudan\u00e7as no Facebook indicam que a maior rede social do mundo n\u00e3o ir\u00e1 mais \u201cpromover\u201d conte\u00fado gratuito no feed de not\u00edcias para p\u00e1ginas com fins comerciais, segundo an\u00fancio oficial do pr\u00f3prio Zuck.<\/p>\n","protected":false},"author":7,"featured_media":5743,"comment_status":"open","ping_status":"open","sticky":false,"template":"","format":"standard","meta":{"footnotes":""},"categories":[312],"tags":[134,135,193,136,120,121],"post_series":[],"yoast_head":"<!-- This site is optimized with the Yoast SEO plugin v22.0 - https:\/\/yoast.com\/wordpress\/plugins\/seo\/ -->\n<title>Patrocinado x Org\u00e2nico: as mudan\u00e7as no Facebook<\/title>\n<meta name=\"description\" content=\"O alcance org\u00e2nico do Facebook vai chegar a zero! As mudan\u00e7as no Facebook indicam que a rede social n\u00e3o ir\u00e1 mais \u201cpromover\u201d conte\u00fados comerciais.\" \/>\n<meta name=\"robots\" content=\"index, follow, max-snippet:-1, max-image-preview:large, max-video-preview:-1\" \/>\n<link rel=\"canonical\" href=\"https:\/\/nacao.digital\/blog\/patrocinado-x-organico-as-mudancas-no-facebook-2018\/\" \/>\n<meta property=\"og:locale\" content=\"pt_BR\" \/>\n<meta property=\"og:type\" content=\"article\" \/>\n<meta property=\"og:title\" content=\"Patrocinado x Org\u00e2nico: as mudan\u00e7as no Facebook\" \/>\n<meta property=\"og:description\" content=\"O alcance org\u00e2nico do Facebook vai chegar a zero! As mudan\u00e7as no Facebook indicam que a rede social n\u00e3o ir\u00e1 mais \u201cpromover\u201d conte\u00fados comerciais.\" \/>\n<meta property=\"og:url\" content=\"https:\/\/nacao.digital\/blog\/patrocinado-x-organico-as-mudancas-no-facebook-2018\/\" \/>\n<meta property=\"og:site_name\" content=\"Blog da Na\u00e7\u00e3o Digital\" \/>\n<meta property=\"article:publisher\" content=\"https:\/\/www.facebook.com\/inbound.commerce\" \/>\n<meta property=\"article:published_time\" content=\"2018-01-17T13:20:44+00:00\" \/>\n<meta property=\"article:modified_time\" content=\"2020-04-30T20:27:21+00:00\" \/>\n<meta property=\"og:image\" content=\"https:\/\/nacao.digital\/blog\/wp-content\/uploads\/2018\/01\/mudancas-no-facebook.jpg\" \/>\n\t<meta property=\"og:image:width\" content=\"1500\" \/>\n\t<meta property=\"og:image:height\" content=\"800\" \/>\n\t<meta property=\"og:image:type\" content=\"image\/jpeg\" \/>\n<meta name=\"author\" content=\"Reda\u00e7\u00e3o - Na\u00e7\u00e3o Digital\" \/>\n<meta name=\"twitter:card\" content=\"summary_large_image\" \/>\n<meta name=\"twitter:label1\" content=\"Escrito por\" \/>\n\t<meta name=\"twitter:data1\" content=\"Reda\u00e7\u00e3o - Na\u00e7\u00e3o Digital\" \/>\n\t<meta name=\"twitter:label2\" content=\"Est. tempo de leitura\" \/>\n\t<meta name=\"twitter:data2\" content=\"6 minutos\" \/>\n<script type=\"application\/ld+json\" class=\"yoast-schema-graph\">{\"@context\":\"https:\/\/schema.org\",\"@graph\":[{\"@type\":\"Article\",\"@id\":\"https:\/\/nacao.digital\/blog\/patrocinado-x-organico-as-mudancas-no-facebook-2018\/#article\",\"isPartOf\":{\"@id\":\"https:\/\/nacao.digital\/blog\/patrocinado-x-organico-as-mudancas-no-facebook-2018\/\"},\"author\":{\"name\":\"Reda\u00e7\u00e3o - Na\u00e7\u00e3o Digital\",\"@id\":\"https:\/\/nacao.digital\/blog\/#\/schema\/person\/4e45d0f5b6d52948e113abab0619dcdc\"},\"headline\":\"Patrocinado x org\u00e2nico: as mudan\u00e7as no Facebook\",\"datePublished\":\"2018-01-17T13:20:44+00:00\",\"dateModified\":\"2020-04-30T20:27:21+00:00\",\"mainEntityOfPage\":{\"@id\":\"https:\/\/nacao.digital\/blog\/patrocinado-x-organico-as-mudancas-no-facebook-2018\/\"},\"wordCount\":1125,\"commentCount\":2,\"publisher\":{\"@id\":\"https:\/\/nacao.digital\/blog\/#organization\"},\"keywords\":[\"Algoritmo do Facebook\",\"facebook para neg\u00f3cios\",\"m\u00eddia paga\",\"Mudan\u00e7as no Facebook\",\"Performance\",\"performance para e-commerce\"],\"articleSection\":[\"Marketing\"],\"inLanguage\":\"pt-BR\",\"potentialAction\":[{\"@type\":\"CommentAction\",\"name\":\"Comment\",\"target\":[\"https:\/\/nacao.digital\/blog\/patrocinado-x-organico-as-mudancas-no-facebook-2018\/#respond\"]}]},{\"@type\":\"WebPage\",\"@id\":\"https:\/\/nacao.digital\/blog\/patrocinado-x-organico-as-mudancas-no-facebook-2018\/\",\"url\":\"https:\/\/nacao.digital\/blog\/patrocinado-x-organico-as-mudancas-no-facebook-2018\/\",\"name\":\"Patrocinado x Org\u00e2nico: as mudan\u00e7as no Facebook\",\"isPartOf\":{\"@id\":\"https:\/\/nacao.digital\/blog\/#website\"},\"datePublished\":\"2018-01-17T13:20:44+00:00\",\"dateModified\":\"2020-04-30T20:27:21+00:00\",\"description\":\"O alcance org\u00e2nico do Facebook vai chegar a zero! As mudan\u00e7as no Facebook indicam que a rede social n\u00e3o ir\u00e1 mais \u201cpromover\u201d conte\u00fados comerciais.\",\"breadcrumb\":{\"@id\":\"https:\/\/nacao.digital\/blog\/patrocinado-x-organico-as-mudancas-no-facebook-2018\/#breadcrumb\"},\"inLanguage\":\"pt-BR\",\"potentialAction\":[{\"@type\":\"ReadAction\",\"target\":[\"https:\/\/nacao.digital\/blog\/patrocinado-x-organico-as-mudancas-no-facebook-2018\/\"]}]},{\"@type\":\"BreadcrumbList\",\"@id\":\"https:\/\/nacao.digital\/blog\/patrocinado-x-organico-as-mudancas-no-facebook-2018\/#breadcrumb\",\"itemListElement\":[{\"@type\":\"ListItem\",\"position\":1,\"name\":\"In\u00edcio\",\"item\":\"https:\/\/nacao.digital\/blog\/\"},{\"@type\":\"ListItem\",\"position\":2,\"name\":\"Patrocinado x org\u00e2nico: as mudan\u00e7as no Facebook\"}]},{\"@type\":\"WebSite\",\"@id\":\"https:\/\/nacao.digital\/blog\/#website\",\"url\":\"https:\/\/nacao.digital\/blog\/\",\"name\":\"Blog da Na\u00e7\u00e3o Digital\",\"description\":\"Aprenda as melhores estrat\u00e9gias para atrair p\u00fablico mais segmentado, converter mais e vender muito. Tudo isso usando a metodologia de Inbound Marketing para E-commerce.\",\"publisher\":{\"@id\":\"https:\/\/nacao.digital\/blog\/#organization\"},\"potentialAction\":[{\"@type\":\"SearchAction\",\"target\":{\"@type\":\"EntryPoint\",\"urlTemplate\":\"https:\/\/nacao.digital\/blog\/?s={search_term_string}\"},\"query-input\":\"required name=search_term_string\"}],\"inLanguage\":\"pt-BR\"},{\"@type\":\"Organization\",\"@id\":\"https:\/\/nacao.digital\/blog\/#organization\",\"name\":\"Na\u00e7\u00e3o Digital\",\"url\":\"https:\/\/nacao.digital\/blog\/\",\"logo\":{\"@type\":\"ImageObject\",\"inLanguage\":\"pt-BR\",\"@id\":\"https:\/\/nacao.digital\/blog\/#\/schema\/logo\/image\/\",\"url\":\"https:\/\/nacao.digital\/blog\/wp-content\/uploads\/2018\/05\/nacao-digital.jpg\",\"contentUrl\":\"https:\/\/nacao.digital\/blog\/wp-content\/uploads\/2018\/05\/nacao-digital.jpg\",\"width\":590,\"height\":389,\"caption\":\"Na\u00e7\u00e3o Digital\"},\"image\":{\"@id\":\"https:\/\/nacao.digital\/blog\/#\/schema\/logo\/image\/\"},\"sameAs\":[\"https:\/\/www.facebook.com\/inbound.commerce\",\"https:\/\/www.instagram.com\/nacaodigital\/\",\"https:\/\/pt.linkedin.com\/company\/na\u00e7\u00e3o-digital\"]},{\"@type\":\"Person\",\"@id\":\"https:\/\/nacao.digital\/blog\/#\/schema\/person\/4e45d0f5b6d52948e113abab0619dcdc\",\"name\":\"Reda\u00e7\u00e3o - Na\u00e7\u00e3o Digital\",\"image\":{\"@type\":\"ImageObject\",\"inLanguage\":\"pt-BR\",\"@id\":\"https:\/\/nacao.digital\/blog\/#\/schema\/person\/image\/\",\"url\":\"https:\/\/secure.gravatar.com\/avatar\/02e4691d00230d3425c562e7e363f571?s=96&d=mm&r=g\",\"contentUrl\":\"https:\/\/secure.gravatar.com\/avatar\/02e4691d00230d3425c562e7e363f571?s=96&d=mm&r=g\",\"caption\":\"Reda\u00e7\u00e3o - Na\u00e7\u00e3o Digital\"},\"description\":\"Equipe de Reda\u00e7\u00e3o da Na\u00e7\u00e3o Digital\",\"sameAs\":[\"http:\/\/nacao.digital\"],\"url\":\"https:\/\/nacao.digital\/blog\/author\/redacao\/\"}]}<\/script>\n<!-- \/ Yoast SEO plugin. -->","yoast_head_json":{"title":"Patrocinado x Org\u00e2nico: as mudan\u00e7as no Facebook","description":"O alcance org\u00e2nico do Facebook vai chegar a zero! As mudan\u00e7as no Facebook indicam que a rede social n\u00e3o ir\u00e1 mais \u201cpromover\u201d conte\u00fados comerciais.","robots":{"index":"index","follow":"follow","max-snippet":"max-snippet:-1","max-image-preview":"max-image-preview:large","max-video-preview":"max-video-preview:-1"},"canonical":"https:\/\/nacao.digital\/blog\/patrocinado-x-organico-as-mudancas-no-facebook-2018\/","og_locale":"pt_BR","og_type":"article","og_title":"Patrocinado x Org\u00e2nico: as mudan\u00e7as no Facebook","og_description":"O alcance org\u00e2nico do Facebook vai chegar a zero! As mudan\u00e7as no Facebook indicam que a rede social n\u00e3o ir\u00e1 mais \u201cpromover\u201d conte\u00fados comerciais.","og_url":"https:\/\/nacao.digital\/blog\/patrocinado-x-organico-as-mudancas-no-facebook-2018\/","og_site_name":"Blog da Na\u00e7\u00e3o Digital","article_publisher":"https:\/\/www.facebook.com\/inbound.commerce","article_published_time":"2018-01-17T13:20:44+00:00","article_modified_time":"2020-04-30T20:27:21+00:00","og_image":[{"width":1500,"height":800,"url":"https:\/\/nacao.digital\/blog\/wp-content\/uploads\/2018\/01\/mudancas-no-facebook.jpg","type":"image\/jpeg"}],"author":"Reda\u00e7\u00e3o - Na\u00e7\u00e3o Digital","twitter_card":"summary_large_image","twitter_misc":{"Escrito por":"Reda\u00e7\u00e3o - Na\u00e7\u00e3o Digital","Est. tempo de leitura":"6 minutos"},"schema":{"@context":"https:\/\/schema.org","@graph":[{"@type":"Article","@id":"https:\/\/nacao.digital\/blog\/patrocinado-x-organico-as-mudancas-no-facebook-2018\/#article","isPartOf":{"@id":"https:\/\/nacao.digital\/blog\/patrocinado-x-organico-as-mudancas-no-facebook-2018\/"},"author":{"name":"Reda\u00e7\u00e3o - Na\u00e7\u00e3o Digital","@id":"https:\/\/nacao.digital\/blog\/#\/schema\/person\/4e45d0f5b6d52948e113abab0619dcdc"},"headline":"Patrocinado x org\u00e2nico: as mudan\u00e7as no Facebook","datePublished":"2018-01-17T13:20:44+00:00","dateModified":"2020-04-30T20:27:21+00:00","mainEntityOfPage":{"@id":"https:\/\/nacao.digital\/blog\/patrocinado-x-organico-as-mudancas-no-facebook-2018\/"},"wordCount":1125,"commentCount":2,"publisher":{"@id":"https:\/\/nacao.digital\/blog\/#organization"},"keywords":["Algoritmo do Facebook","facebook para neg\u00f3cios","m\u00eddia paga","Mudan\u00e7as no Facebook","Performance","performance para e-commerce"],"articleSection":["Marketing"],"inLanguage":"pt-BR","potentialAction":[{"@type":"CommentAction","name":"Comment","target":["https:\/\/nacao.digital\/blog\/patrocinado-x-organico-as-mudancas-no-facebook-2018\/#respond"]}]},{"@type":"WebPage","@id":"https:\/\/nacao.digital\/blog\/patrocinado-x-organico-as-mudancas-no-facebook-2018\/","url":"https:\/\/nacao.digital\/blog\/patrocinado-x-organico-as-mudancas-no-facebook-2018\/","name":"Patrocinado x Org\u00e2nico: as mudan\u00e7as no Facebook","isPartOf":{"@id":"https:\/\/nacao.digital\/blog\/#website"},"datePublished":"2018-01-17T13:20:44+00:00","dateModified":"2020-04-30T20:27:21+00:00","description":"O alcance org\u00e2nico do Facebook vai chegar a zero! As mudan\u00e7as no Facebook indicam que a rede social n\u00e3o ir\u00e1 mais \u201cpromover\u201d conte\u00fados comerciais.","breadcrumb":{"@id":"https:\/\/nacao.digital\/blog\/patrocinado-x-organico-as-mudancas-no-facebook-2018\/#breadcrumb"},"inLanguage":"pt-BR","potentialAction":[{"@type":"ReadAction","target":["https:\/\/nacao.digital\/blog\/patrocinado-x-organico-as-mudancas-no-facebook-2018\/"]}]},{"@type":"BreadcrumbList","@id":"https:\/\/nacao.digital\/blog\/patrocinado-x-organico-as-mudancas-no-facebook-2018\/#breadcrumb","itemListElement":[{"@type":"ListItem","position":1,"name":"In\u00edcio","item":"https:\/\/nacao.digital\/blog\/"},{"@type":"ListItem","position":2,"name":"Patrocinado x org\u00e2nico: as mudan\u00e7as no Facebook"}]},{"@type":"WebSite","@id":"https:\/\/nacao.digital\/blog\/#website","url":"https:\/\/nacao.digital\/blog\/","name":"Blog da Na\u00e7\u00e3o Digital","description":"Aprenda as melhores estrat\u00e9gias para atrair p\u00fablico mais segmentado, converter mais e vender muito. Tudo isso usando a metodologia de Inbound Marketing para E-commerce.","publisher":{"@id":"https:\/\/nacao.digital\/blog\/#organization"},"potentialAction":[{"@type":"SearchAction","target":{"@type":"EntryPoint","urlTemplate":"https:\/\/nacao.digital\/blog\/?s={search_term_string}"},"query-input":"required name=search_term_string"}],"inLanguage":"pt-BR"},{"@type":"Organization","@id":"https:\/\/nacao.digital\/blog\/#organization","name":"Na\u00e7\u00e3o Digital","url":"https:\/\/nacao.digital\/blog\/","logo":{"@type":"ImageObject","inLanguage":"pt-BR","@id":"https:\/\/nacao.digital\/blog\/#\/schema\/logo\/image\/","url":"https:\/\/nacao.digital\/blog\/wp-content\/uploads\/2018\/05\/nacao-digital.jpg","contentUrl":"https:\/\/nacao.digital\/blog\/wp-content\/uploads\/2018\/05\/nacao-digital.jpg","width":590,"height":389,"caption":"Na\u00e7\u00e3o Digital"},"image":{"@id":"https:\/\/nacao.digital\/blog\/#\/schema\/logo\/image\/"},"sameAs":["https:\/\/www.facebook.com\/inbound.commerce","https:\/\/www.instagram.com\/nacaodigital\/","https:\/\/pt.linkedin.com\/company\/na\u00e7\u00e3o-digital"]},{"@type":"Person","@id":"https:\/\/nacao.digital\/blog\/#\/schema\/person\/4e45d0f5b6d52948e113abab0619dcdc","name":"Reda\u00e7\u00e3o - Na\u00e7\u00e3o Digital","image":{"@type":"ImageObject","inLanguage":"pt-BR","@id":"https:\/\/nacao.digital\/blog\/#\/schema\/person\/image\/","url":"https:\/\/secure.gravatar.com\/avatar\/02e4691d00230d3425c562e7e363f571?s=96&d=mm&r=g","contentUrl":"https:\/\/secure.gravatar.com\/avatar\/02e4691d00230d3425c562e7e363f571?s=96&d=mm&r=g","caption":"Reda\u00e7\u00e3o - Na\u00e7\u00e3o Digital"},"description":"Equipe de Reda\u00e7\u00e3o da Na\u00e7\u00e3o Digital","sameAs":["http:\/\/nacao.digital"],"url":"https:\/\/nacao.digital\/blog\/author\/redacao\/"}]}},"amp_enabled":true,"_links":{"self":[{"href":"https:\/\/nacao.digital\/blog\/wp-json\/wp\/v2\/posts\/1220"}],"collection":[{"href":"https:\/\/nacao.digital\/blog\/wp-json\/wp\/v2\/posts"}],"about":[{"href":"https:\/\/nacao.digital\/blog\/wp-json\/wp\/v2\/types\/post"}],"author":[{"embeddable":true,"href":"https:\/\/nacao.digital\/blog\/wp-json\/wp\/v2\/users\/7"}],"replies":[{"embeddable":true,"href":"https:\/\/nacao.digital\/blog\/wp-json\/wp\/v2\/comments?post=1220"}],"version-history":[{"count":0,"href":"https:\/\/nacao.digital\/blog\/wp-json\/wp\/v2\/posts\/1220\/revisions"}],"wp:featuredmedia":[{"embeddable":true,"href":"https:\/\/nacao.digital\/blog\/wp-json\/wp\/v2\/media\/5743"}],"wp:attachment":[{"href":"https:\/\/nacao.digital\/blog\/wp-json\/wp\/v2\/media?parent=1220"}],"wp:term":[{"taxonomy":"category","embeddable":true,"href":"https:\/\/nacao.digital\/blog\/wp-json\/wp\/v2\/categories?post=1220"},{"taxonomy":"post_tag","embeddable":true,"href":"https:\/\/nacao.digital\/blog\/wp-json\/wp\/v2\/tags?post=1220"},{"taxonomy":"post_series","embeddable":true,"href":"https:\/\/nacao.digital\/blog\/wp-json\/wp\/v2\/post_series?post=1220"}],"curies":[{"name":"wp","href":"https:\/\/api.w.org\/{rel}","templated":true}]}}