{"id":1330,"date":"2018-03-02T19:51:26","date_gmt":"2018-03-02T22:51:26","guid":{"rendered":"http:\/\/nacao.digital\/blog\/?p=1330"},"modified":"2018-08-08T11:43:49","modified_gmt":"2018-08-08T14:43:49","slug":"aumento-do-valor-frete-dos-correios-e-commerce","status":"publish","type":"post","link":"https:\/\/nacao.digital\/blog\/aumento-do-valor-frete-dos-correios-e-commerce\/","title":{"rendered":"Como o aumento do valor do frete dos Correios impacta o seu e-commerce"},"content":{"rendered":"<p class=\"last-modified\"> <b> <i> Este conte\u00fado foi atualizado em: 08\/08\/2018 <\/i> <\/b> <\/p><p>O e-commerce brasileiro vem mantendo seus \u00edndices positivos. Pesquisas apontam que j\u00e1 s\u00e3o mais de 22 mil lojas online ativas no Brasil, que devem alcan\u00e7ar um volume de mais 220 milh\u00f5es de pedidos e um faturamento de R$ 69 bilh\u00f5es em 2018.<\/p>\n<p>Uma das principais formas de entrega dos milhares de produtos vendidos &#8211; e a \u00fanica que alcan\u00e7a todos os munic\u00edpios brasileiros &#8211; s\u00e3o os Correios. Segundo pesquisa da <a href=\"https:\/\/abcomm.org\/pesquisas\/\" target=\"_blank\" rel=\"noopener\">ABCOM<\/a>, <strong>80% dos empreendedores<\/strong> do pa\u00eds dependem da Empresa Brasileira de Correios e Tel\u00e9grafos.<\/p>\n<p>Quando observamos estes dados, compreendemos o porqu\u00ea da not\u00edcia do novo aumento do valor dos Correios, a partir de seis de mar\u00e7o de 2018, foi t\u00e3o perturbadora.<\/p>\n<h2>Entenda o aumento do valor dos correios<\/h2>\n<p>De acordo com a Empresa Brasileira de Correios e Tel\u00e9grafos, o aumento m\u00e9dio nos valores de encomendas enviadas ser\u00e1 de 8% para os objetos postados entre capitais e nas esferas locais e estaduais. Este volume, de acordo com a estatal, representa a grande maioria das postagens realizadas nos Correios.<\/p>\n<p>Por\u00e9m, ainda de acordo com os Correios esta porcentagem pode sofrer varia\u00e7\u00f5es conforme a regi\u00e3o de entrega. A exemplo do que aconteceu durante o ajuste anual ocorrido no ano de 2017, anunciado em abril daquele ano, quando os pre\u00e7os das tarifas foi elevado em 7,49% sobre a argumenta\u00e7\u00e3o de compensar o represamento das tarifas em anos anteriores. Onde observou-se que em algumas situa\u00e7\u00f5es as postagens chegaram a ter seu valor acrescido em mais de 50%.<\/p>\n<h2>Os motivos e a quest\u00e3o do Rio de Janeiro<\/h2>\n<p>Em 2018, o <strong>roubo de cargas no pa\u00eds aumentou mais de 10%<\/strong> comparado ao mesmo per\u00edodo de 2017. Os alvos preferenciais s\u00e3o eletroeletr\u00f4nicos, eletrodom\u00e9sticos, perfumes e cosm\u00e9ticos de acordo com a Associa\u00e7\u00e3o Nacional de Transportes Urbanos (<a href=\"http:\/\/www.ntu.org.br\/novo\/Default.aspx\" target=\"_blank\" rel=\"noopener\">NTU<\/a>). Em 2016, foram 24.563 roubos de cargas no pa\u00eds, o que equivale a 67,29 roubos por dia e um preju\u00edzo de aproximadamente R$ 1,364 bilh\u00f5es. O resultado desta conta \u00e9 o frete das mercadorias mais caro para lojistas e consumidores.<\/p>\n<p>Algumas empresas de transporte j\u00e1 implantaram servi\u00e7os de gerenciamento de risco, rastreamento, escolta armada e seguro. Estes itens encarecem o valor do frete. Para suportar estes custos, desde 2017, foi implementada uma taxa de emerg\u00eancia excepcional. Um valor extra para regi\u00f5es onde o n\u00famero de roubos \u00e9 maior, como na regi\u00e3o sudeste, que concentra <a href=\"http:\/\/www.portalntc.org.br\/\" target=\"_blank\" rel=\"noopener\">84,7% dos roubos de cargas do pa\u00eds<\/a>. A cobran\u00e7a m\u00e9dia nestas empresas \u00e9 de R$ 10,00 por cada tra\u00e7\u00e3o de at\u00e9 100 quilos e 0,3 a 1% em cima do valor da nota fiscal.<\/p>\n<p>Seguindo o mesmo caminho das transportadoras privadas, os Correios definiram que as encomendas enviadas para o Rio de Janeiro tamb\u00e9m ter\u00e3o aumento. Sob elas incidir\u00e3o, al\u00e9m do aumento m\u00e9dio de 8%, uma taxa de R$ 3,00 por pacote. A justificativa: o aumento da viol\u00eancia no Estado.<\/p>\n<p>Uma pesquisa feita pelo jornal o <a href=\"https:\/\/oglobo.globo.com\/rio\/a-cada-7-minutos-uma-remessa-dos-correios-levada-no-rio-22444576\" target=\"_blank\" rel=\"noopener\">Globo<\/a> mostrou que a cada sete minutos uma encomenda \u00e9 roubada ou furtada no Estado do Rio de Janeiro, em 2017 foram registrados 62.577 casos.<\/p>\n<h2>O posicionamento do setor de e-commerce<\/h2>\n<p>Este aumento pode afetar o varejo online em todo o pa\u00eds, incluindo pequenos e m\u00e9dios empreendedores, que dever\u00e3o repassar esta conta aos consumidores.<\/p>\n<p>Mercado Livre e Netshoes, dois dos maiores Marketplaces do pa\u00eds, j\u00e1 demonstraram a sua preocupa\u00e7\u00e3o. E se uniram na campanha <strong>#FreteAbusivoN\u00e3o<\/strong>. De acordo com estas empresas, o impacto do aumento dos valores do frete ser\u00e1 significativo para a economia dos <strong>e-commerces<\/strong>, que dependem quase que exclusivamente da estatal brasileira para enviar seus produtos.<\/p>\n<p>A Associa\u00e7\u00e3o Brasileira de Com\u00e9rcio Eletr\u00f4nico (ABComm) tamb\u00e9m j\u00e1 se pronunciou. Informando que abrir\u00e1 uma linha de negocia\u00e7\u00f5es com a Estatal brasileira para que os e-commerces n\u00e3o sejam t\u00e3o comprometidos.<\/p>\n<h2>O posicionamento dos Correios<\/h2>\n<p>Os Correios ressaltam que esta \u00e9 uma medida necess\u00e1ria. E que a parceria com o e-commerce brasileiro \u00e9 de extrema import\u00e2ncia para a empresa. Parceria que, inclusive, viabiliza a atividade de in\u00fameros e-commerces devido \u00e0 oferta de pacotes de <a href=\"http:\/\/nacao.digital\/blog\/realidade-aumentada-nas-lojas-virtuais\/\" target=\"_blank\" rel=\"noopener\">benef\u00edcios exclusivos<\/a> para os Marketplaces brasileiros. Que incluem redu\u00e7\u00f5es de pre\u00e7o que chegam a mais de 30% no SEDEX e 13% no PAC, quando comparado aos pre\u00e7os \u00e0 vista.<\/p>\n<h2>Economia e crescimento<\/h2>\n<p>O e-commerce \u00e9 um dos setores econ\u00f4micos do Brasil que vem deixando a crise para tr\u00e1s, e crescendo a cada ano. A primeira an\u00e1lise de vendas no varejo de 2018 \u00e9 positiva. De acordo com o indicador de varejo da Mastercard (<a href=\"https:\/\/newsroom.mastercard.com\/latin-america\/pt-br\/press-releases\/mastercard-spendingpulse-queda-do-varejo-sofre-desaceleracao\/\" target=\"_blank\" rel=\"noopener\">SpendingPulse<\/a>), o in\u00edcio do ano trouxe um aumento de 3,6% no total de vendas quando comparado ao ano anterior.<\/p>\n<p>J\u00e1 a Associa\u00e7\u00e3o Brasileira de Com\u00e9rcio Eletr\u00f4nico (ABCOM) acredita que a m\u00e9dia de crescimento para todo o ano de 2018 ser\u00e1 de 15%. Isto em rela\u00e7\u00e3o a 2017 que fechou o ano com <strong>203 milh\u00f5es de pedidos<\/strong>. Estes n\u00fameros podem sofrer um baque significativo com o aumento do valor dos correios para transporte de encomendas.<\/p>\n<h2>Alternativas para os e-commerces<\/h2>\n<p>Uma pesquisa realizada em conjunto com v\u00e1rias entidades pela <a href=\"http:\/\/neomove.com.br\/ftpUpload\/uploads\/E-book%20Atlas%20E-commerce%20Radar%202017.pdf\" target=\"_blank\" rel=\"noopener\">E-commerce Radar<\/a>, em 2017, mostra que <strong>48% dos consumidores querem mais op\u00e7\u00f5es de frete em compras online<\/strong>.<\/p>\n<p>Al\u00e9m disto, o valor dos fretes \u00e9 um dos maiores vil\u00f5es do e-commerce brasileiro, respons\u00e1vel por 82% dos carrinhos abandonados. Reunimos as principais alternativas para que voc\u00ea n\u00e3o perca mais nem um pedido!<\/p>\n<h2>Formas de envio de pedido<\/h2>\n<p><strong>Couriers<\/strong>: s\u00e3o empresas privadas de servi\u00e7os de entrega de encomendas e correspond\u00eancias com abrang\u00eancia nacional. Do ponto de vista operacional, estas empresas s\u00e3o bem parecidas aos Correios. Elas alcan\u00e7am v\u00e1rias partes do pa\u00eds com planos e valores diferenciados para e-commerces.<\/p>\n<p>Nesta categoria, temos: Total Express, Jadlog, Direct e Transfolha. Al\u00e9m das empresas de transporte exclusivamente rodovi\u00e1rio: Jamef, Braspress e TNT.<\/p>\n<p><strong>Expresso<\/strong>: empresas que oferecem os servi\u00e7os de entrega no mesmo dia (Same Day), pr\u00f3ximo dia ( Next Day) e em algumas capitais como S\u00e3o Paulo e Rio de Janeiro em algumas horas ( Super Express). Loggi, Rapiddo,TAM, GOl, Azul, SpeedyLog, B2Log e ASAPLog s\u00e3o empresas desta categoria.<\/p>\n<p><strong>Especializadas<\/strong>: algumas empresas surgiram no mercado visando nichos espec\u00edficos e se desenvolvem de acordo com os itens enviados por eles. Existem, inclusive, algumas extremamente segmentadas:<\/p>\n<ul>\n<li>Especialistas em entregas por bicicleta, Courrieros e a BikeCourier.<\/li>\n<li>Especialistas em Lockers, EasyPost e InPost.<\/li>\n<li>Especialistas em pontos de entrega compartilhados, Pegaki, Send4 e RetiraF\u00e1cil.<\/li>\n<\/ul>\n<p>Vale a pena ficar de olho nesses novos formatos de entrega de pedidos Click e Collect. Estas s\u00e3o op\u00e7\u00f5es que se mostram cada vez mais vi\u00e1veis para combater as altas no valor dos Correios. Voc\u00ea pode saber mais sobre esta op\u00e7\u00e3o clicando <a href=\"https:\/\/exame.abril.com.br\/negocios\/entrega-de-encomendas-por-lockers-chega-ao-brasil\/\" target=\"_blank\" rel=\"noopener\">aqui<\/a>.<\/p>\n<p>Aproveite e leia tamb\u00e9m nosso post sobre <a href=\"http:\/\/nacao.digital\/blog\/frete-gratis-no-e-commerce\/\" target=\"_blank\" rel=\"noopener\">como abordar o frete gr\u00e1tis no e-commerce do jeito certo<\/a>!<\/p>\n","protected":false},"excerpt":{"rendered":"<p>Este conte\u00fado foi atualizado em: 08\/08\/2018 O e-commerce brasileiro vem mantendo seus \u00edndices positivos. Pesquisas apontam que j\u00e1 s\u00e3o mais de 22 mil lojas online ativas no Brasil, que devem alcan\u00e7ar um volume de mais 220 milh\u00f5es de pedidos e um faturamento de R$ 69 bilh\u00f5es em 2018. Uma das principais formas de entrega dos&hellip;<\/p>\n","protected":false},"author":7,"featured_media":1331,"comment_status":"open","ping_status":"open","sticky":false,"template":"","format":"standard","meta":{"footnotes":""},"categories":[113],"tags":[129,132],"post_series":[],"yoast_head":"<!-- This site is optimized with the Yoast SEO plugin v22.0 - https:\/\/yoast.com\/wordpress\/plugins\/seo\/ -->\n<title>Como o aumento do valor do frete dos correios impacta o seu e-commerce<\/title>\n<meta name=\"description\" content=\"Entenda por que a not\u00edcia sobre o aumento do valor dos Correios foi t\u00e3o impactante para o e-commerce brasileiro e quais s\u00e3o as alternativas.\" \/>\n<meta name=\"robots\" content=\"index, follow, max-snippet:-1, max-image-preview:large, max-video-preview:-1\" \/>\n<link rel=\"canonical\" href=\"https:\/\/nacao.digital\/blog\/aumento-do-valor-frete-dos-correios-e-commerce\/\" \/>\n<meta property=\"og:locale\" content=\"pt_BR\" \/>\n<meta property=\"og:type\" content=\"article\" \/>\n<meta property=\"og:title\" content=\"Como o aumento do valor do frete dos correios impacta o seu e-commerce\" \/>\n<meta property=\"og:description\" content=\"Entenda por que a not\u00edcia sobre o aumento do valor dos Correios foi t\u00e3o impactante para o e-commerce brasileiro e quais s\u00e3o as alternativas.\" \/>\n<meta property=\"og:url\" content=\"https:\/\/nacao.digital\/blog\/aumento-do-valor-frete-dos-correios-e-commerce\/\" \/>\n<meta property=\"og:site_name\" content=\"Blog da Na\u00e7\u00e3o Digital\" \/>\n<meta property=\"article:publisher\" content=\"https:\/\/www.facebook.com\/inbound.commerce\" \/>\n<meta property=\"article:published_time\" content=\"2018-03-02T22:51:26+00:00\" \/>\n<meta property=\"article:modified_time\" content=\"2018-08-08T14:43:49+00:00\" \/>\n<meta property=\"og:image\" content=\"https:\/\/nacao.digital\/blog\/wp-content\/uploads\/2018\/03\/valor-dos-correios.jpg\" \/>\n\t<meta property=\"og:image:width\" content=\"960\" \/>\n\t<meta property=\"og:image:height\" content=\"687\" \/>\n\t<meta property=\"og:image:type\" content=\"image\/jpeg\" \/>\n<meta name=\"author\" content=\"Reda\u00e7\u00e3o - Na\u00e7\u00e3o Digital\" \/>\n<meta name=\"twitter:card\" content=\"summary_large_image\" \/>\n<meta name=\"twitter:label1\" content=\"Escrito por\" \/>\n\t<meta name=\"twitter:data1\" content=\"Reda\u00e7\u00e3o - Na\u00e7\u00e3o Digital\" \/>\n\t<meta name=\"twitter:label2\" content=\"Est. tempo de leitura\" \/>\n\t<meta name=\"twitter:data2\" content=\"6 minutos\" \/>\n<script type=\"application\/ld+json\" class=\"yoast-schema-graph\">{\"@context\":\"https:\/\/schema.org\",\"@graph\":[{\"@type\":\"Article\",\"@id\":\"https:\/\/nacao.digital\/blog\/aumento-do-valor-frete-dos-correios-e-commerce\/#article\",\"isPartOf\":{\"@id\":\"https:\/\/nacao.digital\/blog\/aumento-do-valor-frete-dos-correios-e-commerce\/\"},\"author\":{\"name\":\"Reda\u00e7\u00e3o - Na\u00e7\u00e3o Digital\",\"@id\":\"https:\/\/nacao.digital\/blog\/#\/schema\/person\/4e45d0f5b6d52948e113abab0619dcdc\"},\"headline\":\"Como o aumento do valor do frete dos Correios impacta o seu e-commerce\",\"datePublished\":\"2018-03-02T22:51:26+00:00\",\"dateModified\":\"2018-08-08T14:43:49+00:00\",\"mainEntityOfPage\":{\"@id\":\"https:\/\/nacao.digital\/blog\/aumento-do-valor-frete-dos-correios-e-commerce\/\"},\"wordCount\":1149,\"commentCount\":0,\"publisher\":{\"@id\":\"https:\/\/nacao.digital\/blog\/#organization\"},\"keywords\":[\"E-commerce 2018\",\"e-commerce brasileiro\"],\"articleSection\":[\"E-commerce\"],\"inLanguage\":\"pt-BR\",\"potentialAction\":[{\"@type\":\"CommentAction\",\"name\":\"Comment\",\"target\":[\"https:\/\/nacao.digital\/blog\/aumento-do-valor-frete-dos-correios-e-commerce\/#respond\"]}]},{\"@type\":\"WebPage\",\"@id\":\"https:\/\/nacao.digital\/blog\/aumento-do-valor-frete-dos-correios-e-commerce\/\",\"url\":\"https:\/\/nacao.digital\/blog\/aumento-do-valor-frete-dos-correios-e-commerce\/\",\"name\":\"Como o aumento do valor do frete dos correios impacta o seu e-commerce\",\"isPartOf\":{\"@id\":\"https:\/\/nacao.digital\/blog\/#website\"},\"datePublished\":\"2018-03-02T22:51:26+00:00\",\"dateModified\":\"2018-08-08T14:43:49+00:00\",\"description\":\"Entenda por que a not\u00edcia sobre o aumento do valor dos Correios foi t\u00e3o impactante para o e-commerce brasileiro e quais s\u00e3o as alternativas.\",\"breadcrumb\":{\"@id\":\"https:\/\/nacao.digital\/blog\/aumento-do-valor-frete-dos-correios-e-commerce\/#breadcrumb\"},\"inLanguage\":\"pt-BR\",\"potentialAction\":[{\"@type\":\"ReadAction\",\"target\":[\"https:\/\/nacao.digital\/blog\/aumento-do-valor-frete-dos-correios-e-commerce\/\"]}]},{\"@type\":\"BreadcrumbList\",\"@id\":\"https:\/\/nacao.digital\/blog\/aumento-do-valor-frete-dos-correios-e-commerce\/#breadcrumb\",\"itemListElement\":[{\"@type\":\"ListItem\",\"position\":1,\"name\":\"In\u00edcio\",\"item\":\"https:\/\/nacao.digital\/blog\/\"},{\"@type\":\"ListItem\",\"position\":2,\"name\":\"Como o aumento do valor do frete dos Correios impacta o seu e-commerce\"}]},{\"@type\":\"WebSite\",\"@id\":\"https:\/\/nacao.digital\/blog\/#website\",\"url\":\"https:\/\/nacao.digital\/blog\/\",\"name\":\"Blog da Na\u00e7\u00e3o Digital\",\"description\":\"Aprenda as melhores estrat\u00e9gias para atrair p\u00fablico mais segmentado, converter mais e vender muito. Tudo isso usando a metodologia de Inbound Marketing para E-commerce.\",\"publisher\":{\"@id\":\"https:\/\/nacao.digital\/blog\/#organization\"},\"potentialAction\":[{\"@type\":\"SearchAction\",\"target\":{\"@type\":\"EntryPoint\",\"urlTemplate\":\"https:\/\/nacao.digital\/blog\/?s={search_term_string}\"},\"query-input\":\"required name=search_term_string\"}],\"inLanguage\":\"pt-BR\"},{\"@type\":\"Organization\",\"@id\":\"https:\/\/nacao.digital\/blog\/#organization\",\"name\":\"Na\u00e7\u00e3o Digital\",\"url\":\"https:\/\/nacao.digital\/blog\/\",\"logo\":{\"@type\":\"ImageObject\",\"inLanguage\":\"pt-BR\",\"@id\":\"https:\/\/nacao.digital\/blog\/#\/schema\/logo\/image\/\",\"url\":\"https:\/\/nacao.digital\/blog\/wp-content\/uploads\/2018\/05\/nacao-digital.jpg\",\"contentUrl\":\"https:\/\/nacao.digital\/blog\/wp-content\/uploads\/2018\/05\/nacao-digital.jpg\",\"width\":590,\"height\":389,\"caption\":\"Na\u00e7\u00e3o Digital\"},\"image\":{\"@id\":\"https:\/\/nacao.digital\/blog\/#\/schema\/logo\/image\/\"},\"sameAs\":[\"https:\/\/www.facebook.com\/inbound.commerce\",\"https:\/\/www.instagram.com\/nacaodigital\/\",\"https:\/\/pt.linkedin.com\/company\/na\u00e7\u00e3o-digital\"]},{\"@type\":\"Person\",\"@id\":\"https:\/\/nacao.digital\/blog\/#\/schema\/person\/4e45d0f5b6d52948e113abab0619dcdc\",\"name\":\"Reda\u00e7\u00e3o - Na\u00e7\u00e3o Digital\",\"image\":{\"@type\":\"ImageObject\",\"inLanguage\":\"pt-BR\",\"@id\":\"https:\/\/nacao.digital\/blog\/#\/schema\/person\/image\/\",\"url\":\"https:\/\/secure.gravatar.com\/avatar\/02e4691d00230d3425c562e7e363f571?s=96&d=mm&r=g\",\"contentUrl\":\"https:\/\/secure.gravatar.com\/avatar\/02e4691d00230d3425c562e7e363f571?s=96&d=mm&r=g\",\"caption\":\"Reda\u00e7\u00e3o - Na\u00e7\u00e3o Digital\"},\"description\":\"Equipe de Reda\u00e7\u00e3o da Na\u00e7\u00e3o Digital\",\"sameAs\":[\"http:\/\/nacao.digital\"],\"url\":\"https:\/\/nacao.digital\/blog\/author\/redacao\/\"}]}<\/script>\n<!-- \/ Yoast SEO plugin. -->","yoast_head_json":{"title":"Como o aumento do valor do frete dos correios impacta o seu e-commerce","description":"Entenda por que a not\u00edcia sobre o aumento do valor dos Correios foi t\u00e3o impactante para o e-commerce brasileiro e quais s\u00e3o as alternativas.","robots":{"index":"index","follow":"follow","max-snippet":"max-snippet:-1","max-image-preview":"max-image-preview:large","max-video-preview":"max-video-preview:-1"},"canonical":"https:\/\/nacao.digital\/blog\/aumento-do-valor-frete-dos-correios-e-commerce\/","og_locale":"pt_BR","og_type":"article","og_title":"Como o aumento do valor do frete dos correios impacta o seu e-commerce","og_description":"Entenda por que a not\u00edcia sobre o aumento do valor dos Correios foi t\u00e3o impactante para o e-commerce brasileiro e quais s\u00e3o as alternativas.","og_url":"https:\/\/nacao.digital\/blog\/aumento-do-valor-frete-dos-correios-e-commerce\/","og_site_name":"Blog da Na\u00e7\u00e3o Digital","article_publisher":"https:\/\/www.facebook.com\/inbound.commerce","article_published_time":"2018-03-02T22:51:26+00:00","article_modified_time":"2018-08-08T14:43:49+00:00","og_image":[{"width":960,"height":687,"url":"https:\/\/nacao.digital\/blog\/wp-content\/uploads\/2018\/03\/valor-dos-correios.jpg","type":"image\/jpeg"}],"author":"Reda\u00e7\u00e3o - Na\u00e7\u00e3o Digital","twitter_card":"summary_large_image","twitter_misc":{"Escrito por":"Reda\u00e7\u00e3o - Na\u00e7\u00e3o Digital","Est. tempo de leitura":"6 minutos"},"schema":{"@context":"https:\/\/schema.org","@graph":[{"@type":"Article","@id":"https:\/\/nacao.digital\/blog\/aumento-do-valor-frete-dos-correios-e-commerce\/#article","isPartOf":{"@id":"https:\/\/nacao.digital\/blog\/aumento-do-valor-frete-dos-correios-e-commerce\/"},"author":{"name":"Reda\u00e7\u00e3o - Na\u00e7\u00e3o Digital","@id":"https:\/\/nacao.digital\/blog\/#\/schema\/person\/4e45d0f5b6d52948e113abab0619dcdc"},"headline":"Como o aumento do valor do frete dos Correios impacta o seu e-commerce","datePublished":"2018-03-02T22:51:26+00:00","dateModified":"2018-08-08T14:43:49+00:00","mainEntityOfPage":{"@id":"https:\/\/nacao.digital\/blog\/aumento-do-valor-frete-dos-correios-e-commerce\/"},"wordCount":1149,"commentCount":0,"publisher":{"@id":"https:\/\/nacao.digital\/blog\/#organization"},"keywords":["E-commerce 2018","e-commerce brasileiro"],"articleSection":["E-commerce"],"inLanguage":"pt-BR","potentialAction":[{"@type":"CommentAction","name":"Comment","target":["https:\/\/nacao.digital\/blog\/aumento-do-valor-frete-dos-correios-e-commerce\/#respond"]}]},{"@type":"WebPage","@id":"https:\/\/nacao.digital\/blog\/aumento-do-valor-frete-dos-correios-e-commerce\/","url":"https:\/\/nacao.digital\/blog\/aumento-do-valor-frete-dos-correios-e-commerce\/","name":"Como o aumento do valor do frete dos correios impacta o seu e-commerce","isPartOf":{"@id":"https:\/\/nacao.digital\/blog\/#website"},"datePublished":"2018-03-02T22:51:26+00:00","dateModified":"2018-08-08T14:43:49+00:00","description":"Entenda por que a not\u00edcia sobre o aumento do valor dos Correios foi t\u00e3o impactante para o e-commerce brasileiro e quais s\u00e3o as alternativas.","breadcrumb":{"@id":"https:\/\/nacao.digital\/blog\/aumento-do-valor-frete-dos-correios-e-commerce\/#breadcrumb"},"inLanguage":"pt-BR","potentialAction":[{"@type":"ReadAction","target":["https:\/\/nacao.digital\/blog\/aumento-do-valor-frete-dos-correios-e-commerce\/"]}]},{"@type":"BreadcrumbList","@id":"https:\/\/nacao.digital\/blog\/aumento-do-valor-frete-dos-correios-e-commerce\/#breadcrumb","itemListElement":[{"@type":"ListItem","position":1,"name":"In\u00edcio","item":"https:\/\/nacao.digital\/blog\/"},{"@type":"ListItem","position":2,"name":"Como o aumento do valor do frete dos Correios impacta o seu e-commerce"}]},{"@type":"WebSite","@id":"https:\/\/nacao.digital\/blog\/#website","url":"https:\/\/nacao.digital\/blog\/","name":"Blog da Na\u00e7\u00e3o Digital","description":"Aprenda as melhores estrat\u00e9gias para atrair p\u00fablico mais segmentado, converter mais e vender muito. Tudo isso usando a metodologia de Inbound Marketing para E-commerce.","publisher":{"@id":"https:\/\/nacao.digital\/blog\/#organization"},"potentialAction":[{"@type":"SearchAction","target":{"@type":"EntryPoint","urlTemplate":"https:\/\/nacao.digital\/blog\/?s={search_term_string}"},"query-input":"required name=search_term_string"}],"inLanguage":"pt-BR"},{"@type":"Organization","@id":"https:\/\/nacao.digital\/blog\/#organization","name":"Na\u00e7\u00e3o Digital","url":"https:\/\/nacao.digital\/blog\/","logo":{"@type":"ImageObject","inLanguage":"pt-BR","@id":"https:\/\/nacao.digital\/blog\/#\/schema\/logo\/image\/","url":"https:\/\/nacao.digital\/blog\/wp-content\/uploads\/2018\/05\/nacao-digital.jpg","contentUrl":"https:\/\/nacao.digital\/blog\/wp-content\/uploads\/2018\/05\/nacao-digital.jpg","width":590,"height":389,"caption":"Na\u00e7\u00e3o Digital"},"image":{"@id":"https:\/\/nacao.digital\/blog\/#\/schema\/logo\/image\/"},"sameAs":["https:\/\/www.facebook.com\/inbound.commerce","https:\/\/www.instagram.com\/nacaodigital\/","https:\/\/pt.linkedin.com\/company\/na\u00e7\u00e3o-digital"]},{"@type":"Person","@id":"https:\/\/nacao.digital\/blog\/#\/schema\/person\/4e45d0f5b6d52948e113abab0619dcdc","name":"Reda\u00e7\u00e3o - Na\u00e7\u00e3o Digital","image":{"@type":"ImageObject","inLanguage":"pt-BR","@id":"https:\/\/nacao.digital\/blog\/#\/schema\/person\/image\/","url":"https:\/\/secure.gravatar.com\/avatar\/02e4691d00230d3425c562e7e363f571?s=96&d=mm&r=g","contentUrl":"https:\/\/secure.gravatar.com\/avatar\/02e4691d00230d3425c562e7e363f571?s=96&d=mm&r=g","caption":"Reda\u00e7\u00e3o - Na\u00e7\u00e3o Digital"},"description":"Equipe de Reda\u00e7\u00e3o da Na\u00e7\u00e3o Digital","sameAs":["http:\/\/nacao.digital"],"url":"https:\/\/nacao.digital\/blog\/author\/redacao\/"}]}},"amp_enabled":true,"_links":{"self":[{"href":"https:\/\/nacao.digital\/blog\/wp-json\/wp\/v2\/posts\/1330"}],"collection":[{"href":"https:\/\/nacao.digital\/blog\/wp-json\/wp\/v2\/posts"}],"about":[{"href":"https:\/\/nacao.digital\/blog\/wp-json\/wp\/v2\/types\/post"}],"author":[{"embeddable":true,"href":"https:\/\/nacao.digital\/blog\/wp-json\/wp\/v2\/users\/7"}],"replies":[{"embeddable":true,"href":"https:\/\/nacao.digital\/blog\/wp-json\/wp\/v2\/comments?post=1330"}],"version-history":[{"count":0,"href":"https:\/\/nacao.digital\/blog\/wp-json\/wp\/v2\/posts\/1330\/revisions"}],"wp:featuredmedia":[{"embeddable":true,"href":"https:\/\/nacao.digital\/blog\/wp-json\/wp\/v2\/media\/1331"}],"wp:attachment":[{"href":"https:\/\/nacao.digital\/blog\/wp-json\/wp\/v2\/media?parent=1330"}],"wp:term":[{"taxonomy":"category","embeddable":true,"href":"https:\/\/nacao.digital\/blog\/wp-json\/wp\/v2\/categories?post=1330"},{"taxonomy":"post_tag","embeddable":true,"href":"https:\/\/nacao.digital\/blog\/wp-json\/wp\/v2\/tags?post=1330"},{"taxonomy":"post_series","embeddable":true,"href":"https:\/\/nacao.digital\/blog\/wp-json\/wp\/v2\/post_series?post=1330"}],"curies":[{"name":"wp","href":"https:\/\/api.w.org\/{rel}","templated":true}]}}