{"id":1877,"date":"2018-07-16T07:30:19","date_gmt":"2018-07-16T10:30:19","guid":{"rendered":"http:\/\/nacao.digital\/blog\/?p=1877"},"modified":"2022-01-20T13:46:23","modified_gmt":"2022-01-20T16:46:23","slug":"como-utilizar-o-igtv-em-negocios","status":"publish","type":"post","link":"https:\/\/nacao.digital\/blog\/como-utilizar-o-igtv-em-negocios\/","title":{"rendered":"Como utilizar o IGTV para impulsionar neg\u00f3cios em 2022"},"content":{"rendered":"<p class=\"last-modified\"> <b> <i> Este conte\u00fado foi atualizado em: 20\/01\/2022 <\/i> <\/b> <\/p>\n<p>Os formatos audiovisuais s\u00e3o a grande tend\u00eancia de marketing para este ano e os pr\u00f3ximos. Pensando nisso, as marcas devem ter dom\u00ednio sobre como utilizar o IGTV, a plataforma de v\u00eddeo do Instagram.<\/p>\n\n\n\n<!--more-->\n\n\n\n<p>Consultorias j\u00e1 projetam que os <a href=\"https:\/\/www.cisco.com\/c\/pt_pt\/about\/press\/news-archive-2017\/20170208.html\" target=\"_blank\" rel=\"noopener noreferrer\">conte\u00fados em v\u00eddeo no celular<\/a> ser\u00e3o respons\u00e1veis por 78% do tr\u00e1fego total de dados m\u00f3veis em 2022, colocando o IGTV e demais ferramentas que trabalham com esse formato no centro de muitas estrat\u00e9gias das marcas.<\/p>\n\n\n\n<p>Neste artigo, saiba como aproveitar o IGTV no <a href=\"http:\/\/nacao.digital\/blog\/instagram-stories-e-commerce\/\" target=\"_blank\" rel=\"noopener noreferrer\">plano de marketing digital da sua empresa<\/a>!<\/p>\n\n\n\n<h2 class=\"wp-block-heading\">Formatos, qualidade e dura\u00e7\u00e3o do v\u00eddeo<\/h2>\n\n\n\n<p>Os v\u00eddeos do IGTV podem ter at\u00e9 uma hora de dura\u00e7\u00e3o e serem publicados em alta resolu\u00e7\u00e3o; essa funcionalidade aumenta a possibilidades de cria\u00e7\u00e3o de conte\u00fados e de relacionamento com o p\u00fablico.<\/p>\n\n\n\n<p>Para come\u00e7ar a produzir os v\u00eddeos da sua empresa, crie uma conta no IGTV para que o conte\u00fado fique centralizado na plataforma. Acesse pelo Instagram ou fa\u00e7a download do pr\u00f3prio aplicativo.<\/p>\n\n\n\n<p>O formato de v\u00eddeo do IGTV \u00e9 vertical e recomenda-se usar resolu\u00e7\u00e3o de 1.080 x 1.920 pixels e 30 quadros por segundo em arquivo MP4. A propor\u00e7\u00e3o de um v\u00eddeo na vertical deve ser de 9:16, e na horizontal, de 16:9. A foto de capa deve ter 420 x 654 pixels em .png ou .jpg.<\/p>\n\n\n\n<p>O conte\u00fado deve ter ao menos 1 minuto de dura\u00e7\u00e3o, com m\u00e1xima de 15 minutos (ao ser carregado de um dispositivo m\u00f3vel) ou 60 minutos (quando carregado pela web).<\/p>\n\n\n\n<div class=\"wp-block-image size-full wp-image-5603\"><figure class=\"aligncenter\"><img decoding=\"async\" width=\"700\" height=\"491\" src=\"https:\/\/nacao.digital\/blog\/wp-content\/uploads\/2018\/07\/como-utilizar-o-igtv.jpg\" alt=\"como-utilizar-o-igtv\" class=\"wp-image-5603\" srcset=\"https:\/\/nacao.digital\/blog\/wp-content\/uploads\/2018\/07\/como-utilizar-o-igtv.jpg 700w, https:\/\/nacao.digital\/blog\/wp-content\/uploads\/2018\/07\/como-utilizar-o-igtv-300x210.jpg 300w\" sizes=\"(max-width: 700px) 100vw, 700px\" \/><figcaption>Use c\u00e2meras de qualidade, do celular ou uma DSLR.<\/figcaption><\/figure><\/div>\n\n\n\n<p>Uma dica para quem vai gravar com a c\u00e2mera do celular \u00e9 ativar o recurso de grade para ajudar no enquadramento e na composi\u00e7\u00e3o do cen\u00e1rio. Se tiver um equipamento DSLR, basta gravar com a c\u00e2mera na vertical.<\/p>\n\n\n\n<p>Ilumina\u00e7\u00e3o e som s\u00e3o outros dois aspectos importantes. Procure gravar pr\u00f3ximo a uma grande janela pela manh\u00e3 e, assim, aproveitar a luminosidade natural. Atente-se \u00e0 clareza do \u00e1udio e, se necess\u00e1rio, acrescente um microfone. Fa\u00e7a testes e verifique o que funciona melhor.<\/p>\n\n\n\n<p>Depois que os materiais foram produzidos e editados, \u00e9 hora de aprender como colocar v\u00eddeos no IGTV. \u00c9 poss\u00edvel carregar o conte\u00fado pelo aplicativo ou pela web. <a href=\"https:\/\/help.instagram.com\/225190788256708?helpref=faq_content\" target=\"_blank\" rel=\"noopener noreferrer\">Confira dois tutoriais completos<\/a>.<\/p>\n\n\n\n<h2 class=\"wp-block-heading\">Melhores pr\u00e1ticas de conte\u00fado no IGTV para empresas<\/h2>\n\n\n\n<p>Se a sua empresa trabalha com <a href=\"https:\/\/nacao.digital\/blog\/inbound-marketing\/\" target=\"_blank\" rel=\"noopener noreferrer\">Inbound Marketing<\/a>, aplicar o funil de vendas \u00e9 altamente recomendado no Instagram TV.<\/p>\n\n\n\n<p>No topo, os visitantes descobrem que t\u00eam uma necessidade ou problema a ser resolvido, at\u00e9 ent\u00e3o desconhecido. O foco \u00e9 educar e informar o lead. No meio do funil, o problema j\u00e1 \u00e9 reconhecido e considera-se uma solu\u00e7\u00e3o, ou seja, o conte\u00fado tem objetivo de engajar.<\/p>\n\n\n\n<p>J\u00e1 no fundo de funil, os leads qualificados tornam-se oportunidades. Eles est\u00e3o cientes dos problemas e buscam solu\u00e7\u00f5es. Os conte\u00fados de fundo s\u00e3o voltados para que ele decida pelo melhor produto ou servi\u00e7o.<\/p>\n\n\n\n<ul><li><strong>Leia tamb\u00e9m: <a href=\"https:\/\/nacao.digital\/blog\/conteudo-para-redes-sociais\/\" target=\"_blank\" rel=\"noopener noreferrer\">Conte\u00fado para redes sociais: o que de fato funciona para e-commerces<\/a><\/strong><\/li><\/ul>\n\n\n\n<p>Use conte\u00fados de topo de funil para atrair e nutrir seus seguidores. Se o seu neg\u00f3cio atua no ramo de semijoias, por exemplo, algumas ideias para IGTV s\u00e3o tend\u00eancias para a pr\u00f3xima esta\u00e7\u00e3o, dicas de como usar os acess\u00f3rios e compartilhamento de cenas dos bastidores e do processo criativo. Assim, seu p\u00fablico-alvo ter\u00e1 a chance de conhecer a empresa por dentro e por fora.<\/p>\n\n\n\n<h3 class=\"wp-block-heading\">Conex\u00e3o com a audi\u00eancia<\/h3>\n\n\n\n<p>N\u00e3o hesite em exibir sua marca de todos os \u00e2ngulos, pois o p\u00fablico aprecia honestidade, transpar\u00eancia e se identifica com uma comunica\u00e7\u00e3o humanizada. O resultado desse processo ser\u00e1 uma conex\u00e3o mais profunda com a sua empresa.<\/p>\n\n\n\n<p>Lembre-se: voc\u00ea precisa criar relacionamentos com a audi\u00eancia, e n\u00e3o somente promover seu neg\u00f3cio.<\/p>\n\n\n\n<p>Marcas de produtos de beleza, como maquiagem e skincare, encontram um campo promissor no IGTV para apresentar produtos e educar o consumidor. Organize-se em um calend\u00e1rio editorial para criar v\u00eddeos para o Instagram com tutoriais, truques de maquiagem, inspira\u00e7\u00f5es de looks e tend\u00eancias de beleza.<\/p>\n\n\n\n<div class=\"wp-block-image size-full wp-image-5604\"><figure class=\"aligncenter\"><img decoding=\"async\" width=\"700\" height=\"409\" src=\"https:\/\/nacao.digital\/blog\/wp-content\/uploads\/2018\/07\/como-utilizar-o-igtv-1.jpg\" alt=\"como-utilizar-o-igtv\" class=\"wp-image-5604\" srcset=\"https:\/\/nacao.digital\/blog\/wp-content\/uploads\/2018\/07\/como-utilizar-o-igtv-1.jpg 700w, https:\/\/nacao.digital\/blog\/wp-content\/uploads\/2018\/07\/como-utilizar-o-igtv-1-300x175.jpg 300w\" sizes=\"(max-width: 700px) 100vw, 700px\" \/><figcaption>A gera\u00e7\u00e3o de conte\u00fado no IGTV \u00e9 uma grande oportunidade para marcas de beleza.<\/figcaption><\/figure><\/div>\n\n\n\n<p>Que tal uma s\u00e9rie para gerar expectativa na sua audi\u00eancia? Escolha um assunto que repercuta entre o p\u00fablico-alvo e publique a sequ\u00eancia sempre no dia e hor\u00e1rio estabelecidos.<\/p>\n\n\n\n<p>Manter uma est\u00e9tica consistente e comum a todos os conte\u00fados \u00e9 uma maneira de refor\u00e7ar a identidade da empresa. \u00c9 poss\u00edvel incluir textos, filtros e gr\u00e1ficos para conseguir um perfil harm\u00f4nico e chamar a aten\u00e7\u00e3o.<\/p>\n\n\n\n<p>Ao criar conte\u00fados, n\u00e3o se concentre somente no teor do v\u00eddeo, mas tamb\u00e9m na sua dura\u00e7\u00e3o. Materiais muito curtos podem n\u00e3o engajar tanto, e os muito longos podem dispersar o seguidor. O objetivo do IGTV \u00e9 entregar conte\u00fado que realmente agregue valor para quem assiste.<\/p>\n\n\n\n<h3 class=\"wp-block-heading\"><em>Call to action<\/em><\/h3>\n\n\n\n<p>Procure levar os usu\u00e1rios para outros canais. Conclua o seu v\u00eddeo direcionando para o blog ou e-commerce da empresa, mencionando frases como: \u201cComente o que achou deste v\u00eddeo\u201d, \u201cVisite nosso blog e saiba mais\u201d, \u201cAcesse nosso site\u201d.<\/p>\n\n\n\n<ul><li><strong>Leia tamb\u00e9m: <\/strong><a href=\"https:\/\/nacao.digital\/blog\/10-exemplos-de-call-to-action-otimos-para-se-inspirar\/\" target=\"_blank\" rel=\"noopener noreferrer\"><strong>Conhe\u00e7a 10 exemplos de CTA \u00f3timos para se inspirar.<\/strong><\/a><\/li><\/ul>\n\n\n\n<h3 class=\"wp-block-heading\">Edi\u00e7\u00e3o<\/h3>\n\n\n\n<p>Finalizada a grava\u00e7\u00e3o, \u00e9 hora de editar o conte\u00fado para o Instagram TV, o que pode ser feito direto no celular, com aplicativos. A pr\u00f3pria rede social recomenda alguns:<\/p>\n\n\n\n<ul><li><strong><a href=\"https:\/\/clipchamp.com\/pt-br\/video-editor\/\">Clipchamp<\/a>:<\/strong> permite fazer a edi\u00e7\u00e3o de maneira extremamente f\u00e1cil e r\u00e1pida. Tem todas as funcionalidades de filtros, cortes, legendas e mais. Permite que voc\u00ea use templates personaliz\u00e1veis, que ajudam muito quem est\u00e1 criando do zero. Tem vers\u00e3o gratuita e vers\u00f5es pagas que diferem dependendo de estoque de audio, video, banco de imagens, entre outros.<\/li><li><strong>InShot<\/strong>: permite adicionar filtros, adesivos, texto e m\u00fasica. Faz cortes, desfoca o fundo e funciona para formatos de v\u00eddeos do IGTV, YouTube, Tik Tok e WhatsApp. Gratuito, mas tem vers\u00e3o paga, para <a href=\"https:\/\/play.google.com\/store\/apps\/details?id=com.camerasideas.instashot&amp;hl=pt_BR\" target=\"_blank\" rel=\"noopener noreferrer\">Android<\/a> e <a href=\"https:\/\/apps.apple.com\/pt\/app\/inshot-video-editor\/id997362197\" target=\"_blank\" rel=\"noopener noreferrer\">iOS<\/a>.<\/li><li><strong>VideoGrade<\/strong>: \u00e9 um editor de cores e que ajusta a imagem como a pessoa quiser. \u00c9 poss\u00edvel transformar exposi\u00e7\u00e3o, contraste, temperatura, nitidez, brilho, satura\u00e7\u00e3o, tonalidade, matiz, entre outros. Aplicativo pago para <a href=\"https:\/\/apps.apple.com\/pt\/app\/videograde\/id492488712\" target=\"_blank\" rel=\"noopener noreferrer\">iOS<\/a>.<\/li><\/ul>\n\n\n\n<div class=\"wp-block-image\"><figure class=\"aligncenter\"><a href=\"https:\/\/conteudo.nacao.digital\/ebook-99-ferramentas\/?utm_source=blog&amp;utm_medium=post&amp;utm_content=banner-99-ferramentas&amp;utm_campaign=como-utilizar-o-igtv\" target=\"_blank\" rel=\"noopener noreferrer\"><img decoding=\"async\" width=\"750\" height=\"100\" src=\"https:\/\/nacao.digital\/blog\/wp-content\/uploads\/2020\/04\/nacao-99-ferramentas-fino.jpg\" alt=\"\" class=\"wp-image-5532\" srcset=\"https:\/\/nacao.digital\/blog\/wp-content\/uploads\/2020\/04\/nacao-99-ferramentas-fino.jpg 750w, https:\/\/nacao.digital\/blog\/wp-content\/uploads\/2020\/04\/nacao-99-ferramentas-fino-300x40.jpg 300w\" sizes=\"(max-width: 750px) 100vw, 750px\" \/><\/a><\/figure><\/div>\n\n\n\n<h2 class=\"wp-block-heading\">Insights do IGTV<\/h2>\n\n\n\n<p>Explore a \u00e1rea de insights para acessar informa\u00e7\u00f5es anal\u00edticas sobre a performance dos v\u00eddeos de seu canal. \u00c9 poss\u00edvel ver o n\u00famero de curtidas, compartilhamentos, visualiza\u00e7\u00f5es e reten\u00e7\u00e3o do p\u00fablico, que revela em que momento as pessoas deixaram de assistir ou avan\u00e7aram. Analise esses dados para ajustar o conte\u00fado e, assim, atingir os resultados da campanha.<\/p>\n\n\n\n<h2 class=\"wp-block-heading\">Divulga\u00e7\u00e3o do conte\u00fado<\/h2>\n\n\n\n<p>Promova o v\u00eddeo nas redes sociais e fa\u00e7a com que seu p\u00fablico o descubra. Os materiais publicados no IGTV t\u00eam URLs pr\u00f3prias, simplificando o compartilhamento. \u00c9 poss\u00edvel inseri-los tamb\u00e9m na p\u00e1gina do Facebook.<\/p>\n\n\n\n<p>Use as pr\u00e9vias de cada v\u00eddeo e publique-as no Instagram Stories (o usu\u00e1rio clica e vai para o conte\u00fado completo) e no feed (o v\u00eddeo come\u00e7a a rodar, mas \u00e9 pausado em certo ponto e os usu\u00e1rios precisam tocar em \u201cContinuar\u201d para assisti-lo integralmente).<\/p>\n\n\n\n<p>Antes de gravar, verifique se o tipo de conte\u00fado proposto se alinha \u00e0 sua marca e \u00e0s metas de marketing digital. Mesmo que o objetivo seja <a href=\"https:\/\/nacao.digital\/blog\/use-redes-sociais-para-aumentar-as-visitas-do-seu-e-commerce\/\" target=\"_blank\" rel=\"noopener noreferrer\">direcionar visitantes para o seu e-commerce<\/a> ou aumentar as vendas, n\u00e3o se esque\u00e7a de encantar sua audi\u00eancia com um v\u00eddeo bem produzido e relevante. Assim, voc\u00ea cria uma rela\u00e7\u00e3o duradoura e leva as pessoas a comentarem sobre sua empresa.<\/p>\n\n\n\n<p>Atualize-se sobre redes sociais e o uso de v\u00eddeos em campanhas de marketing digital. Acompanhe o <a href=\"https:\/\/nacao.digital\/blog\/\" target=\"_blank\" rel=\"noreferrer noopener\">Blog da Na\u00e7\u00e3o Digital!<\/a><\/p>\n\n\n\n<p><\/p>\n","protected":false},"excerpt":{"rendered":"<p>Este conte\u00fado foi atualizado em: 20\/01\/2022 Os formatos audiovisuais s\u00e3o a grande tend\u00eancia de marketing para este ano e os pr\u00f3ximos. Pensando nisso, as marcas devem ter dom\u00ednio sobre como utilizar o IGTV, a plataforma de v\u00eddeo do Instagram.<\/p>\n","protected":false},"author":7,"featured_media":5605,"comment_status":"open","ping_status":"open","sticky":false,"template":"","format":"standard","meta":{"footnotes":""},"categories":[312],"tags":[322],"post_series":[],"yoast_head":"<!-- This site is optimized with the Yoast SEO plugin v22.0 - https:\/\/yoast.com\/wordpress\/plugins\/seo\/ -->\n<title>Como utilizar o IGTV para impulsionar neg\u00f3cios em 2021<\/title>\n<meta name=\"description\" content=\"Aprenda estrat\u00e9gias de como utilizar o IGTV para impulsionar sua marca e gerar tr\u00e1fego para o site!\" \/>\n<meta name=\"robots\" content=\"index, follow, max-snippet:-1, max-image-preview:large, max-video-preview:-1\" \/>\n<link rel=\"canonical\" href=\"https:\/\/nacao.digital\/blog\/como-utilizar-o-igtv-em-negocios\/\" \/>\n<meta property=\"og:locale\" content=\"pt_BR\" \/>\n<meta property=\"og:type\" content=\"article\" \/>\n<meta property=\"og:title\" content=\"Como utilizar o IGTV para impulsionar neg\u00f3cios em 2021\" \/>\n<meta property=\"og:description\" content=\"Aprenda estrat\u00e9gias de como utilizar o IGTV para impulsionar sua marca e gerar tr\u00e1fego para o site!\" \/>\n<meta property=\"og:url\" content=\"https:\/\/nacao.digital\/blog\/como-utilizar-o-igtv-em-negocios\/\" \/>\n<meta property=\"og:site_name\" content=\"Blog da Na\u00e7\u00e3o Digital\" \/>\n<meta property=\"article:publisher\" content=\"https:\/\/www.facebook.com\/inbound.commerce\" \/>\n<meta property=\"article:published_time\" content=\"2018-07-16T10:30:19+00:00\" \/>\n<meta property=\"article:modified_time\" content=\"2022-01-20T16:46:23+00:00\" \/>\n<meta property=\"og:image\" content=\"https:\/\/nacao.digital\/blog\/wp-content\/uploads\/2018\/07\/como-utilizar-o-igtv-2.jpg\" \/>\n\t<meta property=\"og:image:width\" content=\"1500\" \/>\n\t<meta property=\"og:image:height\" content=\"800\" \/>\n\t<meta property=\"og:image:type\" content=\"image\/jpeg\" \/>\n<meta name=\"author\" content=\"Reda\u00e7\u00e3o - Na\u00e7\u00e3o Digital\" \/>\n<meta name=\"twitter:card\" content=\"summary_large_image\" \/>\n<meta name=\"twitter:label1\" content=\"Escrito por\" \/>\n\t<meta name=\"twitter:data1\" content=\"Reda\u00e7\u00e3o - Na\u00e7\u00e3o Digital\" \/>\n\t<meta name=\"twitter:label2\" content=\"Est. tempo de leitura\" \/>\n\t<meta name=\"twitter:data2\" content=\"8 minutos\" \/>\n<script type=\"application\/ld+json\" class=\"yoast-schema-graph\">{\"@context\":\"https:\/\/schema.org\",\"@graph\":[{\"@type\":\"Article\",\"@id\":\"https:\/\/nacao.digital\/blog\/como-utilizar-o-igtv-em-negocios\/#article\",\"isPartOf\":{\"@id\":\"https:\/\/nacao.digital\/blog\/como-utilizar-o-igtv-em-negocios\/\"},\"author\":{\"name\":\"Reda\u00e7\u00e3o - Na\u00e7\u00e3o Digital\",\"@id\":\"https:\/\/nacao.digital\/blog\/#\/schema\/person\/4e45d0f5b6d52948e113abab0619dcdc\"},\"headline\":\"Como utilizar o IGTV para impulsionar neg\u00f3cios em 2022\",\"datePublished\":\"2018-07-16T10:30:19+00:00\",\"dateModified\":\"2022-01-20T16:46:23+00:00\",\"mainEntityOfPage\":{\"@id\":\"https:\/\/nacao.digital\/blog\/como-utilizar-o-igtv-em-negocios\/\"},\"wordCount\":1326,\"commentCount\":0,\"publisher\":{\"@id\":\"https:\/\/nacao.digital\/blog\/#organization\"},\"keywords\":[\"como utilizar o igtv\"],\"articleSection\":[\"Marketing\"],\"inLanguage\":\"pt-BR\",\"potentialAction\":[{\"@type\":\"CommentAction\",\"name\":\"Comment\",\"target\":[\"https:\/\/nacao.digital\/blog\/como-utilizar-o-igtv-em-negocios\/#respond\"]}]},{\"@type\":\"WebPage\",\"@id\":\"https:\/\/nacao.digital\/blog\/como-utilizar-o-igtv-em-negocios\/\",\"url\":\"https:\/\/nacao.digital\/blog\/como-utilizar-o-igtv-em-negocios\/\",\"name\":\"Como utilizar o IGTV para impulsionar neg\u00f3cios em 2021\",\"isPartOf\":{\"@id\":\"https:\/\/nacao.digital\/blog\/#website\"},\"datePublished\":\"2018-07-16T10:30:19+00:00\",\"dateModified\":\"2022-01-20T16:46:23+00:00\",\"description\":\"Aprenda estrat\u00e9gias de como utilizar o IGTV para impulsionar sua marca e gerar tr\u00e1fego para o site!\",\"breadcrumb\":{\"@id\":\"https:\/\/nacao.digital\/blog\/como-utilizar-o-igtv-em-negocios\/#breadcrumb\"},\"inLanguage\":\"pt-BR\",\"potentialAction\":[{\"@type\":\"ReadAction\",\"target\":[\"https:\/\/nacao.digital\/blog\/como-utilizar-o-igtv-em-negocios\/\"]}]},{\"@type\":\"BreadcrumbList\",\"@id\":\"https:\/\/nacao.digital\/blog\/como-utilizar-o-igtv-em-negocios\/#breadcrumb\",\"itemListElement\":[{\"@type\":\"ListItem\",\"position\":1,\"name\":\"In\u00edcio\",\"item\":\"https:\/\/nacao.digital\/blog\/\"},{\"@type\":\"ListItem\",\"position\":2,\"name\":\"Como utilizar o IGTV para impulsionar neg\u00f3cios em 2022\"}]},{\"@type\":\"WebSite\",\"@id\":\"https:\/\/nacao.digital\/blog\/#website\",\"url\":\"https:\/\/nacao.digital\/blog\/\",\"name\":\"Blog da Na\u00e7\u00e3o Digital\",\"description\":\"Aprenda as melhores estrat\u00e9gias para atrair p\u00fablico mais segmentado, converter mais e vender muito. Tudo isso usando a metodologia de Inbound Marketing para E-commerce.\",\"publisher\":{\"@id\":\"https:\/\/nacao.digital\/blog\/#organization\"},\"potentialAction\":[{\"@type\":\"SearchAction\",\"target\":{\"@type\":\"EntryPoint\",\"urlTemplate\":\"https:\/\/nacao.digital\/blog\/?s={search_term_string}\"},\"query-input\":\"required name=search_term_string\"}],\"inLanguage\":\"pt-BR\"},{\"@type\":\"Organization\",\"@id\":\"https:\/\/nacao.digital\/blog\/#organization\",\"name\":\"Na\u00e7\u00e3o Digital\",\"url\":\"https:\/\/nacao.digital\/blog\/\",\"logo\":{\"@type\":\"ImageObject\",\"inLanguage\":\"pt-BR\",\"@id\":\"https:\/\/nacao.digital\/blog\/#\/schema\/logo\/image\/\",\"url\":\"https:\/\/nacao.digital\/blog\/wp-content\/uploads\/2018\/05\/nacao-digital.jpg\",\"contentUrl\":\"https:\/\/nacao.digital\/blog\/wp-content\/uploads\/2018\/05\/nacao-digital.jpg\",\"width\":590,\"height\":389,\"caption\":\"Na\u00e7\u00e3o Digital\"},\"image\":{\"@id\":\"https:\/\/nacao.digital\/blog\/#\/schema\/logo\/image\/\"},\"sameAs\":[\"https:\/\/www.facebook.com\/inbound.commerce\",\"https:\/\/www.instagram.com\/nacaodigital\/\",\"https:\/\/pt.linkedin.com\/company\/na\u00e7\u00e3o-digital\"]},{\"@type\":\"Person\",\"@id\":\"https:\/\/nacao.digital\/blog\/#\/schema\/person\/4e45d0f5b6d52948e113abab0619dcdc\",\"name\":\"Reda\u00e7\u00e3o - Na\u00e7\u00e3o Digital\",\"image\":{\"@type\":\"ImageObject\",\"inLanguage\":\"pt-BR\",\"@id\":\"https:\/\/nacao.digital\/blog\/#\/schema\/person\/image\/\",\"url\":\"https:\/\/secure.gravatar.com\/avatar\/02e4691d00230d3425c562e7e363f571?s=96&d=mm&r=g\",\"contentUrl\":\"https:\/\/secure.gravatar.com\/avatar\/02e4691d00230d3425c562e7e363f571?s=96&d=mm&r=g\",\"caption\":\"Reda\u00e7\u00e3o - Na\u00e7\u00e3o Digital\"},\"description\":\"Equipe de Reda\u00e7\u00e3o da Na\u00e7\u00e3o Digital\",\"sameAs\":[\"http:\/\/nacao.digital\"],\"url\":\"https:\/\/nacao.digital\/blog\/author\/redacao\/\"}]}<\/script>\n<!-- \/ Yoast SEO plugin. -->","yoast_head_json":{"title":"Como utilizar o IGTV para impulsionar neg\u00f3cios em 2021","description":"Aprenda estrat\u00e9gias de como utilizar o IGTV para impulsionar sua marca e gerar tr\u00e1fego para o site!","robots":{"index":"index","follow":"follow","max-snippet":"max-snippet:-1","max-image-preview":"max-image-preview:large","max-video-preview":"max-video-preview:-1"},"canonical":"https:\/\/nacao.digital\/blog\/como-utilizar-o-igtv-em-negocios\/","og_locale":"pt_BR","og_type":"article","og_title":"Como utilizar o IGTV para impulsionar neg\u00f3cios em 2021","og_description":"Aprenda estrat\u00e9gias de como utilizar o IGTV para impulsionar sua marca e gerar tr\u00e1fego para o site!","og_url":"https:\/\/nacao.digital\/blog\/como-utilizar-o-igtv-em-negocios\/","og_site_name":"Blog da Na\u00e7\u00e3o Digital","article_publisher":"https:\/\/www.facebook.com\/inbound.commerce","article_published_time":"2018-07-16T10:30:19+00:00","article_modified_time":"2022-01-20T16:46:23+00:00","og_image":[{"width":1500,"height":800,"url":"https:\/\/nacao.digital\/blog\/wp-content\/uploads\/2018\/07\/como-utilizar-o-igtv-2.jpg","type":"image\/jpeg"}],"author":"Reda\u00e7\u00e3o - Na\u00e7\u00e3o Digital","twitter_card":"summary_large_image","twitter_misc":{"Escrito por":"Reda\u00e7\u00e3o - Na\u00e7\u00e3o Digital","Est. tempo de leitura":"8 minutos"},"schema":{"@context":"https:\/\/schema.org","@graph":[{"@type":"Article","@id":"https:\/\/nacao.digital\/blog\/como-utilizar-o-igtv-em-negocios\/#article","isPartOf":{"@id":"https:\/\/nacao.digital\/blog\/como-utilizar-o-igtv-em-negocios\/"},"author":{"name":"Reda\u00e7\u00e3o - Na\u00e7\u00e3o Digital","@id":"https:\/\/nacao.digital\/blog\/#\/schema\/person\/4e45d0f5b6d52948e113abab0619dcdc"},"headline":"Como utilizar o IGTV para impulsionar neg\u00f3cios em 2022","datePublished":"2018-07-16T10:30:19+00:00","dateModified":"2022-01-20T16:46:23+00:00","mainEntityOfPage":{"@id":"https:\/\/nacao.digital\/blog\/como-utilizar-o-igtv-em-negocios\/"},"wordCount":1326,"commentCount":0,"publisher":{"@id":"https:\/\/nacao.digital\/blog\/#organization"},"keywords":["como utilizar o igtv"],"articleSection":["Marketing"],"inLanguage":"pt-BR","potentialAction":[{"@type":"CommentAction","name":"Comment","target":["https:\/\/nacao.digital\/blog\/como-utilizar-o-igtv-em-negocios\/#respond"]}]},{"@type":"WebPage","@id":"https:\/\/nacao.digital\/blog\/como-utilizar-o-igtv-em-negocios\/","url":"https:\/\/nacao.digital\/blog\/como-utilizar-o-igtv-em-negocios\/","name":"Como utilizar o IGTV para impulsionar neg\u00f3cios em 2021","isPartOf":{"@id":"https:\/\/nacao.digital\/blog\/#website"},"datePublished":"2018-07-16T10:30:19+00:00","dateModified":"2022-01-20T16:46:23+00:00","description":"Aprenda estrat\u00e9gias de como utilizar o IGTV para impulsionar sua marca e gerar tr\u00e1fego para o site!","breadcrumb":{"@id":"https:\/\/nacao.digital\/blog\/como-utilizar-o-igtv-em-negocios\/#breadcrumb"},"inLanguage":"pt-BR","potentialAction":[{"@type":"ReadAction","target":["https:\/\/nacao.digital\/blog\/como-utilizar-o-igtv-em-negocios\/"]}]},{"@type":"BreadcrumbList","@id":"https:\/\/nacao.digital\/blog\/como-utilizar-o-igtv-em-negocios\/#breadcrumb","itemListElement":[{"@type":"ListItem","position":1,"name":"In\u00edcio","item":"https:\/\/nacao.digital\/blog\/"},{"@type":"ListItem","position":2,"name":"Como utilizar o IGTV para impulsionar neg\u00f3cios em 2022"}]},{"@type":"WebSite","@id":"https:\/\/nacao.digital\/blog\/#website","url":"https:\/\/nacao.digital\/blog\/","name":"Blog da Na\u00e7\u00e3o Digital","description":"Aprenda as melhores estrat\u00e9gias para atrair p\u00fablico mais segmentado, converter mais e vender muito. Tudo isso usando a metodologia de Inbound Marketing para E-commerce.","publisher":{"@id":"https:\/\/nacao.digital\/blog\/#organization"},"potentialAction":[{"@type":"SearchAction","target":{"@type":"EntryPoint","urlTemplate":"https:\/\/nacao.digital\/blog\/?s={search_term_string}"},"query-input":"required name=search_term_string"}],"inLanguage":"pt-BR"},{"@type":"Organization","@id":"https:\/\/nacao.digital\/blog\/#organization","name":"Na\u00e7\u00e3o Digital","url":"https:\/\/nacao.digital\/blog\/","logo":{"@type":"ImageObject","inLanguage":"pt-BR","@id":"https:\/\/nacao.digital\/blog\/#\/schema\/logo\/image\/","url":"https:\/\/nacao.digital\/blog\/wp-content\/uploads\/2018\/05\/nacao-digital.jpg","contentUrl":"https:\/\/nacao.digital\/blog\/wp-content\/uploads\/2018\/05\/nacao-digital.jpg","width":590,"height":389,"caption":"Na\u00e7\u00e3o Digital"},"image":{"@id":"https:\/\/nacao.digital\/blog\/#\/schema\/logo\/image\/"},"sameAs":["https:\/\/www.facebook.com\/inbound.commerce","https:\/\/www.instagram.com\/nacaodigital\/","https:\/\/pt.linkedin.com\/company\/na\u00e7\u00e3o-digital"]},{"@type":"Person","@id":"https:\/\/nacao.digital\/blog\/#\/schema\/person\/4e45d0f5b6d52948e113abab0619dcdc","name":"Reda\u00e7\u00e3o - Na\u00e7\u00e3o Digital","image":{"@type":"ImageObject","inLanguage":"pt-BR","@id":"https:\/\/nacao.digital\/blog\/#\/schema\/person\/image\/","url":"https:\/\/secure.gravatar.com\/avatar\/02e4691d00230d3425c562e7e363f571?s=96&d=mm&r=g","contentUrl":"https:\/\/secure.gravatar.com\/avatar\/02e4691d00230d3425c562e7e363f571?s=96&d=mm&r=g","caption":"Reda\u00e7\u00e3o - Na\u00e7\u00e3o Digital"},"description":"Equipe de Reda\u00e7\u00e3o da Na\u00e7\u00e3o Digital","sameAs":["http:\/\/nacao.digital"],"url":"https:\/\/nacao.digital\/blog\/author\/redacao\/"}]}},"amp_enabled":true,"_links":{"self":[{"href":"https:\/\/nacao.digital\/blog\/wp-json\/wp\/v2\/posts\/1877"}],"collection":[{"href":"https:\/\/nacao.digital\/blog\/wp-json\/wp\/v2\/posts"}],"about":[{"href":"https:\/\/nacao.digital\/blog\/wp-json\/wp\/v2\/types\/post"}],"author":[{"embeddable":true,"href":"https:\/\/nacao.digital\/blog\/wp-json\/wp\/v2\/users\/7"}],"replies":[{"embeddable":true,"href":"https:\/\/nacao.digital\/blog\/wp-json\/wp\/v2\/comments?post=1877"}],"version-history":[{"count":3,"href":"https:\/\/nacao.digital\/blog\/wp-json\/wp\/v2\/posts\/1877\/revisions"}],"predecessor-version":[{"id":7002,"href":"https:\/\/nacao.digital\/blog\/wp-json\/wp\/v2\/posts\/1877\/revisions\/7002"}],"wp:featuredmedia":[{"embeddable":true,"href":"https:\/\/nacao.digital\/blog\/wp-json\/wp\/v2\/media\/5605"}],"wp:attachment":[{"href":"https:\/\/nacao.digital\/blog\/wp-json\/wp\/v2\/media?parent=1877"}],"wp:term":[{"taxonomy":"category","embeddable":true,"href":"https:\/\/nacao.digital\/blog\/wp-json\/wp\/v2\/categories?post=1877"},{"taxonomy":"post_tag","embeddable":true,"href":"https:\/\/nacao.digital\/blog\/wp-json\/wp\/v2\/tags?post=1877"},{"taxonomy":"post_series","embeddable":true,"href":"https:\/\/nacao.digital\/blog\/wp-json\/wp\/v2\/post_series?post=1877"}],"curies":[{"name":"wp","href":"https:\/\/api.w.org\/{rel}","templated":true}]}}