{"id":2436,"date":"2018-08-24T07:00:55","date_gmt":"2018-08-24T10:00:55","guid":{"rendered":"http:\/\/nacao.digital\/blog\/?p=2436"},"modified":"2020-05-12T11:56:14","modified_gmt":"2020-05-12T14:56:14","slug":"revisar-e-mails","status":"publish","type":"post","link":"https:\/\/nacao.digital\/blog\/revisar-e-mails\/","title":{"rendered":"Voc\u00ea costuma revisar e-mails antes de envi\u00e1-los?"},"content":{"rendered":"<p class=\"last-modified\"> <b> <i> Este conte\u00fado foi atualizado em: 12\/05\/2020 <\/i> <\/b> <\/p><p>Os e-mails enviados no dia a dia s\u00e3o um registro. Qualquer falha na comunica\u00e7\u00e3o entre eles pode prejudicar a credibilidade da empresa e do pr\u00f3prio profissional. Por isso, \u00e9 tarefa fundamental revisar essas mensagens antes de todo e qualquer envio.<\/p>\n<p><!--more--><\/p>\n<p>Se voc\u00ea ainda n\u00e3o tem esse costume, provaremos neste post a import\u00e2ncia em ter. Confira!<\/p>\n<h2>Comunica\u00e7\u00e3o por e-mail<\/h2>\n<p>O e-mail \u00e9 a comunica\u00e7\u00e3o virtual mais utilizada nas empresas. Por ser uma ferramenta segura, simples e funcional, \u00e9 por ele que os avisos s\u00e3o dados, informa\u00e7\u00f5es sigilosas s\u00e3o trocadas e contratos s\u00e3o fechados.<\/p>\n<p>Embora haja um crescimento no uso de aplicativos de troca de mensagens, como WhatsApp, Skype e redes sociais, o e-mail \u00e9, hoje, utilizado por cerca de 2,6 bilh\u00f5es de pessoas no mundo, de acordo com o <a href=\"http:\/\/www.radicati.com\/wp\/wp-content\/uploads\/2016\/01\/Email_Statistics_Report_2016-2020_Executive_Summary.pdf\" target=\"_blank\" rel=\"noopener noreferrer\">relat\u00f3rio Email Statistics Report,<\/a> realizado pela<a href=\"http:\/\/www.radicati.com\" target=\"_blank\" rel=\"noopener noreferrer\"> Radicati Group<\/a> em 2016. A proje\u00e7\u00e3o \u00e9 de que o n\u00famero aumente para tr\u00eas bilh\u00f5es em 2020, ou seja, metade da popula\u00e7\u00e3o mundial.<\/p>\n<p>O estudo concluiu que o e-mail ainda ser\u00e1 o canal mais usado nas empresas, pelo menos nos pr\u00f3ximos cinco anos, e ainda alertou sobre o investimento em sistemas de prote\u00e7\u00e3o contra softwares e v\u00edrus.<\/p>\n<p><img decoding=\"async\" class=\"aligncenter wp-image-2440\" src=\"http:\/\/nacao.digital\/blog\/wp-content\/uploads\/2018\/08\/revisar-e-mails.png\" alt=\"revisar e-mails\" width=\"700\" height=\"467\" srcset=\"https:\/\/nacao.digital\/blog\/wp-content\/uploads\/2018\/08\/revisar-e-mails.png 960w, https:\/\/nacao.digital\/blog\/wp-content\/uploads\/2018\/08\/revisar-e-mails-300x200.png 300w, https:\/\/nacao.digital\/blog\/wp-content\/uploads\/2018\/08\/revisar-e-mails-768x512.png 768w\" sizes=\"(max-width: 700px) 100vw, 700px\" \/><\/p>\n<h2>Por que revisar e-mails?<\/h2>\n<p>Um e-mail claro, coeso, direto e bem escrito pode impactar positivamente na autoridade e credibilidade da empresa. Para que isso aconte\u00e7a, \u00e9 necess\u00e1rio muita aten\u00e7\u00e3o a todos os detalhes do texto.<\/p>\n<p>Essa \u201csegunda olhada\u201d \u00e9 capaz de identificar in\u00fameros erros e equ\u00edvocos que possam ter passado despercebidos, como a aus\u00eancia de pontua\u00e7\u00e3o, termos e frases incoerentes e poss\u00edveis ideias mal explicadas.<\/p>\n<p>Se tratando do meio corporativo, todo e-mail deve ser revisado, seja ele para um poss\u00edvel novo cliente, fornecedores, imprensa ou funcion\u00e1rios da empresa. A maneira como voc\u00ea se comunica pode dizer muito sobre voc\u00ea, como profissional, e seu neg\u00f3cio.<\/p>\n<h2>Checklist da revis\u00e3o<\/h2>\n<p>Para voc\u00ea que entende a import\u00e2ncia da revis\u00e3o dos e-mails, mas que ainda n\u00e3o sabe por onde come\u00e7ar, listamos alguns itens que merecem aten\u00e7\u00e3o. Portanto, antes de clicar no bot\u00e3o de envio, confira o checklist que criamos e veja se est\u00e1 tudo de acordo.<\/p>\n<h2>Estrutura<\/h2>\n<p>Par\u00e1grafos curtos e coerentes contribuem para um texto mais fluido e leve. Se o assunto do e-mail tratar-se de algo delicado ou muito complexo, essa \u201cquebra\u201d possibilitar\u00e1 ao leitor compreender e absorver o conte\u00fado do recado mais facilmente. Assim, voc\u00ea evita desentendimentos e falhas na comunica\u00e7\u00e3o.<\/p>\n<p>O recomendado \u00e9 n\u00e3o ultrapassar 6 linhas em cada par\u00e1grafo. N\u00e3o \u00e9 uma regra, mas a pr\u00e1tica \u00e9 superindicada na reda\u00e7\u00e3o de e-mails. Veja o exemplo abaixo:<\/p>\n<p><em>\u201cOl\u00e1, Sr. Jo\u00e3o! Tudo bem? Ao analisar o or\u00e7amento, notei que alguns itens n\u00e3o foram inclu\u00eddos. Necessito que eles sejam adicionados para ter um parecer mais concreto. Consegue me enviar at\u00e9 o fim da pr\u00f3xima semana? Esse prazo seria o ideal. Sobre o segundo or\u00e7amento, tenho apenas algumas indica\u00e7\u00f5es sobre pre\u00e7o e prazo de entrega. Em quais dias da semana voc\u00eas conseguiriam encaminhar os produtos \u00e0 loja? Quanto aos valores, preciso saber as formas de parcelamento oferecidas por voc\u00eas. \u00c9 poss\u00edvel me encaminhar at\u00e9 amanh\u00e3? \u00c9 isso. Aguardo seu posicionamento. Me retorne, se estiver com mais alguma d\u00favida. Obrigada! Atenciosamente,\u201d<\/em><\/p>\n<p>Note que o texto apresenta muitas informa\u00e7\u00f5es importantes, e h\u00e1 grandes chances de alguma ser esquecida e n\u00e3o notada. Agora, repare no exemplo abaixo como elas ficariam com a quebra de par\u00e1grafos:<\/p>\n<p><em>\u201cOl\u00e1, Sr. Jo\u00e3o! Tudo bem?<\/em><\/p>\n<p><em>Ao analisar o or\u00e7amento, notei que alguns itens n\u00e3o foram inclu\u00eddos. Necessito que eles sejam adicionados para ter um parecer mais concreto. Consegue me enviar at\u00e9 o fim da pr\u00f3xima semana? Esse prazo seria o ideal.<\/em><\/p>\n<p><em>Sobre o segundo or\u00e7amento, tenho apenas algumas indica\u00e7\u00f5es sobre pre\u00e7o e prazo de entrega. Em quais dias da semana voc\u00eas conseguiriam encaminhar os produtos \u00e0 loja?<\/em><\/p>\n<p><em>Quanto aos valores, preciso saber as formas de parcelamento oferecidas por voc\u00eas. \u00c9 poss\u00edvel me encaminhar at\u00e9 amanh\u00e3?<\/em><\/p>\n<p><em>\u00c9 isso. Aguardo seu posicionamento. Me retorne, se estiver com mais alguma d\u00favida.<\/em><\/p>\n<p><em>Obrigada!<\/em><br \/>\n<em>Atenciosamente,\u201d<\/em><\/p>\n<p>\u00c9 not\u00e1vel que o texto ficou mais leve e compreens\u00edvel. As informa\u00e7\u00f5es, que antes pareciam in\u00fameras, agora est\u00e3o facilmente identific\u00e1veis; cada par\u00e1grafo apresenta uma ideia.<\/p>\n<p><img decoding=\"async\" class=\"aligncenter wp-image-2441\" src=\"http:\/\/nacao.digital\/blog\/wp-content\/uploads\/2018\/08\/revisar-e-mails1.png\" alt=\"revisar e-mails\" width=\"700\" height=\"517\" srcset=\"https:\/\/nacao.digital\/blog\/wp-content\/uploads\/2018\/08\/revisar-e-mails1.png 960w, https:\/\/nacao.digital\/blog\/wp-content\/uploads\/2018\/08\/revisar-e-mails1-300x222.png 300w, https:\/\/nacao.digital\/blog\/wp-content\/uploads\/2018\/08\/revisar-e-mails1-768x567.png 768w\" sizes=\"(max-width: 700px) 100vw, 700px\" \/><\/p>\n<h2>Nomes e assuntos<\/h2>\n<p>\u00c9 comum nos equivocarmos com nomes de pessoas e assuntos durante o dia. Nos e-mails, isso tamb\u00e9m pode acontecer &#8211; o que pode ser evitado com uma boa revis\u00e3o!<\/p>\n<p>Ao finalizar o texto da mensagem, verifique se o endere\u00e7o de e-mail est\u00e1 correto, se houve alguma troca de nomes no corpo do texto e se os assuntos tratados realmente est\u00e3o conexos com o destinat\u00e1rio.<\/p>\n<p>Caso o e-mail seja enviado com algum desses erros, a receptividade da mensagem pode n\u00e3o ser das melhores. Se isso acontecer, envie outro recado se desculpando e corrigindo a confus\u00e3o.<\/p>\n<h2>Gram\u00e1tica e ortografia<\/h2>\n<p>Nem todo profissional precisa dominar a l\u00edngua portuguesa. O idioma tem l\u00e1 seus desafios, e entend\u00ea-lo completamente torna-se uma tarefa bastante dif\u00edcil.<\/p>\n<p>No entanto, \u00e9 fundamental que todo profissional &#8211; especialmente aqueles inseridos no segmentos de marketing digital &#8211; saiba, ao menos, o b\u00e1sico ou o intermedi\u00e1rio da l\u00edngua do pa\u00eds.<\/p>\n<p>Erros gramaticais e ortogr\u00e1ficos s\u00e3o fatores determinantes para a confiabilidade da empresa e podem ser um grande problema ao contatar-se com funcion\u00e1rios e parceiros de neg\u00f3cio. Jo\u00e3o Jonas, ministrante da Oficina Corporativa da L\u00edngua Portuguesa, disse, em entrevista ao <a href=\"https:\/\/www.catho.com.br\/carreira-sucesso\/carreira\/dicas-emprego\/comportamento\/erros-de-portugues-podem-prejudicar-o-seu-trabalho\" target=\"_blank\" rel=\"noopener noreferrer\">portal da Catho<\/a>, que \u201cquem l\u00ea algo escrito errado imagina que a empresa \u00e9 descuidada com a sua comunica\u00e7\u00e3o\u201d.<\/p>\n<p>O cuidado com as pontua\u00e7\u00f5es, tempos verbais corretos, acentua\u00e7\u00e3o e plural \u00e9 important\u00edssimo, ainda mais em tempos em que tudo fica registrado e pode viralizar num s\u00f3 instante.<\/p>\n<p>Para isso, \u00e9 preciso estudo e qualifica\u00e7\u00e3o. Os erros de gram\u00e1tica, al\u00e9m da descredibilidade de quem envia, pode oferecer uma dupla &#8211; e, por vezes, equivocada &#8211; interpreta\u00e7\u00e3o. Veja o exemplo do mau uso da v\u00edrgula:<\/p>\n<p>Os materiais j\u00e1 foram enviados ao armaz\u00e9m Maria.<\/p>\n<p>Os materiais j\u00e1 foram enviados ao armaz\u00e9m, Maria.<\/p>\n<p>Repare que as duas frases se diferenciam por uma v\u00edrgula. Na primeira, o entendimento \u00e9 que os materiais foram encaminhados ao armaz\u00e9m de nome \u201cMaria\u201d. Na segunda, \u00e9 um simples aviso \u00e0 Maria.<\/p>\n<p>O equ\u00edvoco na aplica\u00e7\u00e3o da crase tamb\u00e9m \u00e9 bastante comum. A situa\u00e7\u00e3o com o acento grave ocorre quando h\u00e1 a jun\u00e7\u00e3o de uma preposi\u00e7\u00e3o a + o \u201ca\u201d artigo do substantivo. Parece confuso, mas veja nos exemplos como o mau uso da acentua\u00e7\u00e3o pode dar outro sentido \u00e0 frase:<\/p>\n<p>O ministro dep\u00f4s a advogada (dispensou)<\/p>\n<p>O ministro dep\u00f4s \u00e0 advogada (deu depoimento)<\/p>\n<p>Deve-se ter aten\u00e7\u00e3o tamb\u00e9m no uso do mais e mas; porqu\u00eas; onde e aonde; mim e eu; h\u00edfen; pronomes demonstrativos (este, esse, aquele, aquela) e de tratamento; entre outros casos.<\/p>\n<p>Uma boa dica para diminuir os erros gramaticais e ortogr\u00e1ficos \u00e9 passar o texto em programas de corre\u00e7\u00e3o. Na internet, existem v\u00e1rios. O <a href=\"https:\/\/www.flip.pt\/FLiP-On-line\/Corrector-ortografico-e-sintactico\" target=\"_blank\" rel=\"noopener noreferrer\">FLiP<\/a> \u00e9 um deles. Basta colar a mensagem e ele identificar\u00e1 alguns erros sint\u00e1ticos e de ortografia &#8211; n\u00e3o todos, mas a maioria.<\/p>\n<p>O <a href=\"https:\/\/www.sinonimos.com.br\" target=\"_blank\" rel=\"noopener noreferrer\">dicion\u00e1rio de sin\u00f4nimos<\/a> online tamb\u00e9m \u00e9 \u00f3timo para situa\u00e7\u00f5es em que voc\u00ea n\u00e3o deseja repetir aquela palavra, mas n\u00e3o lembra por qual outra poderia substituir.<\/p>\n<p>Se estiver em d\u00favida se aquela palavra ainda \u00e9 escrita daquela maneira ap\u00f3s a reforma ortogr\u00e1fica, pesquise no <a href=\"http:\/\/www.academia.org.br\/nossa-lingua\/busca-no-vocabulario\" target=\"_blank\" rel=\"noopener noreferrer\">site do vocabul\u00e1rio ortogr\u00e1fico da l\u00edngua portuguesa.<\/a><\/p>\n<p><img decoding=\"async\" class=\"aligncenter wp-image-2442\" src=\"http:\/\/nacao.digital\/blog\/wp-content\/uploads\/2018\/08\/revisar-e-mails2.png\" alt=\"revisar e-mails\" width=\"700\" height=\"511\" srcset=\"https:\/\/nacao.digital\/blog\/wp-content\/uploads\/2018\/08\/revisar-e-mails2.png 960w, https:\/\/nacao.digital\/blog\/wp-content\/uploads\/2018\/08\/revisar-e-mails2-300x219.png 300w, https:\/\/nacao.digital\/blog\/wp-content\/uploads\/2018\/08\/revisar-e-mails2-768x561.png 768w\" sizes=\"(max-width: 700px) 100vw, 700px\" \/><\/p>\n<h2>Linguagem<\/h2>\n<p>O tom que voc\u00ea usa no e-mail pode influenciar na receptividade de quem recebe a mensagem, positivo ou negativamente. Por vezes, \u00e9 algo que foge do nosso controle, uma vez que n\u00e3o \u00e9 uma comunica\u00e7\u00e3o presencial e poss\u00edveis equ\u00edvocos de interpreta\u00e7\u00e3o podem ocorrer. Mas \u00e9 necess\u00e1rio estar atento para poder transmitir o que deseja de maneira clara e profissional.<\/p>\n<p>Cada \u00e1rea tem sua particularidade. Todavia, em todos elas a comunica\u00e7\u00e3o deve ser formal e direta. Voc\u00ea pode manter a descontra\u00e7\u00e3o, mas evite trocadilhos, brincadeiras exageradas e piadas de mal gosto e preconceituosas &#8211; esta deve ser evitada de qualquer maneira.<\/p>\n<p>Outra recomenda\u00e7\u00e3o \u00e9 n\u00e3o usar palavras abreviadas e express\u00f5es utilizadas no \u00e2mbito pessoal, como frases de memes, por exemplo. Mas \u00e9 claro que isso tudo vai depender do mercado de atua\u00e7\u00e3o. Se h\u00e1 abertura para isso, fa\u00e7a, desde que haja respeito e consentimento entre as partes.<\/p>\n<p>Cabe ao profissional saber qual linguagem utilizar para cada situa\u00e7\u00e3o do dia. Se o contato \u00e9 com um poss\u00edvel novo cliente para empresa, brincadeiras e conversas vagas podem o afastar; se a troca de e-mails \u00e9 com um fornecedor, a abordagem deve ser mais s\u00e9ria e firme, sem a necessidade de assuntos fora ao que est\u00e1 em quest\u00e3o. O mesmo vale para novos funcion\u00e1rios.<\/p>\n<p>Com um bom olhar ao texto de seu e-mail, as chances de erros e situa\u00e7\u00f5es constrangedoras reduzem bastante. Esteja sempre atento(a) e leve a revis\u00e3o de suas mensagens a s\u00e9rio! Para complementar o conte\u00fado, leia nosso post sobre as vantagens do <a href=\"http:\/\/nacao.digital\/blog\/conheca-o-whatsapp-business-e-suas-vantagens-para-pequenas-empresas\/\" target=\"_blank\" rel=\"noopener noreferrer\">WhatsApp Business para pequenas empresas<\/a>.<\/p>\n<p>Autor: Jo\u00e3o Roberto Gouv\u00eaa, head de conte\u00fado na Na\u00e7\u00e3o Digital.<\/p>\n<p>&nbsp;<\/p>\n","protected":false},"excerpt":{"rendered":"<p>Este conte\u00fado foi atualizado em: 12\/05\/2020 Os e-mails enviados no dia a dia s\u00e3o um registro. Qualquer falha na comunica\u00e7\u00e3o entre eles pode prejudicar a credibilidade da empresa e do pr\u00f3prio profissional. Por isso, \u00e9 tarefa fundamental revisar essas mensagens antes de todo e qualquer envio.<\/p>\n","protected":false},"author":7,"featured_media":2439,"comment_status":"open","ping_status":"open","sticky":false,"template":"","format":"standard","meta":{"footnotes":""},"categories":[311],"tags":[179,199],"post_series":[],"yoast_head":"<!-- This site is optimized with the Yoast SEO plugin v22.0 - https:\/\/yoast.com\/wordpress\/plugins\/seo\/ -->\n<title>Voc\u00ea costuma revisar e-mails antes de envi\u00e1-los?<\/title>\n<meta name=\"description\" content=\"O e-mail \u00e9 a comunica\u00e7\u00e3o virtual mais utilizada nas empresas. Confira as dicas e descubra a import\u00e2ncia de revisar e-mails antes de envi\u00e1-los.\" \/>\n<meta name=\"robots\" content=\"index, follow, max-snippet:-1, max-image-preview:large, max-video-preview:-1\" \/>\n<link rel=\"canonical\" href=\"https:\/\/nacao.digital\/blog\/revisar-e-mails\/\" \/>\n<meta property=\"og:locale\" content=\"pt_BR\" \/>\n<meta property=\"og:type\" content=\"article\" \/>\n<meta property=\"og:title\" content=\"Voc\u00ea costuma revisar e-mails antes de envi\u00e1-los?\" \/>\n<meta property=\"og:description\" content=\"O e-mail \u00e9 a comunica\u00e7\u00e3o virtual mais utilizada nas empresas. Confira as dicas e descubra a import\u00e2ncia de revisar e-mails antes de envi\u00e1-los.\" \/>\n<meta property=\"og:url\" content=\"https:\/\/nacao.digital\/blog\/revisar-e-mails\/\" \/>\n<meta property=\"og:site_name\" content=\"Blog da Na\u00e7\u00e3o Digital\" \/>\n<meta property=\"article:publisher\" content=\"https:\/\/www.facebook.com\/inbound.commerce\" \/>\n<meta property=\"article:published_time\" content=\"2018-08-24T10:00:55+00:00\" \/>\n<meta property=\"article:modified_time\" content=\"2020-05-12T14:56:14+00:00\" \/>\n<meta property=\"og:image\" content=\"https:\/\/nacao.digital\/blog\/wp-content\/uploads\/2018\/08\/revisar-emails.jpg\" \/>\n\t<meta property=\"og:image:width\" content=\"940\" \/>\n\t<meta property=\"og:image:height\" content=\"600\" \/>\n\t<meta property=\"og:image:type\" content=\"image\/jpeg\" \/>\n<meta name=\"author\" content=\"Reda\u00e7\u00e3o - Na\u00e7\u00e3o Digital\" \/>\n<meta name=\"twitter:card\" content=\"summary_large_image\" \/>\n<meta name=\"twitter:label1\" content=\"Escrito por\" \/>\n\t<meta name=\"twitter:data1\" content=\"Reda\u00e7\u00e3o - Na\u00e7\u00e3o Digital\" \/>\n\t<meta name=\"twitter:label2\" content=\"Est. tempo de leitura\" \/>\n\t<meta name=\"twitter:data2\" content=\"8 minutos\" \/>\n<script type=\"application\/ld+json\" class=\"yoast-schema-graph\">{\"@context\":\"https:\/\/schema.org\",\"@graph\":[{\"@type\":\"Article\",\"@id\":\"https:\/\/nacao.digital\/blog\/revisar-e-mails\/#article\",\"isPartOf\":{\"@id\":\"https:\/\/nacao.digital\/blog\/revisar-e-mails\/\"},\"author\":{\"name\":\"Reda\u00e7\u00e3o - Na\u00e7\u00e3o Digital\",\"@id\":\"https:\/\/nacao.digital\/blog\/#\/schema\/person\/4e45d0f5b6d52948e113abab0619dcdc\"},\"headline\":\"Voc\u00ea costuma revisar e-mails antes de envi\u00e1-los?\",\"datePublished\":\"2018-08-24T10:00:55+00:00\",\"dateModified\":\"2020-05-12T14:56:14+00:00\",\"mainEntityOfPage\":{\"@id\":\"https:\/\/nacao.digital\/blog\/revisar-e-mails\/\"},\"wordCount\":1588,\"commentCount\":0,\"publisher\":{\"@id\":\"https:\/\/nacao.digital\/blog\/#organization\"},\"keywords\":[\"e-mail marketing\",\"revis\u00e3o de conte\u00fados\"],\"articleSection\":[\"Ferramentas e Hacks\"],\"inLanguage\":\"pt-BR\",\"potentialAction\":[{\"@type\":\"CommentAction\",\"name\":\"Comment\",\"target\":[\"https:\/\/nacao.digital\/blog\/revisar-e-mails\/#respond\"]}]},{\"@type\":\"WebPage\",\"@id\":\"https:\/\/nacao.digital\/blog\/revisar-e-mails\/\",\"url\":\"https:\/\/nacao.digital\/blog\/revisar-e-mails\/\",\"name\":\"Voc\u00ea costuma revisar e-mails antes de envi\u00e1-los?\",\"isPartOf\":{\"@id\":\"https:\/\/nacao.digital\/blog\/#website\"},\"datePublished\":\"2018-08-24T10:00:55+00:00\",\"dateModified\":\"2020-05-12T14:56:14+00:00\",\"description\":\"O e-mail \u00e9 a comunica\u00e7\u00e3o virtual mais utilizada nas empresas. Confira as dicas e descubra a import\u00e2ncia de revisar e-mails antes de envi\u00e1-los.\",\"breadcrumb\":{\"@id\":\"https:\/\/nacao.digital\/blog\/revisar-e-mails\/#breadcrumb\"},\"inLanguage\":\"pt-BR\",\"potentialAction\":[{\"@type\":\"ReadAction\",\"target\":[\"https:\/\/nacao.digital\/blog\/revisar-e-mails\/\"]}]},{\"@type\":\"BreadcrumbList\",\"@id\":\"https:\/\/nacao.digital\/blog\/revisar-e-mails\/#breadcrumb\",\"itemListElement\":[{\"@type\":\"ListItem\",\"position\":1,\"name\":\"In\u00edcio\",\"item\":\"https:\/\/nacao.digital\/blog\/\"},{\"@type\":\"ListItem\",\"position\":2,\"name\":\"Voc\u00ea costuma revisar e-mails antes de envi\u00e1-los?\"}]},{\"@type\":\"WebSite\",\"@id\":\"https:\/\/nacao.digital\/blog\/#website\",\"url\":\"https:\/\/nacao.digital\/blog\/\",\"name\":\"Blog da Na\u00e7\u00e3o Digital\",\"description\":\"Aprenda as melhores estrat\u00e9gias para atrair p\u00fablico mais segmentado, converter mais e vender muito. Tudo isso usando a metodologia de Inbound Marketing para E-commerce.\",\"publisher\":{\"@id\":\"https:\/\/nacao.digital\/blog\/#organization\"},\"potentialAction\":[{\"@type\":\"SearchAction\",\"target\":{\"@type\":\"EntryPoint\",\"urlTemplate\":\"https:\/\/nacao.digital\/blog\/?s={search_term_string}\"},\"query-input\":\"required name=search_term_string\"}],\"inLanguage\":\"pt-BR\"},{\"@type\":\"Organization\",\"@id\":\"https:\/\/nacao.digital\/blog\/#organization\",\"name\":\"Na\u00e7\u00e3o Digital\",\"url\":\"https:\/\/nacao.digital\/blog\/\",\"logo\":{\"@type\":\"ImageObject\",\"inLanguage\":\"pt-BR\",\"@id\":\"https:\/\/nacao.digital\/blog\/#\/schema\/logo\/image\/\",\"url\":\"https:\/\/nacao.digital\/blog\/wp-content\/uploads\/2018\/05\/nacao-digital.jpg\",\"contentUrl\":\"https:\/\/nacao.digital\/blog\/wp-content\/uploads\/2018\/05\/nacao-digital.jpg\",\"width\":590,\"height\":389,\"caption\":\"Na\u00e7\u00e3o Digital\"},\"image\":{\"@id\":\"https:\/\/nacao.digital\/blog\/#\/schema\/logo\/image\/\"},\"sameAs\":[\"https:\/\/www.facebook.com\/inbound.commerce\",\"https:\/\/www.instagram.com\/nacaodigital\/\",\"https:\/\/pt.linkedin.com\/company\/na\u00e7\u00e3o-digital\"]},{\"@type\":\"Person\",\"@id\":\"https:\/\/nacao.digital\/blog\/#\/schema\/person\/4e45d0f5b6d52948e113abab0619dcdc\",\"name\":\"Reda\u00e7\u00e3o - Na\u00e7\u00e3o Digital\",\"image\":{\"@type\":\"ImageObject\",\"inLanguage\":\"pt-BR\",\"@id\":\"https:\/\/nacao.digital\/blog\/#\/schema\/person\/image\/\",\"url\":\"https:\/\/secure.gravatar.com\/avatar\/02e4691d00230d3425c562e7e363f571?s=96&d=mm&r=g\",\"contentUrl\":\"https:\/\/secure.gravatar.com\/avatar\/02e4691d00230d3425c562e7e363f571?s=96&d=mm&r=g\",\"caption\":\"Reda\u00e7\u00e3o - Na\u00e7\u00e3o Digital\"},\"description\":\"Equipe de Reda\u00e7\u00e3o da Na\u00e7\u00e3o Digital\",\"sameAs\":[\"http:\/\/nacao.digital\"],\"url\":\"https:\/\/nacao.digital\/blog\/author\/redacao\/\"}]}<\/script>\n<!-- \/ Yoast SEO plugin. -->","yoast_head_json":{"title":"Voc\u00ea costuma revisar e-mails antes de envi\u00e1-los?","description":"O e-mail \u00e9 a comunica\u00e7\u00e3o virtual mais utilizada nas empresas. Confira as dicas e descubra a import\u00e2ncia de revisar e-mails antes de envi\u00e1-los.","robots":{"index":"index","follow":"follow","max-snippet":"max-snippet:-1","max-image-preview":"max-image-preview:large","max-video-preview":"max-video-preview:-1"},"canonical":"https:\/\/nacao.digital\/blog\/revisar-e-mails\/","og_locale":"pt_BR","og_type":"article","og_title":"Voc\u00ea costuma revisar e-mails antes de envi\u00e1-los?","og_description":"O e-mail \u00e9 a comunica\u00e7\u00e3o virtual mais utilizada nas empresas. Confira as dicas e descubra a import\u00e2ncia de revisar e-mails antes de envi\u00e1-los.","og_url":"https:\/\/nacao.digital\/blog\/revisar-e-mails\/","og_site_name":"Blog da Na\u00e7\u00e3o Digital","article_publisher":"https:\/\/www.facebook.com\/inbound.commerce","article_published_time":"2018-08-24T10:00:55+00:00","article_modified_time":"2020-05-12T14:56:14+00:00","og_image":[{"width":940,"height":600,"url":"https:\/\/nacao.digital\/blog\/wp-content\/uploads\/2018\/08\/revisar-emails.jpg","type":"image\/jpeg"}],"author":"Reda\u00e7\u00e3o - Na\u00e7\u00e3o Digital","twitter_card":"summary_large_image","twitter_misc":{"Escrito por":"Reda\u00e7\u00e3o - Na\u00e7\u00e3o Digital","Est. tempo de leitura":"8 minutos"},"schema":{"@context":"https:\/\/schema.org","@graph":[{"@type":"Article","@id":"https:\/\/nacao.digital\/blog\/revisar-e-mails\/#article","isPartOf":{"@id":"https:\/\/nacao.digital\/blog\/revisar-e-mails\/"},"author":{"name":"Reda\u00e7\u00e3o - Na\u00e7\u00e3o Digital","@id":"https:\/\/nacao.digital\/blog\/#\/schema\/person\/4e45d0f5b6d52948e113abab0619dcdc"},"headline":"Voc\u00ea costuma revisar e-mails antes de envi\u00e1-los?","datePublished":"2018-08-24T10:00:55+00:00","dateModified":"2020-05-12T14:56:14+00:00","mainEntityOfPage":{"@id":"https:\/\/nacao.digital\/blog\/revisar-e-mails\/"},"wordCount":1588,"commentCount":0,"publisher":{"@id":"https:\/\/nacao.digital\/blog\/#organization"},"keywords":["e-mail marketing","revis\u00e3o de conte\u00fados"],"articleSection":["Ferramentas e Hacks"],"inLanguage":"pt-BR","potentialAction":[{"@type":"CommentAction","name":"Comment","target":["https:\/\/nacao.digital\/blog\/revisar-e-mails\/#respond"]}]},{"@type":"WebPage","@id":"https:\/\/nacao.digital\/blog\/revisar-e-mails\/","url":"https:\/\/nacao.digital\/blog\/revisar-e-mails\/","name":"Voc\u00ea costuma revisar e-mails antes de envi\u00e1-los?","isPartOf":{"@id":"https:\/\/nacao.digital\/blog\/#website"},"datePublished":"2018-08-24T10:00:55+00:00","dateModified":"2020-05-12T14:56:14+00:00","description":"O e-mail \u00e9 a comunica\u00e7\u00e3o virtual mais utilizada nas empresas. Confira as dicas e descubra a import\u00e2ncia de revisar e-mails antes de envi\u00e1-los.","breadcrumb":{"@id":"https:\/\/nacao.digital\/blog\/revisar-e-mails\/#breadcrumb"},"inLanguage":"pt-BR","potentialAction":[{"@type":"ReadAction","target":["https:\/\/nacao.digital\/blog\/revisar-e-mails\/"]}]},{"@type":"BreadcrumbList","@id":"https:\/\/nacao.digital\/blog\/revisar-e-mails\/#breadcrumb","itemListElement":[{"@type":"ListItem","position":1,"name":"In\u00edcio","item":"https:\/\/nacao.digital\/blog\/"},{"@type":"ListItem","position":2,"name":"Voc\u00ea costuma revisar e-mails antes de envi\u00e1-los?"}]},{"@type":"WebSite","@id":"https:\/\/nacao.digital\/blog\/#website","url":"https:\/\/nacao.digital\/blog\/","name":"Blog da Na\u00e7\u00e3o Digital","description":"Aprenda as melhores estrat\u00e9gias para atrair p\u00fablico mais segmentado, converter mais e vender muito. Tudo isso usando a metodologia de Inbound Marketing para E-commerce.","publisher":{"@id":"https:\/\/nacao.digital\/blog\/#organization"},"potentialAction":[{"@type":"SearchAction","target":{"@type":"EntryPoint","urlTemplate":"https:\/\/nacao.digital\/blog\/?s={search_term_string}"},"query-input":"required name=search_term_string"}],"inLanguage":"pt-BR"},{"@type":"Organization","@id":"https:\/\/nacao.digital\/blog\/#organization","name":"Na\u00e7\u00e3o Digital","url":"https:\/\/nacao.digital\/blog\/","logo":{"@type":"ImageObject","inLanguage":"pt-BR","@id":"https:\/\/nacao.digital\/blog\/#\/schema\/logo\/image\/","url":"https:\/\/nacao.digital\/blog\/wp-content\/uploads\/2018\/05\/nacao-digital.jpg","contentUrl":"https:\/\/nacao.digital\/blog\/wp-content\/uploads\/2018\/05\/nacao-digital.jpg","width":590,"height":389,"caption":"Na\u00e7\u00e3o Digital"},"image":{"@id":"https:\/\/nacao.digital\/blog\/#\/schema\/logo\/image\/"},"sameAs":["https:\/\/www.facebook.com\/inbound.commerce","https:\/\/www.instagram.com\/nacaodigital\/","https:\/\/pt.linkedin.com\/company\/na\u00e7\u00e3o-digital"]},{"@type":"Person","@id":"https:\/\/nacao.digital\/blog\/#\/schema\/person\/4e45d0f5b6d52948e113abab0619dcdc","name":"Reda\u00e7\u00e3o - Na\u00e7\u00e3o Digital","image":{"@type":"ImageObject","inLanguage":"pt-BR","@id":"https:\/\/nacao.digital\/blog\/#\/schema\/person\/image\/","url":"https:\/\/secure.gravatar.com\/avatar\/02e4691d00230d3425c562e7e363f571?s=96&d=mm&r=g","contentUrl":"https:\/\/secure.gravatar.com\/avatar\/02e4691d00230d3425c562e7e363f571?s=96&d=mm&r=g","caption":"Reda\u00e7\u00e3o - Na\u00e7\u00e3o Digital"},"description":"Equipe de Reda\u00e7\u00e3o da Na\u00e7\u00e3o Digital","sameAs":["http:\/\/nacao.digital"],"url":"https:\/\/nacao.digital\/blog\/author\/redacao\/"}]}},"amp_enabled":true,"_links":{"self":[{"href":"https:\/\/nacao.digital\/blog\/wp-json\/wp\/v2\/posts\/2436"}],"collection":[{"href":"https:\/\/nacao.digital\/blog\/wp-json\/wp\/v2\/posts"}],"about":[{"href":"https:\/\/nacao.digital\/blog\/wp-json\/wp\/v2\/types\/post"}],"author":[{"embeddable":true,"href":"https:\/\/nacao.digital\/blog\/wp-json\/wp\/v2\/users\/7"}],"replies":[{"embeddable":true,"href":"https:\/\/nacao.digital\/blog\/wp-json\/wp\/v2\/comments?post=2436"}],"version-history":[{"count":0,"href":"https:\/\/nacao.digital\/blog\/wp-json\/wp\/v2\/posts\/2436\/revisions"}],"wp:featuredmedia":[{"embeddable":true,"href":"https:\/\/nacao.digital\/blog\/wp-json\/wp\/v2\/media\/2439"}],"wp:attachment":[{"href":"https:\/\/nacao.digital\/blog\/wp-json\/wp\/v2\/media?parent=2436"}],"wp:term":[{"taxonomy":"category","embeddable":true,"href":"https:\/\/nacao.digital\/blog\/wp-json\/wp\/v2\/categories?post=2436"},{"taxonomy":"post_tag","embeddable":true,"href":"https:\/\/nacao.digital\/blog\/wp-json\/wp\/v2\/tags?post=2436"},{"taxonomy":"post_series","embeddable":true,"href":"https:\/\/nacao.digital\/blog\/wp-json\/wp\/v2\/post_series?post=2436"}],"curies":[{"name":"wp","href":"https:\/\/api.w.org\/{rel}","templated":true}]}}