{"id":2898,"date":"2018-10-22T07:00:04","date_gmt":"2018-10-22T10:00:04","guid":{"rendered":"http:\/\/nacao.digital\/blog\/?p=2898"},"modified":"2020-04-30T17:19:47","modified_gmt":"2020-04-30T20:19:47","slug":"producao-de-conteudo","status":"publish","type":"post","link":"https:\/\/nacao.digital\/blog\/producao-de-conteudo\/","title":{"rendered":"Produ\u00e7\u00e3o de conte\u00fado: onde encontrar boas fontes?"},"content":{"rendered":"<p class=\"last-modified\"> <b> <i> Este conte\u00fado foi atualizado em: 30\/04\/2020 <\/i> <\/b> <\/p><p>A produ\u00e7\u00e3o de conte\u00fado de qualidade tem como princ\u00edpio encontrar boas fontes. Entenda como \u2018boas\u2019 as fontes de pesquisa confi\u00e1veis, como banco de dados de governos municipais, estaduais e federal, institutos de pesquisa, entidades do terceiro setor e universidades.<\/p>\n<p>Um texto corre o risco de ruir se tiver sido escrito com base em uma fonte sem credibilidade e toda informa\u00e7\u00e3o citada ali pode ser contestada. \u00c9 por isso que \u00e9 t\u00e3o importante usar dados confi\u00e1veis na produ\u00e7\u00e3o de conte\u00fado. Quer saber onde est\u00e3o essas boas fontes? Continue a leitura!<\/p>\n<h2>Tend\u00eancia: jornalismo de dados<\/h2>\n<p>Governos, organiza\u00e7\u00f5es n\u00e3o-governamentais, institutos de pesquisa e universidades publicam, diariamente, uma s\u00e9rie de dados. Em um primeiro momento, o emaranhado de nomes e n\u00fameros parece n\u00e3o revelar nada. \u00c9 a\u00ed que entra em cena a interpreta\u00e7\u00e3o dos dados.<\/p>\n<p>Os jornalistas est\u00e3o transformando esses dados abstratos em concretos e deram um nome para isso: \u00e9 o <a href=\"http:\/\/datajournalismhandbook.org\/1.0\/en\/introduction_0.html\" target=\"_blank\" rel=\"noopener noreferrer\">jornalismo de dados<\/a>. E qualquer profissional de \u00e1rea de comunica\u00e7\u00e3o (Jornalismo, Publicidade e Marketing) que trabalhe com produ\u00e7\u00e3o de conte\u00fado tamb\u00e9m pode tirar proveito disso!<\/p>\n<p>A\u00ed vai uma dica: apenas encontrar os n\u00fameros e inseri-los no texto \u00e9 insuficiente, o redator precisa analis\u00e1-los e traduzi-los para a persona do blog, por exemplo.<\/p>\n<p>Vamos imaginar que voc\u00ea escreve para o blog de uma associa\u00e7\u00e3o cal\u00e7adista. Quem \u00e9 a sua persona? Empres\u00e1rios do setor. Ao citar os dados da produ\u00e7\u00e3o de cal\u00e7ados em um semestre, por exemplo, \u00e9 preciso contextualiz\u00e1-los: a trajet\u00f3ria est\u00e1 crescente ou decrescente? Isso chama a aten\u00e7\u00e3o do leitor? \u00c9 importante para a persona? O que isso muda na vida de quem est\u00e1 lendo?<\/p>\n<p>Em um blog de Educa\u00e7\u00e3o, a informa\u00e7\u00e3o do aluno de escola p\u00fablica em uma regi\u00e3o pobre de S\u00e3o Paulo que ganha medalha de ouro na Olimp\u00edada de Matem\u00e1tica \u00e9 uma boa hist\u00f3ria por si s\u00f3, mas \u00e9 poss\u00edvel ir al\u00e9m e contextualizar.<\/p>\n<p>Qual a posi\u00e7\u00e3o da escola desse aluno no ranking de aprendizado de Matem\u00e1tica? Qual a nota da escola no \u00cdndice de Desenvolvimento da Educa\u00e7\u00e3o B\u00e1sica (Ideb), que \u00e9 o indicador que mede a qualidade do ensino nas escolas p\u00fablicas? Como est\u00e1 o Brasil em rela\u00e7\u00e3o ao mundo no ensino dessa disciplina?<\/p>\n<h2>Infogr\u00e1fico: aliado da produ\u00e7\u00e3o de conte\u00fado<\/h2>\n<p>Esses dados podem ajudar o produtor de conte\u00fado a contar uma hist\u00f3ria por meio de infogr\u00e1ficos, que s\u00e3o representa\u00e7\u00f5es visuais que unem textos curtos e imagens para explicar uma informa\u00e7\u00e3o ao leitor.<\/p>\n<p>O infogr\u00e1fico tem o poder de se relacionar com o leitor. Por isso, use informa\u00e7\u00f5es que ser\u00e3o \u00fateis para ele e que sejam interessantes ao ponto de serem compartilhadas.<\/p>\n<p>Veja o exemplo de um cliente da Na\u00e7\u00e3o Digital. O <a href=\"http:\/\/blog.cidadecancao.com\" target=\"_blank\" rel=\"noopener noreferrer\">blog do Supermercado Cidade Can\u00e7\u00e3o<\/a> fala com um p\u00fablico que tem rotina atarefada e gostaria de economizar tempo para curtir com a fam\u00edlia e amigos. Os conte\u00fados trazem dicas para refei\u00e7\u00f5es r\u00e1pidas, jantares tem\u00e1ticos e organiza\u00e7\u00e3o da rotina, al\u00e9m de temas regionais (nas cidades onde a empresa atua) que sejam interessantes para a persona.<\/p>\n<p>Na <a href=\"http:\/\/nacao.digital\/blog\/fases-do-inbound-como-atrair-o-cliente-com-inbound-commerce\/\" target=\"_blank\" rel=\"noopener noreferrer\">oferta de valor<\/a> desenvolvida para o Cidade Can\u00e7\u00e3o, o foco era levar informa\u00e7\u00f5es sobre aproveitamento de alimentos, higieniza\u00e7\u00e3o e organiza\u00e7\u00e3o da geladeira. A ideia do infogr\u00e1fico se encaixa melhor do que um texto para indicar quais alimentos devem ser armazenados em cada compartimento da geladeira.<\/p>\n<p><img decoding=\"async\" class=\"aligncenter size-full wp-image-2899\" src=\"http:\/\/nacao.digital\/blog\/wp-content\/uploads\/2018\/10\/jornalismo-de-dados-infogr\u00e1fico.jpg\" alt=\"jornalismo de dados - exemplo de infogr\u00e1fico\" width=\"1009\" height=\"649\" srcset=\"https:\/\/nacao.digital\/blog\/wp-content\/uploads\/2018\/10\/jornalismo-de-dados-infogr\u00e1fico.jpg 1009w, https:\/\/nacao.digital\/blog\/wp-content\/uploads\/2018\/10\/jornalismo-de-dados-infogr\u00e1fico-300x193.jpg 300w, https:\/\/nacao.digital\/blog\/wp-content\/uploads\/2018\/10\/jornalismo-de-dados-infogr\u00e1fico-768x494.jpg 768w\" sizes=\"(max-width: 1009px) 100vw, 1009px\" \/><\/p>\n<ul>\n<li><a href=\"https:\/\/especial.cidadecancao.com\/ebook-como-aproveitar-alimentos-mga\" target=\"_blank\" rel=\"noopener noreferrer\"><strong>Confira na \u00edntegra o guia de como Aproveitar integralmente os alimentos e evitar o desperd\u00edcio.<\/strong><\/a><\/li>\n<\/ul>\n<h2>Dados: o poder da interpreta\u00e7\u00e3o<\/h2>\n<p>Os n\u00fameros s\u00e3o aliados na produ\u00e7\u00e3o de conte\u00fado e o profissional n\u00e3o deve desprez\u00e1-los. A interpreta\u00e7\u00e3o dos dados permite:<\/p>\n<ul>\n<li>Resumir v\u00e1rias tabelas de uma pesquisa em um t\u00edtulo (indicando uma tend\u00eancia de alta, baixa ou estabilidade).<\/li>\n<li>Resumir v\u00e1rios n\u00fameros em um t\u00edtulo (informando a ocorr\u00eancia de uma situa\u00e7\u00e3o a cada dia, hora ou minutos, por exemplo).<\/li>\n<li>Transformar n\u00fameros em informa\u00e7\u00e3o (cruzando n\u00fameros de <a href=\"http:\/\/blog.cidadecancao.com\/cidades\/frutas-e-verduras-da-epoca\/\" target=\"_blank\" rel=\"noopener noreferrer\">produ\u00e7\u00e3o de frutas e verduras<\/a> de uma localidade com as esta\u00e7\u00f5es do ano).<\/li>\n<\/ul>\n<p>A produ\u00e7\u00e3o de conte\u00fado \u00e9 um exerc\u00edcio di\u00e1rio que pode ter os dados de fontes oficiais como aliados. Essa parceria n\u00e3o s\u00f3 confere credibilidade ao que o redator est\u00e1 informando, mas tamb\u00e9m diversifica os temas e d\u00e1 possibilidade de maior aprofundamento das pautas.<\/p>\n<p><img decoding=\"async\" class=\"aligncenter wp-image-2900\" src=\"http:\/\/nacao.digital\/blog\/wp-content\/uploads\/2018\/10\/jornalismo-de-dados-onde-encontrar-fontes.png\" alt=\"produ\u00e7\u00e3o de conte\u00fado\" width=\"700\" height=\"467\" srcset=\"https:\/\/nacao.digital\/blog\/wp-content\/uploads\/2018\/10\/jornalismo-de-dados-onde-encontrar-fontes.png 750w, https:\/\/nacao.digital\/blog\/wp-content\/uploads\/2018\/10\/jornalismo-de-dados-onde-encontrar-fontes-300x200.png 300w\" sizes=\"(max-width: 700px) 100vw, 700px\" \/><\/p>\n<h2>Boas fontes: onde encontrar<\/h2>\n<p>Os dados podem ser considerados a fonte do jornalismo de dados, mas voc\u00ea sabe onde encontr\u00e1-los? Veja onde est\u00e3o as tabelas e as pesquisas que podem ser usadas na produ\u00e7\u00e3o de conte\u00fado.<\/p>\n<p><strong>Educa\u00e7\u00e3o<\/strong><\/p>\n<ul>\n<li><a href=\"http:\/\/www.inep.gov.br\/\" target=\"_blank\" rel=\"noopener noreferrer\">Inep<\/a><\/li>\n<li><a href=\"https:\/\/www.qedu.org.br\/\" target=\"_blank\" rel=\"noopener noreferrer\">Qedu<\/a><\/li>\n<li><a href=\"https:\/\/www.todospelaeducacao.org.br\/\" target=\"_blank\" rel=\"noopener noreferrer\">Todos pela Educa\u00e7\u00e3o<\/a><\/li>\n<\/ul>\n<p><strong>Economia<\/strong><\/p>\n<ul>\n<li><a href=\"http:\/\/www.mdic.gov.br\/index.php\/balanca-comercial\" target=\"_blank\" rel=\"noopener noreferrer\">Balan\u00e7a comercial<\/a><\/li>\n<li><a href=\"http:\/\/www.bcb.gov.br\/\" target=\"_blank\" rel=\"noopener noreferrer\">Banco Central<\/a><\/li>\n<\/ul>\n<p><strong>Emprego<\/strong><\/p>\n<ul>\n<li><a href=\"http:\/\/trabalho.gov.br\/portal-mte\/\" target=\"_blank\" rel=\"noopener noreferrer\">Minist\u00e9rio do Trabalho<\/a><\/li>\n<\/ul>\n<p><strong>Geral<\/strong><\/p>\n<ul>\n<li><a href=\"https:\/\/www.ibge.gov.br\/\" target=\"_blank\" rel=\"noopener noreferrer\">IBGE<\/a><\/li>\n<li><a href=\"https:\/\/scholar.google.com.br\/\" target=\"_blank\" rel=\"noopener noreferrer\">Google Acad\u00eamico<\/a><\/li>\n<li>Prefeituras<\/li>\n<li>Governos estaduais<\/li>\n<\/ul>\n<p><strong>Sa\u00fade<\/strong><\/p>\n<ul>\n<li><a href=\"http:\/\/portalms.saude.gov.br\/\" target=\"_blank\" rel=\"noopener noreferrer\">Minist\u00e9rio da Sa\u00fade<\/a><\/li>\n<li><a href=\"http:\/\/datasus.saude.gov.br\/\" target=\"_blank\" rel=\"noopener noreferrer\">DataSUS<\/a><\/li>\n<li><a href=\"http:\/\/www.ans.gov.br\/\" target=\"_blank\" rel=\"noopener noreferrer\">ANS<\/a><\/li>\n<\/ul>\n<p><strong>Tr\u00e2nsito<\/strong><\/p>\n<ul>\n<li><a href=\"https:\/\/www.denatran.gov.br\/\" target=\"_blank\" rel=\"noopener noreferrer\">Denatran<\/a><\/li>\n<li><a href=\"http:\/\/www3.fenabrave.org.br:8082\/plus\/\" target=\"_blank\" rel=\"noopener noreferrer\">Fenabrave<\/a><\/li>\n<li>Detran estadual<\/li>\n<\/ul>\n<p>Para usar os dados na produ\u00e7\u00e3o de conte\u00fado, \u00e9 importante saber onde eles est\u00e3o. Fuja do lugar-comum; v\u00e1 direto na fonte. N\u00e3o replique informa\u00e7\u00f5es de sites que n\u00e3o sejam os oficiais.<\/p>\n<p>Se um dado \u00e9 atribu\u00eddo \u00e0 <a href=\"http:\/\/www.who.int\/eportuguese\/countries\/bra\/pt\/\" target=\"_blank\" rel=\"noopener noreferrer\">Organiza\u00e7\u00e3o Mundial de Sa\u00fade<\/a> (OMS) ou ao conselho de classe de uma categoria, como Odontologia e Medicina, \u00e9 preciso que ele esteja no banco de dados da entidade. Com esse cuidado, voc\u00ea produzir\u00e1 conte\u00fados inquestion\u00e1veis. Boa escrita!<\/p>\n<div id=\"newsletter-blog-post-00a6f862a0546f78a91d\" role=\"main\"><\/div>\n<p><script type=\"text\/javascript\" src=\"https:\/\/d335luupugsy2.cloudfront.net\/js\/rdstation-forms\/stable\/rdstation-forms.min.js\"><\/script><br \/>\n<script type=\"text\/javascript\">\n new RDStationForms('newsletter-blog-post-00a6f862a0546f78a91d-html', 'UA-68122643-1').createForm();\n<\/script><\/p>\n","protected":false},"excerpt":{"rendered":"<p>Este conte\u00fado foi atualizado em: 30\/04\/2020 A produ\u00e7\u00e3o de conte\u00fado de qualidade tem como princ\u00edpio encontrar boas fontes. Entenda como \u2018boas\u2019 as fontes de pesquisa confi\u00e1veis, como banco de dados de governos municipais, estaduais e federal, institutos de pesquisa, entidades do terceiro setor e universidades. Um texto corre o risco de ruir se tiver sido&hellip;<\/p>\n","protected":false},"author":13,"featured_media":5740,"comment_status":"open","ping_status":"open","sticky":false,"template":"","format":"standard","meta":{"footnotes":""},"categories":[312],"tags":[219,221,220],"post_series":[],"yoast_head":"<!-- This site is optimized with the Yoast SEO plugin v22.0 - https:\/\/yoast.com\/wordpress\/plugins\/seo\/ -->\n<title>Produ\u00e7\u00e3o de conte\u00fado: onde encontrar boas fontes?<\/title>\n<meta name=\"description\" content=\"A produ\u00e7\u00e3o de conte\u00fado de qualidade exige boas fontes. Por\u00e9m, onde encontr\u00e1-las? Confira nossas dicas para achar as fontes ideais!\" \/>\n<meta name=\"robots\" content=\"index, follow, max-snippet:-1, max-image-preview:large, max-video-preview:-1\" \/>\n<link rel=\"canonical\" href=\"https:\/\/nacao.digital\/blog\/producao-de-conteudo\/\" \/>\n<meta property=\"og:locale\" content=\"pt_BR\" \/>\n<meta property=\"og:type\" content=\"article\" \/>\n<meta property=\"og:title\" content=\"Produ\u00e7\u00e3o de conte\u00fado: onde encontrar boas fontes?\" \/>\n<meta property=\"og:description\" content=\"A produ\u00e7\u00e3o de conte\u00fado de qualidade exige boas fontes. Por\u00e9m, onde encontr\u00e1-las? Confira nossas dicas para achar as fontes ideais!\" \/>\n<meta property=\"og:url\" content=\"https:\/\/nacao.digital\/blog\/producao-de-conteudo\/\" \/>\n<meta property=\"og:site_name\" content=\"Blog da Na\u00e7\u00e3o Digital\" \/>\n<meta property=\"article:publisher\" content=\"https:\/\/www.facebook.com\/inbound.commerce\" \/>\n<meta property=\"article:published_time\" content=\"2018-10-22T10:00:04+00:00\" \/>\n<meta property=\"article:modified_time\" content=\"2020-04-30T20:19:47+00:00\" \/>\n<meta property=\"og:image\" content=\"https:\/\/nacao.digital\/blog\/wp-content\/uploads\/2018\/10\/producao-de-conteudo.jpg\" \/>\n\t<meta property=\"og:image:width\" content=\"1500\" \/>\n\t<meta property=\"og:image:height\" content=\"801\" \/>\n\t<meta property=\"og:image:type\" content=\"image\/jpeg\" \/>\n<meta name=\"author\" content=\"Carla Guedes\" \/>\n<meta name=\"twitter:card\" content=\"summary_large_image\" \/>\n<meta name=\"twitter:label1\" content=\"Escrito por\" \/>\n\t<meta name=\"twitter:data1\" content=\"Carla Guedes\" \/>\n\t<meta name=\"twitter:label2\" content=\"Est. tempo de leitura\" \/>\n\t<meta name=\"twitter:data2\" content=\"5 minutos\" \/>\n<script type=\"application\/ld+json\" class=\"yoast-schema-graph\">{\"@context\":\"https:\/\/schema.org\",\"@graph\":[{\"@type\":\"Article\",\"@id\":\"https:\/\/nacao.digital\/blog\/producao-de-conteudo\/#article\",\"isPartOf\":{\"@id\":\"https:\/\/nacao.digital\/blog\/producao-de-conteudo\/\"},\"author\":{\"name\":\"Carla Guedes\",\"@id\":\"https:\/\/nacao.digital\/blog\/#\/schema\/person\/5f334dbf8c963438ef768a50835907c1\"},\"headline\":\"Produ\u00e7\u00e3o de conte\u00fado: onde encontrar boas fontes?\",\"datePublished\":\"2018-10-22T10:00:04+00:00\",\"dateModified\":\"2020-04-30T20:19:47+00:00\",\"mainEntityOfPage\":{\"@id\":\"https:\/\/nacao.digital\/blog\/producao-de-conteudo\/\"},\"wordCount\":935,\"commentCount\":0,\"publisher\":{\"@id\":\"https:\/\/nacao.digital\/blog\/#organization\"},\"keywords\":[\"jornalismo de dados\",\"marketing de conte\u00fadio\",\"produ\u00e7\u00e3o de conte\u00fado\"],\"articleSection\":[\"Marketing\"],\"inLanguage\":\"pt-BR\",\"potentialAction\":[{\"@type\":\"CommentAction\",\"name\":\"Comment\",\"target\":[\"https:\/\/nacao.digital\/blog\/producao-de-conteudo\/#respond\"]}]},{\"@type\":\"WebPage\",\"@id\":\"https:\/\/nacao.digital\/blog\/producao-de-conteudo\/\",\"url\":\"https:\/\/nacao.digital\/blog\/producao-de-conteudo\/\",\"name\":\"Produ\u00e7\u00e3o de conte\u00fado: onde encontrar boas fontes?\",\"isPartOf\":{\"@id\":\"https:\/\/nacao.digital\/blog\/#website\"},\"datePublished\":\"2018-10-22T10:00:04+00:00\",\"dateModified\":\"2020-04-30T20:19:47+00:00\",\"description\":\"A produ\u00e7\u00e3o de conte\u00fado de qualidade exige boas fontes. Por\u00e9m, onde encontr\u00e1-las? Confira nossas dicas para achar as fontes ideais!\",\"breadcrumb\":{\"@id\":\"https:\/\/nacao.digital\/blog\/producao-de-conteudo\/#breadcrumb\"},\"inLanguage\":\"pt-BR\",\"potentialAction\":[{\"@type\":\"ReadAction\",\"target\":[\"https:\/\/nacao.digital\/blog\/producao-de-conteudo\/\"]}]},{\"@type\":\"BreadcrumbList\",\"@id\":\"https:\/\/nacao.digital\/blog\/producao-de-conteudo\/#breadcrumb\",\"itemListElement\":[{\"@type\":\"ListItem\",\"position\":1,\"name\":\"In\u00edcio\",\"item\":\"https:\/\/nacao.digital\/blog\/\"},{\"@type\":\"ListItem\",\"position\":2,\"name\":\"Produ\u00e7\u00e3o de conte\u00fado: onde encontrar boas fontes?\"}]},{\"@type\":\"WebSite\",\"@id\":\"https:\/\/nacao.digital\/blog\/#website\",\"url\":\"https:\/\/nacao.digital\/blog\/\",\"name\":\"Blog da Na\u00e7\u00e3o Digital\",\"description\":\"Aprenda as melhores estrat\u00e9gias para atrair p\u00fablico mais segmentado, converter mais e vender muito. Tudo isso usando a metodologia de Inbound Marketing para E-commerce.\",\"publisher\":{\"@id\":\"https:\/\/nacao.digital\/blog\/#organization\"},\"potentialAction\":[{\"@type\":\"SearchAction\",\"target\":{\"@type\":\"EntryPoint\",\"urlTemplate\":\"https:\/\/nacao.digital\/blog\/?s={search_term_string}\"},\"query-input\":\"required name=search_term_string\"}],\"inLanguage\":\"pt-BR\"},{\"@type\":\"Organization\",\"@id\":\"https:\/\/nacao.digital\/blog\/#organization\",\"name\":\"Na\u00e7\u00e3o Digital\",\"url\":\"https:\/\/nacao.digital\/blog\/\",\"logo\":{\"@type\":\"ImageObject\",\"inLanguage\":\"pt-BR\",\"@id\":\"https:\/\/nacao.digital\/blog\/#\/schema\/logo\/image\/\",\"url\":\"https:\/\/nacao.digital\/blog\/wp-content\/uploads\/2018\/05\/nacao-digital.jpg\",\"contentUrl\":\"https:\/\/nacao.digital\/blog\/wp-content\/uploads\/2018\/05\/nacao-digital.jpg\",\"width\":590,\"height\":389,\"caption\":\"Na\u00e7\u00e3o Digital\"},\"image\":{\"@id\":\"https:\/\/nacao.digital\/blog\/#\/schema\/logo\/image\/\"},\"sameAs\":[\"https:\/\/www.facebook.com\/inbound.commerce\",\"https:\/\/www.instagram.com\/nacaodigital\/\",\"https:\/\/pt.linkedin.com\/company\/na\u00e7\u00e3o-digital\"]},{\"@type\":\"Person\",\"@id\":\"https:\/\/nacao.digital\/blog\/#\/schema\/person\/5f334dbf8c963438ef768a50835907c1\",\"name\":\"Carla Guedes\",\"image\":{\"@type\":\"ImageObject\",\"inLanguage\":\"pt-BR\",\"@id\":\"https:\/\/nacao.digital\/blog\/#\/schema\/person\/image\/\",\"url\":\"https:\/\/secure.gravatar.com\/avatar\/e3a243daa40ae061eb0144dd3123e0de?s=96&d=mm&r=g\",\"contentUrl\":\"https:\/\/secure.gravatar.com\/avatar\/e3a243daa40ae061eb0144dd3123e0de?s=96&d=mm&r=g\",\"caption\":\"Carla Guedes\"},\"description\":\"Jornalista, especialista em Marketing Digital e redatora na Na\u00e7\u00e3o Digital, ag\u00eancia de Inbound Commerce. Tem experi\u00eancia em webjornalismo, jornal impresso e TV.\",\"url\":\"https:\/\/nacao.digital\/blog\/author\/carla\/\"}]}<\/script>\n<!-- \/ Yoast SEO plugin. -->","yoast_head_json":{"title":"Produ\u00e7\u00e3o de conte\u00fado: onde encontrar boas fontes?","description":"A produ\u00e7\u00e3o de conte\u00fado de qualidade exige boas fontes. Por\u00e9m, onde encontr\u00e1-las? Confira nossas dicas para achar as fontes ideais!","robots":{"index":"index","follow":"follow","max-snippet":"max-snippet:-1","max-image-preview":"max-image-preview:large","max-video-preview":"max-video-preview:-1"},"canonical":"https:\/\/nacao.digital\/blog\/producao-de-conteudo\/","og_locale":"pt_BR","og_type":"article","og_title":"Produ\u00e7\u00e3o de conte\u00fado: onde encontrar boas fontes?","og_description":"A produ\u00e7\u00e3o de conte\u00fado de qualidade exige boas fontes. Por\u00e9m, onde encontr\u00e1-las? Confira nossas dicas para achar as fontes ideais!","og_url":"https:\/\/nacao.digital\/blog\/producao-de-conteudo\/","og_site_name":"Blog da Na\u00e7\u00e3o Digital","article_publisher":"https:\/\/www.facebook.com\/inbound.commerce","article_published_time":"2018-10-22T10:00:04+00:00","article_modified_time":"2020-04-30T20:19:47+00:00","og_image":[{"width":1500,"height":801,"url":"https:\/\/nacao.digital\/blog\/wp-content\/uploads\/2018\/10\/producao-de-conteudo.jpg","type":"image\/jpeg"}],"author":"Carla Guedes","twitter_card":"summary_large_image","twitter_misc":{"Escrito por":"Carla Guedes","Est. tempo de leitura":"5 minutos"},"schema":{"@context":"https:\/\/schema.org","@graph":[{"@type":"Article","@id":"https:\/\/nacao.digital\/blog\/producao-de-conteudo\/#article","isPartOf":{"@id":"https:\/\/nacao.digital\/blog\/producao-de-conteudo\/"},"author":{"name":"Carla Guedes","@id":"https:\/\/nacao.digital\/blog\/#\/schema\/person\/5f334dbf8c963438ef768a50835907c1"},"headline":"Produ\u00e7\u00e3o de conte\u00fado: onde encontrar boas fontes?","datePublished":"2018-10-22T10:00:04+00:00","dateModified":"2020-04-30T20:19:47+00:00","mainEntityOfPage":{"@id":"https:\/\/nacao.digital\/blog\/producao-de-conteudo\/"},"wordCount":935,"commentCount":0,"publisher":{"@id":"https:\/\/nacao.digital\/blog\/#organization"},"keywords":["jornalismo de dados","marketing de conte\u00fadio","produ\u00e7\u00e3o de conte\u00fado"],"articleSection":["Marketing"],"inLanguage":"pt-BR","potentialAction":[{"@type":"CommentAction","name":"Comment","target":["https:\/\/nacao.digital\/blog\/producao-de-conteudo\/#respond"]}]},{"@type":"WebPage","@id":"https:\/\/nacao.digital\/blog\/producao-de-conteudo\/","url":"https:\/\/nacao.digital\/blog\/producao-de-conteudo\/","name":"Produ\u00e7\u00e3o de conte\u00fado: onde encontrar boas fontes?","isPartOf":{"@id":"https:\/\/nacao.digital\/blog\/#website"},"datePublished":"2018-10-22T10:00:04+00:00","dateModified":"2020-04-30T20:19:47+00:00","description":"A produ\u00e7\u00e3o de conte\u00fado de qualidade exige boas fontes. Por\u00e9m, onde encontr\u00e1-las? Confira nossas dicas para achar as fontes ideais!","breadcrumb":{"@id":"https:\/\/nacao.digital\/blog\/producao-de-conteudo\/#breadcrumb"},"inLanguage":"pt-BR","potentialAction":[{"@type":"ReadAction","target":["https:\/\/nacao.digital\/blog\/producao-de-conteudo\/"]}]},{"@type":"BreadcrumbList","@id":"https:\/\/nacao.digital\/blog\/producao-de-conteudo\/#breadcrumb","itemListElement":[{"@type":"ListItem","position":1,"name":"In\u00edcio","item":"https:\/\/nacao.digital\/blog\/"},{"@type":"ListItem","position":2,"name":"Produ\u00e7\u00e3o de conte\u00fado: onde encontrar boas fontes?"}]},{"@type":"WebSite","@id":"https:\/\/nacao.digital\/blog\/#website","url":"https:\/\/nacao.digital\/blog\/","name":"Blog da Na\u00e7\u00e3o Digital","description":"Aprenda as melhores estrat\u00e9gias para atrair p\u00fablico mais segmentado, converter mais e vender muito. Tudo isso usando a metodologia de Inbound Marketing para E-commerce.","publisher":{"@id":"https:\/\/nacao.digital\/blog\/#organization"},"potentialAction":[{"@type":"SearchAction","target":{"@type":"EntryPoint","urlTemplate":"https:\/\/nacao.digital\/blog\/?s={search_term_string}"},"query-input":"required name=search_term_string"}],"inLanguage":"pt-BR"},{"@type":"Organization","@id":"https:\/\/nacao.digital\/blog\/#organization","name":"Na\u00e7\u00e3o Digital","url":"https:\/\/nacao.digital\/blog\/","logo":{"@type":"ImageObject","inLanguage":"pt-BR","@id":"https:\/\/nacao.digital\/blog\/#\/schema\/logo\/image\/","url":"https:\/\/nacao.digital\/blog\/wp-content\/uploads\/2018\/05\/nacao-digital.jpg","contentUrl":"https:\/\/nacao.digital\/blog\/wp-content\/uploads\/2018\/05\/nacao-digital.jpg","width":590,"height":389,"caption":"Na\u00e7\u00e3o Digital"},"image":{"@id":"https:\/\/nacao.digital\/blog\/#\/schema\/logo\/image\/"},"sameAs":["https:\/\/www.facebook.com\/inbound.commerce","https:\/\/www.instagram.com\/nacaodigital\/","https:\/\/pt.linkedin.com\/company\/na\u00e7\u00e3o-digital"]},{"@type":"Person","@id":"https:\/\/nacao.digital\/blog\/#\/schema\/person\/5f334dbf8c963438ef768a50835907c1","name":"Carla Guedes","image":{"@type":"ImageObject","inLanguage":"pt-BR","@id":"https:\/\/nacao.digital\/blog\/#\/schema\/person\/image\/","url":"https:\/\/secure.gravatar.com\/avatar\/e3a243daa40ae061eb0144dd3123e0de?s=96&d=mm&r=g","contentUrl":"https:\/\/secure.gravatar.com\/avatar\/e3a243daa40ae061eb0144dd3123e0de?s=96&d=mm&r=g","caption":"Carla Guedes"},"description":"Jornalista, especialista em Marketing Digital e redatora na Na\u00e7\u00e3o Digital, ag\u00eancia de Inbound Commerce. Tem experi\u00eancia em webjornalismo, jornal impresso e TV.","url":"https:\/\/nacao.digital\/blog\/author\/carla\/"}]}},"amp_enabled":true,"_links":{"self":[{"href":"https:\/\/nacao.digital\/blog\/wp-json\/wp\/v2\/posts\/2898"}],"collection":[{"href":"https:\/\/nacao.digital\/blog\/wp-json\/wp\/v2\/posts"}],"about":[{"href":"https:\/\/nacao.digital\/blog\/wp-json\/wp\/v2\/types\/post"}],"author":[{"embeddable":true,"href":"https:\/\/nacao.digital\/blog\/wp-json\/wp\/v2\/users\/13"}],"replies":[{"embeddable":true,"href":"https:\/\/nacao.digital\/blog\/wp-json\/wp\/v2\/comments?post=2898"}],"version-history":[{"count":0,"href":"https:\/\/nacao.digital\/blog\/wp-json\/wp\/v2\/posts\/2898\/revisions"}],"wp:featuredmedia":[{"embeddable":true,"href":"https:\/\/nacao.digital\/blog\/wp-json\/wp\/v2\/media\/5740"}],"wp:attachment":[{"href":"https:\/\/nacao.digital\/blog\/wp-json\/wp\/v2\/media?parent=2898"}],"wp:term":[{"taxonomy":"category","embeddable":true,"href":"https:\/\/nacao.digital\/blog\/wp-json\/wp\/v2\/categories?post=2898"},{"taxonomy":"post_tag","embeddable":true,"href":"https:\/\/nacao.digital\/blog\/wp-json\/wp\/v2\/tags?post=2898"},{"taxonomy":"post_series","embeddable":true,"href":"https:\/\/nacao.digital\/blog\/wp-json\/wp\/v2\/post_series?post=2898"}],"curies":[{"name":"wp","href":"https:\/\/api.w.org\/{rel}","templated":true}]}}