{"id":547,"date":"2016-08-01T18:49:14","date_gmt":"2016-08-01T18:49:14","guid":{"rendered":"http:\/\/nacao.digital\/blog\/?p=547"},"modified":"2020-05-28T08:30:06","modified_gmt":"2020-05-28T11:30:06","slug":"nacao-digital-no-forum-e-commerce-brasil","status":"publish","type":"post","link":"https:\/\/nacao.digital\/blog\/nacao-digital-no-forum-e-commerce-brasil\/","title":{"rendered":"Na\u00e7\u00e3o Digital no F\u00f3rum E-commerce Brasil: destaques do conte\u00fado que nos impulsionam"},"content":{"rendered":"<p class=\"last-modified\"> <b> <i> Este conte\u00fado foi atualizado em: 28\/05\/2020 <\/i> <\/b> <\/p><p><span style=\"font-weight: 400;\">Os dias 26 e 27 de julho foram de voos, apresenta\u00e7\u00f5es, muita troca de ideias, aten\u00e7\u00e3o no olhar e no ouvido para n\u00f3s da Na\u00e7\u00e3o Digital. Estivemos presentes no F\u00f3rum E-commerce Brasil, maior evento da Am\u00e9rica Latina sobre o setor, e os resultados que encontramos por l\u00e1 foram melhores do que o esperado, impulsionando nosso trabalho para continuarmos seguindo o caminho que trilhamos.<\/span><\/p>\n<p><!--more--><\/p>\n<p><span style=\"font-weight: 400;\">Foram mais de 10.000 pessoas participando e prestigiando um evento de estrutura fant\u00e1stica para conhecer e atender as necessidades do setor de e-commerce. Al\u00e9m de estarmos apresentando nosso trabalho como parceiros do Hubspot e conversando com diversos lojistas em nosso stand junto ao ANYMARKET, ainda ficamos atentos nas tr\u00eas \u00e1reas de conte\u00fado apresentadas no f\u00f3rum: Vendas, Gest\u00e3o e Tecnologia. <\/span><\/p>\n<p><span style=\"font-weight: 400;\">Alguns assuntos foram destaque nas palestras e nos mostraram que estamos seguindo pelo caminho certo. Entre cases de grandes e-commerces brasileiros e apresenta\u00e7\u00f5es de especialistas do setor, a palavra mais ouvida por n\u00f3s no evento foi <\/span><a href=\"http:\/\/nacao.digital\/blog\/segmentacao-para-e-commerce\/\"><span style=\"font-weight: 400;\">segmenta\u00e7\u00e3o<\/span><\/a><span style=\"font-weight: 400;\">. Entregar ao consumidor aquilo que ele deseja e se interessa de forma personalizada no momento certo deixou de ser um diferencial para ser uma obriga\u00e7\u00e3o.<\/span><\/p>\n<p><span style=\"font-weight: 400;\">A segmenta\u00e7\u00e3o se trata de encontrar o gatilho certo a partir da a\u00e7\u00e3o de determinada pessoa para que ela realize uma compra em seu e-commerce. Estas a\u00e7\u00f5es podem ser <\/span><a href=\"http:\/\/nacao.digital\/blog\/automacao-de-e-mail\/\"><span style=\"font-weight: 400;\">automatizadas <\/span><\/a><span style=\"font-weight: 400;\">para abandonos de carrinho, consumidores dormentes, promo\u00e7\u00f5es urgentes em produtos relacionados \u00e0 compras anteriores, p\u00f3s-compra, refil de produtos, indica\u00e7\u00e3o de itens similares, entre outras. S\u00e3o infinitas possibilidades e todas elas fazem parte da automa\u00e7\u00e3o dentro de nossa metodologia de <\/span><a href=\"http:\/\/conteudo.nacao.digital\/guia-completo-de-inbound-commerce\/\"><span style=\"font-weight: 400;\">Inbound Commerce<\/span><\/a><span style=\"font-weight: 400;\">.<\/span><\/p>\n<p><span style=\"font-weight: 400;\">Al\u00e9m da segmenta\u00e7\u00e3o, a import\u00e2ncia de possuir processos e atendimentos unificados em todos os canais da loja a partir do Omni Channel foi destaque do F\u00f3rum E-commerce Brasil. O consumidor est\u00e1 cada vez mais propenso a comprar nos multicanais, ou seja, n\u00e3o existe mais diferen\u00e7a entre uma pessoa que compra na loja virtual e outra que compra na loja f\u00edsica. Por isso, \u00e9 fundamental que as lojas estejam preparadas para atender com a mesma linguagem e estrat\u00e9gias similares em todo o seu conjunto. <\/span><\/p>\n<p><span style=\"font-weight: 400;\">Neste F\u00f3rum E-commerce Brasil tivemos a oportunidade de comprovar a import\u00e2ncia de ter todos estes processos juntos em um s\u00f3 lugar. O Inbound Commerce se trata de reunir a segmenta\u00e7\u00e3o com a automa\u00e7\u00e3o, a cria\u00e7\u00e3o e distribui\u00e7\u00e3o de conte\u00fados de valor para guiar os visitantes pelo funil de vendas at\u00e9 que se tornem promotores de sua marca. Quer saber mais sobre nossa metodologia de Inbound Commerce? Baixe o e-book gratuito!<\/span><\/p>\n<p>&nbsp;<\/p>\n<p><a href=\"http:\/\/conteudo.nacao.digital\/guia-completo-de-inbound-commerce\/\"><img decoding=\"async\" class=\"size-full wp-image-407 aligncenter\" src=\"http:\/\/nacao.digital\/blog\/wp-content\/uploads\/2016\/06\/cta.png\" alt=\"cta\" width=\"718\" height=\"251\" srcset=\"https:\/\/nacao.digital\/blog\/wp-content\/uploads\/2016\/06\/cta.png 718w, https:\/\/nacao.digital\/blog\/wp-content\/uploads\/2016\/06\/cta-300x105.png 300w\" sizes=\"(max-width: 718px) 100vw, 718px\" \/><\/a><\/p>\n","protected":false},"excerpt":{"rendered":"<p>Este conte\u00fado foi atualizado em: 28\/05\/2020 Os dias 26 e 27 de julho foram de voos, apresenta\u00e7\u00f5es, muita troca de ideias, aten\u00e7\u00e3o no olhar e no ouvido para n\u00f3s da Na\u00e7\u00e3o Digital. Estivemos presentes no F\u00f3rum E-commerce Brasil, maior evento da Am\u00e9rica Latina sobre o setor, e os resultados que encontramos por l\u00e1 foram melhores&hellip;<\/p>\n","protected":false},"author":7,"featured_media":551,"comment_status":"open","ping_status":"open","sticky":false,"template":"","format":"standard","meta":{"footnotes":""},"categories":[310],"tags":[],"post_series":[],"yoast_head":"<!-- This site is optimized with the Yoast SEO plugin v22.0 - https:\/\/yoast.com\/wordpress\/plugins\/seo\/ -->\n<title>Na\u00e7\u00e3o Digital no F\u00f3rum E-commerce Brasil: destaques do conte\u00fado que nos impulsionam | Blog da Na\u00e7\u00e3o Digital<\/title>\n<meta name=\"description\" content=\"A Na\u00e7\u00e3o Digital participou do F\u00f3rum E-commerce Brasil e apresentamos aqui os assuntos destaque que nos impulsionaram a continuar pelo nosso caminho!\" \/>\n<meta name=\"robots\" content=\"index, follow, max-snippet:-1, max-image-preview:large, max-video-preview:-1\" \/>\n<link rel=\"canonical\" href=\"https:\/\/nacao.digital\/blog\/nacao-digital-no-forum-e-commerce-brasil\/\" \/>\n<meta property=\"og:locale\" content=\"pt_BR\" \/>\n<meta property=\"og:type\" content=\"article\" \/>\n<meta property=\"og:title\" content=\"Na\u00e7\u00e3o Digital no F\u00f3rum E-commerce Brasil: destaques do conte\u00fado que nos impulsionam | Blog da Na\u00e7\u00e3o Digital\" \/>\n<meta property=\"og:description\" content=\"A Na\u00e7\u00e3o Digital participou do F\u00f3rum E-commerce Brasil e apresentamos aqui os assuntos destaque que nos impulsionaram a continuar pelo nosso caminho!\" \/>\n<meta property=\"og:url\" content=\"https:\/\/nacao.digital\/blog\/nacao-digital-no-forum-e-commerce-brasil\/\" \/>\n<meta property=\"og:site_name\" content=\"Blog da Na\u00e7\u00e3o Digital\" \/>\n<meta property=\"article:publisher\" content=\"https:\/\/www.facebook.com\/inbound.commerce\" \/>\n<meta property=\"article:published_time\" content=\"2016-08-01T18:49:14+00:00\" \/>\n<meta property=\"article:modified_time\" content=\"2020-05-28T11:30:06+00:00\" \/>\n<meta property=\"og:image\" content=\"https:\/\/nacao.digital\/blog\/wp-content\/uploads\/2016\/08\/forum-e-commerce-brasil.png\" \/>\n\t<meta property=\"og:image:width\" content=\"855\" \/>\n\t<meta property=\"og:image:height\" content=\"400\" \/>\n\t<meta property=\"og:image:type\" content=\"image\/png\" \/>\n<meta name=\"author\" content=\"Reda\u00e7\u00e3o - Na\u00e7\u00e3o Digital\" \/>\n<meta name=\"twitter:card\" content=\"summary_large_image\" \/>\n<meta name=\"twitter:label1\" content=\"Escrito por\" \/>\n\t<meta name=\"twitter:data1\" content=\"Reda\u00e7\u00e3o - Na\u00e7\u00e3o Digital\" \/>\n\t<meta name=\"twitter:label2\" content=\"Est. tempo de leitura\" \/>\n\t<meta name=\"twitter:data2\" content=\"2 minutos\" \/>\n<script type=\"application\/ld+json\" class=\"yoast-schema-graph\">{\"@context\":\"https:\/\/schema.org\",\"@graph\":[{\"@type\":\"Article\",\"@id\":\"https:\/\/nacao.digital\/blog\/nacao-digital-no-forum-e-commerce-brasil\/#article\",\"isPartOf\":{\"@id\":\"https:\/\/nacao.digital\/blog\/nacao-digital-no-forum-e-commerce-brasil\/\"},\"author\":{\"name\":\"Reda\u00e7\u00e3o - Na\u00e7\u00e3o Digital\",\"@id\":\"https:\/\/nacao.digital\/blog\/#\/schema\/person\/4e45d0f5b6d52948e113abab0619dcdc\"},\"headline\":\"Na\u00e7\u00e3o Digital no F\u00f3rum E-commerce Brasil: destaques do conte\u00fado que nos impulsionam\",\"datePublished\":\"2016-08-01T18:49:14+00:00\",\"dateModified\":\"2020-05-28T11:30:06+00:00\",\"mainEntityOfPage\":{\"@id\":\"https:\/\/nacao.digital\/blog\/nacao-digital-no-forum-e-commerce-brasil\/\"},\"wordCount\":458,\"commentCount\":0,\"publisher\":{\"@id\":\"https:\/\/nacao.digital\/blog\/#organization\"},\"articleSection\":[\"A Na\u00e7\u00e3o\"],\"inLanguage\":\"pt-BR\",\"potentialAction\":[{\"@type\":\"CommentAction\",\"name\":\"Comment\",\"target\":[\"https:\/\/nacao.digital\/blog\/nacao-digital-no-forum-e-commerce-brasil\/#respond\"]}]},{\"@type\":\"WebPage\",\"@id\":\"https:\/\/nacao.digital\/blog\/nacao-digital-no-forum-e-commerce-brasil\/\",\"url\":\"https:\/\/nacao.digital\/blog\/nacao-digital-no-forum-e-commerce-brasil\/\",\"name\":\"Na\u00e7\u00e3o Digital no F\u00f3rum E-commerce Brasil: destaques do conte\u00fado que nos impulsionam | Blog da Na\u00e7\u00e3o Digital\",\"isPartOf\":{\"@id\":\"https:\/\/nacao.digital\/blog\/#website\"},\"datePublished\":\"2016-08-01T18:49:14+00:00\",\"dateModified\":\"2020-05-28T11:30:06+00:00\",\"description\":\"A Na\u00e7\u00e3o Digital participou do F\u00f3rum E-commerce Brasil e apresentamos aqui os assuntos destaque que nos impulsionaram a continuar pelo nosso caminho!\",\"breadcrumb\":{\"@id\":\"https:\/\/nacao.digital\/blog\/nacao-digital-no-forum-e-commerce-brasil\/#breadcrumb\"},\"inLanguage\":\"pt-BR\",\"potentialAction\":[{\"@type\":\"ReadAction\",\"target\":[\"https:\/\/nacao.digital\/blog\/nacao-digital-no-forum-e-commerce-brasil\/\"]}]},{\"@type\":\"BreadcrumbList\",\"@id\":\"https:\/\/nacao.digital\/blog\/nacao-digital-no-forum-e-commerce-brasil\/#breadcrumb\",\"itemListElement\":[{\"@type\":\"ListItem\",\"position\":1,\"name\":\"In\u00edcio\",\"item\":\"https:\/\/nacao.digital\/blog\/\"},{\"@type\":\"ListItem\",\"position\":2,\"name\":\"Na\u00e7\u00e3o Digital no F\u00f3rum E-commerce Brasil: destaques do conte\u00fado que nos impulsionam\"}]},{\"@type\":\"WebSite\",\"@id\":\"https:\/\/nacao.digital\/blog\/#website\",\"url\":\"https:\/\/nacao.digital\/blog\/\",\"name\":\"Blog da Na\u00e7\u00e3o Digital\",\"description\":\"Aprenda as melhores estrat\u00e9gias para atrair p\u00fablico mais segmentado, converter mais e vender muito. Tudo isso usando a metodologia de Inbound Marketing para E-commerce.\",\"publisher\":{\"@id\":\"https:\/\/nacao.digital\/blog\/#organization\"},\"potentialAction\":[{\"@type\":\"SearchAction\",\"target\":{\"@type\":\"EntryPoint\",\"urlTemplate\":\"https:\/\/nacao.digital\/blog\/?s={search_term_string}\"},\"query-input\":\"required name=search_term_string\"}],\"inLanguage\":\"pt-BR\"},{\"@type\":\"Organization\",\"@id\":\"https:\/\/nacao.digital\/blog\/#organization\",\"name\":\"Na\u00e7\u00e3o Digital\",\"url\":\"https:\/\/nacao.digital\/blog\/\",\"logo\":{\"@type\":\"ImageObject\",\"inLanguage\":\"pt-BR\",\"@id\":\"https:\/\/nacao.digital\/blog\/#\/schema\/logo\/image\/\",\"url\":\"https:\/\/nacao.digital\/blog\/wp-content\/uploads\/2018\/05\/nacao-digital.jpg\",\"contentUrl\":\"https:\/\/nacao.digital\/blog\/wp-content\/uploads\/2018\/05\/nacao-digital.jpg\",\"width\":590,\"height\":389,\"caption\":\"Na\u00e7\u00e3o Digital\"},\"image\":{\"@id\":\"https:\/\/nacao.digital\/blog\/#\/schema\/logo\/image\/\"},\"sameAs\":[\"https:\/\/www.facebook.com\/inbound.commerce\",\"https:\/\/www.instagram.com\/nacaodigital\/\",\"https:\/\/pt.linkedin.com\/company\/na\u00e7\u00e3o-digital\"]},{\"@type\":\"Person\",\"@id\":\"https:\/\/nacao.digital\/blog\/#\/schema\/person\/4e45d0f5b6d52948e113abab0619dcdc\",\"name\":\"Reda\u00e7\u00e3o - Na\u00e7\u00e3o Digital\",\"image\":{\"@type\":\"ImageObject\",\"inLanguage\":\"pt-BR\",\"@id\":\"https:\/\/nacao.digital\/blog\/#\/schema\/person\/image\/\",\"url\":\"https:\/\/secure.gravatar.com\/avatar\/02e4691d00230d3425c562e7e363f571?s=96&d=mm&r=g\",\"contentUrl\":\"https:\/\/secure.gravatar.com\/avatar\/02e4691d00230d3425c562e7e363f571?s=96&d=mm&r=g\",\"caption\":\"Reda\u00e7\u00e3o - Na\u00e7\u00e3o Digital\"},\"description\":\"Equipe de Reda\u00e7\u00e3o da Na\u00e7\u00e3o Digital\",\"sameAs\":[\"http:\/\/nacao.digital\"],\"url\":\"https:\/\/nacao.digital\/blog\/author\/redacao\/\"}]}<\/script>\n<!-- \/ Yoast SEO plugin. -->","yoast_head_json":{"title":"Na\u00e7\u00e3o Digital no F\u00f3rum E-commerce Brasil: destaques do conte\u00fado que nos impulsionam | Blog da Na\u00e7\u00e3o Digital","description":"A Na\u00e7\u00e3o Digital participou do F\u00f3rum E-commerce Brasil e apresentamos aqui os assuntos destaque que nos impulsionaram a continuar pelo nosso caminho!","robots":{"index":"index","follow":"follow","max-snippet":"max-snippet:-1","max-image-preview":"max-image-preview:large","max-video-preview":"max-video-preview:-1"},"canonical":"https:\/\/nacao.digital\/blog\/nacao-digital-no-forum-e-commerce-brasil\/","og_locale":"pt_BR","og_type":"article","og_title":"Na\u00e7\u00e3o Digital no F\u00f3rum E-commerce Brasil: destaques do conte\u00fado que nos impulsionam | Blog da Na\u00e7\u00e3o Digital","og_description":"A Na\u00e7\u00e3o Digital participou do F\u00f3rum E-commerce Brasil e apresentamos aqui os assuntos destaque que nos impulsionaram a continuar pelo nosso caminho!","og_url":"https:\/\/nacao.digital\/blog\/nacao-digital-no-forum-e-commerce-brasil\/","og_site_name":"Blog da Na\u00e7\u00e3o Digital","article_publisher":"https:\/\/www.facebook.com\/inbound.commerce","article_published_time":"2016-08-01T18:49:14+00:00","article_modified_time":"2020-05-28T11:30:06+00:00","og_image":[{"width":855,"height":400,"url":"https:\/\/nacao.digital\/blog\/wp-content\/uploads\/2016\/08\/forum-e-commerce-brasil.png","type":"image\/png"}],"author":"Reda\u00e7\u00e3o - Na\u00e7\u00e3o Digital","twitter_card":"summary_large_image","twitter_misc":{"Escrito por":"Reda\u00e7\u00e3o - Na\u00e7\u00e3o Digital","Est. tempo de leitura":"2 minutos"},"schema":{"@context":"https:\/\/schema.org","@graph":[{"@type":"Article","@id":"https:\/\/nacao.digital\/blog\/nacao-digital-no-forum-e-commerce-brasil\/#article","isPartOf":{"@id":"https:\/\/nacao.digital\/blog\/nacao-digital-no-forum-e-commerce-brasil\/"},"author":{"name":"Reda\u00e7\u00e3o - Na\u00e7\u00e3o Digital","@id":"https:\/\/nacao.digital\/blog\/#\/schema\/person\/4e45d0f5b6d52948e113abab0619dcdc"},"headline":"Na\u00e7\u00e3o Digital no F\u00f3rum E-commerce Brasil: destaques do conte\u00fado que nos impulsionam","datePublished":"2016-08-01T18:49:14+00:00","dateModified":"2020-05-28T11:30:06+00:00","mainEntityOfPage":{"@id":"https:\/\/nacao.digital\/blog\/nacao-digital-no-forum-e-commerce-brasil\/"},"wordCount":458,"commentCount":0,"publisher":{"@id":"https:\/\/nacao.digital\/blog\/#organization"},"articleSection":["A Na\u00e7\u00e3o"],"inLanguage":"pt-BR","potentialAction":[{"@type":"CommentAction","name":"Comment","target":["https:\/\/nacao.digital\/blog\/nacao-digital-no-forum-e-commerce-brasil\/#respond"]}]},{"@type":"WebPage","@id":"https:\/\/nacao.digital\/blog\/nacao-digital-no-forum-e-commerce-brasil\/","url":"https:\/\/nacao.digital\/blog\/nacao-digital-no-forum-e-commerce-brasil\/","name":"Na\u00e7\u00e3o Digital no F\u00f3rum E-commerce Brasil: destaques do conte\u00fado que nos impulsionam | Blog da Na\u00e7\u00e3o Digital","isPartOf":{"@id":"https:\/\/nacao.digital\/blog\/#website"},"datePublished":"2016-08-01T18:49:14+00:00","dateModified":"2020-05-28T11:30:06+00:00","description":"A Na\u00e7\u00e3o Digital participou do F\u00f3rum E-commerce Brasil e apresentamos aqui os assuntos destaque que nos impulsionaram a continuar pelo nosso caminho!","breadcrumb":{"@id":"https:\/\/nacao.digital\/blog\/nacao-digital-no-forum-e-commerce-brasil\/#breadcrumb"},"inLanguage":"pt-BR","potentialAction":[{"@type":"ReadAction","target":["https:\/\/nacao.digital\/blog\/nacao-digital-no-forum-e-commerce-brasil\/"]}]},{"@type":"BreadcrumbList","@id":"https:\/\/nacao.digital\/blog\/nacao-digital-no-forum-e-commerce-brasil\/#breadcrumb","itemListElement":[{"@type":"ListItem","position":1,"name":"In\u00edcio","item":"https:\/\/nacao.digital\/blog\/"},{"@type":"ListItem","position":2,"name":"Na\u00e7\u00e3o Digital no F\u00f3rum E-commerce Brasil: destaques do conte\u00fado que nos impulsionam"}]},{"@type":"WebSite","@id":"https:\/\/nacao.digital\/blog\/#website","url":"https:\/\/nacao.digital\/blog\/","name":"Blog da Na\u00e7\u00e3o Digital","description":"Aprenda as melhores estrat\u00e9gias para atrair p\u00fablico mais segmentado, converter mais e vender muito. Tudo isso usando a metodologia de Inbound Marketing para E-commerce.","publisher":{"@id":"https:\/\/nacao.digital\/blog\/#organization"},"potentialAction":[{"@type":"SearchAction","target":{"@type":"EntryPoint","urlTemplate":"https:\/\/nacao.digital\/blog\/?s={search_term_string}"},"query-input":"required name=search_term_string"}],"inLanguage":"pt-BR"},{"@type":"Organization","@id":"https:\/\/nacao.digital\/blog\/#organization","name":"Na\u00e7\u00e3o Digital","url":"https:\/\/nacao.digital\/blog\/","logo":{"@type":"ImageObject","inLanguage":"pt-BR","@id":"https:\/\/nacao.digital\/blog\/#\/schema\/logo\/image\/","url":"https:\/\/nacao.digital\/blog\/wp-content\/uploads\/2018\/05\/nacao-digital.jpg","contentUrl":"https:\/\/nacao.digital\/blog\/wp-content\/uploads\/2018\/05\/nacao-digital.jpg","width":590,"height":389,"caption":"Na\u00e7\u00e3o Digital"},"image":{"@id":"https:\/\/nacao.digital\/blog\/#\/schema\/logo\/image\/"},"sameAs":["https:\/\/www.facebook.com\/inbound.commerce","https:\/\/www.instagram.com\/nacaodigital\/","https:\/\/pt.linkedin.com\/company\/na\u00e7\u00e3o-digital"]},{"@type":"Person","@id":"https:\/\/nacao.digital\/blog\/#\/schema\/person\/4e45d0f5b6d52948e113abab0619dcdc","name":"Reda\u00e7\u00e3o - Na\u00e7\u00e3o Digital","image":{"@type":"ImageObject","inLanguage":"pt-BR","@id":"https:\/\/nacao.digital\/blog\/#\/schema\/person\/image\/","url":"https:\/\/secure.gravatar.com\/avatar\/02e4691d00230d3425c562e7e363f571?s=96&d=mm&r=g","contentUrl":"https:\/\/secure.gravatar.com\/avatar\/02e4691d00230d3425c562e7e363f571?s=96&d=mm&r=g","caption":"Reda\u00e7\u00e3o - Na\u00e7\u00e3o Digital"},"description":"Equipe de Reda\u00e7\u00e3o da Na\u00e7\u00e3o Digital","sameAs":["http:\/\/nacao.digital"],"url":"https:\/\/nacao.digital\/blog\/author\/redacao\/"}]}},"amp_enabled":true,"_links":{"self":[{"href":"https:\/\/nacao.digital\/blog\/wp-json\/wp\/v2\/posts\/547"}],"collection":[{"href":"https:\/\/nacao.digital\/blog\/wp-json\/wp\/v2\/posts"}],"about":[{"href":"https:\/\/nacao.digital\/blog\/wp-json\/wp\/v2\/types\/post"}],"author":[{"embeddable":true,"href":"https:\/\/nacao.digital\/blog\/wp-json\/wp\/v2\/users\/7"}],"replies":[{"embeddable":true,"href":"https:\/\/nacao.digital\/blog\/wp-json\/wp\/v2\/comments?post=547"}],"version-history":[{"count":0,"href":"https:\/\/nacao.digital\/blog\/wp-json\/wp\/v2\/posts\/547\/revisions"}],"wp:featuredmedia":[{"embeddable":true,"href":"https:\/\/nacao.digital\/blog\/wp-json\/wp\/v2\/media\/551"}],"wp:attachment":[{"href":"https:\/\/nacao.digital\/blog\/wp-json\/wp\/v2\/media?parent=547"}],"wp:term":[{"taxonomy":"category","embeddable":true,"href":"https:\/\/nacao.digital\/blog\/wp-json\/wp\/v2\/categories?post=547"},{"taxonomy":"post_tag","embeddable":true,"href":"https:\/\/nacao.digital\/blog\/wp-json\/wp\/v2\/tags?post=547"},{"taxonomy":"post_series","embeddable":true,"href":"https:\/\/nacao.digital\/blog\/wp-json\/wp\/v2\/post_series?post=547"}],"curies":[{"name":"wp","href":"https:\/\/api.w.org\/{rel}","templated":true}]}}