{"id":5863,"date":"2020-05-19T07:41:01","date_gmt":"2020-05-19T10:41:01","guid":{"rendered":"https:\/\/nacao.digital\/blog\/?p=5863"},"modified":"2022-02-28T12:15:10","modified_gmt":"2022-02-28T15:15:10","slug":"como-abrir-um-e-commerce","status":"publish","type":"post","link":"https:\/\/nacao.digital\/blog\/como-abrir-um-e-commerce\/","title":{"rendered":"Covid-19: como abrir um e-commerce tendo loja f\u00edsica?"},"content":{"rendered":"<p class=\"last-modified\"> <b> <i> Este conte\u00fado foi atualizado em: 28\/02\/2022 <\/i> <\/b> <\/p><p>A Covid-19 mudar\u00e1 para sempre o varejo e desde agora vem provando que a praticidade e a efici\u00eancia do com\u00e9rcio eletr\u00f4nico chegaram para ficar. N\u00e3o h\u00e1 como ignorar os <a href=\"https:\/\/nacao.digital\/blog\/covid-19-e-commerce\/\" target=\"_blank\" rel=\"noopener noreferrer\">n\u00fameros do e-commerce<\/a> brasileiro, que, em abril, cresceu 81% e faturou R$ 9,4 bilh\u00f5es.<\/p>\n<p><!--more--><\/p>\n<p>A pandemia ser\u00e1 uma aceleradora para a transforma\u00e7\u00e3o digital de muitos neg\u00f3cios. Com cidades restringindo a circula\u00e7\u00e3o de pessoas e mantendo o com\u00e9rcio fechado, qual empres\u00e1rio com loja f\u00edsica j\u00e1 n\u00e3o pensou nos \u00faltimos meses em como abrir um e-commerce?<\/p>\n<p>Se voc\u00ea \u00e9 um desses gestores, chegou ao conte\u00fado certo. A partir daqui, vamos explicar, com base nas diretrizes da <a href=\"https:\/\/www.abradi-sp.com.br\/\" target=\"_blank\" rel=\"noopener noreferrer\">Abradi (Associa\u00e7\u00e3o Brasileira dos Agentes Digitais)<\/a> o que voc\u00ea precisa para abrir uma loja virtual e integr\u00e1-la ao seu ponto de venda f\u00edsico. Boa leitura e \u00f3timos neg\u00f3cios!<\/p>\n<h2>Compras em tempos de Covid-19<\/h2>\n<p>Antes de come\u00e7ar, \u00e9 interessante entender como o novo coronav\u00edrus vem mudando o <a href=\"https:\/\/nacao.digital\/blog\/comportamento-de-compra\" target=\"_blank\" rel=\"noopener noreferrer\">h\u00e1bito de consumo no Brasil<\/a>. Desde o in\u00edcio da pandemia e com as medidas de restri\u00e7\u00e3o para o combate ao v\u00edrus, 29% dos consumidores v\u00eam fazendo mais compras online, segundo <a href=\"https:\/\/www.boavistaservicos.com.br\/noticias\/pesquisa-29-dos-consumidores-passam-a-fazer-mais-compras-on-line-apos-a-pandemia\/\" target=\"_blank\" rel=\"noopener noreferrer\">pesquisa da Boa Vista<\/a>, que ouviu 600 pessoas.<\/p>\n<p>O e-commerce tamb\u00e9m atraiu shoppers que nunca haviam feito um pedido online, conforme mostra a consultoria <a href=\"https:\/\/www.kantar.com\/campaigns\/brazil\/brasil\" target=\"_blank\" rel=\"noopener noreferrer\">Kantar, no relat\u00f3rio Consumer Thermometer #6<\/a> \u2013 s\u00e9rie de pesquisas sobre o impacto do novo coronav\u00edrus no comportamento de compra no Brasil.<\/p>\n<figure id=\"attachment_5980\" aria-describedby=\"caption-attachment-5980\" style=\"width: 650px\" class=\"wp-caption aligncenter\"><img decoding=\"async\" class=\"size-full wp-image-5980\" src=\"https:\/\/nacao.digital\/blog\/wp-content\/uploads\/2020\/05\/comportamento-de-compra-5.jpg\" alt=\"\" width=\"650\" height=\"210\" srcset=\"https:\/\/nacao.digital\/blog\/wp-content\/uploads\/2020\/05\/comportamento-de-compra-5.jpg 650w, https:\/\/nacao.digital\/blog\/wp-content\/uploads\/2020\/05\/comportamento-de-compra-5-300x97.jpg 300w\" sizes=\"(max-width: 650px) 100vw, 650px\" \/><figcaption id=\"caption-attachment-5980\" class=\"wp-caption-text\">\u00cdndice de novos compradores no e-commerce por categoria de produto.<\/figcaption><\/figure>\n<h2>Planejamento e gest\u00e3o<\/h2>\n<p>Ter o prop\u00f3sito de ajudar as pessoas e empresas a solucionar um problema \u00e9 considerado um ponto chave para uma loja virtual de sucesso.<\/p>\n<p>Para montar um e-commerce, comece colocando as ideias no papel. Lembre-se que uma loja online n\u00e3o \u00e9 apenas um canal extra de vendas, mas um novo neg\u00f3cio, que exige planejamento e investimento.<\/p>\n<p>Uma forma de come\u00e7ar a organizar ideias e pesquisas \u00e9 pelo Canvas. O <a href=\"https:\/\/sebraecanvas.com\" target=\"_blank\" rel=\"noopener noreferrer\">Sebrae<\/a> disponibiliza uma ferramenta virtual \u00f3tima para desenvolver o modelo de neg\u00f3cio ou repensar um que j\u00e1 existe.<\/p>\n<p>Durante o planejamento, pesquise quais as dores e as demandas do mercado que pretende atuar, o que o consumidor quer do produto\/servi\u00e7o e como a loja virtual pode solucionar os problemas dele.<\/p>\n<p>Fa\u00e7a uma pesquisa de concorr\u00eancia, identificando erros e acertos, medindo a <a href=\"https:\/\/nacao.digital\/blog\/ux-para-e-commerce\/\" target=\"_blank\" rel=\"noopener noreferrer\">experi\u00eancia de compra<\/a> e se colocando no lugar do cliente. A pr\u00f3xima etapa \u00e9 tra\u00e7ar o posicionamento da marca e elencar os esfor\u00e7os para atingi-lo.<\/p>\n<p>Trace a <a href=\"https:\/\/nacao.digital\/blog\/post-2-da-serie-sobre-inbound-definindo-buyer-personas\/\" target=\"_blank\" rel=\"noopener noreferrer\">buyer persona<\/a>, que ser\u00e1 o norte do seu neg\u00f3cio digital. Dependendo do produto ou servi\u00e7o comercializado, haver\u00e1 diferentes perfis. Os aspectos mais importantes para projetar o cliente ideal s\u00e3o:<\/p>\n<ul>\n<li>Idade<\/li>\n<li>Sexo<\/li>\n<li>Classe social<\/li>\n<li>Localiza\u00e7\u00e3o<\/li>\n<li>Escolaridade<\/li>\n<li>Renda<\/li>\n<li>Cargo<\/li>\n<li>Empresa<\/li>\n<li>Lifestyle<\/li>\n<li>Interesses<\/li>\n<li>H\u00e1bitos<\/li>\n<li>Objetivos<\/li>\n<li>Desafios<\/li>\n<li>Dores e solu\u00e7\u00f5es<\/li>\n<\/ul>\n<p>Para o nome e o registro da empresa, \u00e9 preciso consultar o <a href=\"https:\/\/registro.br\/\" target=\"_blank\" rel=\"noopener noreferrer\">Registro.br<\/a>, que fornece gratuitamente informa\u00e7\u00f5es sobre dom\u00ednios registrados junto \u00e0 Fapesp, que \u00e9 o \u00f3rg\u00e3o que cataloga dom\u00ednios e hospedagens de sites no Brasil.<\/p>\n<h2>Contabilidade<\/h2>\n<p>Ser\u00e1 preciso abrir uma empresa e fazer a correta classifica\u00e7\u00e3o na CNAE (Classifica\u00e7\u00e3o Nacional de Atividades Econ\u00f4micas) para que haja o enquadramento tribut\u00e1rio adequado.<\/p>\n<p>O sistema tribut\u00e1rio brasileiro n\u00e3o tem uma lei espec\u00edfica para e-commerces, por isso as empresas s\u00e3o enquadradas conforme o tipo de servi\u00e7o\/produto comercializado. A tributa\u00e7\u00e3o n\u00e3o difere de uma loja f\u00edsica, o que muda apenas \u00e9 o canal de venda. Os tipos de tributa\u00e7\u00e3o em vigor s\u00e3o:<\/p>\n<h3>Simples Nacional<\/h3>\n<p>\u00c9 um regime com unifica\u00e7\u00e3o de impostos aplicado \u00e0s microempresas (ME) e \u00e0s empresas de pequeno porte (EPP) com faturamento anual de at\u00e9 R$ 4,8 milh\u00f5es.<\/p>\n<p>A guia unificada do Simples Nacional engloba os seguintes impostos: IRPJ, CSLL, PIS, COFINS, IPI, ICMS, ISS e CPP.<\/p>\n<figure id=\"attachment_5988\" aria-describedby=\"caption-attachment-5988\" style=\"width: 600px\" class=\"wp-caption aligncenter\"><img decoding=\"async\" class=\"size-full wp-image-5988\" src=\"https:\/\/nacao.digital\/blog\/wp-content\/uploads\/2020\/05\/como-abrir-um-e-commerce-1.jpg\" alt=\"como-abrir-um-e-commerce\" width=\"600\" height=\"400\" srcset=\"https:\/\/nacao.digital\/blog\/wp-content\/uploads\/2020\/05\/como-abrir-um-e-commerce-1.jpg 600w, https:\/\/nacao.digital\/blog\/wp-content\/uploads\/2020\/05\/como-abrir-um-e-commerce-1-300x200.jpg 300w\" sizes=\"(max-width: 600px) 100vw, 600px\" \/><figcaption id=\"caption-attachment-5988\" class=\"wp-caption-text\">S\u00e3o tr\u00eas tipos de tributa\u00e7\u00e3o para e-commerce: Simples Nacional, Lucro Presumido e Lucro Real.<\/figcaption><\/figure>\n<h3>Lucro Presumido<\/h3>\n<p>Os impostos s\u00e3o calculados individualmente. IRPJ e CSLL s\u00e3o considerados al\u00edquotas de \u201cpresun\u00e7\u00e3o\u201d do faturamento, e PIS, COFINS, ICMS e ISS s\u00e3o calculados com a receita anual, que \u00e9 de at\u00e9 R$ 78 milh\u00f5es.<\/p>\n<h3>Lucro Real<\/h3>\n<p>Nesta modalidade, 15% de IRPJ e 9% da CSLL s\u00e3o aplicados sobre o lucro. PIS, COFINS, ICMS e ISS s\u00e3o calculados de acordo com o faturamento do per\u00edodo.<\/p>\n<h2>Plataforma<\/h2>\n<p>A escolha da plataforma de e-commerce est\u00e1 ligada ao tamanho e \u00e0s pretens\u00f5es da empresa. Existem cinco tipos: open source, h\u00edbridas, saas, on premises e propriet\u00e1rias. Conhe\u00e7a cada uma:<\/p>\n<h3><em>Open source<\/em> (c\u00f3digo aberto)<\/h3>\n<p>S\u00e3o mais vi\u00e1veis financeiramente, que \u00e9 um ponto importante para quem est\u00e1 come\u00e7ando um neg\u00f3cio digital. Neste modelo, a seguran\u00e7a do c\u00f3digo, a cria\u00e7\u00e3o do layout e a administra\u00e7\u00e3o da hospedagem devem ser feitas por uma equipe interna ou terceirizada.<\/p>\n<p><a href=\"https:\/\/conteudo.nacao.digital\/ebook-99-ferramentas?utm_source=post&amp;utm_medium=blog&amp;utm_content=99-ferramentas&amp;utm_campaign=como-abrir-um-e-commerce\" target=\"_blank\" rel=\"noopener noreferrer\"><img decoding=\"async\" class=\"aligncenter wp-image-5532\" src=\"https:\/\/nacao.digital\/blog\/wp-content\/uploads\/2020\/04\/nacao-99-ferramentas-fino.jpg\" alt=\"\" width=\"750\" height=\"100\" srcset=\"https:\/\/nacao.digital\/blog\/wp-content\/uploads\/2020\/04\/nacao-99-ferramentas-fino.jpg 750w, https:\/\/nacao.digital\/blog\/wp-content\/uploads\/2020\/04\/nacao-99-ferramentas-fino-300x40.jpg 300w\" sizes=\"(max-width: 750px) 100vw, 750px\" \/><\/a><\/p>\n<h3>H\u00edbridas (c\u00f3digo pode ser customizado)<\/h3>\n<p>Oferecem a personaliza\u00e7\u00e3o das solu\u00e7\u00f5es para atender nichos espec\u00edficos. Para a manuten\u00e7\u00e3o, \u00e9 preciso ter equipe especializada na ferramenta.<\/p>\n<h3>Saas<\/h3>\n<p>Sigla para <em>Software as a Service<\/em>, ou software como servi\u00e7o. S\u00e3o tr\u00eas tipos dentro desse modelo. No <strong>primeiro formato<\/strong>, uma empresa det\u00e9m o c\u00f3digo e cuida do suporte e da seguran\u00e7a, deixando o empres\u00e1rio de e-commerce livre dessas preocupa\u00e7\u00f5es.<\/p>\n<p>No<strong> segundo<\/strong>, a plataforma tem templates e permite altera\u00e7\u00f5es pontuais em cores e logotipos. \u00c9 o modelo ideal para <a href=\"https:\/\/nacao.digital\/blog\/plataformas-e-commerces-pequenos\/\" target=\"_blank\" rel=\"noopener noreferrer\">micro e pequenas empresas<\/a>. No <strong>terceiro tipo<\/strong>, \u00e9 poss\u00edvel customizar totalmente o layout e implementar funcionalidades espec\u00edficas no front-end.<\/p>\n<h3><em>On-Premises<\/em><\/h3>\n<p>Funcionam no formato de licen\u00e7a, t\u00eam custos altos e o software \u00e9 instalado na estrutura do e-commerce. \u00c9 o modelo de plataforma escolhido por empresas com TI robusta.<\/p>\n<h3>Propriet\u00e1rias<\/h3>\n<p>Neste caso, o e-commerce contrata uma empresa para desenvolver a plataforma ou uma equipe interna do pr\u00f3prio site fica respons\u00e1vel pelo processo. O valor inicial do investimento tende a ser mais alto, embora a manuten\u00e7\u00e3o seja quase nula.<\/p>\n<h2>Conte\u00fado<\/h2>\n<p>S\u00e3o textos, imagens, v\u00eddeos, descri\u00e7\u00f5es de produtos e banners. O conte\u00fado referente \u00e0 divulga\u00e7\u00e3o de um produto, por exemplo, precisa ser composto por fotos, v\u00eddeos, texto, descri\u00e7\u00e3o t\u00e9cnica, pre\u00e7o, validade (se for o caso) e garantia (se for o caso).<\/p>\n<p>As <a href=\"https:\/\/nacao.digital\/blog\/descricao-de-produto\/\" target=\"_blank\" rel=\"noopener noreferrer\">descri\u00e7\u00f5es de produtos<\/a> devem ser autorais e mostrar vantagens e benef\u00edcios, portanto, evite o \u201ccopie e cole\u201d. A revis\u00e3o dos textos, antes de serem publicados, \u00e9 uma etapa importante do processo para que o e-commerce construa autoridade e credibilidade no segmento.<\/p>\n<figure id=\"attachment_5989\" aria-describedby=\"caption-attachment-5989\" style=\"width: 600px\" class=\"wp-caption aligncenter\"><img decoding=\"async\" class=\"size-full wp-image-5989\" src=\"https:\/\/nacao.digital\/blog\/wp-content\/uploads\/2020\/05\/como-abrir-um-e-commerce-2.jpg\" alt=\"\" width=\"600\" height=\"399\" srcset=\"https:\/\/nacao.digital\/blog\/wp-content\/uploads\/2020\/05\/como-abrir-um-e-commerce-2.jpg 600w, https:\/\/nacao.digital\/blog\/wp-content\/uploads\/2020\/05\/como-abrir-um-e-commerce-2-300x200.jpg 300w\" sizes=\"(max-width: 600px) 100vw, 600px\" \/><figcaption id=\"caption-attachment-5989\" class=\"wp-caption-text\">Descri\u00e7\u00f5es de produtos devem acompanhar texto, imagens e v\u00eddeos.<\/figcaption><\/figure>\n<h3>Imagens<\/h3>\n<p>As imagens merecem um ponto de aten\u00e7\u00e3o. Elas devem ser comprimidas para o formato web e nas extens\u00f5es tradicionais (JPG, PNG e GIF). Para que o site n\u00e3o perca performance e mantenha uma <a href=\"https:\/\/nacao.digital\/blog\/velocidade-do-site\/\" target=\"_blank\" rel=\"noopener noreferrer\">velocidade r\u00e1pida de carregamento<\/a>, as imagens devem ter entre 50 kB e 100 kB.<\/p>\n<p>Al\u00e9m do tamanho, concentre-se na <a href=\"https:\/\/nacao.digital\/blog\/como-tirar-fotos-de-produtos-para-seu-e-commerce\/\" target=\"_blank\" rel=\"noopener noreferrer\">qualidade da foto<\/a>. Imagens bonitas vendem melhor o produto.<\/p>\n<h3>SEO<\/h3>\n<p>Um <a href=\"https:\/\/nacao.digital\/blog\/tecnicas-de-seo-para-blog\/\" target=\"_blank\" rel=\"noopener noreferrer\">trabalho consistente de SEO<\/a> \u00e9 capaz de destacar seu e-commerce nos resultados de busca do Google, atraindo a aten\u00e7\u00e3o de visitantes e poss\u00edveis compradores, sem custo por clique.<\/p>\n<p>\u00c9 necess\u00e1rio fazer uma ampla pesquisa de palavras-chave e aplic\u00e1-las nas p\u00e1ginas de categorias, de produtos e de conte\u00fado, caso haja um blog. \u00c9 uma an\u00e1lise complexa e que n\u00e3o funciona se for feita de forma caseira. Contrate um especialista para auxili\u00e1-lo nesta etapa.<\/p>\n<h3>Prova social<\/h3>\n<p>Existem dois fatores de grande influ\u00eancia na decis\u00e3o de compra online: depoimentos de clientes e coment\u00e1rios sobre os produtos. Incentive reviews e pe\u00e7a a opini\u00e3o dos consumidores sempre que o pedido for entregue.<\/p>\n<p>A reputa\u00e7\u00e3o da loja est\u00e1 muito atrelada \u00e0s opini\u00f5es que os clientes escrevem sobre o produto, a entrega e o atendimento. Al\u00e9m de pedir que eles avaliem a experi\u00eancia de compra, mantenha toda a estrutura da loja funcionando bem para que a fideliza\u00e7\u00e3o aconte\u00e7a.<\/p>\n<h2>ERP<\/h2>\n<p>Quem j\u00e1 tem loja f\u00edsica e possui ERP (sistema de gest\u00e3o) e CRM (gest\u00e3o de relacionamento com o cliente) deve come\u00e7ar a opera\u00e7\u00e3o online de maneira integrada. Essa integra\u00e7\u00e3o vai evitar problemas di\u00e1rios, como ruptura de estoque, estoque descentralizado, processo de compra complexo e tomadas de decis\u00f5es pouco \u00e1geis.<\/p>\n<p>Confira as vantagens de ter um ERP integrado \u00e0 plataforma de e-commerce:<\/p>\n<ul>\n<li>Ter gerenciamento de pre\u00e7os e estoque<\/li>\n<li>Ser avisado de pedidos de venda, novos clientes, t\u00edtulos a receber<\/li>\n<li>Informar sobre separa\u00e7\u00e3o do pedido, embalagem, faturamento, emiss\u00e3o da etiqueta para despacho, rastreio e entrega<\/li>\n<\/ul>\n<p>O ERP tamb\u00e9m pode trabalhar junto a meios de pagamento, bancos, <a href=\"https:\/\/nacao.digital\/blog\/ecommerce-ou-marketplace\/\" target=\"_blank\" rel=\"noopener noreferrer\">marketplaces<\/a>, transportadoras, sistemas fiscais e SAC.<\/p>\n<h2>Omnichannel<\/h2>\n<p>A estrat\u00e9gia de omnichannel, que \u00e9 a integra\u00e7\u00e3o da loja f\u00edsica e virtual, oferece solu\u00e7\u00f5es mais consistentes aos clientes. Isso significa realizar trocas independentemente do canal de compra, permitir o acompanhamento do status do pedido, implantar a <a href=\"https:\/\/nacao.digital\/blog\/compra-online-retirada-na-loja\/\" target=\"_blank\" rel=\"noopener noreferrer\">compra online com retirada na loja f\u00edsica<\/a>, entre outros.<\/p>\n<h2>Marketing<\/h2>\n<p>Aumentar a convers\u00e3o \u00e9 o objetivo principal de uma estrat\u00e9gia de marketing para e-commerce, al\u00e9m de tornar a empresa conhecida pelo p\u00fablico-alvo.<\/p>\n<p>Um plano de marketing digital deve atuar na jornada do consumidor, que \u00e9 dividida nas etapas: aprendizado e descoberta, reconhecimento do problema, considera\u00e7\u00e3o da solu\u00e7\u00e3o e decis\u00e3o de compra.<\/p>\n<figure id=\"attachment_5990\" aria-describedby=\"caption-attachment-5990\" style=\"width: 600px\" class=\"wp-caption aligncenter\"><img decoding=\"async\" class=\"size-full wp-image-5990\" src=\"https:\/\/nacao.digital\/blog\/wp-content\/uploads\/2020\/05\/como-abrir-um-e-commerce-3.jpg\" alt=\"como-abrir-um-e-commerce\" width=\"600\" height=\"419\" srcset=\"https:\/\/nacao.digital\/blog\/wp-content\/uploads\/2020\/05\/como-abrir-um-e-commerce-3.jpg 600w, https:\/\/nacao.digital\/blog\/wp-content\/uploads\/2020\/05\/como-abrir-um-e-commerce-3-300x210.jpg 300w\" sizes=\"(max-width: 600px) 100vw, 600px\" \/><figcaption id=\"caption-attachment-5990\" class=\"wp-caption-text\">Construa uma estrat\u00e9gia de marketing digital para o seu neg\u00f3cio.<\/figcaption><\/figure>\n<p>Vamos ilustrar cada est\u00e1gio com a compra de um t\u00eanis para caminhada. Na primeira etapa, o consumidor \u00e9 impactado com algum an\u00fancio de t\u00eanis. A partir da\u00ed, ele come\u00e7a a se informar sobre os modelos mais indicados para o esporte e onde pode encontr\u00e1-los. Depois, definido o modelo e a marca, ele vai em busca de um local para compra.<\/p>\n<p>Para atingir esse consumidor, o e-commerce vai trabalhar com conte\u00fados (blogs e materiais ricos), SEO, <a href=\"https:\/\/nacao.digital\/blog\/e-mail-marketing-ainda-funciona\/\" target=\"_blank\" rel=\"noopener noreferrer\">e-mail marketing<\/a>, redes sociais e m\u00eddia paga (Google Ads e Facebook Ads).<\/p>\n<p>Mesmo com a venda finalizada, o relacionamento com o cliente n\u00e3o acaba. \u00c9 preciso fazer a reten\u00e7\u00e3o e <a href=\"https:\/\/nacao.digital\/blog\/taxa-de-recompra\/\" target=\"_blank\" rel=\"noopener noreferrer\">estimular a recompra<\/a>. A partir de um feedback do cliente, abre-se a oportunidade de identificar produtos complementares e oferecer promo\u00e7\u00f5es direcionadas.<\/p>\n<h2>Seguran\u00e7a e pagamentos<\/h2>\n<p>\u00c9 altamente recomendado que a loja virtual possua um certificado SSL. Sigla para Secure Socket Layer, ele \u00e9 um indicativo de que o site utiliza uma conex\u00e3o segura. Com ele, todas as informa\u00e7\u00f5es enviadas pelo certificado s\u00e3o criptografadas, impedindo que hackers, em um poss\u00edvel roubo de dados, decodifiquem-nas.<\/p>\n<p>Os <a href=\"https:\/\/nacao.digital\/blog\/certificados-de-seguranca-para-e-commerce\/\" target=\"_blank\" rel=\"noopener noreferrer\">selos de seguran\u00e7a<\/a> s\u00e3o importantes porque protegem os e-commerces do roubo de dados; facilitam as transa\u00e7\u00f5es com cart\u00f5es de cr\u00e9dito, pois algumas operadoras exigem o certificado digital; ampliam a sensa\u00e7\u00e3o de seguran\u00e7a dos usu\u00e1rios e valorizam a marca.<\/p>\n<p>J\u00e1 no tema financeiro, \u00e9 indicado que a plataforma de e-commerce esteja integrada ao sistema de faturamento da loja para melhorar a administra\u00e7\u00e3o das informa\u00e7\u00f5es.<\/p>\n<p>As estrat\u00e9gias comerciais mais utilizadas por e-commerces s\u00e3o parcelamentos (no cart\u00e3o) e descontos para pagamentos \u00e0 vista (boleto e transfer\u00eancia).<\/p>\n<p>Os intermediadores s\u00e3o servi\u00e7os financeiros que recebem o pagamento, aprovam e repassam o valor pago ao comerciante entre 1 dia \u00fatil e 20 dias \u00fateis. Os adquirentes s\u00e3o empresas (Rede e Cielo, por exemplo) que liquidam as transa\u00e7\u00f5es financeiras.<\/p>\n<p>J\u00e1 os facilitadores levam o full checkout para as lojas; s\u00e3o elas: Moip, PagSeguro, Mercado Pago, PayPal e PayU. Por fim, o gateway \u00e9 um sistema que se comunica com os bancos para processar os pagamentos feitos pela plataforma.<\/p>\n<h2>Log\u00edstica e equipe<\/h2>\n<p>Log\u00edstica no e-commerce envolve o <a href=\"https:\/\/nacao.digital\/blog\/estoque-loja-virtual\/\" target=\"_blank\" rel=\"noopener noreferrer\">tipo de estoque<\/a> (dropshipping, cross docking ou compartilhado), gest\u00e3o de fornecedores e entrega dos pedidos (Correios, frota pr\u00f3pria ou transportadora).<\/p>\n<p>Quem vai montar um e-commerce tem que estruturar um processo de <a href=\"https:\/\/nacao.digital\/blog\/logistica-reversa\/\" target=\"_blank\" rel=\"noopener noreferrer\">log\u00edstica reversa<\/a> para poss\u00edveis recebimentos de produtos por defeito ou insatisfa\u00e7\u00e3o. Esse recebimento deve ser feito com cuidado para que o item volte ao estoque (a depender do defeito) e a nota fiscal de venda seja cancelada.<\/p>\n<p>A opera\u00e7\u00e3o de um e-commerce exige pessoal especializado em marketing, atendimento, financeiro, design, gest\u00e3o e vendas. Montar uma equipe pr\u00f3pria exige investimentos, mas \u00e9 poss\u00edvel come\u00e7ar com um time enxuto e crescer \u00e0 medida que o neg\u00f3cio atinja a maturidade.<\/p>\n<p>N\u00f3s, da <a href=\"https:\/\/nacao.digital\/blog\/\" target=\"_blank\" rel=\"noopener noreferrer\"><strong>Na\u00e7\u00e3o Digital<\/strong><\/a>, desenvolvemos um guia de contrata\u00e7\u00e3o para e-commerces de pequeno, m\u00e9dio e grande porte, para que voc\u00ea consiga encontrar os melhores profissionais para o seu neg\u00f3cio online. Clique no banner para fazer o download gratuitamente!<\/p>\n<p><a href=\"https:\/\/conteudo.nacao.digital\/guia-de-contratacao-para-ecommerce?utm_source=post&amp;utm_medium=blog&amp;utm_content=guia-contratacao&amp;utm_campaign=como-abrir-um-e-commerce\" target=\"_blank\" rel=\"noopener noreferrer\"><img decoding=\"async\" class=\"aligncenter wp-image-5991 size-full\" src=\"https:\/\/nacao.digital\/blog\/wp-content\/uploads\/2020\/05\/guia-contratacao-para-e-commerces-1.jpg\" alt=\"guia-contratacao-para-e-commerces\" width=\"700\" height=\"300\" srcset=\"https:\/\/nacao.digital\/blog\/wp-content\/uploads\/2020\/05\/guia-contratacao-para-e-commerces-1.jpg 700w, https:\/\/nacao.digital\/blog\/wp-content\/uploads\/2020\/05\/guia-contratacao-para-e-commerces-1-300x129.jpg 300w\" sizes=\"(max-width: 700px) 100vw, 700px\" \/><\/a><\/p>\n","protected":false},"excerpt":{"rendered":"<p>Este conte\u00fado foi atualizado em: 28\/02\/2022 A Covid-19 mudar\u00e1 para sempre o varejo e desde agora vem provando que a praticidade e a efici\u00eancia do com\u00e9rcio eletr\u00f4nico chegaram para ficar. N\u00e3o h\u00e1 como ignorar os n\u00fameros do e-commerce brasileiro, que, em abril, cresceu 81% e faturou R$ 9,4 bilh\u00f5es.<\/p>\n","protected":false},"author":13,"featured_media":5986,"comment_status":"open","ping_status":"open","sticky":false,"template":"","format":"standard","meta":{"footnotes":""},"categories":[60],"tags":[345,357],"post_series":[],"yoast_head":"<!-- This site is optimized with the Yoast SEO plugin v22.0 - https:\/\/yoast.com\/wordpress\/plugins\/seo\/ -->\n<title>Covid-19: como abrir um e-commerce tendo loja f\u00edsica?<\/title>\n<meta name=\"description\" content=\"Saiba como abrir um e-commerce, escolher ferramentas e integrar sua nova empresa digital ao ponto de venda f\u00edsico.\" \/>\n<meta name=\"robots\" content=\"index, follow, max-snippet:-1, max-image-preview:large, max-video-preview:-1\" \/>\n<link rel=\"canonical\" href=\"https:\/\/nacao.digital\/blog\/como-abrir-um-e-commerce\/\" \/>\n<meta property=\"og:locale\" content=\"pt_BR\" \/>\n<meta property=\"og:type\" content=\"article\" \/>\n<meta property=\"og:title\" content=\"Covid-19: como abrir um e-commerce tendo loja f\u00edsica?\" \/>\n<meta property=\"og:description\" content=\"Saiba como abrir um e-commerce, escolher ferramentas e integrar sua nova empresa digital ao ponto de venda f\u00edsico.\" \/>\n<meta property=\"og:url\" content=\"https:\/\/nacao.digital\/blog\/como-abrir-um-e-commerce\/\" \/>\n<meta property=\"og:site_name\" content=\"Blog da Na\u00e7\u00e3o Digital\" \/>\n<meta property=\"article:publisher\" content=\"https:\/\/www.facebook.com\/inbound.commerce\" \/>\n<meta property=\"article:published_time\" content=\"2020-05-19T10:41:01+00:00\" \/>\n<meta property=\"article:modified_time\" content=\"2022-02-28T15:15:10+00:00\" \/>\n<meta property=\"og:image\" content=\"https:\/\/nacao.digital\/blog\/wp-content\/uploads\/2020\/05\/como-abrir-um-e-commerce.jpg\" \/>\n\t<meta property=\"og:image:width\" content=\"1300\" \/>\n\t<meta property=\"og:image:height\" content=\"700\" \/>\n\t<meta property=\"og:image:type\" content=\"image\/jpeg\" \/>\n<meta name=\"author\" content=\"Carla Guedes\" \/>\n<meta name=\"twitter:card\" content=\"summary_large_image\" \/>\n<meta name=\"twitter:label1\" content=\"Escrito por\" \/>\n\t<meta name=\"twitter:data1\" content=\"Carla Guedes\" \/>\n\t<meta name=\"twitter:label2\" content=\"Est. tempo de leitura\" \/>\n\t<meta name=\"twitter:data2\" content=\"13 minutos\" \/>\n<script type=\"application\/ld+json\" class=\"yoast-schema-graph\">{\"@context\":\"https:\/\/schema.org\",\"@graph\":[{\"@type\":\"Article\",\"@id\":\"https:\/\/nacao.digital\/blog\/como-abrir-um-e-commerce\/#article\",\"isPartOf\":{\"@id\":\"https:\/\/nacao.digital\/blog\/como-abrir-um-e-commerce\/\"},\"author\":{\"name\":\"Carla Guedes\",\"@id\":\"https:\/\/nacao.digital\/blog\/#\/schema\/person\/5f334dbf8c963438ef768a50835907c1\"},\"headline\":\"Covid-19: como abrir um e-commerce tendo loja f\u00edsica?\",\"datePublished\":\"2020-05-19T10:41:01+00:00\",\"dateModified\":\"2022-02-28T15:15:10+00:00\",\"mainEntityOfPage\":{\"@id\":\"https:\/\/nacao.digital\/blog\/como-abrir-um-e-commerce\/\"},\"wordCount\":2166,\"commentCount\":0,\"publisher\":{\"@id\":\"https:\/\/nacao.digital\/blog\/#organization\"},\"keywords\":[\"como abrir um e-commerce\",\"covid-19\"],\"articleSection\":[\"Gest\u00e3o\"],\"inLanguage\":\"pt-BR\",\"potentialAction\":[{\"@type\":\"CommentAction\",\"name\":\"Comment\",\"target\":[\"https:\/\/nacao.digital\/blog\/como-abrir-um-e-commerce\/#respond\"]}]},{\"@type\":\"WebPage\",\"@id\":\"https:\/\/nacao.digital\/blog\/como-abrir-um-e-commerce\/\",\"url\":\"https:\/\/nacao.digital\/blog\/como-abrir-um-e-commerce\/\",\"name\":\"Covid-19: como abrir um e-commerce tendo loja f\u00edsica?\",\"isPartOf\":{\"@id\":\"https:\/\/nacao.digital\/blog\/#website\"},\"datePublished\":\"2020-05-19T10:41:01+00:00\",\"dateModified\":\"2022-02-28T15:15:10+00:00\",\"description\":\"Saiba como abrir um e-commerce, escolher ferramentas e integrar sua nova empresa digital ao ponto de venda f\u00edsico.\",\"breadcrumb\":{\"@id\":\"https:\/\/nacao.digital\/blog\/como-abrir-um-e-commerce\/#breadcrumb\"},\"inLanguage\":\"pt-BR\",\"potentialAction\":[{\"@type\":\"ReadAction\",\"target\":[\"https:\/\/nacao.digital\/blog\/como-abrir-um-e-commerce\/\"]}]},{\"@type\":\"BreadcrumbList\",\"@id\":\"https:\/\/nacao.digital\/blog\/como-abrir-um-e-commerce\/#breadcrumb\",\"itemListElement\":[{\"@type\":\"ListItem\",\"position\":1,\"name\":\"In\u00edcio\",\"item\":\"https:\/\/nacao.digital\/blog\/\"},{\"@type\":\"ListItem\",\"position\":2,\"name\":\"Covid-19: como abrir um e-commerce tendo loja f\u00edsica?\"}]},{\"@type\":\"WebSite\",\"@id\":\"https:\/\/nacao.digital\/blog\/#website\",\"url\":\"https:\/\/nacao.digital\/blog\/\",\"name\":\"Blog da Na\u00e7\u00e3o Digital\",\"description\":\"Aprenda as melhores estrat\u00e9gias para atrair p\u00fablico mais segmentado, converter mais e vender muito. Tudo isso usando a metodologia de Inbound Marketing para E-commerce.\",\"publisher\":{\"@id\":\"https:\/\/nacao.digital\/blog\/#organization\"},\"potentialAction\":[{\"@type\":\"SearchAction\",\"target\":{\"@type\":\"EntryPoint\",\"urlTemplate\":\"https:\/\/nacao.digital\/blog\/?s={search_term_string}\"},\"query-input\":\"required name=search_term_string\"}],\"inLanguage\":\"pt-BR\"},{\"@type\":\"Organization\",\"@id\":\"https:\/\/nacao.digital\/blog\/#organization\",\"name\":\"Na\u00e7\u00e3o Digital\",\"url\":\"https:\/\/nacao.digital\/blog\/\",\"logo\":{\"@type\":\"ImageObject\",\"inLanguage\":\"pt-BR\",\"@id\":\"https:\/\/nacao.digital\/blog\/#\/schema\/logo\/image\/\",\"url\":\"https:\/\/nacao.digital\/blog\/wp-content\/uploads\/2018\/05\/nacao-digital.jpg\",\"contentUrl\":\"https:\/\/nacao.digital\/blog\/wp-content\/uploads\/2018\/05\/nacao-digital.jpg\",\"width\":590,\"height\":389,\"caption\":\"Na\u00e7\u00e3o Digital\"},\"image\":{\"@id\":\"https:\/\/nacao.digital\/blog\/#\/schema\/logo\/image\/\"},\"sameAs\":[\"https:\/\/www.facebook.com\/inbound.commerce\",\"https:\/\/www.instagram.com\/nacaodigital\/\",\"https:\/\/pt.linkedin.com\/company\/na\u00e7\u00e3o-digital\"]},{\"@type\":\"Person\",\"@id\":\"https:\/\/nacao.digital\/blog\/#\/schema\/person\/5f334dbf8c963438ef768a50835907c1\",\"name\":\"Carla Guedes\",\"image\":{\"@type\":\"ImageObject\",\"inLanguage\":\"pt-BR\",\"@id\":\"https:\/\/nacao.digital\/blog\/#\/schema\/person\/image\/\",\"url\":\"https:\/\/secure.gravatar.com\/avatar\/e3a243daa40ae061eb0144dd3123e0de?s=96&d=mm&r=g\",\"contentUrl\":\"https:\/\/secure.gravatar.com\/avatar\/e3a243daa40ae061eb0144dd3123e0de?s=96&d=mm&r=g\",\"caption\":\"Carla Guedes\"},\"description\":\"Jornalista, especialista em Marketing Digital e redatora na Na\u00e7\u00e3o Digital, ag\u00eancia de Inbound Commerce. Tem experi\u00eancia em webjornalismo, jornal impresso e TV.\",\"url\":\"https:\/\/nacao.digital\/blog\/author\/carla\/\"}]}<\/script>\n<!-- \/ Yoast SEO plugin. -->","yoast_head_json":{"title":"Covid-19: como abrir um e-commerce tendo loja f\u00edsica?","description":"Saiba como abrir um e-commerce, escolher ferramentas e integrar sua nova empresa digital ao ponto de venda f\u00edsico.","robots":{"index":"index","follow":"follow","max-snippet":"max-snippet:-1","max-image-preview":"max-image-preview:large","max-video-preview":"max-video-preview:-1"},"canonical":"https:\/\/nacao.digital\/blog\/como-abrir-um-e-commerce\/","og_locale":"pt_BR","og_type":"article","og_title":"Covid-19: como abrir um e-commerce tendo loja f\u00edsica?","og_description":"Saiba como abrir um e-commerce, escolher ferramentas e integrar sua nova empresa digital ao ponto de venda f\u00edsico.","og_url":"https:\/\/nacao.digital\/blog\/como-abrir-um-e-commerce\/","og_site_name":"Blog da Na\u00e7\u00e3o Digital","article_publisher":"https:\/\/www.facebook.com\/inbound.commerce","article_published_time":"2020-05-19T10:41:01+00:00","article_modified_time":"2022-02-28T15:15:10+00:00","og_image":[{"width":1300,"height":700,"url":"https:\/\/nacao.digital\/blog\/wp-content\/uploads\/2020\/05\/como-abrir-um-e-commerce.jpg","type":"image\/jpeg"}],"author":"Carla Guedes","twitter_card":"summary_large_image","twitter_misc":{"Escrito por":"Carla Guedes","Est. tempo de leitura":"13 minutos"},"schema":{"@context":"https:\/\/schema.org","@graph":[{"@type":"Article","@id":"https:\/\/nacao.digital\/blog\/como-abrir-um-e-commerce\/#article","isPartOf":{"@id":"https:\/\/nacao.digital\/blog\/como-abrir-um-e-commerce\/"},"author":{"name":"Carla Guedes","@id":"https:\/\/nacao.digital\/blog\/#\/schema\/person\/5f334dbf8c963438ef768a50835907c1"},"headline":"Covid-19: como abrir um e-commerce tendo loja f\u00edsica?","datePublished":"2020-05-19T10:41:01+00:00","dateModified":"2022-02-28T15:15:10+00:00","mainEntityOfPage":{"@id":"https:\/\/nacao.digital\/blog\/como-abrir-um-e-commerce\/"},"wordCount":2166,"commentCount":0,"publisher":{"@id":"https:\/\/nacao.digital\/blog\/#organization"},"keywords":["como abrir um e-commerce","covid-19"],"articleSection":["Gest\u00e3o"],"inLanguage":"pt-BR","potentialAction":[{"@type":"CommentAction","name":"Comment","target":["https:\/\/nacao.digital\/blog\/como-abrir-um-e-commerce\/#respond"]}]},{"@type":"WebPage","@id":"https:\/\/nacao.digital\/blog\/como-abrir-um-e-commerce\/","url":"https:\/\/nacao.digital\/blog\/como-abrir-um-e-commerce\/","name":"Covid-19: como abrir um e-commerce tendo loja f\u00edsica?","isPartOf":{"@id":"https:\/\/nacao.digital\/blog\/#website"},"datePublished":"2020-05-19T10:41:01+00:00","dateModified":"2022-02-28T15:15:10+00:00","description":"Saiba como abrir um e-commerce, escolher ferramentas e integrar sua nova empresa digital ao ponto de venda f\u00edsico.","breadcrumb":{"@id":"https:\/\/nacao.digital\/blog\/como-abrir-um-e-commerce\/#breadcrumb"},"inLanguage":"pt-BR","potentialAction":[{"@type":"ReadAction","target":["https:\/\/nacao.digital\/blog\/como-abrir-um-e-commerce\/"]}]},{"@type":"BreadcrumbList","@id":"https:\/\/nacao.digital\/blog\/como-abrir-um-e-commerce\/#breadcrumb","itemListElement":[{"@type":"ListItem","position":1,"name":"In\u00edcio","item":"https:\/\/nacao.digital\/blog\/"},{"@type":"ListItem","position":2,"name":"Covid-19: como abrir um e-commerce tendo loja f\u00edsica?"}]},{"@type":"WebSite","@id":"https:\/\/nacao.digital\/blog\/#website","url":"https:\/\/nacao.digital\/blog\/","name":"Blog da Na\u00e7\u00e3o Digital","description":"Aprenda as melhores estrat\u00e9gias para atrair p\u00fablico mais segmentado, converter mais e vender muito. Tudo isso usando a metodologia de Inbound Marketing para E-commerce.","publisher":{"@id":"https:\/\/nacao.digital\/blog\/#organization"},"potentialAction":[{"@type":"SearchAction","target":{"@type":"EntryPoint","urlTemplate":"https:\/\/nacao.digital\/blog\/?s={search_term_string}"},"query-input":"required name=search_term_string"}],"inLanguage":"pt-BR"},{"@type":"Organization","@id":"https:\/\/nacao.digital\/blog\/#organization","name":"Na\u00e7\u00e3o Digital","url":"https:\/\/nacao.digital\/blog\/","logo":{"@type":"ImageObject","inLanguage":"pt-BR","@id":"https:\/\/nacao.digital\/blog\/#\/schema\/logo\/image\/","url":"https:\/\/nacao.digital\/blog\/wp-content\/uploads\/2018\/05\/nacao-digital.jpg","contentUrl":"https:\/\/nacao.digital\/blog\/wp-content\/uploads\/2018\/05\/nacao-digital.jpg","width":590,"height":389,"caption":"Na\u00e7\u00e3o Digital"},"image":{"@id":"https:\/\/nacao.digital\/blog\/#\/schema\/logo\/image\/"},"sameAs":["https:\/\/www.facebook.com\/inbound.commerce","https:\/\/www.instagram.com\/nacaodigital\/","https:\/\/pt.linkedin.com\/company\/na\u00e7\u00e3o-digital"]},{"@type":"Person","@id":"https:\/\/nacao.digital\/blog\/#\/schema\/person\/5f334dbf8c963438ef768a50835907c1","name":"Carla Guedes","image":{"@type":"ImageObject","inLanguage":"pt-BR","@id":"https:\/\/nacao.digital\/blog\/#\/schema\/person\/image\/","url":"https:\/\/secure.gravatar.com\/avatar\/e3a243daa40ae061eb0144dd3123e0de?s=96&d=mm&r=g","contentUrl":"https:\/\/secure.gravatar.com\/avatar\/e3a243daa40ae061eb0144dd3123e0de?s=96&d=mm&r=g","caption":"Carla Guedes"},"description":"Jornalista, especialista em Marketing Digital e redatora na Na\u00e7\u00e3o Digital, ag\u00eancia de Inbound Commerce. Tem experi\u00eancia em webjornalismo, jornal impresso e TV.","url":"https:\/\/nacao.digital\/blog\/author\/carla\/"}]}},"amp_enabled":true,"_links":{"self":[{"href":"https:\/\/nacao.digital\/blog\/wp-json\/wp\/v2\/posts\/5863"}],"collection":[{"href":"https:\/\/nacao.digital\/blog\/wp-json\/wp\/v2\/posts"}],"about":[{"href":"https:\/\/nacao.digital\/blog\/wp-json\/wp\/v2\/types\/post"}],"author":[{"embeddable":true,"href":"https:\/\/nacao.digital\/blog\/wp-json\/wp\/v2\/users\/13"}],"replies":[{"embeddable":true,"href":"https:\/\/nacao.digital\/blog\/wp-json\/wp\/v2\/comments?post=5863"}],"version-history":[{"count":1,"href":"https:\/\/nacao.digital\/blog\/wp-json\/wp\/v2\/posts\/5863\/revisions"}],"predecessor-version":[{"id":7082,"href":"https:\/\/nacao.digital\/blog\/wp-json\/wp\/v2\/posts\/5863\/revisions\/7082"}],"wp:featuredmedia":[{"embeddable":true,"href":"https:\/\/nacao.digital\/blog\/wp-json\/wp\/v2\/media\/5986"}],"wp:attachment":[{"href":"https:\/\/nacao.digital\/blog\/wp-json\/wp\/v2\/media?parent=5863"}],"wp:term":[{"taxonomy":"category","embeddable":true,"href":"https:\/\/nacao.digital\/blog\/wp-json\/wp\/v2\/categories?post=5863"},{"taxonomy":"post_tag","embeddable":true,"href":"https:\/\/nacao.digital\/blog\/wp-json\/wp\/v2\/tags?post=5863"},{"taxonomy":"post_series","embeddable":true,"href":"https:\/\/nacao.digital\/blog\/wp-json\/wp\/v2\/post_series?post=5863"}],"curies":[{"name":"wp","href":"https:\/\/api.w.org\/{rel}","templated":true}]}}