{"id":7387,"date":"2022-06-06T03:00:00","date_gmt":"2022-06-06T06:00:00","guid":{"rendered":"https:\/\/nacao.digital\/blog\/?p=7387"},"modified":"2022-06-03T16:18:03","modified_gmt":"2022-06-03T19:18:03","slug":"web3-e-commerce","status":"publish","type":"post","link":"https:\/\/nacao.digital\/blog\/web3-e-commerce\/","title":{"rendered":"Como a Web3 vai transformar o e-commerce?"},"content":{"rendered":"\n<p>Nunca se falou tanto em \u201cWeb3\u201d como agora. As buscas pelo termo entraram em uma curva de crescimento nos \u00faltimos meses, agora refor\u00e7adas pela ado\u00e7\u00e3o mais ampla de blockchain e de criptomoedas. Esse novo ambiente digital vai provocar mudan\u00e7as no com\u00e9rcio eletr\u00f4nico, mas quais ser\u00e3o elas?<\/p>\n\n\n\n<!--more-->\n\n\n\n<p>Neste artigo, explicamos a rela\u00e7\u00e3o entre Web3 e e-commerce e como essa nova internet vai reescrever as estrat\u00e9gias das vendas online. Confira!<\/p>\n\n\n\n<ul class=\"has-background\" style=\"background-color:#ececec\"><li><strong>Leia tamb\u00e9m: <span style=\"text-decoration: underline;\"><a href=\"https:\/\/nacao.digital\/blog\/tendencias-de-e-commerce\/\" target=\"_blank\" rel=\"noreferrer noopener\">15 tend\u00eancias de e-commerce para 2022<\/a><\/span><\/strong><\/li><\/ul>\n\n\n\n<h2 class=\"wp-block-heading\"><strong>A evolu\u00e7\u00e3o da internet at\u00e9 a<\/strong><strong> Web3<\/strong><\/h2>\n\n\n\n<p>Temos hoje uma internet completamente diferente do que t\u00ednhamos h\u00e1 d\u00e9cadas, e teremos uma rede totalmente nova da que utilizamos atualmente.<\/p>\n\n\n\n<p><a href=\"https:\/\/www.youtube.com\/watch?v=l44z35vabvA\" target=\"_blank\" rel=\"noreferrer noopener\">Juan Benet<\/a>, CEO da Protocol Labs, dividiu a evolu\u00e7\u00e3o da web em quatro fases.\u00a0<\/p>\n\n\n\n<h3 class=\"wp-block-heading\"><strong>1\u00aa etapa<\/strong><\/h3>\n\n\n\n<p>A internet come\u00e7ou a ser constru\u00edda nas d\u00e9cadas de 1960 e 1970, quando ainda era um projeto acad\u00eamico e militar. A abertura para o com\u00e9rcio eletr\u00f4nico aconteceu muito tempo depois, s\u00f3 em meados de 1990.&nbsp;<\/p>\n\n\n\n<h3 class=\"wp-block-heading\"><strong>2\u00aa etapa<\/strong><\/h3>\n\n\n\n<p>A Web 1.0 surgiu e come\u00e7ou como p\u00e1ginas simples e hiperlinks que levavam a outros conte\u00fados est\u00e1ticos, \u201csomente de leitura\u201d. A Web 1.0 foi o que tivemos entre 1991 e 2000.<\/p>\n\n\n\n<h3 class=\"wp-block-heading\"><strong>3\u00aa etapa<\/strong><\/h3>\n\n\n\n<p>A Web 2.0 apareceu no in\u00edcio dos anos 2000 e adicionou interatividade e <a href=\"https:\/\/nacao.digital\/blog\/conteudo-para-redes-sociais\/\" target=\"_blank\" rel=\"noreferrer noopener\">redes sociais<\/a>. A principal marca desta fase \u00e9 o conte\u00fado interativo, permitindo que as pessoas pudessem ler e escrever informa\u00e7\u00f5es.\u00a0<\/p>\n\n\n\n<h3 class=\"wp-block-heading\"><strong>4\u00aa etapa<\/strong><\/h3>\n\n\n\n<p>Agora, com a Web 3.0, temos leitura, grava\u00e7\u00e3o e confiabilidade. Essa nova estrutura permite que ferramentas e servi\u00e7os sejam classificados como verdadeiros e \u00e9ticos.&nbsp;<\/p>\n\n\n\n<p>A grande mudan\u00e7a entre Web2 e Web3 est\u00e1 na confian\u00e7a. Hoje, quando uma pessoa digita o endere\u00e7o de um site, os protocolos garantem que ela chegue \u00e0 p\u00e1gina correta. Quando algu\u00e9m faz uma compra no e-commerce, precisa confiar nos gateways de pagamento e em toda a estrutura da loja. O mesmo acontece quando s\u00e3o feitas transa\u00e7\u00f5es banc\u00e1rias online.<\/p>\n\n\n\n<p>Entretanto, nem tudo s\u00e3o flores. Quantos casos de vazamento e exposi\u00e7\u00e3o de dados de usu\u00e1rios voc\u00ea j\u00e1 n\u00e3o ouviu falar ou leu nos \u00faltimos anos? S\u00e3o muitos! Na Web3,<a href=\"https:\/\/nacao.digital\/blog\/certificados-de-seguranca-para-e-commerce\/\" target=\"_blank\" rel=\"noreferrer noopener\"> seguran\u00e7a ser\u00e1 prioridade<\/a> e haver\u00e1 formas de sempre verificar a identidade.\u00a0<\/p>\n\n\n\n<blockquote class=\"wp-block-quote\"><p>Conceitualmente, a Web 3.0 \u00e9 concebida como um retorno \u00e0 intera\u00e7\u00e3o descentralizada da internet em que usu\u00e1rios individuais t\u00eam mais autonomia e controle da privacidade e dos dados por meio do uso da tecnologia blockchain para permitir novos tipos de transa\u00e7\u00f5es e autentica\u00e7\u00e3o de propriedade. (Amy Webb, futurista)<\/p><\/blockquote>\n\n\n\n<p>O metaverso, por exemplo, ser\u00e1 totalmente dependente da estrutura da Web3 para funcionar. Segundo Amy, o avan\u00e7o das cidades inteligentes e a Internet das Coisas tamb\u00e9m precisar\u00e3o dessa infraestrutura.<\/p>\n\n\n\n<p><strong>Caracter\u00edsticas da Web3:<\/strong><\/p>\n\n\n\n<ul><li>A informa\u00e7\u00e3o \u00e9 de c\u00f3digo aberto<\/li><li>As informa\u00e7\u00f5es da transa\u00e7\u00e3o s\u00e3o \u00fanicas e aut\u00eanticas<\/li><li>Cada pessoa administra seus dados<\/li><li>O sistema monet\u00e1rio centralizado \u00e9 substitu\u00eddo por finan\u00e7as descentralizadas e criptomoedas<\/li><\/ul>\n\n\n\n<figure class=\"wp-block-image size-full\"><img decoding=\"async\" width=\"600\" height=\"400\" src=\"https:\/\/nacao.digital\/blog\/wp-content\/uploads\/2022\/06\/web-3-e-commerce-blockchain-seguranca-compras.jpg\" alt=\"\" class=\"wp-image-7391\" srcset=\"https:\/\/nacao.digital\/blog\/wp-content\/uploads\/2022\/06\/web-3-e-commerce-blockchain-seguranca-compras.jpg 600w, https:\/\/nacao.digital\/blog\/wp-content\/uploads\/2022\/06\/web-3-e-commerce-blockchain-seguranca-compras-300x200.jpg 300w, https:\/\/nacao.digital\/blog\/wp-content\/uploads\/2022\/06\/web-3-e-commerce-blockchain-seguranca-compras-150x100.jpg 150w\" sizes=\"(max-width: 600px) 100vw, 600px\" \/><figcaption>Blockchain deve garantir mais seguran\u00e7a nas opera\u00e7\u00f5es de compras online.<\/figcaption><\/figure>\n\n\n\n<p>A nova gera\u00e7\u00e3o da internet, preveem especialistas, vai permitir que as pr\u00f3prias pessoas governem suas informa\u00e7\u00f5es pessoais. E essa nova din\u00e2mica vai impactar significativamente o com\u00e9rcio eletr\u00f4nico.&nbsp;<\/p>\n\n\n\n<h2 class=\"wp-block-heading\"><strong>Impactos da <\/strong><strong>Web3 no e-commerce<\/strong><\/h2>\n\n\n\n<p>Especialistas dizem esperar que a tecnologia blockchain \u2014a mesma que possibilitou que as criptomoedas, ou moedas digitais, pudessem existir \u2014garanta a seguran\u00e7a da opera\u00e7\u00e3o\u00a0 do e-commerce e dos produtos, o que pode ajudar a reduzir \u00edndices de devolu\u00e7\u00e3o, insatisfa\u00e7\u00f5es, estornos e fraudes em cart\u00f5es de cr\u00e9dito.<\/p>\n\n\n\n<figure class=\"wp-block-image size-full\"><a href=\"https:\/\/conteudo.nacao.digital\/performance-content\/?utm_source=blog&amp;utm_medium=post&amp;utm_content=performance-content&amp;utm_campaign=web3-e-commerce\" target=\"_blank\" rel=\"noopener\"><img decoding=\"async\" width=\"700\" height=\"100\" src=\"https:\/\/nacao.digital\/blog\/wp-content\/uploads\/2021\/11\/performance-content-descricao-de-produto-nacao-digital.jpg\" alt=\"performance-content-descricao-de-produto-nacao-digital\" class=\"wp-image-6855\" srcset=\"https:\/\/nacao.digital\/blog\/wp-content\/uploads\/2021\/11\/performance-content-descricao-de-produto-nacao-digital.jpg 700w, https:\/\/nacao.digital\/blog\/wp-content\/uploads\/2021\/11\/performance-content-descricao-de-produto-nacao-digital-300x43.jpg 300w\" sizes=\"(max-width: 700px) 100vw, 700px\" \/><\/a><\/figure>\n\n\n\n<p>A seguran\u00e7a da Web3 tamb\u00e9m dever\u00e1 ser sentida no processo de pagamento de compras online. Sob essa \u00f3tica, as informa\u00e7\u00f5es sens\u00edveis dos consumidores estar\u00e3o mais protegidas de vazamentos e roubos. Al\u00e9m disso, as transa\u00e7\u00f5es devem ficar mais r\u00e1pidas, baratas e transparentes.&nbsp;<\/p>\n\n\n\n<p>A implementa\u00e7\u00e3o da Web3 tamb\u00e9m tem tudo para acelerar o crescimento do setor de e-commerce. Proje\u00e7\u00f5es da <a href=\"https:\/\/www.grandviewresearch.com\/press-release\/global-e-commerce-market\" target=\"_blank\" rel=\"noreferrer noopener\">Grand View Research<\/a> indicam que o e-commerce vai atingir US$ 27,15 trilh\u00f5es em valor de mercado at\u00e9 2027, impulsionado, entre outros fatores, pela populariza\u00e7\u00e3o dos smartphones, pelo acesso \u00e0 internet de alta velocidade, aumento da renda e pela crescente base de usu\u00e1rios em redes sociais.<\/p>\n\n\n\n<p>Outra poss\u00edvel aplica\u00e7\u00e3o da Web3 no e-commerce ser\u00e1 o uso <a href=\"https:\/\/www.inc.com\/joan-westenberg\/web3-is-going-to-rewrite-your-ecommerce-strategy.html\" target=\"_blank\" rel=\"noreferrer noopener\">NFTs nos programas de fidelidade<\/a> para criar recompensas mais valiosas do que as atuais, assim como a possibilidade de usar criptomoedas para efetuar uma compra online. Essas transa\u00e7\u00f5es, provavelmente, ser\u00e3o comuns em menos de cinco anos.\u00a0<\/p>\n\n\n\n<p>A experi\u00eancia do cliente no e-commerce do futuro ser\u00e1 no metaverso para entregar informa\u00e7\u00f5es aprofundadas sobre um produto, como se estiv\u00e9ssemos em uma loja f\u00edsica.&nbsp;<\/p>\n\n\n\n<ul class=\"has-background\" style=\"background-color:#ececec\"><li><a href=\"https:\/\/nacao.digital\/blog\/metaverso-e-commerce\/\" target=\"_blank\" rel=\"noreferrer noopener\"><strong><span style=\"text-decoration: underline;\">Metaverso e e-commerce: saiba mais aqui!<\/span><\/strong><\/a><\/li><\/ul>\n\n\n\n<p>A Web3 tem tudo para tornar as transa\u00e7\u00f5es ainda mais r\u00e1pidas e seguras no e-commerce, o que pode acelerar o crescimento das compras online, que j\u00e1 v\u00eam em alta desde 2020, com a pandemia de covid-19.&nbsp;<\/p>\n\n\n\n<p>Fique por dentro de todas as inova\u00e7\u00f5es e tend\u00eancias do com\u00e9rcio eletr\u00f4nico! Assine nossa newsletter, preenchendo seus dados abaixo.<\/p>\n\n\n\n<div id=\"newsletter-blog-post-00a6f862a0546f78a91d\"><\/div>\n<script type=\"text\/javascript\" src=\"https:\/\/d335luupugsy2.cloudfront.net\/js\/rdstation-forms\/stable\/rdstation-forms.min.js\"><\/script>\n<script type=\"text\/javascript\">\n new RDStationForms('newsletter-blog-post-00a6f862a0546f78a91d-html').createForm();\n<\/script>\n\n","protected":false},"excerpt":{"rendered":"<p>Nunca se falou tanto em \u201cWeb3\u201d como agora. As buscas pelo termo entraram em uma curva de crescimento nos \u00faltimos meses, agora refor\u00e7adas pela ado\u00e7\u00e3o mais ampla de blockchain e de criptomoedas. Esse novo ambiente digital vai provocar mudan\u00e7as no com\u00e9rcio eletr\u00f4nico, mas quais ser\u00e3o elas?<\/p>\n","protected":false},"author":7,"featured_media":7388,"comment_status":"open","ping_status":"open","sticky":false,"template":"","format":"standard","meta":{"footnotes":""},"categories":[113,312],"tags":[498],"post_series":[],"yoast_head":"<!-- This site is optimized with the Yoast SEO plugin v22.0 - https:\/\/yoast.com\/wordpress\/plugins\/seo\/ -->\n<title>Como a Web3 vai transformar o e-commerce?<\/title>\n<meta name=\"description\" content=\"Saiba o que esperar da jun\u00e7\u00e3o de Web3 e e-commerce nos pr\u00f3ximos cinco anos e o que vai mudar no jeito de comprar e vender online.\" \/>\n<meta name=\"robots\" content=\"index, follow, max-snippet:-1, max-image-preview:large, max-video-preview:-1\" \/>\n<link rel=\"canonical\" href=\"https:\/\/nacao.digital\/blog\/web3-e-commerce\/\" \/>\n<meta property=\"og:locale\" content=\"pt_BR\" \/>\n<meta property=\"og:type\" content=\"article\" \/>\n<meta property=\"og:title\" content=\"Como a Web3 vai transformar o e-commerce?\" \/>\n<meta property=\"og:description\" content=\"Saiba o que esperar da jun\u00e7\u00e3o de Web3 e e-commerce nos pr\u00f3ximos cinco anos e o que vai mudar no jeito de comprar e vender online.\" \/>\n<meta property=\"og:url\" content=\"https:\/\/nacao.digital\/blog\/web3-e-commerce\/\" \/>\n<meta property=\"og:site_name\" content=\"Blog da Na\u00e7\u00e3o Digital\" \/>\n<meta property=\"article:publisher\" content=\"https:\/\/www.facebook.com\/inbound.commerce\" \/>\n<meta property=\"article:published_time\" content=\"2022-06-06T06:00:00+00:00\" \/>\n<meta property=\"article:modified_time\" content=\"2022-06-03T19:18:03+00:00\" \/>\n<meta property=\"og:image\" content=\"https:\/\/nacao.digital\/blog\/wp-content\/uploads\/2022\/06\/web-3-e-commerce.jpg\" \/>\n\t<meta property=\"og:image:width\" content=\"1300\" \/>\n\t<meta property=\"og:image:height\" content=\"700\" \/>\n\t<meta property=\"og:image:type\" content=\"image\/jpeg\" \/>\n<meta name=\"author\" content=\"Reda\u00e7\u00e3o - Na\u00e7\u00e3o Digital\" \/>\n<meta name=\"twitter:card\" content=\"summary_large_image\" \/>\n<meta name=\"twitter:label1\" content=\"Escrito por\" \/>\n\t<meta name=\"twitter:data1\" content=\"Reda\u00e7\u00e3o - Na\u00e7\u00e3o Digital\" \/>\n\t<meta name=\"twitter:label2\" content=\"Est. tempo de leitura\" \/>\n\t<meta name=\"twitter:data2\" content=\"5 minutos\" \/>\n<script type=\"application\/ld+json\" class=\"yoast-schema-graph\">{\"@context\":\"https:\/\/schema.org\",\"@graph\":[{\"@type\":\"Article\",\"@id\":\"https:\/\/nacao.digital\/blog\/web3-e-commerce\/#article\",\"isPartOf\":{\"@id\":\"https:\/\/nacao.digital\/blog\/web3-e-commerce\/\"},\"author\":{\"name\":\"Reda\u00e7\u00e3o - Na\u00e7\u00e3o Digital\",\"@id\":\"https:\/\/nacao.digital\/blog\/#\/schema\/person\/4e45d0f5b6d52948e113abab0619dcdc\"},\"headline\":\"Como a Web3 vai transformar o e-commerce?\",\"datePublished\":\"2022-06-06T06:00:00+00:00\",\"dateModified\":\"2022-06-03T19:18:03+00:00\",\"mainEntityOfPage\":{\"@id\":\"https:\/\/nacao.digital\/blog\/web3-e-commerce\/\"},\"wordCount\":870,\"commentCount\":0,\"publisher\":{\"@id\":\"https:\/\/nacao.digital\/blog\/#organization\"},\"keywords\":[\"web3 e-commerce\"],\"articleSection\":[\"E-commerce\",\"Marketing\"],\"inLanguage\":\"pt-BR\",\"potentialAction\":[{\"@type\":\"CommentAction\",\"name\":\"Comment\",\"target\":[\"https:\/\/nacao.digital\/blog\/web3-e-commerce\/#respond\"]}]},{\"@type\":\"WebPage\",\"@id\":\"https:\/\/nacao.digital\/blog\/web3-e-commerce\/\",\"url\":\"https:\/\/nacao.digital\/blog\/web3-e-commerce\/\",\"name\":\"Como a Web3 vai transformar o e-commerce?\",\"isPartOf\":{\"@id\":\"https:\/\/nacao.digital\/blog\/#website\"},\"datePublished\":\"2022-06-06T06:00:00+00:00\",\"dateModified\":\"2022-06-03T19:18:03+00:00\",\"description\":\"Saiba o que esperar da jun\u00e7\u00e3o de Web3 e e-commerce nos pr\u00f3ximos cinco anos e o que vai mudar no jeito de comprar e vender online.\",\"breadcrumb\":{\"@id\":\"https:\/\/nacao.digital\/blog\/web3-e-commerce\/#breadcrumb\"},\"inLanguage\":\"pt-BR\",\"potentialAction\":[{\"@type\":\"ReadAction\",\"target\":[\"https:\/\/nacao.digital\/blog\/web3-e-commerce\/\"]}]},{\"@type\":\"BreadcrumbList\",\"@id\":\"https:\/\/nacao.digital\/blog\/web3-e-commerce\/#breadcrumb\",\"itemListElement\":[{\"@type\":\"ListItem\",\"position\":1,\"name\":\"In\u00edcio\",\"item\":\"https:\/\/nacao.digital\/blog\/\"},{\"@type\":\"ListItem\",\"position\":2,\"name\":\"Como a Web3 vai transformar o e-commerce?\"}]},{\"@type\":\"WebSite\",\"@id\":\"https:\/\/nacao.digital\/blog\/#website\",\"url\":\"https:\/\/nacao.digital\/blog\/\",\"name\":\"Blog da Na\u00e7\u00e3o Digital\",\"description\":\"Aprenda as melhores estrat\u00e9gias para atrair p\u00fablico mais segmentado, converter mais e vender muito. Tudo isso usando a metodologia de Inbound Marketing para E-commerce.\",\"publisher\":{\"@id\":\"https:\/\/nacao.digital\/blog\/#organization\"},\"potentialAction\":[{\"@type\":\"SearchAction\",\"target\":{\"@type\":\"EntryPoint\",\"urlTemplate\":\"https:\/\/nacao.digital\/blog\/?s={search_term_string}\"},\"query-input\":\"required name=search_term_string\"}],\"inLanguage\":\"pt-BR\"},{\"@type\":\"Organization\",\"@id\":\"https:\/\/nacao.digital\/blog\/#organization\",\"name\":\"Na\u00e7\u00e3o Digital\",\"url\":\"https:\/\/nacao.digital\/blog\/\",\"logo\":{\"@type\":\"ImageObject\",\"inLanguage\":\"pt-BR\",\"@id\":\"https:\/\/nacao.digital\/blog\/#\/schema\/logo\/image\/\",\"url\":\"https:\/\/nacao.digital\/blog\/wp-content\/uploads\/2018\/05\/nacao-digital.jpg\",\"contentUrl\":\"https:\/\/nacao.digital\/blog\/wp-content\/uploads\/2018\/05\/nacao-digital.jpg\",\"width\":590,\"height\":389,\"caption\":\"Na\u00e7\u00e3o Digital\"},\"image\":{\"@id\":\"https:\/\/nacao.digital\/blog\/#\/schema\/logo\/image\/\"},\"sameAs\":[\"https:\/\/www.facebook.com\/inbound.commerce\",\"https:\/\/www.instagram.com\/nacaodigital\/\",\"https:\/\/pt.linkedin.com\/company\/na\u00e7\u00e3o-digital\"]},{\"@type\":\"Person\",\"@id\":\"https:\/\/nacao.digital\/blog\/#\/schema\/person\/4e45d0f5b6d52948e113abab0619dcdc\",\"name\":\"Reda\u00e7\u00e3o - Na\u00e7\u00e3o Digital\",\"image\":{\"@type\":\"ImageObject\",\"inLanguage\":\"pt-BR\",\"@id\":\"https:\/\/nacao.digital\/blog\/#\/schema\/person\/image\/\",\"url\":\"https:\/\/secure.gravatar.com\/avatar\/02e4691d00230d3425c562e7e363f571?s=96&d=mm&r=g\",\"contentUrl\":\"https:\/\/secure.gravatar.com\/avatar\/02e4691d00230d3425c562e7e363f571?s=96&d=mm&r=g\",\"caption\":\"Reda\u00e7\u00e3o - Na\u00e7\u00e3o Digital\"},\"description\":\"Equipe de Reda\u00e7\u00e3o da Na\u00e7\u00e3o Digital\",\"sameAs\":[\"http:\/\/nacao.digital\"],\"url\":\"https:\/\/nacao.digital\/blog\/author\/redacao\/\"}]}<\/script>\n<!-- \/ Yoast SEO plugin. -->","yoast_head_json":{"title":"Como a Web3 vai transformar o e-commerce?","description":"Saiba o que esperar da jun\u00e7\u00e3o de Web3 e e-commerce nos pr\u00f3ximos cinco anos e o que vai mudar no jeito de comprar e vender online.","robots":{"index":"index","follow":"follow","max-snippet":"max-snippet:-1","max-image-preview":"max-image-preview:large","max-video-preview":"max-video-preview:-1"},"canonical":"https:\/\/nacao.digital\/blog\/web3-e-commerce\/","og_locale":"pt_BR","og_type":"article","og_title":"Como a Web3 vai transformar o e-commerce?","og_description":"Saiba o que esperar da jun\u00e7\u00e3o de Web3 e e-commerce nos pr\u00f3ximos cinco anos e o que vai mudar no jeito de comprar e vender online.","og_url":"https:\/\/nacao.digital\/blog\/web3-e-commerce\/","og_site_name":"Blog da Na\u00e7\u00e3o Digital","article_publisher":"https:\/\/www.facebook.com\/inbound.commerce","article_published_time":"2022-06-06T06:00:00+00:00","article_modified_time":"2022-06-03T19:18:03+00:00","og_image":[{"width":1300,"height":700,"url":"https:\/\/nacao.digital\/blog\/wp-content\/uploads\/2022\/06\/web-3-e-commerce.jpg","type":"image\/jpeg"}],"author":"Reda\u00e7\u00e3o - Na\u00e7\u00e3o Digital","twitter_card":"summary_large_image","twitter_misc":{"Escrito por":"Reda\u00e7\u00e3o - Na\u00e7\u00e3o Digital","Est. tempo de leitura":"5 minutos"},"schema":{"@context":"https:\/\/schema.org","@graph":[{"@type":"Article","@id":"https:\/\/nacao.digital\/blog\/web3-e-commerce\/#article","isPartOf":{"@id":"https:\/\/nacao.digital\/blog\/web3-e-commerce\/"},"author":{"name":"Reda\u00e7\u00e3o - Na\u00e7\u00e3o Digital","@id":"https:\/\/nacao.digital\/blog\/#\/schema\/person\/4e45d0f5b6d52948e113abab0619dcdc"},"headline":"Como a Web3 vai transformar o e-commerce?","datePublished":"2022-06-06T06:00:00+00:00","dateModified":"2022-06-03T19:18:03+00:00","mainEntityOfPage":{"@id":"https:\/\/nacao.digital\/blog\/web3-e-commerce\/"},"wordCount":870,"commentCount":0,"publisher":{"@id":"https:\/\/nacao.digital\/blog\/#organization"},"keywords":["web3 e-commerce"],"articleSection":["E-commerce","Marketing"],"inLanguage":"pt-BR","potentialAction":[{"@type":"CommentAction","name":"Comment","target":["https:\/\/nacao.digital\/blog\/web3-e-commerce\/#respond"]}]},{"@type":"WebPage","@id":"https:\/\/nacao.digital\/blog\/web3-e-commerce\/","url":"https:\/\/nacao.digital\/blog\/web3-e-commerce\/","name":"Como a Web3 vai transformar o e-commerce?","isPartOf":{"@id":"https:\/\/nacao.digital\/blog\/#website"},"datePublished":"2022-06-06T06:00:00+00:00","dateModified":"2022-06-03T19:18:03+00:00","description":"Saiba o que esperar da jun\u00e7\u00e3o de Web3 e e-commerce nos pr\u00f3ximos cinco anos e o que vai mudar no jeito de comprar e vender online.","breadcrumb":{"@id":"https:\/\/nacao.digital\/blog\/web3-e-commerce\/#breadcrumb"},"inLanguage":"pt-BR","potentialAction":[{"@type":"ReadAction","target":["https:\/\/nacao.digital\/blog\/web3-e-commerce\/"]}]},{"@type":"BreadcrumbList","@id":"https:\/\/nacao.digital\/blog\/web3-e-commerce\/#breadcrumb","itemListElement":[{"@type":"ListItem","position":1,"name":"In\u00edcio","item":"https:\/\/nacao.digital\/blog\/"},{"@type":"ListItem","position":2,"name":"Como a Web3 vai transformar o e-commerce?"}]},{"@type":"WebSite","@id":"https:\/\/nacao.digital\/blog\/#website","url":"https:\/\/nacao.digital\/blog\/","name":"Blog da Na\u00e7\u00e3o Digital","description":"Aprenda as melhores estrat\u00e9gias para atrair p\u00fablico mais segmentado, converter mais e vender muito. Tudo isso usando a metodologia de Inbound Marketing para E-commerce.","publisher":{"@id":"https:\/\/nacao.digital\/blog\/#organization"},"potentialAction":[{"@type":"SearchAction","target":{"@type":"EntryPoint","urlTemplate":"https:\/\/nacao.digital\/blog\/?s={search_term_string}"},"query-input":"required name=search_term_string"}],"inLanguage":"pt-BR"},{"@type":"Organization","@id":"https:\/\/nacao.digital\/blog\/#organization","name":"Na\u00e7\u00e3o Digital","url":"https:\/\/nacao.digital\/blog\/","logo":{"@type":"ImageObject","inLanguage":"pt-BR","@id":"https:\/\/nacao.digital\/blog\/#\/schema\/logo\/image\/","url":"https:\/\/nacao.digital\/blog\/wp-content\/uploads\/2018\/05\/nacao-digital.jpg","contentUrl":"https:\/\/nacao.digital\/blog\/wp-content\/uploads\/2018\/05\/nacao-digital.jpg","width":590,"height":389,"caption":"Na\u00e7\u00e3o Digital"},"image":{"@id":"https:\/\/nacao.digital\/blog\/#\/schema\/logo\/image\/"},"sameAs":["https:\/\/www.facebook.com\/inbound.commerce","https:\/\/www.instagram.com\/nacaodigital\/","https:\/\/pt.linkedin.com\/company\/na\u00e7\u00e3o-digital"]},{"@type":"Person","@id":"https:\/\/nacao.digital\/blog\/#\/schema\/person\/4e45d0f5b6d52948e113abab0619dcdc","name":"Reda\u00e7\u00e3o - Na\u00e7\u00e3o Digital","image":{"@type":"ImageObject","inLanguage":"pt-BR","@id":"https:\/\/nacao.digital\/blog\/#\/schema\/person\/image\/","url":"https:\/\/secure.gravatar.com\/avatar\/02e4691d00230d3425c562e7e363f571?s=96&d=mm&r=g","contentUrl":"https:\/\/secure.gravatar.com\/avatar\/02e4691d00230d3425c562e7e363f571?s=96&d=mm&r=g","caption":"Reda\u00e7\u00e3o - Na\u00e7\u00e3o Digital"},"description":"Equipe de Reda\u00e7\u00e3o da Na\u00e7\u00e3o Digital","sameAs":["http:\/\/nacao.digital"],"url":"https:\/\/nacao.digital\/blog\/author\/redacao\/"}]}},"amp_enabled":true,"_links":{"self":[{"href":"https:\/\/nacao.digital\/blog\/wp-json\/wp\/v2\/posts\/7387"}],"collection":[{"href":"https:\/\/nacao.digital\/blog\/wp-json\/wp\/v2\/posts"}],"about":[{"href":"https:\/\/nacao.digital\/blog\/wp-json\/wp\/v2\/types\/post"}],"author":[{"embeddable":true,"href":"https:\/\/nacao.digital\/blog\/wp-json\/wp\/v2\/users\/7"}],"replies":[{"embeddable":true,"href":"https:\/\/nacao.digital\/blog\/wp-json\/wp\/v2\/comments?post=7387"}],"version-history":[{"count":4,"href":"https:\/\/nacao.digital\/blog\/wp-json\/wp\/v2\/posts\/7387\/revisions"}],"predecessor-version":[{"id":7393,"href":"https:\/\/nacao.digital\/blog\/wp-json\/wp\/v2\/posts\/7387\/revisions\/7393"}],"wp:featuredmedia":[{"embeddable":true,"href":"https:\/\/nacao.digital\/blog\/wp-json\/wp\/v2\/media\/7388"}],"wp:attachment":[{"href":"https:\/\/nacao.digital\/blog\/wp-json\/wp\/v2\/media?parent=7387"}],"wp:term":[{"taxonomy":"category","embeddable":true,"href":"https:\/\/nacao.digital\/blog\/wp-json\/wp\/v2\/categories?post=7387"},{"taxonomy":"post_tag","embeddable":true,"href":"https:\/\/nacao.digital\/blog\/wp-json\/wp\/v2\/tags?post=7387"},{"taxonomy":"post_series","embeddable":true,"href":"https:\/\/nacao.digital\/blog\/wp-json\/wp\/v2\/post_series?post=7387"}],"curies":[{"name":"wp","href":"https:\/\/api.w.org\/{rel}","templated":true}]}}