{"id":7515,"date":"2022-09-12T04:00:00","date_gmt":"2022-09-12T07:00:00","guid":{"rendered":"https:\/\/nacao.digital\/blog\/?p=7515"},"modified":"2022-09-02T16:19:07","modified_gmt":"2022-09-02T19:19:07","slug":"consumo-da-geracao-z","status":"publish","type":"post","link":"https:\/\/nacao.digital\/blog\/consumo-da-geracao-z\/","title":{"rendered":"E-commerce e consumo da gera\u00e7\u00e3o Z: entenda esse p\u00fablico!"},"content":{"rendered":"\n<p>A <em>gen Z<\/em>, hoje estimada em 2 bilh\u00f5es de pessoas, ser\u00e1, em breve, o maior p\u00fablico consumidor do mundo. De olho no poder de compra desse grupo, os varejistas v\u00eam buscando informa\u00e7\u00f5es para entender os h\u00e1bitos de consumo da gera\u00e7\u00e3o Z e direcionar seus investimentos em produtos e divulga\u00e7\u00e3o.<\/p>\n\n\n\n<!--more-->\n\n\n\n<p>Cabe \u00e0s marcas criar pontes para se conectar genuinamente e de forma duradoura com os consumidores da gera\u00e7\u00e3o Z. Neste artigo, voc\u00ea descobre como criar oportunidades para alinhar seu e-commerce a esse novo perfil, confira!<\/p>\n\n\n\n<h2 class=\"wp-block-heading\"><strong>Perfil da Gera\u00e7\u00e3o Z<\/strong><\/h2>\n\n\n\n<p>Os jovens da gera\u00e7\u00e3o Z cresceram na era da internet, t\u00eam acesso f\u00e1cil a todo tipo de conte\u00fado e podem experimentar o mundo em uma escala global de forma 100% digital \u2014 diferente dos millennials, que vivenciaram um per\u00edodo offline.<\/p>\n\n\n\n<p>Segundo a <a href=\"https:\/\/www.wgsn.com\/pt\/consultancy\" target=\"_blank\" rel=\"noreferrer noopener\">WGSN<\/a>, consultoria de previs\u00e3o de tend\u00eancias, a gera\u00e7\u00e3o Z \u00e9 definida pela tecnologia, fluidez, contradi\u00e7\u00e3o e pela uni\u00e3o de diferentes culturas. \u00c9 considerada a mais etnicamente diversificada da hist\u00f3ria e quer criar novos conceitos sociais e reformular os ultrapassados. \u201cAs marcas que fizerem o mesmo ser\u00e3o capazes de atrair essa gera\u00e7\u00e3o.\u201d<\/p>\n\n\n\n<p>E o que a <em>gen Z <\/em>busca nas marcas? O estudo conduzido pela WGSN, que ouviu adolescentes de 16 a 21 anos ao redor do mundo, mostra que ela se interessa por empresas que sabem se autoexpressar e valorizam o indiv\u00edduo, e despreza as que tentam agradar a todos.<\/p>\n\n\n\n<p>Embora sejam considerados nativos digitais \u2014 eles n\u00e3o conhecem o mundo sem internet \u2014, tenham nascido na era da informa\u00e7\u00e3o e sejam intelectualmente mais avan\u00e7ados, esses jovens est\u00e3o amadurecendo mais lentamente e demorando para encarar as responsabilidades da vida adulta, o que inclui trabalho, faculdade e quest\u00f5es financeiras.&nbsp;<\/p>\n\n\n\n<h2 class=\"wp-block-heading\"><strong>H\u00e1bitos de consumo da gera\u00e7\u00e3o Z<\/strong><\/h2>\n\n\n\n<p>O levantamento aponta tamb\u00e9m que existe uma forte divis\u00e3o entre os jovens dessa gera\u00e7\u00e3o: individualistas (centrados no \u201ceu\u201d) e coletivistas (no \u201cn\u00f3s\u201d). Enquanto o primeiro grupo tem sido alvo comercial da maioria das marcas, o segundo vem fazendo os varejistas repensarem suas estrat\u00e9gias. Empresas precisam saber se comunicar e atrair esses dois extremos se quiserem ter sucesso entre esses novos consumidores.<\/p>\n\n\n\n<div class=\"wp-block-image\"><figure class=\"aligncenter size-full\"><img decoding=\"async\" width=\"600\" height=\"400\" src=\"https:\/\/nacao.digital\/blog\/wp-content\/uploads\/2022\/09\/habitos-de-consumo-da-geracao-z.jpg\" alt=\"\" class=\"wp-image-7516\" srcset=\"https:\/\/nacao.digital\/blog\/wp-content\/uploads\/2022\/09\/habitos-de-consumo-da-geracao-z.jpg 600w, https:\/\/nacao.digital\/blog\/wp-content\/uploads\/2022\/09\/habitos-de-consumo-da-geracao-z-300x200.jpg 300w, https:\/\/nacao.digital\/blog\/wp-content\/uploads\/2022\/09\/habitos-de-consumo-da-geracao-z-150x100.jpg 150w\" sizes=\"(max-width: 600px) 100vw, 600px\" \/><figcaption>Gera\u00e7\u00e3o Z \u00e9 considerada nativa digital e a mais etnicamente diversificada da hist\u00f3ria.<\/figcaption><\/figure><\/div>\n\n\n\n<p>A <em>gen<\/em> Z individualista (centrada no eu) \u00e9 competitiva, focada em obter sucesso e ser popular nas redes sociais, \u00e9 movida pela moda e busca a perfei\u00e7\u00e3o. Na dire\u00e7\u00e3o oposta, temos jovens com esp\u00edrito colaborativo, focados nos sentimentos, que objetivam o progresso e s\u00e3o movidos por cren\u00e7as.&nbsp;<\/p>\n\n\n\n<p>Quando se trata de consumo, os jovens individualistas compram muitos itens de beleza \u2014 comportamento alinhado \u00e0 busca pela perfei\u00e7\u00e3o. Por ano, a m\u00e9dia \u00e9 de US$ 368 gastos com maquiagens e cosm\u00e9ticos.&nbsp;<\/p>\n\n\n\n<p>Eles tamb\u00e9m est\u00e3o envolvidos com a compra de roupas de segunda m\u00e3o. Esse tipo de informa\u00e7\u00e3o pode ser utilizada por varejistas de moda para repensar e reajustar seus neg\u00f3cios. De acordo com <a href=\"https:\/\/www.thredup.com\/resale\/\" target=\"_blank\" rel=\"noreferrer noopener\">novo estudo da ThredUp<\/a>, o mercado de revenda deve crescer 127% at\u00e9 2026, tr\u00eas vezes mais r\u00e1pido que o de vestu\u00e1rio em geral. Essas pe\u00e7as v\u00e3o representar 18% do guarda-roupa das pessoas at\u00e9 2031.<\/p>\n\n\n\n<p>Esse comportamento consumidor da gera\u00e7\u00e3o Z j\u00e1 est\u00e1 mudando a vis\u00e3o de neg\u00f3cio dos varejistas: tr\u00eas em cada quatro executivos dizem que est\u00e3o abertos a oferecer produtos de segunda m\u00e3o aos clientes \u2014 aumento de 14 pontos percentuais em rela\u00e7\u00e3o a 2020, segundo a ThredUp.&nbsp;<\/p>\n\n\n\n<p>A ascens\u00e3o do <em>recommerce<\/em> (nome dado \u00e0 venda de pe\u00e7as de segunda m\u00e3o) \u00e9 uma resposta \u00e0 demanda do consumidor, uma vez que 45% da gera\u00e7\u00e3o Z e dos millennials dizem que s\u00e3o mais propensos a comprar de uma marca que oferece roupas de segunda m\u00e3o ao lado de pe\u00e7as novas.<\/p>\n\n\n\n<p>Totalmente confort\u00e1vel nas compras online, a <em>gen <\/em>Z individualista usa as lojas f\u00edsicas apenas como cen\u00e1rio para fotos e v\u00eddeos, que v\u00e3o direto para o feed (ou stories) das redes sociais, \u00e9 obcecada por <em>streetwear<\/em> (moda urbana) e faz qualquer esfor\u00e7o para ter a pe\u00e7a de roupa do momento.&nbsp;<\/p>\n\n\n\n<ul class=\"has-background\" style=\"background-color:#ececec\"><li><strong>Veja tamb\u00e9m: <\/strong><a href=\"https:\/\/nacao.digital\/blog\/compra-online-retirada-na-loja\/\" target=\"_blank\" rel=\"noreferrer noopener\"><strong><span style=\"text-decoration: underline;\">Compra online com retirada na loja: por que oferecer essa op\u00e7\u00e3o?<\/span><\/strong><\/a><\/li><\/ul>\n\n\n\n<p>No contraponto, a <em>gen<\/em> Z da coletividade (a gera\u00e7\u00e3o do \u2018n\u00f3s\u2019) est\u00e1 preocupada com a integridade das marcas e espera que as empresas promovam <a href=\"https:\/\/nacao.digital\/blog\/diversidade-e-inclusao\/\" target=\"_blank\" rel=\"noreferrer noopener\">inclus\u00e3o e igualdade<\/a> de oportunidades em tudo o que fazem. Tamb\u00e9m anseiam mais transpar\u00eancia das ind\u00fastrias (especialmente a aliment\u00edcia) e querem sair da zona de conforto e buscar imers\u00e3o cultural a partir de viagens.\u00a0<\/p>\n\n\n\n<p>Para esses jovens, <a href=\"https:\/\/nacao.digital\/blog\/embalagens-sustentaveis\/\" target=\"_blank\" rel=\"noreferrer noopener\">sustentabilidade<\/a> e sa\u00fade mental s\u00e3o prioridades, al\u00e9m do desejo de um mundo mais inclusivo e marcas que entendam e valorizem as diferen\u00e7as.<\/p>\n\n\n\n<h2 class=\"wp-block-heading\"><strong>Estrat\u00e9gias de e-commerce para a gera\u00e7\u00e3o Z<\/strong><\/h2>\n\n\n\n<p>Para as marcas, ficar em cima do muro est\u00e1 fora de quest\u00e3o. \u00c9 hora de se posicionar sobre os assuntos que essa gera\u00e7\u00e3o discute e se envolve.&nbsp;<\/p>\n\n\n\n<p>Sua empresa tem um <a href=\"https:\/\/nacao.digital\/blog\/proposito-de-marca\/\" target=\"_blank\" rel=\"noreferrer noopener\">prop\u00f3sito<\/a>? Em vez de utiliz\u00e1-lo como ferramenta de marketing, encare-o como um compromisso de longo prazo e com os valores que voc\u00ea acredita e defende.\u00a0<\/p>\n\n\n\n<p>Construa uma estrat\u00e9gia de marketing de influ\u00eancia com <em>creators <\/em>que dialogam com os dois perfis (a gera\u00e7\u00e3o individualista e a gera\u00e7\u00e3o coletivista).<\/p>\n\n\n\n<p>Uma vez que ansiedade e sa\u00fade mental s\u00e3o dois pontos importantes e ao mesmo tempo cr\u00edticos para esses jovens, analise se a sua marca pode fazer a diferen\u00e7a nessa \u00e1rea.&nbsp;<\/p>\n\n\n\n<p>Veja, agora, dicas espec\u00edficas para cada perfil, com base nos insights do estudo da WGSN.<\/p>\n\n\n\n<h3 class=\"wp-block-heading\"><strong><\/strong><strong>Gera\u00e7\u00e3o Z individualista<\/strong><\/h3>\n\n\n\n<p>Os jovens desse perfil adoram conte\u00fados que os ajudam a fugir da vida real. Voc\u00ea pode se comunicar com eles desenvolvendo postagens com ASMR (Resposta Sensorial Aut\u00f4noma<\/p>\n\n\n\n<p>do Meridiano).<\/p>\n\n\n\n<p>Eles tamb\u00e9m s\u00e3o experts em compartilhar memes. A cultura dos memes \u00e9 uma forma certeira de atrair esses novos consumidores.&nbsp;<\/p>\n\n\n\n<p>Outra dica para as marcas: n\u00e3o siga uma cultura, crie uma. Essa gera\u00e7\u00e3o gosta de interagir com conte\u00fados virais. Inspire-se no que KFC e Adidas t\u00eam feito.<\/p>\n\n\n\n<div class=\"wp-block-image\"><figure class=\"aligncenter size-full\"><a href=\"https:\/\/conteudo.nacao.digital\/performance-content\/?utm_source=blog&amp;utm_medium=post&amp;utm_content=performance-content&amp;utm_campaign=consumo-da-geracao-z\" target=\"_blank\" rel=\"noopener\"><img decoding=\"async\" width=\"700\" height=\"100\" src=\"https:\/\/nacao.digital\/blog\/wp-content\/uploads\/2021\/11\/performance-content-descricao-de-produto-nacao-digital.jpg\" alt=\"performance-content-descricao-de-produto-nacao-digital\" class=\"wp-image-6855\" srcset=\"https:\/\/nacao.digital\/blog\/wp-content\/uploads\/2021\/11\/performance-content-descricao-de-produto-nacao-digital.jpg 700w, https:\/\/nacao.digital\/blog\/wp-content\/uploads\/2021\/11\/performance-content-descricao-de-produto-nacao-digital-300x43.jpg 300w\" sizes=\"(max-width: 700px) 100vw, 700px\" \/><\/a><\/figure><\/div>\n\n\n\n<p>Pensando na <a href=\"https:\/\/nacao.digital\/blog\/trabalhar-com-e-commerce\/\" target=\"_blank\" rel=\"noreferrer noopener\">opera\u00e7\u00e3o da empresa e na contrata\u00e7\u00e3o<\/a> desses jovens, saiba que eles est\u00e3o buscando flexibilidade e informalidade, portanto, a vibe corporativa deve ser deixada de lado.\u00a0<\/p>\n\n\n\n<h3 class=\"wp-block-heading\"><strong>Gera\u00e7\u00e3o Z coletivista<\/strong><\/h3>\n\n\n\n<p>N\u00e3o aborde a diversidade somente nas campanhas de marketing, leve-a para dentro do espa\u00e7o de trabalho da empresa. Al\u00e9m disso, os jovens desse perfil querem comprar de marcas nas quais acreditam e, portanto, esperam que os executivos preencham o vazio das \u00e1reas onde os governos est\u00e3o sem credibilidade.&nbsp;<\/p>\n\n\n\n<p>Esse grupo de consumidores gosta de se conectar com pessoas em ambientes offline. Aproveite essa informa\u00e7\u00e3o para proporcionar experi\u00eancias \u201creais\u201d, como cursos, eventos e encontros que combatam a solid\u00e3o criada pelas redes sociais.&nbsp;<\/p>\n\n\n\n<p>Comunica\u00e7\u00f5es otimistas chamam mais a aten\u00e7\u00e3o desse p\u00fablico, que prefere ver o lado bom das coisas, ainda que a realidade esteja bastante turbulenta.&nbsp;<\/p>\n\n\n\n<p>Em comum a esses dois perfis de <em>gen <\/em>Z est\u00e1 a prefer\u00eancia por marcas que defendem e praticam a sustentabilidade, por produtos de qualidade e por atendimento \u00e1gil ao cliente. Em meio \u00e0 avalanche de an\u00fancios no Google e nas redes sociais, esses jovens dificilmente se contentam com uma \u00fanica comunica\u00e7\u00e3o. Para fazer neg\u00f3cio, eles d\u00e3o prefer\u00eancia a marcas aut\u00eanticas e que sejam bem recomendadas por amigos e <em>creators<\/em>.&nbsp;<\/p>\n\n\n\n<p>Ajuste suas estrat\u00e9gias de vendas online para conectar-se com os jovens da gera\u00e7\u00e3o Z, os consumidores do futuro. Se e-commerce \u00e9 um assunto que est\u00e1 no seu radar, assine a newsletter da <a href=\"https:\/\/nacao.digital\/blog\/\" target=\"_blank\" rel=\"noreferrer noopener\">Na\u00e7\u00e3o Digital<\/a> e receba conte\u00fados novos todas as semanas na sua caixa de entrada.\u00a0<\/p>\n\n\n\n<div id=\"newsletter-blog-post-00a6f862a0546f78a91d\"><\/div>\n<script type=\"text\/javascript\" src=\"https:\/\/d335luupugsy2.cloudfront.net\/js\/rdstation-forms\/stable\/rdstation-forms.min.js\"><\/script>\n<script type=\"text\/javascript\">\nnew RDStationForms('newsletter-blog-post-00a6f862a0546f78a91d-html').createForm();\n<\/script>\n","protected":false},"excerpt":{"rendered":"<p>A gen Z, hoje estimada em 2 bilh\u00f5es de pessoas, ser\u00e1, em breve, o maior p\u00fablico consumidor do mundo. De olho no poder de compra desse grupo, os varejistas v\u00eam buscando informa\u00e7\u00f5es para entender os h\u00e1bitos de consumo da gera\u00e7\u00e3o Z e direcionar seus investimentos em produtos e divulga\u00e7\u00e3o.<\/p>\n","protected":false},"author":7,"featured_media":7517,"comment_status":"open","ping_status":"open","sticky":false,"template":"","format":"standard","meta":{"footnotes":""},"categories":[113,312],"tags":[513],"post_series":[],"yoast_head":"<!-- This site is optimized with the Yoast SEO plugin v22.0 - https:\/\/yoast.com\/wordpress\/plugins\/seo\/ -->\n<title>E-commerce e consumo da gera\u00e7\u00e3o Z: entenda esse p\u00fablico!<\/title>\n<meta name=\"description\" content=\"Saiba quais s\u00e3o os h\u00e1bitos de consumo da gera\u00e7\u00e3o Z e como preparar seu neg\u00f3cio para atender esse novo perfil de compradores.\" \/>\n<meta name=\"robots\" content=\"index, follow, max-snippet:-1, max-image-preview:large, max-video-preview:-1\" \/>\n<link rel=\"canonical\" href=\"https:\/\/nacao.digital\/blog\/consumo-da-geracao-z\/\" \/>\n<meta property=\"og:locale\" content=\"pt_BR\" \/>\n<meta property=\"og:type\" content=\"article\" \/>\n<meta property=\"og:title\" content=\"E-commerce e consumo da gera\u00e7\u00e3o Z: entenda esse p\u00fablico!\" \/>\n<meta property=\"og:description\" content=\"Saiba quais s\u00e3o os h\u00e1bitos de consumo da gera\u00e7\u00e3o Z e como preparar seu neg\u00f3cio para atender esse novo perfil de compradores.\" \/>\n<meta property=\"og:url\" content=\"https:\/\/nacao.digital\/blog\/consumo-da-geracao-z\/\" \/>\n<meta property=\"og:site_name\" content=\"Blog da Na\u00e7\u00e3o Digital\" \/>\n<meta property=\"article:publisher\" content=\"https:\/\/www.facebook.com\/inbound.commerce\" \/>\n<meta property=\"article:published_time\" content=\"2022-09-12T07:00:00+00:00\" \/>\n<meta property=\"article:modified_time\" content=\"2022-09-02T19:19:07+00:00\" \/>\n<meta property=\"og:image\" content=\"https:\/\/nacao.digital\/blog\/wp-content\/uploads\/2022\/09\/consumo-da-geracao-z.jpg\" \/>\n\t<meta property=\"og:image:width\" content=\"1300\" \/>\n\t<meta property=\"og:image:height\" content=\"700\" \/>\n\t<meta property=\"og:image:type\" content=\"image\/jpeg\" \/>\n<meta name=\"author\" content=\"Reda\u00e7\u00e3o - Na\u00e7\u00e3o Digital\" \/>\n<meta name=\"twitter:card\" content=\"summary_large_image\" \/>\n<meta name=\"twitter:label1\" content=\"Escrito por\" \/>\n\t<meta name=\"twitter:data1\" content=\"Reda\u00e7\u00e3o - Na\u00e7\u00e3o Digital\" \/>\n\t<meta name=\"twitter:label2\" content=\"Est. tempo de leitura\" \/>\n\t<meta name=\"twitter:data2\" content=\"8 minutos\" \/>\n<script type=\"application\/ld+json\" class=\"yoast-schema-graph\">{\"@context\":\"https:\/\/schema.org\",\"@graph\":[{\"@type\":\"Article\",\"@id\":\"https:\/\/nacao.digital\/blog\/consumo-da-geracao-z\/#article\",\"isPartOf\":{\"@id\":\"https:\/\/nacao.digital\/blog\/consumo-da-geracao-z\/\"},\"author\":{\"name\":\"Reda\u00e7\u00e3o - Na\u00e7\u00e3o Digital\",\"@id\":\"https:\/\/nacao.digital\/blog\/#\/schema\/person\/4e45d0f5b6d52948e113abab0619dcdc\"},\"headline\":\"E-commerce e consumo da gera\u00e7\u00e3o Z: entenda esse p\u00fablico!\",\"datePublished\":\"2022-09-12T07:00:00+00:00\",\"dateModified\":\"2022-09-02T19:19:07+00:00\",\"mainEntityOfPage\":{\"@id\":\"https:\/\/nacao.digital\/blog\/consumo-da-geracao-z\/\"},\"wordCount\":1333,\"commentCount\":0,\"publisher\":{\"@id\":\"https:\/\/nacao.digital\/blog\/#organization\"},\"keywords\":[\"consumo da gera\u00e7\u00e3o z\"],\"articleSection\":[\"E-commerce\",\"Marketing\"],\"inLanguage\":\"pt-BR\",\"potentialAction\":[{\"@type\":\"CommentAction\",\"name\":\"Comment\",\"target\":[\"https:\/\/nacao.digital\/blog\/consumo-da-geracao-z\/#respond\"]}]},{\"@type\":\"WebPage\",\"@id\":\"https:\/\/nacao.digital\/blog\/consumo-da-geracao-z\/\",\"url\":\"https:\/\/nacao.digital\/blog\/consumo-da-geracao-z\/\",\"name\":\"E-commerce e consumo da gera\u00e7\u00e3o Z: entenda esse p\u00fablico!\",\"isPartOf\":{\"@id\":\"https:\/\/nacao.digital\/blog\/#website\"},\"datePublished\":\"2022-09-12T07:00:00+00:00\",\"dateModified\":\"2022-09-02T19:19:07+00:00\",\"description\":\"Saiba quais s\u00e3o os h\u00e1bitos de consumo da gera\u00e7\u00e3o Z e como preparar seu neg\u00f3cio para atender esse novo perfil de compradores.\",\"breadcrumb\":{\"@id\":\"https:\/\/nacao.digital\/blog\/consumo-da-geracao-z\/#breadcrumb\"},\"inLanguage\":\"pt-BR\",\"potentialAction\":[{\"@type\":\"ReadAction\",\"target\":[\"https:\/\/nacao.digital\/blog\/consumo-da-geracao-z\/\"]}]},{\"@type\":\"BreadcrumbList\",\"@id\":\"https:\/\/nacao.digital\/blog\/consumo-da-geracao-z\/#breadcrumb\",\"itemListElement\":[{\"@type\":\"ListItem\",\"position\":1,\"name\":\"In\u00edcio\",\"item\":\"https:\/\/nacao.digital\/blog\/\"},{\"@type\":\"ListItem\",\"position\":2,\"name\":\"E-commerce e consumo da gera\u00e7\u00e3o Z: entenda esse p\u00fablico!\"}]},{\"@type\":\"WebSite\",\"@id\":\"https:\/\/nacao.digital\/blog\/#website\",\"url\":\"https:\/\/nacao.digital\/blog\/\",\"name\":\"Blog da Na\u00e7\u00e3o Digital\",\"description\":\"Aprenda as melhores estrat\u00e9gias para atrair p\u00fablico mais segmentado, converter mais e vender muito. Tudo isso usando a metodologia de Inbound Marketing para E-commerce.\",\"publisher\":{\"@id\":\"https:\/\/nacao.digital\/blog\/#organization\"},\"potentialAction\":[{\"@type\":\"SearchAction\",\"target\":{\"@type\":\"EntryPoint\",\"urlTemplate\":\"https:\/\/nacao.digital\/blog\/?s={search_term_string}\"},\"query-input\":\"required name=search_term_string\"}],\"inLanguage\":\"pt-BR\"},{\"@type\":\"Organization\",\"@id\":\"https:\/\/nacao.digital\/blog\/#organization\",\"name\":\"Na\u00e7\u00e3o Digital\",\"url\":\"https:\/\/nacao.digital\/blog\/\",\"logo\":{\"@type\":\"ImageObject\",\"inLanguage\":\"pt-BR\",\"@id\":\"https:\/\/nacao.digital\/blog\/#\/schema\/logo\/image\/\",\"url\":\"https:\/\/nacao.digital\/blog\/wp-content\/uploads\/2018\/05\/nacao-digital.jpg\",\"contentUrl\":\"https:\/\/nacao.digital\/blog\/wp-content\/uploads\/2018\/05\/nacao-digital.jpg\",\"width\":590,\"height\":389,\"caption\":\"Na\u00e7\u00e3o Digital\"},\"image\":{\"@id\":\"https:\/\/nacao.digital\/blog\/#\/schema\/logo\/image\/\"},\"sameAs\":[\"https:\/\/www.facebook.com\/inbound.commerce\",\"https:\/\/www.instagram.com\/nacaodigital\/\",\"https:\/\/pt.linkedin.com\/company\/na\u00e7\u00e3o-digital\"]},{\"@type\":\"Person\",\"@id\":\"https:\/\/nacao.digital\/blog\/#\/schema\/person\/4e45d0f5b6d52948e113abab0619dcdc\",\"name\":\"Reda\u00e7\u00e3o - Na\u00e7\u00e3o Digital\",\"image\":{\"@type\":\"ImageObject\",\"inLanguage\":\"pt-BR\",\"@id\":\"https:\/\/nacao.digital\/blog\/#\/schema\/person\/image\/\",\"url\":\"https:\/\/secure.gravatar.com\/avatar\/02e4691d00230d3425c562e7e363f571?s=96&d=mm&r=g\",\"contentUrl\":\"https:\/\/secure.gravatar.com\/avatar\/02e4691d00230d3425c562e7e363f571?s=96&d=mm&r=g\",\"caption\":\"Reda\u00e7\u00e3o - Na\u00e7\u00e3o Digital\"},\"description\":\"Equipe de Reda\u00e7\u00e3o da Na\u00e7\u00e3o Digital\",\"sameAs\":[\"http:\/\/nacao.digital\"],\"url\":\"https:\/\/nacao.digital\/blog\/author\/redacao\/\"}]}<\/script>\n<!-- \/ Yoast SEO plugin. -->","yoast_head_json":{"title":"E-commerce e consumo da gera\u00e7\u00e3o Z: entenda esse p\u00fablico!","description":"Saiba quais s\u00e3o os h\u00e1bitos de consumo da gera\u00e7\u00e3o Z e como preparar seu neg\u00f3cio para atender esse novo perfil de compradores.","robots":{"index":"index","follow":"follow","max-snippet":"max-snippet:-1","max-image-preview":"max-image-preview:large","max-video-preview":"max-video-preview:-1"},"canonical":"https:\/\/nacao.digital\/blog\/consumo-da-geracao-z\/","og_locale":"pt_BR","og_type":"article","og_title":"E-commerce e consumo da gera\u00e7\u00e3o Z: entenda esse p\u00fablico!","og_description":"Saiba quais s\u00e3o os h\u00e1bitos de consumo da gera\u00e7\u00e3o Z e como preparar seu neg\u00f3cio para atender esse novo perfil de compradores.","og_url":"https:\/\/nacao.digital\/blog\/consumo-da-geracao-z\/","og_site_name":"Blog da Na\u00e7\u00e3o Digital","article_publisher":"https:\/\/www.facebook.com\/inbound.commerce","article_published_time":"2022-09-12T07:00:00+00:00","article_modified_time":"2022-09-02T19:19:07+00:00","og_image":[{"width":1300,"height":700,"url":"https:\/\/nacao.digital\/blog\/wp-content\/uploads\/2022\/09\/consumo-da-geracao-z.jpg","type":"image\/jpeg"}],"author":"Reda\u00e7\u00e3o - Na\u00e7\u00e3o Digital","twitter_card":"summary_large_image","twitter_misc":{"Escrito por":"Reda\u00e7\u00e3o - Na\u00e7\u00e3o Digital","Est. tempo de leitura":"8 minutos"},"schema":{"@context":"https:\/\/schema.org","@graph":[{"@type":"Article","@id":"https:\/\/nacao.digital\/blog\/consumo-da-geracao-z\/#article","isPartOf":{"@id":"https:\/\/nacao.digital\/blog\/consumo-da-geracao-z\/"},"author":{"name":"Reda\u00e7\u00e3o - Na\u00e7\u00e3o Digital","@id":"https:\/\/nacao.digital\/blog\/#\/schema\/person\/4e45d0f5b6d52948e113abab0619dcdc"},"headline":"E-commerce e consumo da gera\u00e7\u00e3o Z: entenda esse p\u00fablico!","datePublished":"2022-09-12T07:00:00+00:00","dateModified":"2022-09-02T19:19:07+00:00","mainEntityOfPage":{"@id":"https:\/\/nacao.digital\/blog\/consumo-da-geracao-z\/"},"wordCount":1333,"commentCount":0,"publisher":{"@id":"https:\/\/nacao.digital\/blog\/#organization"},"keywords":["consumo da gera\u00e7\u00e3o z"],"articleSection":["E-commerce","Marketing"],"inLanguage":"pt-BR","potentialAction":[{"@type":"CommentAction","name":"Comment","target":["https:\/\/nacao.digital\/blog\/consumo-da-geracao-z\/#respond"]}]},{"@type":"WebPage","@id":"https:\/\/nacao.digital\/blog\/consumo-da-geracao-z\/","url":"https:\/\/nacao.digital\/blog\/consumo-da-geracao-z\/","name":"E-commerce e consumo da gera\u00e7\u00e3o Z: entenda esse p\u00fablico!","isPartOf":{"@id":"https:\/\/nacao.digital\/blog\/#website"},"datePublished":"2022-09-12T07:00:00+00:00","dateModified":"2022-09-02T19:19:07+00:00","description":"Saiba quais s\u00e3o os h\u00e1bitos de consumo da gera\u00e7\u00e3o Z e como preparar seu neg\u00f3cio para atender esse novo perfil de compradores.","breadcrumb":{"@id":"https:\/\/nacao.digital\/blog\/consumo-da-geracao-z\/#breadcrumb"},"inLanguage":"pt-BR","potentialAction":[{"@type":"ReadAction","target":["https:\/\/nacao.digital\/blog\/consumo-da-geracao-z\/"]}]},{"@type":"BreadcrumbList","@id":"https:\/\/nacao.digital\/blog\/consumo-da-geracao-z\/#breadcrumb","itemListElement":[{"@type":"ListItem","position":1,"name":"In\u00edcio","item":"https:\/\/nacao.digital\/blog\/"},{"@type":"ListItem","position":2,"name":"E-commerce e consumo da gera\u00e7\u00e3o Z: entenda esse p\u00fablico!"}]},{"@type":"WebSite","@id":"https:\/\/nacao.digital\/blog\/#website","url":"https:\/\/nacao.digital\/blog\/","name":"Blog da Na\u00e7\u00e3o Digital","description":"Aprenda as melhores estrat\u00e9gias para atrair p\u00fablico mais segmentado, converter mais e vender muito. Tudo isso usando a metodologia de Inbound Marketing para E-commerce.","publisher":{"@id":"https:\/\/nacao.digital\/blog\/#organization"},"potentialAction":[{"@type":"SearchAction","target":{"@type":"EntryPoint","urlTemplate":"https:\/\/nacao.digital\/blog\/?s={search_term_string}"},"query-input":"required name=search_term_string"}],"inLanguage":"pt-BR"},{"@type":"Organization","@id":"https:\/\/nacao.digital\/blog\/#organization","name":"Na\u00e7\u00e3o Digital","url":"https:\/\/nacao.digital\/blog\/","logo":{"@type":"ImageObject","inLanguage":"pt-BR","@id":"https:\/\/nacao.digital\/blog\/#\/schema\/logo\/image\/","url":"https:\/\/nacao.digital\/blog\/wp-content\/uploads\/2018\/05\/nacao-digital.jpg","contentUrl":"https:\/\/nacao.digital\/blog\/wp-content\/uploads\/2018\/05\/nacao-digital.jpg","width":590,"height":389,"caption":"Na\u00e7\u00e3o Digital"},"image":{"@id":"https:\/\/nacao.digital\/blog\/#\/schema\/logo\/image\/"},"sameAs":["https:\/\/www.facebook.com\/inbound.commerce","https:\/\/www.instagram.com\/nacaodigital\/","https:\/\/pt.linkedin.com\/company\/na\u00e7\u00e3o-digital"]},{"@type":"Person","@id":"https:\/\/nacao.digital\/blog\/#\/schema\/person\/4e45d0f5b6d52948e113abab0619dcdc","name":"Reda\u00e7\u00e3o - Na\u00e7\u00e3o Digital","image":{"@type":"ImageObject","inLanguage":"pt-BR","@id":"https:\/\/nacao.digital\/blog\/#\/schema\/person\/image\/","url":"https:\/\/secure.gravatar.com\/avatar\/02e4691d00230d3425c562e7e363f571?s=96&d=mm&r=g","contentUrl":"https:\/\/secure.gravatar.com\/avatar\/02e4691d00230d3425c562e7e363f571?s=96&d=mm&r=g","caption":"Reda\u00e7\u00e3o - Na\u00e7\u00e3o Digital"},"description":"Equipe de Reda\u00e7\u00e3o da Na\u00e7\u00e3o Digital","sameAs":["http:\/\/nacao.digital"],"url":"https:\/\/nacao.digital\/blog\/author\/redacao\/"}]}},"amp_enabled":true,"_links":{"self":[{"href":"https:\/\/nacao.digital\/blog\/wp-json\/wp\/v2\/posts\/7515"}],"collection":[{"href":"https:\/\/nacao.digital\/blog\/wp-json\/wp\/v2\/posts"}],"about":[{"href":"https:\/\/nacao.digital\/blog\/wp-json\/wp\/v2\/types\/post"}],"author":[{"embeddable":true,"href":"https:\/\/nacao.digital\/blog\/wp-json\/wp\/v2\/users\/7"}],"replies":[{"embeddable":true,"href":"https:\/\/nacao.digital\/blog\/wp-json\/wp\/v2\/comments?post=7515"}],"version-history":[{"count":1,"href":"https:\/\/nacao.digital\/blog\/wp-json\/wp\/v2\/posts\/7515\/revisions"}],"predecessor-version":[{"id":7518,"href":"https:\/\/nacao.digital\/blog\/wp-json\/wp\/v2\/posts\/7515\/revisions\/7518"}],"wp:featuredmedia":[{"embeddable":true,"href":"https:\/\/nacao.digital\/blog\/wp-json\/wp\/v2\/media\/7517"}],"wp:attachment":[{"href":"https:\/\/nacao.digital\/blog\/wp-json\/wp\/v2\/media?parent=7515"}],"wp:term":[{"taxonomy":"category","embeddable":true,"href":"https:\/\/nacao.digital\/blog\/wp-json\/wp\/v2\/categories?post=7515"},{"taxonomy":"post_tag","embeddable":true,"href":"https:\/\/nacao.digital\/blog\/wp-json\/wp\/v2\/tags?post=7515"},{"taxonomy":"post_series","embeddable":true,"href":"https:\/\/nacao.digital\/blog\/wp-json\/wp\/v2\/post_series?post=7515"}],"curies":[{"name":"wp","href":"https:\/\/api.w.org\/{rel}","templated":true}]}}