{"id":7536,"date":"2022-09-19T10:21:58","date_gmt":"2022-09-19T13:21:58","guid":{"rendered":"https:\/\/nacao.digital\/blog\/?p=7536"},"modified":"2022-09-19T10:27:11","modified_gmt":"2022-09-19T13:27:11","slug":"setembro-amarelo-empresas","status":"publish","type":"post","link":"https:\/\/nacao.digital\/blog\/setembro-amarelo-empresas\/","title":{"rendered":"Setembro Amarelo nas empresas: import\u00e2ncia e dicas de a\u00e7\u00f5es"},"content":{"rendered":"\n<p>O crescimento da discuss\u00e3o sobre sa\u00fade mental dentro e fora de ambientes corporativos n\u00e3o \u00e9 de hoje. Al\u00e9m do mais, <a href=\"https:\/\/nacao.digital\/blog\/comportamento-de-compra\/\" target=\"_blank\" rel=\"noreferrer noopener\">com a pandemia do coronav\u00edrus<\/a>, que levou um grande n\u00famero de colaboradores a se isolar e trabalhar em casa, o t\u00f3pico se tornou ainda mais relevante.<\/p>\n\n\n\n<!--more-->\n\n\n\n<p>E por mais que falar sobre bem-estar f\u00edsico e emocional seja importante o ano todo, o Setembro Amarelo nas empresas \u00e9 uma \u00f3tima oportunidade para as corpora\u00e7\u00f5es refor\u00e7arem uma cultura em prol da sa\u00fade mental, criando espa\u00e7os abertos de di\u00e1logo sobre quest\u00f5es delicadas, como depress\u00e3o, ansiedade e outros transtornos mentais.<\/p>\n\n\n\n<p>Continue no post para saber mais sobre o Setembro Amarelo, motivos para empresas se engajarem no movimento e dicas de como construir um ambiente de trabalho saud\u00e1vel para seus colaboradores. Boa leitura!<\/p>\n\n\n\n<div class=\"wp-block-image\"><figure class=\"aligncenter size-full\"><img decoding=\"async\" width=\"750\" height=\"100\" src=\"https:\/\/nacao.digital\/blog\/wp-content\/uploads\/2020\/05\/guia-de-contratacao-para-e-commerces-banner.jpg\" alt=\"guia-de-contratacao-para-e-commerces\" class=\"wp-image-5889\" srcset=\"https:\/\/nacao.digital\/blog\/wp-content\/uploads\/2020\/05\/guia-de-contratacao-para-e-commerces-banner.jpg 750w, https:\/\/nacao.digital\/blog\/wp-content\/uploads\/2020\/05\/guia-de-contratacao-para-e-commerces-banner-300x40.jpg 300w\" sizes=\"(max-width: 750px) 100vw, 750px\" \/><\/figure><\/div>\n\n\n\n<h2 class=\"wp-block-heading\"><strong>O que \u00e9 o Setembro Amarelo?<\/strong><\/h2>\n\n\n\n<p>O Setembro Amarelo \u00e9 uma <strong>campanha de preven\u00e7\u00e3o e combate ao suic\u00eddio<\/strong>. Foi idealizada, inicialmente, nos Estados Unidos, ap\u00f3s o adolescente Mike Emme, de 17 anos, tirar a pr\u00f3pria vida no dia 8 de setembro de 1994.<\/p>\n\n\n\n<p>No Brasil, as a\u00e7\u00f5es come\u00e7aram em 2015, a partir de uma iniciativa do <a href=\"https:\/\/www.cvv.org.br\/\" target=\"_blank\" rel=\"noreferrer noopener\">Centro de Valoriza\u00e7\u00e3o da Vida (CVV)<\/a>, em parceria com o <a href=\"https:\/\/portal.cfm.org.br\/\" target=\"_blank\" rel=\"noreferrer noopener\">Conselho Federal de Medicina (CFM)<\/a> e a <a href=\"https:\/\/www.abp.org.br\/\" target=\"_blank\" rel=\"noreferrer noopener\">Associa\u00e7\u00e3o Brasileira de Psiquiatria (ABP)<\/a>.<\/p>\n\n\n\n<p>Desde ent\u00e3o, o m\u00eas inteiro de setembro \u00e9 marcado por campanhas de conscientiza\u00e7\u00e3o, sendo 10\/9 o Dia Mundial de Preven\u00e7\u00e3o ao Suic\u00eddio. Al\u00e9m disso, <strong>o CVV possui uma ouvidoria sigilosa e pontos de atendimento para aux\u00edlio<\/strong>.<\/p>\n\n\n\n<h3 class=\"wp-block-heading\"><strong>Telefones \u00fateis<\/strong><\/h3>\n\n\n\n<p>Se voc\u00ea est\u00e1 passando por um momento dif\u00edcil ou conhece algu\u00e9m nessa situa\u00e7\u00e3o, <strong>basta discar 188<\/strong> ou <a href=\"https:\/\/www.cvv.org.br\/\" target=\"_blank\" rel=\"noreferrer noopener\">acessar o site oficial do CVV <\/a>\u00a0para saber mais. O atendimento \u00e9 volunt\u00e1rio e gratuito, sob total sigilo, seja por telefone, e-mail ou chat. Funciona 24 horas, todos os dias.<\/p>\n\n\n\n<p>Contatos de emerg\u00eancia, como Samu 192, UPA, pronto-socorro e hospitais, assim como servi\u00e7os de sa\u00fade, como Caps e unidades b\u00e1sicas de sa\u00fade (Sa\u00fade da fam\u00edlia, postos e centros de sa\u00fade) tamb\u00e9m podem ser procurados.<\/p>\n\n\n\n<div class=\"wp-block-image\"><figure class=\"aligncenter size-full\"><img decoding=\"async\" width=\"700\" height=\"467\" src=\"https:\/\/nacao.digital\/blog\/wp-content\/uploads\/2022\/09\/setembro-amarelo-empresas-o-que-e.jpg\" alt=\"Homem segurando uma fita que representa o Setembro Amarelo\" class=\"wp-image-7538\" srcset=\"https:\/\/nacao.digital\/blog\/wp-content\/uploads\/2022\/09\/setembro-amarelo-empresas-o-que-e.jpg 700w, https:\/\/nacao.digital\/blog\/wp-content\/uploads\/2022\/09\/setembro-amarelo-empresas-o-que-e-300x200.jpg 300w, https:\/\/nacao.digital\/blog\/wp-content\/uploads\/2022\/09\/setembro-amarelo-empresas-o-que-e-150x100.jpg 150w\" sizes=\"(max-width: 700px) 100vw, 700px\" \/><figcaption>O Setembro Amarelo \u00e9 uma campanha de preven\u00e7\u00e3o do suic\u00eddio e acontece no Brasil todos os anos desde 2015.<\/figcaption><\/figure><\/div>\n\n\n\n<h2 class=\"wp-block-heading\"><strong>Setembro Amarelo: por que empresas devem se preocupar?<\/strong><\/h2>\n\n\n\n<p><a href=\"https:\/\/www.who.int\/news-room\/fact-sheets\/detail\/suicide\" target=\"_blank\" rel=\"noreferrer noopener\">De acordo com a Organiza\u00e7\u00e3o Mundial de Sa\u00fade<\/a>, mais de 700 mil pessoas cometem suic\u00eddio todos os anos. Al\u00e9m disso, trata-se da quarta maior causa de mortes entre jovens de 15 a 19 anos. A entidade informa, ainda, que <strong>o problema \u00e9 um fen\u00f4meno global, configurando-se como quest\u00e3o de sa\u00fade p\u00fablica.<\/strong><\/p>\n\n\n\n<p>E por mais impressionante que esses n\u00fameros sejam, infelizmente, quest\u00f5es relacionadas \u00e0 sa\u00fade mental e ao suic\u00eddio seguem sendo tabu. Por esse motivo, in\u00fameras pessoas que est\u00e3o passando por situa\u00e7\u00f5es dif\u00edceis n\u00e3o procuram ajuda por medo do julgamento.<\/p>\n\n\n\n<p>Essas circunst\u00e2ncias afetam todas as esferas da vida desses indiv\u00edduos \u2014 pessoal, social, profissional, etc. E como os colaboradores de uma empresa costumam passar um ter\u00e7o do dia no escrit\u00f3rio, garantir a satisfa\u00e7\u00e3o no trabalho e promover um espa\u00e7o saud\u00e1vel, de acolhimento, \u00e9 fundamental para ajud\u00e1-los.<\/p>\n\n\n\n<p>Al\u00e9m disso, \u00e9 por meio da conscientiza\u00e7\u00e3o e do di\u00e1logo aberto que aqueles e aquelas que possuem transtornos mentais se sentem acolhidos. Justamente por isso, as iniciativas do Setembro Amarelo s\u00e3o t\u00e3o essenciais para que a equipe veja a empresa que atua como um lugar seguro e agrad\u00e1vel para estar.<\/p>\n\n\n\n<div class=\"wp-block-image\"><figure class=\"aligncenter size-full\"><img decoding=\"async\" width=\"700\" height=\"394\" src=\"https:\/\/nacao.digital\/blog\/wp-content\/uploads\/2022\/09\/setembro-amarelo-empresas-ambiente-de-trabalho.jpg\" alt=\"V\u00e1rias pessoas conversando no escrit\u00f3rio\" class=\"wp-image-7542\" srcset=\"https:\/\/nacao.digital\/blog\/wp-content\/uploads\/2022\/09\/setembro-amarelo-empresas-ambiente-de-trabalho.jpg 700w, https:\/\/nacao.digital\/blog\/wp-content\/uploads\/2022\/09\/setembro-amarelo-empresas-ambiente-de-trabalho-300x169.jpg 300w, https:\/\/nacao.digital\/blog\/wp-content\/uploads\/2022\/09\/setembro-amarelo-empresas-ambiente-de-trabalho-150x84.jpg 150w\" sizes=\"(max-width: 700px) 100vw, 700px\" \/><figcaption>Evitar um ambiente de trabalho t\u00f3xico motiva os colaboradores e pode ajud\u00e1-los na busca pela melhora da sa\u00fade mental.<\/figcaption><\/figure><\/div>\n\n\n\n<h2 class=\"wp-block-heading\"><strong>Como construir um <\/strong><strong>ambiente de trabalho saud\u00e1vel?<\/strong><\/h2>\n\n\n\n<p>Diversas a\u00e7\u00f5es podem ajudar empresas a promover um ambiente que colabora com a sa\u00fade mental no trabalho. As iniciativas devem partir dos Recursos Humanos, para apoiar os colaboradores a se sentirem confort\u00e1veis nos espa\u00e7os da organiza\u00e7\u00e3o.<\/p>\n\n\n\n<p>A seguir, apresentamos algumas sugest\u00f5es de a\u00e7\u00f5es que podem ser realizadas durante o Setembro Amarelo, assim como em qualquer outra \u00e9poca do ano. Afinal, promover uma cultura organizacional humana e acolhedora deve ocorrer sempre, n\u00e3o apenas neste m\u00eas de preven\u00e7\u00e3o e conscientiza\u00e7\u00e3o.<\/p>\n\n\n\n<h3 class=\"wp-block-heading\"><strong>Traga especialistas para falar sobre o assunto<\/strong><\/h3>\n\n\n\n<p>Uma boa maneira de abrir o di\u00e1logo sobre preven\u00e7\u00e3o do suic\u00eddio e sa\u00fade mental \u00e9 oferecendo palestras com profissionais especializados no assunto. Voc\u00ea pode convocar psic\u00f3logos, educadores f\u00edsicos, psiquiatras e nutricionistas comportamentais, por exemplo.<\/p>\n\n\n\n<p>Esses especialistas possuem o tato e o conhecimento necess\u00e1rio para criar um espa\u00e7o de conversa aberto, fazendo com que os colaboradores fiquem \u00e0 vontade para falar sobre o assunto.<\/p>\n\n\n\n<div class=\"wp-block-image\"><figure class=\"aligncenter size-full\"><img decoding=\"async\" width=\"700\" height=\"467\" src=\"https:\/\/nacao.digital\/blog\/wp-content\/uploads\/2022\/09\/setembro-amarelo-empresas-palestras.jpg\" alt=\"Mulher fazendo uma palestra online sobre Setembro Amarelo\" class=\"wp-image-7539\" srcset=\"https:\/\/nacao.digital\/blog\/wp-content\/uploads\/2022\/09\/setembro-amarelo-empresas-palestras.jpg 700w, https:\/\/nacao.digital\/blog\/wp-content\/uploads\/2022\/09\/setembro-amarelo-empresas-palestras-300x200.jpg 300w, https:\/\/nacao.digital\/blog\/wp-content\/uploads\/2022\/09\/setembro-amarelo-empresas-palestras-150x100.jpg 150w\" sizes=\"(max-width: 700px) 100vw, 700px\" \/><figcaption>Promover palestras sobre sa\u00fade mental com profissionais capacitados \u00e9 uma \u00f3tima iniciativa para o Setembro Amarelo nas empresas.<\/figcaption><\/figure><\/div>\n\n\n\n<h3 class=\"wp-block-heading\"><strong>Ofere\u00e7a informa\u00e7\u00f5es de forma respons\u00e1vel e respaldada<\/strong><\/h3>\n\n\n\n<p>Como comentado, a discuss\u00e3o sobre sa\u00fade mental \u00e9 um grande tabu. Portanto, \u00e9 muito importante que empresas ofere\u00e7am informa\u00e7\u00f5es de qualidade, de forma humanizada e respons\u00e1vel.<\/p>\n\n\n\n<p>Uma maneira de fazer isso \u00e9 criando materiais de apoio \u2014 como conte\u00fados online, folhetos, v\u00eddeos, etc \u2014 sobre sintomas dos transtornos mentais mais comuns, fatores que antecedem uma tentativa de suic\u00edcio, quais tratamentos s\u00e3o poss\u00edveis em cada caso e como procurar ajuda de forma sigilosa.<\/p>\n\n\n\n<p>Al\u00e9m disso, a organiza\u00e7\u00e3o pode criar guias sobre o que torna um ambiente de trabalho saud\u00e1vel para as pessoas, como os colaboradores podem contribuir na cria\u00e7\u00e3o de um espa\u00e7o agrad\u00e1vel para todos, entre outros.<\/p>\n\n\n\n<h3 class=\"wp-block-heading\"><strong>Desenvolva l\u00edderes emp\u00e1ticos e abertos<\/strong><\/h3>\n\n\n\n<p>Para que a equipe esteja bem sincronizada e sinta-se confort\u00e1vel exercendo suas fun\u00e7\u00f5es, os l\u00edderes precisam transmitir confian\u00e7a e respeito. Por isso, \u00e9 importante realizar imers\u00f5es com aqueles e aquelas que ocupam cargos superiores, para que eles desenvolvam habilidades essenciais nas rela\u00e7\u00f5es humanas, como empatia e escuta ativa.<\/p>\n\n\n\n<p>Dessa forma, essas pessoas ser\u00e3o mais capazes de identificar quando algu\u00e9m da equipe est\u00e1 passando por um momento dif\u00edcil e como ajud\u00e1-los nesse processo dentro do trabalho.<\/p>\n\n\n\n<div class=\"wp-block-image\"><figure class=\"aligncenter size-full\"><img decoding=\"async\" width=\"700\" height=\"467\" src=\"https:\/\/nacao.digital\/blog\/wp-content\/uploads\/2022\/09\/setembro-amarelo-empresas-cultura-feedbacks.jpg\" alt=\"L\u00edder e colaborador conversando \" class=\"wp-image-7540\" srcset=\"https:\/\/nacao.digital\/blog\/wp-content\/uploads\/2022\/09\/setembro-amarelo-empresas-cultura-feedbacks.jpg 700w, https:\/\/nacao.digital\/blog\/wp-content\/uploads\/2022\/09\/setembro-amarelo-empresas-cultura-feedbacks-300x200.jpg 300w, https:\/\/nacao.digital\/blog\/wp-content\/uploads\/2022\/09\/setembro-amarelo-empresas-cultura-feedbacks-150x100.jpg 150w\" sizes=\"(max-width: 700px) 100vw, 700px\" \/><figcaption>L\u00edderes emp\u00e1ticos e que promovem um di\u00e1logo aberto s\u00e3o mais capazes de ajudar colaboradores em situa\u00e7\u00f5es emocionalmente dif\u00edceis.<\/figcaption><\/figure><\/div>\n\n\n\n<h3 class=\"wp-block-heading\"><strong>Crie canais de <\/strong><strong><em>feedback<\/em><\/strong><\/h3>\n\n\n\n<p>A cultura de <em>feedbacks <\/em>\u00e9 extremamente importante em qualquer empresa. Isso porque esses canais, especialmente quando s\u00e3o an\u00f4nimos, mostram aos seus colaboradores que eles podem manifestar opini\u00f5es abertamente, a fim de melhorar o clima organizacional.<\/p>\n\n\n\n<p>Por isso, de tempos em tempos, realize pesquisas internas e motive as pessoas a participarem desses levantamentos. Al\u00e9m disso, oriente a lideran\u00e7a de sua empresa a realizar alinhamentos frequentes com a equipe, para que entenda o estado emocional de cada membro.<\/p>\n\n\n\n<h3 class=\"wp-block-heading\"><strong>Incentive momentos de descanso<\/strong><\/h3>\n\n\n\n<p>Sim, empresas precisam de uma equipe produtiva para que o trabalho flua da melhor forma poss\u00edvel. Contudo, ao lidar com pessoas, \u00e9 preciso ter em mente que o descanso \u00e9 t\u00e3o importante quanto a produtividade. Afinal, quem est\u00e1 exausto tem mais dificuldade de gerir todas as esferas da vida, inclusive a profissional.<\/p>\n\n\n\n<p>Por isso, incentive que sua equipe tire f\u00e9rias e trabalhe somente dentro do hor\u00e1rio comercial, sem realizar muitas horas extras. Mostrar-se realmente preocupado com a sa\u00fade dos seus colaboradores faz com que eles sintam mais confian\u00e7a e seguran\u00e7a na empresa.<\/p>\n\n\n\n<div class=\"wp-block-image\"><figure class=\"aligncenter size-full\"><img decoding=\"async\" width=\"700\" height=\"467\" src=\"https:\/\/nacao.digital\/blog\/wp-content\/uploads\/2022\/09\/setembro-amarelo-empresas-descanso.jpg\" alt=\"Mulher tirando uma pausa para descansar durante o trabalho\" class=\"wp-image-7541\" srcset=\"https:\/\/nacao.digital\/blog\/wp-content\/uploads\/2022\/09\/setembro-amarelo-empresas-descanso.jpg 700w, https:\/\/nacao.digital\/blog\/wp-content\/uploads\/2022\/09\/setembro-amarelo-empresas-descanso-300x200.jpg 300w, https:\/\/nacao.digital\/blog\/wp-content\/uploads\/2022\/09\/setembro-amarelo-empresas-descanso-150x100.jpg 150w\" sizes=\"(max-width: 700px) 100vw, 700px\" \/><figcaption>Pausas durante o trabalho s\u00e3o indispens\u00e1veis para a manuten\u00e7\u00e3o do bem-estar geral da equipe.<\/figcaption><\/figure><\/div>\n\n\n\n<h3 class=\"wp-block-heading\"><strong>Ofere\u00e7a benef\u00edcios para seus colaboradores<\/strong><\/h3>\n\n\n\n<p>A sa\u00fade mental est\u00e1 condicionada a uma s\u00e9rie de quest\u00f5es, inclusive h\u00e1bitos saud\u00e1veis, como alimenta\u00e7\u00e3o balanceada, pr\u00e1tica regular de exerc\u00edcios f\u00edsicos e apoio profissional terap\u00eautico e de outras \u00e1reas sempre que necess\u00e1rio.<\/p>\n\n\n\n<p>Nesse sentido, uma empresa que oferece benef\u00edcios para que seus colaboradores tenham acesso a profissionais que os ajudam a manter a sa\u00fade em dia mostra-se realmente preocupada com o bem-estar da equipe. Sendo assim, \u00e9 interessante disponibilizar vantagens, como plano de sa\u00fade, acesso a educadores f\u00edsicos, nutricionistas, entre outros.<\/p>\n\n\n\n<h3 class=\"wp-block-heading\"><strong>Crie um ambiente acolhedor e inclusivo<\/strong><\/h3>\n\n\n\n<p>Quando o assunto \u00e9 ambiente de trabalho saud\u00e1vel, <a href=\"https:\/\/nacao.digital\/blog\/diversidade-e-inclusao\/\" target=\"_blank\" rel=\"noreferrer noopener\">o acolhimento e a inclus\u00e3o s\u00e3o indispens\u00e1veis<\/a>. At\u00e9 porque a discrimina\u00e7\u00e3o por quest\u00f5es de g\u00eanero, ra\u00e7a, idade, etnia, orienta\u00e7\u00e3o sexual, gordofobia, defici\u00eancia f\u00edsica, entre outros, \u00e9 considerada um estressor adicional <a href=\"https:\/\/cienciaesaudecoletiva.com.br\/artigos\/impacto-do-estresse-de-minoria-em-sintomas-depressivos-ideacao-suicida-e-tentativa-de-suicidio-em-pessoas-trans\/17485?id=17485&amp;id=17485\" target=\"_blank\" rel=\"noreferrer noopener\">capaz de agravar transtornos como ansiedade e depress\u00e3o.<\/a><\/p>\n\n\n\n<p>Por isso, a cultura organizacional deve incentivar o respeito a todos e fazer com que minorias se sintam acolhidas e respeitadas. Isso pode ser realizado com c\u00f3digos de conduta que celebram a diversidade e com c\u00e9lulas de discuss\u00e3o sobre todas as quest\u00f5es mencionadas no par\u00e1grafo anterior.<\/p>\n\n\n\n<ul><li><strong>Recomendado para voc\u00ea: <\/strong><a href=\"https:\/\/nacao.digital\/blog\/trabalhar-com-e-commerce\/\" target=\"_blank\" rel=\"noreferrer noopener\"><strong>Como recrutar uma equipe para trabalhar com e-commerce?<\/strong><\/a><\/li><\/ul>\n\n\n\n<h2 class=\"wp-block-heading\"><strong>Na pr\u00e1tica: como \u00e9 na Na\u00e7\u00e3o Digital<\/strong><strong><em>&nbsp;<\/em><\/strong><\/h2>\n\n\n\n<p>Aqui na <a href=\"https:\/\/nacao.digital\/?utm_source=blog&amp;utm_medium=post&amp;utm_content=institucional-site&amp;utm_campaign=setembro-amarelo-empresas\" target=\"_blank\" rel=\"noreferrer noopener\">Na\u00e7\u00e3o Digital<\/a>, o bem-estar dos colaboradores \u00e9 um pilar essencial<strong> <\/strong>do nosso DNA.<strong> <\/strong>Confira algumas das a\u00e7\u00f5es promovidas para potencializar a sa\u00fade mental de nossos chamados <em>patriots<\/em>!<\/p>\n\n\n\n<h3 class=\"wp-block-heading\"><strong>Desenvolvemos l\u00edderes emp\u00e1ticos e humanos<\/strong><\/h3>\n\n\n\n<p>Criar uma lideran\u00e7a que saiba tratar assuntos mais delicados de maneira humana e emp\u00e1tica permite que toda a equipe se sinta segura para trazer falar sobre tem\u00e1ticas relacionadas \u00e0 sa\u00fade mental.<\/p>\n\n\n\n<p>Na Na\u00e7\u00e3o Digital, nosso corpo de l\u00edderes realiza imers\u00f5es regularmente, para que estejam aptos a ajudar a equipe que coordenam.<\/p>\n\n\n\n<h3 class=\"wp-block-heading\"><strong>Promovemos um ambiente saud\u00e1vel<\/strong><\/h3>\n\n\n\n<p>Contamos com direcionamento em todas as atividades, acompanhamento semanal um a um (1:1) entre l\u00edderes e liderados, al\u00e9m de treinamentos, lideran\u00e7a horizontalizada e flexibilidade no trabalho.<\/p>\n\n\n\n<div class=\"wp-block-image\"><figure class=\"aligncenter size-full\"><img decoding=\"async\" width=\"700\" height=\"467\" src=\"https:\/\/nacao.digital\/blog\/wp-content\/uploads\/2022\/09\/setembro-amarelo-empresas-nacao-digital.jpg\" alt=\"Ambiente de trabalho da Na\u00e7\u00e3o Digital\" class=\"wp-image-7543\" srcset=\"https:\/\/nacao.digital\/blog\/wp-content\/uploads\/2022\/09\/setembro-amarelo-empresas-nacao-digital.jpg 700w, https:\/\/nacao.digital\/blog\/wp-content\/uploads\/2022\/09\/setembro-amarelo-empresas-nacao-digital-300x200.jpg 300w, https:\/\/nacao.digital\/blog\/wp-content\/uploads\/2022\/09\/setembro-amarelo-empresas-nacao-digital-150x100.jpg 150w\" sizes=\"(max-width: 700px) 100vw, 700px\" \/><figcaption>Aqui na Na\u00e7\u00e3o Digital, criamos um ambiente agrad\u00e1vel para todos os nossos patriots.<\/figcaption><\/figure><\/div>\n\n\n\n<h3 class=\"wp-block-heading\"><strong>Oferecemos benef\u00edcios aos colaboradores<\/strong><\/h3>\n\n\n\n<p>Para incentivar nossa equipe a adotar h\u00e1bitos saud\u00e1veis, que os auxiliam a manter a sa\u00fade mental em dia, oferecemos uma cartela ampla de benef\u00edcios. Como exemplo, podemos citar os planos de sa\u00fade e odontol\u00f3gico, vale-alimenta\u00e7\u00e3o e <a href=\"https:\/\/site.gympass.com\/br\" target=\"_blank\" rel=\"noreferrer noopener\">Gympass<\/a>.<\/p>\n\n\n\n<p>Al\u00e9m disso, no escrit\u00f3rio, incentivamos a alimenta\u00e7\u00e3o saud\u00e1vel, oferecendo sucos naturais, frutas e saladas para motivar o consumo de alimentos nutritivos.<\/p>\n\n\n\n<h3 class=\"wp-block-heading\"><strong>Disponibilizamos trabalho h\u00edbrido ou remoto<\/strong><\/h3>\n\n\n\n<p>Nossos <em>patriots <\/em>podem optar pela modalidade presencial, h\u00edbrida ou remota. Dessa forma, conseguem organizar as esferas da vida pessoal e profissional de acordo com as pr\u00f3prias necessidades.<\/p>\n\n\n\n<h3 class=\"wp-block-heading\"><strong>Valorizamos o descanso<\/strong><\/h3>\n\n\n\n<p>Monitoramos com aten\u00e7\u00e3o a carga hor\u00e1ria dos colaboradores. Para n\u00f3s, o importante \u00e9 que a equipe seja produtiva durante o hor\u00e1rio comercial, portanto, n\u00e3o incentivamos jornadas excessivas.<\/p>\n\n\n\n<ul><li><strong>Leia tamb\u00e9m: <\/strong><a href=\"https:\/\/nacao.digital\/blog\/agencia-de-marketing-digital-b2b\/\" target=\"_blank\" rel=\"noreferrer noopener\"><strong>Ag\u00eancia de marketing digital B2B: como decidir qual contratar?<\/strong><\/a><\/li><\/ul>\n\n\n\n<p>O Setembro Amarelo nas empresas \u00e9 uma boa oportunidade para que organiza\u00e7\u00f5es se mostrem preparadas para lidar com quest\u00f5es sobre sa\u00fade mental e bem-estar no trabalho. Contudo, muito al\u00e9m do m\u00eas de preven\u00e7\u00e3o do suic\u00eddio, cuidar da equipe e garantir a qualidade de vida de todos \u00e9 um trabalho que deve acontecer o ano todo.<\/p>\n\n\n\n<p>Aqui na <a href=\"https:\/\/nacao.digital\/?utm_source=blog&amp;utm_medium=post&amp;utm_content=institucional-site&amp;utm_campaign=setembro-amarelo-empresas\" target=\"_blank\" rel=\"noreferrer noopener\"><strong>Na\u00e7\u00e3o Digital<\/strong><\/a>, a cultura de valoriza\u00e7\u00e3o da equipe e a manuten\u00e7\u00e3o da sa\u00fade emocional dos nossos colaboradores \u00e9 mais que essencial. Se voc\u00ea tem interesse em integrar esse time, clique no banner abaixo e aproveite para conferir nossas vagas dispon\u00edveis!<\/p>\n\n\n\n<figure class=\"wp-block-image size-full\"><a href=\"https:\/\/jobs.quickin.io\/nacaodigital\/jobs\/?utm_source=blog&amp;utm_medium=post&amp;utm_content=pagina-vagas&amp;utm_campaign=setembro-amarelo-empresas\" target=\"_blank\" rel=\"noopener\"><img decoding=\"async\" width=\"810\" height=\"300\" src=\"https:\/\/nacao.digital\/blog\/wp-content\/uploads\/2022\/09\/setembro-amarelo-empresas-CTA-nacao-1.png\" alt=\"Banner torne-se um patriot \" class=\"wp-image-7544\" srcset=\"https:\/\/nacao.digital\/blog\/wp-content\/uploads\/2022\/09\/setembro-amarelo-empresas-CTA-nacao-1.png 810w, https:\/\/nacao.digital\/blog\/wp-content\/uploads\/2022\/09\/setembro-amarelo-empresas-CTA-nacao-1-300x111.png 300w, https:\/\/nacao.digital\/blog\/wp-content\/uploads\/2022\/09\/setembro-amarelo-empresas-CTA-nacao-1-768x284.png 768w, https:\/\/nacao.digital\/blog\/wp-content\/uploads\/2022\/09\/setembro-amarelo-empresas-CTA-nacao-1-150x56.png 150w\" sizes=\"(max-width: 810px) 100vw, 810px\" \/><\/a><\/figure>\n","protected":false},"excerpt":{"rendered":"<p>O crescimento da discuss\u00e3o sobre sa\u00fade mental dentro e fora de ambientes corporativos n\u00e3o \u00e9 de hoje. Al\u00e9m do mais, com a pandemia do coronav\u00edrus, que levou um grande n\u00famero de colaboradores a se isolar e trabalhar em casa, o t\u00f3pico se tornou ainda mais relevante.<\/p>\n","protected":false},"author":7,"featured_media":7550,"comment_status":"open","ping_status":"open","sticky":false,"template":"","format":"standard","meta":{"footnotes":""},"categories":[113,312],"tags":[519],"post_series":[],"yoast_head":"<!-- This site is optimized with the Yoast SEO plugin v22.0 - https:\/\/yoast.com\/wordpress\/plugins\/seo\/ -->\n<title>Setembro Amarelo nas empresas: import\u00e2ncia e dicas de a\u00e7\u00f5es<\/title>\n<meta name=\"description\" content=\"Confira o artigo para entender a import\u00e2ncia do Setembro Amarelo nas empresas e dicas de como melhorar o ambiente corporativo.\" \/>\n<meta name=\"robots\" content=\"index, follow, max-snippet:-1, max-image-preview:large, max-video-preview:-1\" \/>\n<link rel=\"canonical\" href=\"https:\/\/nacao.digital\/blog\/setembro-amarelo-empresas\/\" \/>\n<meta property=\"og:locale\" content=\"pt_BR\" \/>\n<meta property=\"og:type\" content=\"article\" \/>\n<meta property=\"og:title\" content=\"Setembro Amarelo nas empresas: import\u00e2ncia e dicas de a\u00e7\u00f5es\" \/>\n<meta property=\"og:description\" content=\"Confira o artigo para entender a import\u00e2ncia do Setembro Amarelo nas empresas e dicas de como melhorar o ambiente corporativo.\" \/>\n<meta property=\"og:url\" content=\"https:\/\/nacao.digital\/blog\/setembro-amarelo-empresas\/\" \/>\n<meta property=\"og:site_name\" content=\"Blog da Na\u00e7\u00e3o Digital\" \/>\n<meta property=\"article:publisher\" content=\"https:\/\/www.facebook.com\/inbound.commerce\" \/>\n<meta property=\"article:published_time\" content=\"2022-09-19T13:21:58+00:00\" \/>\n<meta property=\"article:modified_time\" content=\"2022-09-19T13:27:11+00:00\" \/>\n<meta property=\"og:image\" content=\"https:\/\/nacao.digital\/blog\/wp-content\/uploads\/2022\/09\/setembro-amarelo-empresas-imagem-destacada-1.jpg\" \/>\n\t<meta property=\"og:image:width\" content=\"1200\" \/>\n\t<meta property=\"og:image:height\" content=\"700\" \/>\n\t<meta property=\"og:image:type\" content=\"image\/jpeg\" \/>\n<meta name=\"author\" content=\"Reda\u00e7\u00e3o - Na\u00e7\u00e3o Digital\" \/>\n<meta name=\"twitter:card\" content=\"summary_large_image\" \/>\n<meta name=\"twitter:label1\" content=\"Escrito por\" \/>\n\t<meta name=\"twitter:data1\" content=\"Reda\u00e7\u00e3o - Na\u00e7\u00e3o Digital\" \/>\n\t<meta name=\"twitter:label2\" content=\"Est. tempo de leitura\" \/>\n\t<meta name=\"twitter:data2\" content=\"11 minutos\" \/>\n<script type=\"application\/ld+json\" class=\"yoast-schema-graph\">{\"@context\":\"https:\/\/schema.org\",\"@graph\":[{\"@type\":\"Article\",\"@id\":\"https:\/\/nacao.digital\/blog\/setembro-amarelo-empresas\/#article\",\"isPartOf\":{\"@id\":\"https:\/\/nacao.digital\/blog\/setembro-amarelo-empresas\/\"},\"author\":{\"name\":\"Reda\u00e7\u00e3o - Na\u00e7\u00e3o Digital\",\"@id\":\"https:\/\/nacao.digital\/blog\/#\/schema\/person\/4e45d0f5b6d52948e113abab0619dcdc\"},\"headline\":\"Setembro Amarelo nas empresas: import\u00e2ncia e dicas de a\u00e7\u00f5es\",\"datePublished\":\"2022-09-19T13:21:58+00:00\",\"dateModified\":\"2022-09-19T13:27:11+00:00\",\"mainEntityOfPage\":{\"@id\":\"https:\/\/nacao.digital\/blog\/setembro-amarelo-empresas\/\"},\"wordCount\":1899,\"commentCount\":0,\"publisher\":{\"@id\":\"https:\/\/nacao.digital\/blog\/#organization\"},\"keywords\":[\"setembro amarelo\"],\"articleSection\":[\"E-commerce\",\"Marketing\"],\"inLanguage\":\"pt-BR\",\"potentialAction\":[{\"@type\":\"CommentAction\",\"name\":\"Comment\",\"target\":[\"https:\/\/nacao.digital\/blog\/setembro-amarelo-empresas\/#respond\"]}]},{\"@type\":\"WebPage\",\"@id\":\"https:\/\/nacao.digital\/blog\/setembro-amarelo-empresas\/\",\"url\":\"https:\/\/nacao.digital\/blog\/setembro-amarelo-empresas\/\",\"name\":\"Setembro Amarelo nas empresas: import\u00e2ncia e dicas de a\u00e7\u00f5es\",\"isPartOf\":{\"@id\":\"https:\/\/nacao.digital\/blog\/#website\"},\"datePublished\":\"2022-09-19T13:21:58+00:00\",\"dateModified\":\"2022-09-19T13:27:11+00:00\",\"description\":\"Confira o artigo para entender a import\u00e2ncia do Setembro Amarelo nas empresas e dicas de como melhorar o ambiente corporativo.\",\"breadcrumb\":{\"@id\":\"https:\/\/nacao.digital\/blog\/setembro-amarelo-empresas\/#breadcrumb\"},\"inLanguage\":\"pt-BR\",\"potentialAction\":[{\"@type\":\"ReadAction\",\"target\":[\"https:\/\/nacao.digital\/blog\/setembro-amarelo-empresas\/\"]}]},{\"@type\":\"BreadcrumbList\",\"@id\":\"https:\/\/nacao.digital\/blog\/setembro-amarelo-empresas\/#breadcrumb\",\"itemListElement\":[{\"@type\":\"ListItem\",\"position\":1,\"name\":\"In\u00edcio\",\"item\":\"https:\/\/nacao.digital\/blog\/\"},{\"@type\":\"ListItem\",\"position\":2,\"name\":\"Setembro Amarelo nas empresas: import\u00e2ncia e dicas de a\u00e7\u00f5es\"}]},{\"@type\":\"WebSite\",\"@id\":\"https:\/\/nacao.digital\/blog\/#website\",\"url\":\"https:\/\/nacao.digital\/blog\/\",\"name\":\"Blog da Na\u00e7\u00e3o Digital\",\"description\":\"Aprenda as melhores estrat\u00e9gias para atrair p\u00fablico mais segmentado, converter mais e vender muito. Tudo isso usando a metodologia de Inbound Marketing para E-commerce.\",\"publisher\":{\"@id\":\"https:\/\/nacao.digital\/blog\/#organization\"},\"potentialAction\":[{\"@type\":\"SearchAction\",\"target\":{\"@type\":\"EntryPoint\",\"urlTemplate\":\"https:\/\/nacao.digital\/blog\/?s={search_term_string}\"},\"query-input\":\"required name=search_term_string\"}],\"inLanguage\":\"pt-BR\"},{\"@type\":\"Organization\",\"@id\":\"https:\/\/nacao.digital\/blog\/#organization\",\"name\":\"Na\u00e7\u00e3o Digital\",\"url\":\"https:\/\/nacao.digital\/blog\/\",\"logo\":{\"@type\":\"ImageObject\",\"inLanguage\":\"pt-BR\",\"@id\":\"https:\/\/nacao.digital\/blog\/#\/schema\/logo\/image\/\",\"url\":\"https:\/\/nacao.digital\/blog\/wp-content\/uploads\/2018\/05\/nacao-digital.jpg\",\"contentUrl\":\"https:\/\/nacao.digital\/blog\/wp-content\/uploads\/2018\/05\/nacao-digital.jpg\",\"width\":590,\"height\":389,\"caption\":\"Na\u00e7\u00e3o Digital\"},\"image\":{\"@id\":\"https:\/\/nacao.digital\/blog\/#\/schema\/logo\/image\/\"},\"sameAs\":[\"https:\/\/www.facebook.com\/inbound.commerce\",\"https:\/\/www.instagram.com\/nacaodigital\/\",\"https:\/\/pt.linkedin.com\/company\/na\u00e7\u00e3o-digital\"]},{\"@type\":\"Person\",\"@id\":\"https:\/\/nacao.digital\/blog\/#\/schema\/person\/4e45d0f5b6d52948e113abab0619dcdc\",\"name\":\"Reda\u00e7\u00e3o - Na\u00e7\u00e3o Digital\",\"image\":{\"@type\":\"ImageObject\",\"inLanguage\":\"pt-BR\",\"@id\":\"https:\/\/nacao.digital\/blog\/#\/schema\/person\/image\/\",\"url\":\"https:\/\/secure.gravatar.com\/avatar\/02e4691d00230d3425c562e7e363f571?s=96&d=mm&r=g\",\"contentUrl\":\"https:\/\/secure.gravatar.com\/avatar\/02e4691d00230d3425c562e7e363f571?s=96&d=mm&r=g\",\"caption\":\"Reda\u00e7\u00e3o - Na\u00e7\u00e3o Digital\"},\"description\":\"Equipe de Reda\u00e7\u00e3o da Na\u00e7\u00e3o Digital\",\"sameAs\":[\"http:\/\/nacao.digital\"],\"url\":\"https:\/\/nacao.digital\/blog\/author\/redacao\/\"}]}<\/script>\n<!-- \/ Yoast SEO plugin. -->","yoast_head_json":{"title":"Setembro Amarelo nas empresas: import\u00e2ncia e dicas de a\u00e7\u00f5es","description":"Confira o artigo para entender a import\u00e2ncia do Setembro Amarelo nas empresas e dicas de como melhorar o ambiente corporativo.","robots":{"index":"index","follow":"follow","max-snippet":"max-snippet:-1","max-image-preview":"max-image-preview:large","max-video-preview":"max-video-preview:-1"},"canonical":"https:\/\/nacao.digital\/blog\/setembro-amarelo-empresas\/","og_locale":"pt_BR","og_type":"article","og_title":"Setembro Amarelo nas empresas: import\u00e2ncia e dicas de a\u00e7\u00f5es","og_description":"Confira o artigo para entender a import\u00e2ncia do Setembro Amarelo nas empresas e dicas de como melhorar o ambiente corporativo.","og_url":"https:\/\/nacao.digital\/blog\/setembro-amarelo-empresas\/","og_site_name":"Blog da Na\u00e7\u00e3o Digital","article_publisher":"https:\/\/www.facebook.com\/inbound.commerce","article_published_time":"2022-09-19T13:21:58+00:00","article_modified_time":"2022-09-19T13:27:11+00:00","og_image":[{"width":1200,"height":700,"url":"https:\/\/nacao.digital\/blog\/wp-content\/uploads\/2022\/09\/setembro-amarelo-empresas-imagem-destacada-1.jpg","type":"image\/jpeg"}],"author":"Reda\u00e7\u00e3o - Na\u00e7\u00e3o Digital","twitter_card":"summary_large_image","twitter_misc":{"Escrito por":"Reda\u00e7\u00e3o - Na\u00e7\u00e3o Digital","Est. tempo de leitura":"11 minutos"},"schema":{"@context":"https:\/\/schema.org","@graph":[{"@type":"Article","@id":"https:\/\/nacao.digital\/blog\/setembro-amarelo-empresas\/#article","isPartOf":{"@id":"https:\/\/nacao.digital\/blog\/setembro-amarelo-empresas\/"},"author":{"name":"Reda\u00e7\u00e3o - Na\u00e7\u00e3o Digital","@id":"https:\/\/nacao.digital\/blog\/#\/schema\/person\/4e45d0f5b6d52948e113abab0619dcdc"},"headline":"Setembro Amarelo nas empresas: import\u00e2ncia e dicas de a\u00e7\u00f5es","datePublished":"2022-09-19T13:21:58+00:00","dateModified":"2022-09-19T13:27:11+00:00","mainEntityOfPage":{"@id":"https:\/\/nacao.digital\/blog\/setembro-amarelo-empresas\/"},"wordCount":1899,"commentCount":0,"publisher":{"@id":"https:\/\/nacao.digital\/blog\/#organization"},"keywords":["setembro amarelo"],"articleSection":["E-commerce","Marketing"],"inLanguage":"pt-BR","potentialAction":[{"@type":"CommentAction","name":"Comment","target":["https:\/\/nacao.digital\/blog\/setembro-amarelo-empresas\/#respond"]}]},{"@type":"WebPage","@id":"https:\/\/nacao.digital\/blog\/setembro-amarelo-empresas\/","url":"https:\/\/nacao.digital\/blog\/setembro-amarelo-empresas\/","name":"Setembro Amarelo nas empresas: import\u00e2ncia e dicas de a\u00e7\u00f5es","isPartOf":{"@id":"https:\/\/nacao.digital\/blog\/#website"},"datePublished":"2022-09-19T13:21:58+00:00","dateModified":"2022-09-19T13:27:11+00:00","description":"Confira o artigo para entender a import\u00e2ncia do Setembro Amarelo nas empresas e dicas de como melhorar o ambiente corporativo.","breadcrumb":{"@id":"https:\/\/nacao.digital\/blog\/setembro-amarelo-empresas\/#breadcrumb"},"inLanguage":"pt-BR","potentialAction":[{"@type":"ReadAction","target":["https:\/\/nacao.digital\/blog\/setembro-amarelo-empresas\/"]}]},{"@type":"BreadcrumbList","@id":"https:\/\/nacao.digital\/blog\/setembro-amarelo-empresas\/#breadcrumb","itemListElement":[{"@type":"ListItem","position":1,"name":"In\u00edcio","item":"https:\/\/nacao.digital\/blog\/"},{"@type":"ListItem","position":2,"name":"Setembro Amarelo nas empresas: import\u00e2ncia e dicas de a\u00e7\u00f5es"}]},{"@type":"WebSite","@id":"https:\/\/nacao.digital\/blog\/#website","url":"https:\/\/nacao.digital\/blog\/","name":"Blog da Na\u00e7\u00e3o Digital","description":"Aprenda as melhores estrat\u00e9gias para atrair p\u00fablico mais segmentado, converter mais e vender muito. Tudo isso usando a metodologia de Inbound Marketing para E-commerce.","publisher":{"@id":"https:\/\/nacao.digital\/blog\/#organization"},"potentialAction":[{"@type":"SearchAction","target":{"@type":"EntryPoint","urlTemplate":"https:\/\/nacao.digital\/blog\/?s={search_term_string}"},"query-input":"required name=search_term_string"}],"inLanguage":"pt-BR"},{"@type":"Organization","@id":"https:\/\/nacao.digital\/blog\/#organization","name":"Na\u00e7\u00e3o Digital","url":"https:\/\/nacao.digital\/blog\/","logo":{"@type":"ImageObject","inLanguage":"pt-BR","@id":"https:\/\/nacao.digital\/blog\/#\/schema\/logo\/image\/","url":"https:\/\/nacao.digital\/blog\/wp-content\/uploads\/2018\/05\/nacao-digital.jpg","contentUrl":"https:\/\/nacao.digital\/blog\/wp-content\/uploads\/2018\/05\/nacao-digital.jpg","width":590,"height":389,"caption":"Na\u00e7\u00e3o Digital"},"image":{"@id":"https:\/\/nacao.digital\/blog\/#\/schema\/logo\/image\/"},"sameAs":["https:\/\/www.facebook.com\/inbound.commerce","https:\/\/www.instagram.com\/nacaodigital\/","https:\/\/pt.linkedin.com\/company\/na\u00e7\u00e3o-digital"]},{"@type":"Person","@id":"https:\/\/nacao.digital\/blog\/#\/schema\/person\/4e45d0f5b6d52948e113abab0619dcdc","name":"Reda\u00e7\u00e3o - Na\u00e7\u00e3o Digital","image":{"@type":"ImageObject","inLanguage":"pt-BR","@id":"https:\/\/nacao.digital\/blog\/#\/schema\/person\/image\/","url":"https:\/\/secure.gravatar.com\/avatar\/02e4691d00230d3425c562e7e363f571?s=96&d=mm&r=g","contentUrl":"https:\/\/secure.gravatar.com\/avatar\/02e4691d00230d3425c562e7e363f571?s=96&d=mm&r=g","caption":"Reda\u00e7\u00e3o - Na\u00e7\u00e3o Digital"},"description":"Equipe de Reda\u00e7\u00e3o da Na\u00e7\u00e3o Digital","sameAs":["http:\/\/nacao.digital"],"url":"https:\/\/nacao.digital\/blog\/author\/redacao\/"}]}},"amp_enabled":true,"_links":{"self":[{"href":"https:\/\/nacao.digital\/blog\/wp-json\/wp\/v2\/posts\/7536"}],"collection":[{"href":"https:\/\/nacao.digital\/blog\/wp-json\/wp\/v2\/posts"}],"about":[{"href":"https:\/\/nacao.digital\/blog\/wp-json\/wp\/v2\/types\/post"}],"author":[{"embeddable":true,"href":"https:\/\/nacao.digital\/blog\/wp-json\/wp\/v2\/users\/7"}],"replies":[{"embeddable":true,"href":"https:\/\/nacao.digital\/blog\/wp-json\/wp\/v2\/comments?post=7536"}],"version-history":[{"count":4,"href":"https:\/\/nacao.digital\/blog\/wp-json\/wp\/v2\/posts\/7536\/revisions"}],"predecessor-version":[{"id":7551,"href":"https:\/\/nacao.digital\/blog\/wp-json\/wp\/v2\/posts\/7536\/revisions\/7551"}],"wp:featuredmedia":[{"embeddable":true,"href":"https:\/\/nacao.digital\/blog\/wp-json\/wp\/v2\/media\/7550"}],"wp:attachment":[{"href":"https:\/\/nacao.digital\/blog\/wp-json\/wp\/v2\/media?parent=7536"}],"wp:term":[{"taxonomy":"category","embeddable":true,"href":"https:\/\/nacao.digital\/blog\/wp-json\/wp\/v2\/categories?post=7536"},{"taxonomy":"post_tag","embeddable":true,"href":"https:\/\/nacao.digital\/blog\/wp-json\/wp\/v2\/tags?post=7536"},{"taxonomy":"post_series","embeddable":true,"href":"https:\/\/nacao.digital\/blog\/wp-json\/wp\/v2\/post_series?post=7536"}],"curies":[{"name":"wp","href":"https:\/\/api.w.org\/{rel}","templated":true}]}}