{"id":7556,"date":"2022-10-03T08:30:00","date_gmt":"2022-10-03T11:30:00","guid":{"rendered":"https:\/\/nacao.digital\/blog\/?p=7556"},"modified":"2022-09-26T14:46:34","modified_gmt":"2022-09-26T17:46:34","slug":"impactos-do-5g-no-brasil","status":"publish","type":"post","link":"https:\/\/nacao.digital\/blog\/impactos-do-5g-no-brasil\/","title":{"rendered":"Impactos do 5G no Brasil: o que muda para o e-commerce?"},"content":{"rendered":"\n<p>A quinta gera\u00e7\u00e3o da internet m\u00f3vel, embora j\u00e1 presente em outros pa\u00edses, chegou recentemente no territ\u00f3rio brasileiro e promete transformar diversos segmentos do mercado, como ind\u00fastria, sa\u00fade, agroneg\u00f3cio, tecnologia e, consequentemente, o mercado eletr\u00f4nico. A seguir, vamos explicar o que \u00e9 e quais ser\u00e3o os impactos do 5G no Brasil, boa leitura!<\/p>\n\n\n\n<!--more-->\n\n\n\n<h2 class=\"wp-block-heading\"><strong>No que consiste o 5G?<\/strong><\/h2>\n\n\n\n<p>O 5G \u00e9 a evolu\u00e7\u00e3o da conex\u00e3o 4G. No Brasil, vai funcionar com a infraestrutura das operadoras de telefonia celular do pa\u00eds. <strong>Seu principal diferencial \u00e9 o tempo de lat\u00eancia <\/strong>(tempo de transfer\u00eancia de informa\u00e7\u00f5es), que pode ser at\u00e9 80 vezes mais r\u00e1pido, quando comparado ao 4G.<\/p>\n\n\n\n<p>Com isso, a velocidade de transmiss\u00e3o de dados muda drasticamente. Enquanto que no 4G o potencial m\u00e1ximo era de 20 Mbps (megabits por segundo), o 5G pode entregar at\u00e9 10 Gbps (gigabits por segundo).<\/p>\n\n\n\n<p>Tudo isso vai permitir n\u00e3o s\u00f3 a transmiss\u00e3o ultrarr\u00e1pida de informa\u00e7\u00f5es, mas tamb\u00e9m a interconex\u00e3o de in\u00fameros dispositivos m\u00f3veis e cobertura ampla, pavimentando o caminho para a cria\u00e7\u00e3o de produtos inovadores.<\/p>\n\n\n\n<p>Isso sem falar no potencial de evolu\u00e7\u00e3o de setores como mobilidade urbana \u2014 que v\u00e3o dispor de carros aut\u00f4nomos \u2014, telemedicina \u2014 com cirurgias remotas e acompanhamento cl\u00ednico mais eficaz e preciso \u2014, al\u00e9m da <a href=\"https:\/\/nacao.digital\/blog\/metaverso-e-commerce\/\" target=\"_blank\" rel=\"noreferrer noopener\">amplia\u00e7\u00e3o do metaverso<\/a>.<\/p>\n\n\n\n<p>O 5G tamb\u00e9m \u00e9 a aposta para o desenvolvimento da chamada Ind\u00fastria 4.0, que j\u00e1 conta com tecnologias como Big Data, Intelig\u00eancia Artificial, <a href=\"https:\/\/nacao.digital\/blog\/realidade-aumentada-como-fazer\/\" target=\"_blank\" rel=\"noreferrer noopener\">Realidade Aumentada<\/a> e <a href=\"https:\/\/nacao.digital\/blog\/iot-no-e-commerce\/\" target=\"_blank\" rel=\"noreferrer noopener\">Internet das Coisas (IoT)<\/a>, mas fazendo com que elas se tornem mais comuns e presentes no dia a dia das pessoas.<\/p>\n\n\n\n<div class=\"wp-block-image\"><figure class=\"aligncenter size-full\"><img decoding=\"async\" width=\"700\" height=\"467\" src=\"https:\/\/nacao.digital\/blog\/wp-content\/uploads\/2022\/09\/impactos-do-5g-no-brasil-importancia.png\" alt=\"Impactos do 5G no Brasil - mulher utilizando internet m\u00f3vel no celular na rua\" class=\"wp-image-7560\" srcset=\"https:\/\/nacao.digital\/blog\/wp-content\/uploads\/2022\/09\/impactos-do-5g-no-brasil-importancia.png 700w, https:\/\/nacao.digital\/blog\/wp-content\/uploads\/2022\/09\/impactos-do-5g-no-brasil-importancia-300x200.png 300w, https:\/\/nacao.digital\/blog\/wp-content\/uploads\/2022\/09\/impactos-do-5g-no-brasil-importancia-150x100.png 150w\" sizes=\"(max-width: 700px) 100vw, 700px\" \/><figcaption>A import\u00e2ncia do 5G no mercado brasileiro est\u00e1 ligada principalmente \u00e0 ascens\u00e3o da Ind\u00fastria 4.0.<\/figcaption><\/figure><\/div>\n\n\n\n<h3 class=\"wp-block-heading\"><strong>Entrada do 5G no Brasil<\/strong><\/h3>\n\n\n\n<p>At\u00e9 o momento, a conex\u00e3o 5G SA (<em>standalone, <\/em>vers\u00e3o \u201cpura\u201d e que opera na frequ\u00eancia 3,5 GHz) est\u00e1 presente em algumas capitais brasileiras, entre elas Natal (RN), Fortaleza (CE), Recife (PE), Bras\u00edlia (DF), Jo\u00e3o Pessoa (PB), Belo Horizonte (MG), S\u00e3o Paulo (SP), Porto Alegre (RS), Salvador (BA), Curitiba (PR), Goi\u00e2nia (GO), Rio de Janeiro (RJ), Florian\u00f3polis (SC), Palmas (TO), Aracaj\u00fa (SE), Boa Vista (RR), Campo Grande (MS), Cuiab\u00e1 (MT), Macei\u00f3 (AL), S\u00e3o Lu\u00eds (MA), Teresina (PI) e Vit\u00f3ria (ES), sendo oferecida por tr\u00eas grandes operadoras de telefonia \u2014 Tim, Vivo e Claro.&nbsp;<\/p>\n\n\n\n<p>A <a href=\"https:\/\/www.gov.br\/anatel\/pt-br\/\" target=\"_blank\" rel=\"noreferrer noopener\">Anatel<\/a> realizou o leil\u00e3o de concess\u00e3o em novembro de 2021, mas a implanta\u00e7\u00e3o do 5G teve in\u00edcio em julho de 2022. Contudo, estima-se que apenas em 2029 ela alcance territ\u00f3rio nacional inteiro, pois exige uma infraestrutura diferenciada e um volume muito grande de antenas para entregar todo o potencial.<\/p>\n\n\n\n<p>Al\u00e9m disso, mesmo depois de chegar no pa\u00eds inteiro, os dispositivos precisam ser compat\u00edveis com a tecnologia. Ou seja, devem ter receptores espec\u00edficos para as frequ\u00eancias em que o 5G opera.<\/p>\n\n\n\n<div class=\"wp-block-image\"><figure class=\"aligncenter size-full\"><img decoding=\"async\" width=\"700\" height=\"478\" src=\"https:\/\/nacao.digital\/blog\/wp-content\/uploads\/2022\/09\/impactos-do-5g-no-brasil-alcance.jpg\" alt=\"Impactos do 5G no Brasil\" class=\"wp-image-7562\" srcset=\"https:\/\/nacao.digital\/blog\/wp-content\/uploads\/2022\/09\/impactos-do-5g-no-brasil-alcance.jpg 700w, https:\/\/nacao.digital\/blog\/wp-content\/uploads\/2022\/09\/impactos-do-5g-no-brasil-alcance-300x205.jpg 300w, https:\/\/nacao.digital\/blog\/wp-content\/uploads\/2022\/09\/impactos-do-5g-no-brasil-alcance-150x102.jpg 150w\" sizes=\"(max-width: 700px) 100vw, 700px\" \/><figcaption>O 5G no Brasil ainda est\u00e1 limitado a algumas capitais, e a implanta\u00e7\u00e3o a n\u00edvel nacional deve ser finalizada apenas em 2029.<\/figcaption><\/figure><\/div>\n\n\n\n<h2 class=\"wp-block-heading\"><strong>Repercuss\u00e3o do 5G sobre o e-commerce<\/strong><\/h2>\n\n\n\n<p>Afinal, por que o 5G \u00e9 importante para empresas que possuem e-commerce? A promessa \u00e9 que a tecnologia transforme o com\u00e9rcio eletr\u00f4nico como um todo. Com a abrang\u00eancia e velocidade de conex\u00e3o, regi\u00f5es afastadas, como \u00e1reas agr\u00edcolas e industriais, v\u00e3o dispor de uma conex\u00e3o r\u00e1pida e est\u00e1vel.<\/p>\n\n\n\n<p>Isso quer dizer que haver\u00e1 um crescimento expressivo no n\u00famero de usu\u00e1rios e, consequentemente, de potenciais clientes. Al\u00e9m disso, a tecnologia vai possibilitar a migra\u00e7\u00e3o de neg\u00f3cios para o digital com processos \u00e1geis e otimizados, aumentando a competitividade de mercado.<\/p>\n\n\n\n<p>Outro ponto importante \u00e9 que com a populariza\u00e7\u00e3o de tecnologias como IoT e realidade aumentada, <a href=\"https:\/\/nacao.digital\/blog\/experiencia-do-usuario\/\" target=\"_blank\" rel=\"noreferrer noopener\">a experi\u00eancia do usu\u00e1rio muda completamente<\/a>. Com o metaverso, por exemplo, consumidores v\u00e3o dispor de recursos que tornam o processo de compra online muito mais personalizado e imersivo.<\/p>\n\n\n\n<p>Na pr\u00e1tica, o que vamos ver s\u00e3o recursos como <em>showrooms <\/em>virtuais, em que avatares visitam lojas e experimentam os produtos digitalmente. Ou, ainda, simula\u00e7\u00f5es de itens de decora\u00e7\u00e3o em diferentes ambientes.<\/p>\n\n\n\n<div class=\"wp-block-image\"><figure class=\"aligncenter size-full\"><a href=\"https:\/\/conteudo.nacao.digital\/ebook-99-ferramentas\/?utm_source=blog&amp;utm_medium=post&amp;utm_content=99-ferramentas&amp;utm_campaign=impactos-do-5g-no-brasil\" target=\"_blank\" rel=\"noopener\"><img decoding=\"async\" width=\"750\" height=\"100\" src=\"https:\/\/nacao.digital\/blog\/wp-content\/uploads\/2020\/04\/nacao-99-ferramentas-fino.jpg\" alt=\"99-ferramentas-para-e-commerces\" class=\"wp-image-5532\" srcset=\"https:\/\/nacao.digital\/blog\/wp-content\/uploads\/2020\/04\/nacao-99-ferramentas-fino.jpg 750w, https:\/\/nacao.digital\/blog\/wp-content\/uploads\/2020\/04\/nacao-99-ferramentas-fino-300x40.jpg 300w\" sizes=\"(max-width: 750px) 100vw, 750px\" \/><\/a><\/figure><\/div>\n\n\n\n<h3 class=\"wp-block-heading\"><strong>Internet das Coisas (IoT)<\/strong><\/h3>\n\n\n\n<p>A velocidade na transfer\u00eancia de dados oferecida pelo 5G permite a transmiss\u00e3o de um volume de informa\u00e7\u00f5es muito maior, al\u00e9m da interconex\u00e3o de milhares de dispositivos em uma \u00fanica regi\u00e3o. Para a Internet das Coisas (IoT), isso quer dizer que os recursos oferecidos v\u00e3o funcionar de maneira mais eficiente, \u00e1gil e consumindo menos energia \u2014 desde <em>smartwatches <\/em>at\u00e9 o maquin\u00e1rio industrial automatizado.<\/p>\n\n\n\n<p>A ascens\u00e3o dessa tecnologia tamb\u00e9m vai permitir o desenvolvimento de produtos para v\u00e1rios segmentos do varejo, desde eletrodom\u00e9sticos inteligentes at\u00e9 itens corriqueiros, que v\u00e3o ter chips para capta\u00e7\u00e3o de dados, como fones de ouvido e at\u00e9 mesmo pe\u00e7as de vestu\u00e1rio.<\/p>\n\n\n\n<p>Outra quest\u00e3o bem interessante \u00e9 que, com a IoT, \u00e1reas como sa\u00fade e agroind\u00fastria v\u00e3o dispor de tecnologias que otimizam processos, por exemplo: atualiza\u00e7\u00e3o de prontu\u00e1rio dos pacientes, monitoramento e corre\u00e7\u00e3o das condi\u00e7\u00f5es do solo e do ambiente para o cultivo.<\/p>\n\n\n\n<p>Daqui para a frente, a promessa \u00e9 que pessoas e tecnologias estejam cada vez mais integradas, tanto no ambiente f\u00edsico quanto no virtual.<\/p>\n\n\n\n<h3 class=\"wp-block-heading\"><strong>Realidade aumentada<\/strong><\/h3>\n\n\n\n<p>O uso da realidade aumentada no varejo \u00e9 uma das grandes promessas com a chegada do 5G no Brasil. Se hoje n\u00f3s contamos com provadores virtuais e guias inteligentes de medidas, no futuro, os consumidores v\u00e3o conseguir experimentar esses produtos em ambientes virtuais.<\/p>\n\n\n\n<div class=\"wp-block-image\"><figure class=\"aligncenter size-full\"><img decoding=\"async\" width=\"700\" height=\"467\" src=\"https:\/\/nacao.digital\/blog\/wp-content\/uploads\/2022\/09\/impactos-do-5g-no-brasil-realidade-aumentada.png\" alt=\"Uso de realidade aumentada para visualizar m\u00f3vel no quarto\" class=\"wp-image-7561\" srcset=\"https:\/\/nacao.digital\/blog\/wp-content\/uploads\/2022\/09\/impactos-do-5g-no-brasil-realidade-aumentada.png 700w, https:\/\/nacao.digital\/blog\/wp-content\/uploads\/2022\/09\/impactos-do-5g-no-brasil-realidade-aumentada-300x200.png 300w, https:\/\/nacao.digital\/blog\/wp-content\/uploads\/2022\/09\/impactos-do-5g-no-brasil-realidade-aumentada-150x100.png 150w\" sizes=\"(max-width: 700px) 100vw, 700px\" \/><figcaption>Com a chegada do 5G, a ascens\u00e3o de tecnologias como realidade aumentada vai mudar completamente a experi\u00eancia do usu\u00e1rio.<\/figcaption><\/figure><\/div>\n\n\n\n<h3 class=\"wp-block-heading\"><strong>Experi\u00eancia do usu\u00e1rio<\/strong><\/h3>\n\n\n\n<p>E qual o impacto do 5g na vida do cidad\u00e3o comum? O avan\u00e7o tecnol\u00f3gico que esse tipo de conex\u00e3o possibilita vai influenciar a experi\u00eancia do usu\u00e1rio como um todo. Os recursos virtuais v\u00e3o facilitar n\u00e3o s\u00f3 a aquisi\u00e7\u00e3o de informa\u00e7\u00f5es sobre um produto ou servi\u00e7o, mas tamb\u00e9m a visualiza\u00e7\u00e3o desses itens. Tudo isso tem efeito direto na decis\u00e3o de compra dos clientes.<\/p>\n\n\n\n<p>Al\u00e9m do mais, as opera\u00e7\u00f5es velozes e eficazes no e-commerce v\u00e3o garantir experi\u00eancias otimizadas e cada vez mais agrad\u00e1veis para os consumidores. O uso de intelig\u00eancia artificial e <em>machine learning<\/em>, por exemplo, pode otimizar <a href=\"https:\/\/nacao.digital\/blog\/ferramentas-de-chatbot\/\" target=\"_blank\" rel=\"noreferrer noopener\">processos de atendimento virtual<\/a>, deixando-os mais eficazes e personalizados, automatizar pagamentos, melhorar o acompanhamento da entrega de produtos, entre outros benef\u00edcios.<\/p>\n\n\n\n<p>Conte\u00fados e sites interativos tamb\u00e9m t\u00eam o potencial de fortalecer o <em>branding <\/em>das empresas e garantir um relacionamento mais pr\u00f3ximo e personalizado com os clientes.<\/p>\n\n\n\n<p>Os impactos do 5G no Brasil s\u00e3o in\u00fameros! Al\u00e9m de tudo o que foi citado neste conte\u00fado, outras oportunidades, como a amplia\u00e7\u00e3o das modalidades de trabalho h\u00edbrido e remoto e o amadurecimento do <em>Big Data<\/em>, surgem como destaques para empresas que querem aproveitar a chegada da tecnologia para expandir equipes e portf\u00f3lio de servi\u00e7os.&nbsp;<\/p>\n\n\n\n<p>Seu neg\u00f3cio est\u00e1 preparado para essa transforma\u00e7\u00e3o? Voc\u00ea j\u00e1 sabe como aproveitar os benef\u00edcios do 5G para otimizar resultados? N\u00f3s, da <a href=\"https:\/\/nacao.digital\/?utm_source=blog&amp;utm_medium=post&amp;utm_content=institucional-site&amp;utm_campaign=impactos-do-5g-no-brasil\" target=\"_blank\" rel=\"noreferrer noopener\"><strong>Na\u00e7\u00e3o Digital<\/strong><\/a>, produzimos conte\u00fados exclusivos para que voc\u00ea entenda como as tend\u00eancias do mercado est\u00e3o impactando o com\u00e9rcio eletr\u00f4nico.&nbsp;<\/p>\n\n\n\n<p>Para acompanhar tudo isso de perto, assine a nossa <em>newsletter <\/em>e receba conte\u00fados diretamente na sua caixa de e-mail. Basta preencher o formul\u00e1rio abaixo:<\/p>\n\n\n<div id=\"newsletter-blog-post-00a6f862a0546f78a91d\"><\/div>\n<p><script type=\"text\/javascript\" src=\"https:\/\/d335luupugsy2.cloudfront.net\/js\/rdstation-forms\/stable\/rdstation-forms.min.js\"><\/script><br \/>\n<script type=\"text\/javascript\">\n new RDStationForms('newsletter-blog-post-00a6f862a0546f78a91d-html').createForm();\n<\/script><\/p>\n\n\n\n<p><\/p>\n","protected":false},"excerpt":{"rendered":"<p>A quinta gera\u00e7\u00e3o da internet m\u00f3vel, embora j\u00e1 presente em outros pa\u00edses, chegou recentemente no territ\u00f3rio brasileiro e promete transformar diversos segmentos do mercado, como ind\u00fastria, sa\u00fade, agroneg\u00f3cio, tecnologia e, consequentemente, o mercado eletr\u00f4nico. A seguir, vamos explicar o que \u00e9 e quais ser\u00e3o os impactos do 5G no Brasil, boa leitura!<\/p>\n","protected":false},"author":7,"featured_media":7565,"comment_status":"open","ping_status":"open","sticky":false,"template":"","format":"standard","meta":{"footnotes":""},"categories":[113,60],"tags":[520],"post_series":[],"yoast_head":"<!-- This site is optimized with the Yoast SEO plugin v22.0 - https:\/\/yoast.com\/wordpress\/plugins\/seo\/ -->\n<title>Impactos do 5G no Brasil: o que muda para o e-commerce?<\/title>\n<meta name=\"description\" content=\"Voc\u00ea sabe quais ser\u00e3o os impactos do 5G no Brasil para o com\u00e9rcio eletr\u00f4nico? Acesse o post para entender a quest\u00e3o!\" \/>\n<meta name=\"robots\" content=\"index, follow, max-snippet:-1, max-image-preview:large, max-video-preview:-1\" \/>\n<link rel=\"canonical\" href=\"https:\/\/nacao.digital\/blog\/impactos-do-5g-no-brasil\/\" \/>\n<meta property=\"og:locale\" content=\"pt_BR\" \/>\n<meta property=\"og:type\" content=\"article\" \/>\n<meta property=\"og:title\" content=\"Impactos do 5G no Brasil: o que muda para o e-commerce?\" \/>\n<meta property=\"og:description\" content=\"Voc\u00ea sabe quais ser\u00e3o os impactos do 5G no Brasil para o com\u00e9rcio eletr\u00f4nico? Acesse o post para entender a quest\u00e3o!\" \/>\n<meta property=\"og:url\" content=\"https:\/\/nacao.digital\/blog\/impactos-do-5g-no-brasil\/\" \/>\n<meta property=\"og:site_name\" content=\"Blog da Na\u00e7\u00e3o Digital\" \/>\n<meta property=\"article:publisher\" content=\"https:\/\/www.facebook.com\/inbound.commerce\" \/>\n<meta property=\"article:published_time\" content=\"2022-10-03T11:30:00+00:00\" \/>\n<meta property=\"article:modified_time\" content=\"2022-09-26T17:46:34+00:00\" \/>\n<meta property=\"og:image\" content=\"https:\/\/nacao.digital\/blog\/wp-content\/uploads\/2022\/10\/impactos-do-5g-no-brasil-imagem-destacada.jpg\" \/>\n\t<meta property=\"og:image:width\" content=\"1300\" \/>\n\t<meta property=\"og:image:height\" content=\"700\" \/>\n\t<meta property=\"og:image:type\" content=\"image\/jpeg\" \/>\n<meta name=\"author\" content=\"Reda\u00e7\u00e3o - Na\u00e7\u00e3o Digital\" \/>\n<meta name=\"twitter:card\" content=\"summary_large_image\" \/>\n<meta name=\"twitter:label1\" content=\"Escrito por\" \/>\n\t<meta name=\"twitter:data1\" content=\"Reda\u00e7\u00e3o - Na\u00e7\u00e3o Digital\" \/>\n\t<meta name=\"twitter:label2\" content=\"Est. tempo de leitura\" \/>\n\t<meta name=\"twitter:data2\" content=\"8 minutos\" \/>\n<script type=\"application\/ld+json\" class=\"yoast-schema-graph\">{\"@context\":\"https:\/\/schema.org\",\"@graph\":[{\"@type\":\"Article\",\"@id\":\"https:\/\/nacao.digital\/blog\/impactos-do-5g-no-brasil\/#article\",\"isPartOf\":{\"@id\":\"https:\/\/nacao.digital\/blog\/impactos-do-5g-no-brasil\/\"},\"author\":{\"name\":\"Reda\u00e7\u00e3o - Na\u00e7\u00e3o Digital\",\"@id\":\"https:\/\/nacao.digital\/blog\/#\/schema\/person\/4e45d0f5b6d52948e113abab0619dcdc\"},\"headline\":\"Impactos do 5G no Brasil: o que muda para o e-commerce?\",\"datePublished\":\"2022-10-03T11:30:00+00:00\",\"dateModified\":\"2022-09-26T17:46:34+00:00\",\"mainEntityOfPage\":{\"@id\":\"https:\/\/nacao.digital\/blog\/impactos-do-5g-no-brasil\/\"},\"wordCount\":1284,\"commentCount\":2,\"publisher\":{\"@id\":\"https:\/\/nacao.digital\/blog\/#organization\"},\"keywords\":[\"5G no Brasil\"],\"articleSection\":[\"E-commerce\",\"Gest\u00e3o\"],\"inLanguage\":\"pt-BR\",\"potentialAction\":[{\"@type\":\"CommentAction\",\"name\":\"Comment\",\"target\":[\"https:\/\/nacao.digital\/blog\/impactos-do-5g-no-brasil\/#respond\"]}]},{\"@type\":\"WebPage\",\"@id\":\"https:\/\/nacao.digital\/blog\/impactos-do-5g-no-brasil\/\",\"url\":\"https:\/\/nacao.digital\/blog\/impactos-do-5g-no-brasil\/\",\"name\":\"Impactos do 5G no Brasil: o que muda para o e-commerce?\",\"isPartOf\":{\"@id\":\"https:\/\/nacao.digital\/blog\/#website\"},\"datePublished\":\"2022-10-03T11:30:00+00:00\",\"dateModified\":\"2022-09-26T17:46:34+00:00\",\"description\":\"Voc\u00ea sabe quais ser\u00e3o os impactos do 5G no Brasil para o com\u00e9rcio eletr\u00f4nico? Acesse o post para entender a quest\u00e3o!\",\"breadcrumb\":{\"@id\":\"https:\/\/nacao.digital\/blog\/impactos-do-5g-no-brasil\/#breadcrumb\"},\"inLanguage\":\"pt-BR\",\"potentialAction\":[{\"@type\":\"ReadAction\",\"target\":[\"https:\/\/nacao.digital\/blog\/impactos-do-5g-no-brasil\/\"]}]},{\"@type\":\"BreadcrumbList\",\"@id\":\"https:\/\/nacao.digital\/blog\/impactos-do-5g-no-brasil\/#breadcrumb\",\"itemListElement\":[{\"@type\":\"ListItem\",\"position\":1,\"name\":\"In\u00edcio\",\"item\":\"https:\/\/nacao.digital\/blog\/\"},{\"@type\":\"ListItem\",\"position\":2,\"name\":\"Impactos do 5G no Brasil: o que muda para o e-commerce?\"}]},{\"@type\":\"WebSite\",\"@id\":\"https:\/\/nacao.digital\/blog\/#website\",\"url\":\"https:\/\/nacao.digital\/blog\/\",\"name\":\"Blog da Na\u00e7\u00e3o Digital\",\"description\":\"Aprenda as melhores estrat\u00e9gias para atrair p\u00fablico mais segmentado, converter mais e vender muito. Tudo isso usando a metodologia de Inbound Marketing para E-commerce.\",\"publisher\":{\"@id\":\"https:\/\/nacao.digital\/blog\/#organization\"},\"potentialAction\":[{\"@type\":\"SearchAction\",\"target\":{\"@type\":\"EntryPoint\",\"urlTemplate\":\"https:\/\/nacao.digital\/blog\/?s={search_term_string}\"},\"query-input\":\"required name=search_term_string\"}],\"inLanguage\":\"pt-BR\"},{\"@type\":\"Organization\",\"@id\":\"https:\/\/nacao.digital\/blog\/#organization\",\"name\":\"Na\u00e7\u00e3o Digital\",\"url\":\"https:\/\/nacao.digital\/blog\/\",\"logo\":{\"@type\":\"ImageObject\",\"inLanguage\":\"pt-BR\",\"@id\":\"https:\/\/nacao.digital\/blog\/#\/schema\/logo\/image\/\",\"url\":\"https:\/\/nacao.digital\/blog\/wp-content\/uploads\/2018\/05\/nacao-digital.jpg\",\"contentUrl\":\"https:\/\/nacao.digital\/blog\/wp-content\/uploads\/2018\/05\/nacao-digital.jpg\",\"width\":590,\"height\":389,\"caption\":\"Na\u00e7\u00e3o Digital\"},\"image\":{\"@id\":\"https:\/\/nacao.digital\/blog\/#\/schema\/logo\/image\/\"},\"sameAs\":[\"https:\/\/www.facebook.com\/inbound.commerce\",\"https:\/\/www.instagram.com\/nacaodigital\/\",\"https:\/\/pt.linkedin.com\/company\/na\u00e7\u00e3o-digital\"]},{\"@type\":\"Person\",\"@id\":\"https:\/\/nacao.digital\/blog\/#\/schema\/person\/4e45d0f5b6d52948e113abab0619dcdc\",\"name\":\"Reda\u00e7\u00e3o - Na\u00e7\u00e3o Digital\",\"image\":{\"@type\":\"ImageObject\",\"inLanguage\":\"pt-BR\",\"@id\":\"https:\/\/nacao.digital\/blog\/#\/schema\/person\/image\/\",\"url\":\"https:\/\/secure.gravatar.com\/avatar\/02e4691d00230d3425c562e7e363f571?s=96&d=mm&r=g\",\"contentUrl\":\"https:\/\/secure.gravatar.com\/avatar\/02e4691d00230d3425c562e7e363f571?s=96&d=mm&r=g\",\"caption\":\"Reda\u00e7\u00e3o - Na\u00e7\u00e3o Digital\"},\"description\":\"Equipe de Reda\u00e7\u00e3o da Na\u00e7\u00e3o Digital\",\"sameAs\":[\"http:\/\/nacao.digital\"],\"url\":\"https:\/\/nacao.digital\/blog\/author\/redacao\/\"}]}<\/script>\n<!-- \/ Yoast SEO plugin. -->","yoast_head_json":{"title":"Impactos do 5G no Brasil: o que muda para o e-commerce?","description":"Voc\u00ea sabe quais ser\u00e3o os impactos do 5G no Brasil para o com\u00e9rcio eletr\u00f4nico? Acesse o post para entender a quest\u00e3o!","robots":{"index":"index","follow":"follow","max-snippet":"max-snippet:-1","max-image-preview":"max-image-preview:large","max-video-preview":"max-video-preview:-1"},"canonical":"https:\/\/nacao.digital\/blog\/impactos-do-5g-no-brasil\/","og_locale":"pt_BR","og_type":"article","og_title":"Impactos do 5G no Brasil: o que muda para o e-commerce?","og_description":"Voc\u00ea sabe quais ser\u00e3o os impactos do 5G no Brasil para o com\u00e9rcio eletr\u00f4nico? Acesse o post para entender a quest\u00e3o!","og_url":"https:\/\/nacao.digital\/blog\/impactos-do-5g-no-brasil\/","og_site_name":"Blog da Na\u00e7\u00e3o Digital","article_publisher":"https:\/\/www.facebook.com\/inbound.commerce","article_published_time":"2022-10-03T11:30:00+00:00","article_modified_time":"2022-09-26T17:46:34+00:00","og_image":[{"width":1300,"height":700,"url":"https:\/\/nacao.digital\/blog\/wp-content\/uploads\/2022\/10\/impactos-do-5g-no-brasil-imagem-destacada.jpg","type":"image\/jpeg"}],"author":"Reda\u00e7\u00e3o - Na\u00e7\u00e3o Digital","twitter_card":"summary_large_image","twitter_misc":{"Escrito por":"Reda\u00e7\u00e3o - Na\u00e7\u00e3o Digital","Est. tempo de leitura":"8 minutos"},"schema":{"@context":"https:\/\/schema.org","@graph":[{"@type":"Article","@id":"https:\/\/nacao.digital\/blog\/impactos-do-5g-no-brasil\/#article","isPartOf":{"@id":"https:\/\/nacao.digital\/blog\/impactos-do-5g-no-brasil\/"},"author":{"name":"Reda\u00e7\u00e3o - Na\u00e7\u00e3o Digital","@id":"https:\/\/nacao.digital\/blog\/#\/schema\/person\/4e45d0f5b6d52948e113abab0619dcdc"},"headline":"Impactos do 5G no Brasil: o que muda para o e-commerce?","datePublished":"2022-10-03T11:30:00+00:00","dateModified":"2022-09-26T17:46:34+00:00","mainEntityOfPage":{"@id":"https:\/\/nacao.digital\/blog\/impactos-do-5g-no-brasil\/"},"wordCount":1284,"commentCount":2,"publisher":{"@id":"https:\/\/nacao.digital\/blog\/#organization"},"keywords":["5G no Brasil"],"articleSection":["E-commerce","Gest\u00e3o"],"inLanguage":"pt-BR","potentialAction":[{"@type":"CommentAction","name":"Comment","target":["https:\/\/nacao.digital\/blog\/impactos-do-5g-no-brasil\/#respond"]}]},{"@type":"WebPage","@id":"https:\/\/nacao.digital\/blog\/impactos-do-5g-no-brasil\/","url":"https:\/\/nacao.digital\/blog\/impactos-do-5g-no-brasil\/","name":"Impactos do 5G no Brasil: o que muda para o e-commerce?","isPartOf":{"@id":"https:\/\/nacao.digital\/blog\/#website"},"datePublished":"2022-10-03T11:30:00+00:00","dateModified":"2022-09-26T17:46:34+00:00","description":"Voc\u00ea sabe quais ser\u00e3o os impactos do 5G no Brasil para o com\u00e9rcio eletr\u00f4nico? Acesse o post para entender a quest\u00e3o!","breadcrumb":{"@id":"https:\/\/nacao.digital\/blog\/impactos-do-5g-no-brasil\/#breadcrumb"},"inLanguage":"pt-BR","potentialAction":[{"@type":"ReadAction","target":["https:\/\/nacao.digital\/blog\/impactos-do-5g-no-brasil\/"]}]},{"@type":"BreadcrumbList","@id":"https:\/\/nacao.digital\/blog\/impactos-do-5g-no-brasil\/#breadcrumb","itemListElement":[{"@type":"ListItem","position":1,"name":"In\u00edcio","item":"https:\/\/nacao.digital\/blog\/"},{"@type":"ListItem","position":2,"name":"Impactos do 5G no Brasil: o que muda para o e-commerce?"}]},{"@type":"WebSite","@id":"https:\/\/nacao.digital\/blog\/#website","url":"https:\/\/nacao.digital\/blog\/","name":"Blog da Na\u00e7\u00e3o Digital","description":"Aprenda as melhores estrat\u00e9gias para atrair p\u00fablico mais segmentado, converter mais e vender muito. Tudo isso usando a metodologia de Inbound Marketing para E-commerce.","publisher":{"@id":"https:\/\/nacao.digital\/blog\/#organization"},"potentialAction":[{"@type":"SearchAction","target":{"@type":"EntryPoint","urlTemplate":"https:\/\/nacao.digital\/blog\/?s={search_term_string}"},"query-input":"required name=search_term_string"}],"inLanguage":"pt-BR"},{"@type":"Organization","@id":"https:\/\/nacao.digital\/blog\/#organization","name":"Na\u00e7\u00e3o Digital","url":"https:\/\/nacao.digital\/blog\/","logo":{"@type":"ImageObject","inLanguage":"pt-BR","@id":"https:\/\/nacao.digital\/blog\/#\/schema\/logo\/image\/","url":"https:\/\/nacao.digital\/blog\/wp-content\/uploads\/2018\/05\/nacao-digital.jpg","contentUrl":"https:\/\/nacao.digital\/blog\/wp-content\/uploads\/2018\/05\/nacao-digital.jpg","width":590,"height":389,"caption":"Na\u00e7\u00e3o Digital"},"image":{"@id":"https:\/\/nacao.digital\/blog\/#\/schema\/logo\/image\/"},"sameAs":["https:\/\/www.facebook.com\/inbound.commerce","https:\/\/www.instagram.com\/nacaodigital\/","https:\/\/pt.linkedin.com\/company\/na\u00e7\u00e3o-digital"]},{"@type":"Person","@id":"https:\/\/nacao.digital\/blog\/#\/schema\/person\/4e45d0f5b6d52948e113abab0619dcdc","name":"Reda\u00e7\u00e3o - Na\u00e7\u00e3o Digital","image":{"@type":"ImageObject","inLanguage":"pt-BR","@id":"https:\/\/nacao.digital\/blog\/#\/schema\/person\/image\/","url":"https:\/\/secure.gravatar.com\/avatar\/02e4691d00230d3425c562e7e363f571?s=96&d=mm&r=g","contentUrl":"https:\/\/secure.gravatar.com\/avatar\/02e4691d00230d3425c562e7e363f571?s=96&d=mm&r=g","caption":"Reda\u00e7\u00e3o - Na\u00e7\u00e3o Digital"},"description":"Equipe de Reda\u00e7\u00e3o da Na\u00e7\u00e3o Digital","sameAs":["http:\/\/nacao.digital"],"url":"https:\/\/nacao.digital\/blog\/author\/redacao\/"}]}},"amp_enabled":true,"_links":{"self":[{"href":"https:\/\/nacao.digital\/blog\/wp-json\/wp\/v2\/posts\/7556"}],"collection":[{"href":"https:\/\/nacao.digital\/blog\/wp-json\/wp\/v2\/posts"}],"about":[{"href":"https:\/\/nacao.digital\/blog\/wp-json\/wp\/v2\/types\/post"}],"author":[{"embeddable":true,"href":"https:\/\/nacao.digital\/blog\/wp-json\/wp\/v2\/users\/7"}],"replies":[{"embeddable":true,"href":"https:\/\/nacao.digital\/blog\/wp-json\/wp\/v2\/comments?post=7556"}],"version-history":[{"count":4,"href":"https:\/\/nacao.digital\/blog\/wp-json\/wp\/v2\/posts\/7556\/revisions"}],"predecessor-version":[{"id":7564,"href":"https:\/\/nacao.digital\/blog\/wp-json\/wp\/v2\/posts\/7556\/revisions\/7564"}],"wp:featuredmedia":[{"embeddable":true,"href":"https:\/\/nacao.digital\/blog\/wp-json\/wp\/v2\/media\/7565"}],"wp:attachment":[{"href":"https:\/\/nacao.digital\/blog\/wp-json\/wp\/v2\/media?parent=7556"}],"wp:term":[{"taxonomy":"category","embeddable":true,"href":"https:\/\/nacao.digital\/blog\/wp-json\/wp\/v2\/categories?post=7556"},{"taxonomy":"post_tag","embeddable":true,"href":"https:\/\/nacao.digital\/blog\/wp-json\/wp\/v2\/tags?post=7556"},{"taxonomy":"post_series","embeddable":true,"href":"https:\/\/nacao.digital\/blog\/wp-json\/wp\/v2\/post_series?post=7556"}],"curies":[{"name":"wp","href":"https:\/\/api.w.org\/{rel}","templated":true}]}}