{"id":7653,"date":"2022-11-16T08:00:00","date_gmt":"2022-11-16T11:00:00","guid":{"rendered":"https:\/\/nacao.digital\/blog\/?p=7653"},"modified":"2022-11-17T10:36:08","modified_gmt":"2022-11-17T13:36:08","slug":"slow-content","status":"publish","type":"post","link":"https:\/\/nacao.digital\/blog\/slow-content\/","title":{"rendered":"Entenda o conceito e a import\u00e2ncia do slow content"},"content":{"rendered":"<p class=\"last-modified\"> <b> <i> Este conte\u00fado foi atualizado em: 17\/11\/2022 <\/i> <\/b> <\/p>\n<p>\u201cCalma, respira\u201d. Quantas vezes voc\u00ea j\u00e1 escutou essa frase na vida real? Melhor ainda, quantas vezes precisou diz\u00ea-la a algu\u00e9m ou at\u00e9 refor\u00e7ar para si mesmo em voz alta? Acontece que desacelerar n\u00e3o \u00e9 positivo apenas no <em>offline<\/em>, na vida que ningu\u00e9m v\u00ea, mas tamb\u00e9m no universo online, entre curtidas, coment\u00e1rios e compartilhamentos.<\/p>\n\n\n\n<!--more-->\n\n\n\n<p>N\u00e3o por acaso, o<strong> <\/strong><strong><em>slow content<\/em><\/strong><strong><em> <\/em><\/strong>surgiu com o objetivo de proporcionar mais qualidade mental \u00e0 rotina de quem trabalha com produ\u00e7\u00e3o de conte\u00fado para a web e, consequentemente, de quem consome.<\/p>\n\n\n\n<p>Quer entender melhor esse conceito, sua import\u00e2ncia, al\u00e9m de como institu\u00ed-lo como lema de vida pessoal e profissional? Continue a leitura deste texto!<\/p>\n\n\n\n<h2 class=\"wp-block-heading\"><strong>O que \u00e9<\/strong><strong> <\/strong><strong><em>slow content<\/em><\/strong><strong>?<\/strong><\/h2>\n\n\n\n<p>O \u00faltimo <a href=\"https:\/\/www.domo.com\/learn\/infographic\/data-never-sleeps-9\" target=\"_blank\" rel=\"noreferrer noopener\"><em>Data Never Sleeps 9.0<\/em><\/a> da <a href=\"https:\/\/www.domo.com\/\" target=\"_blank\" rel=\"noreferrer noopener\">Domo<\/a>, plataforma de integra\u00e7\u00e3o de dados e BI, mostrou como a <a href=\"https:\/\/nacao.digital\/blog\/feito-brasil\/\" target=\"_blank\" rel=\"noreferrer noopener\">pandemia<\/a> de 2020 mudou tudo e a conclus\u00e3o foi un\u00e2nime: \u201cos <a href=\"https:\/\/nacao.digital\/blog\/commerces-b2b\/\" target=\"_blank\" rel=\"noreferrer noopener\">dados<\/a> nunca dormem e n\u00e3o mostram sinais de desacelera\u00e7\u00e3o\u201d.<\/p>\n\n\n\n<p>No infogr\u00e1fico abaixo, para se ter exemplo, \u00e9 poss\u00edvel notar que no <a href=\"https:\/\/nacao.digital\/blog\/instagram-stories-e-commerce\/\" target=\"_blank\" rel=\"noreferrer noopener\"><strong>Instagram<\/strong><\/a>, 65 mil fotos s\u00e3o compartilhadas a cada minuto; no <a href=\"https:\/\/nacao.digital\/blog\/tiktok-e-commerce\/\" target=\"_blank\" rel=\"noreferrer noopener\"><strong>TikTok<\/strong><\/a>, 167 milh\u00f5es de pessoas assistem a v\u00eddeos; enquanto que no <strong>Slack <\/strong>\u2014 programa popularmente utilizado para <a href=\"https:\/\/nacao.digital\/blog\/comunicacao-entre-empresa\/\" target=\"_blank\" rel=\"noreferrer noopener\">comunica\u00e7\u00f5es internas de empresas<\/a> \u2014 148 mil mensagens s\u00e3o enviadas. Al\u00e9m disso, a popula\u00e7\u00e3o na internet cresceu de 4,5 bilh\u00f5es em 2020 para 5,2 bilh\u00f5es em 2021.<\/p>\n\n\n\n<div class=\"wp-block-image\"><figure class=\"aligncenter size-full\"><img decoding=\"async\" width=\"586\" height=\"1008\" src=\"https:\/\/nacao.digital\/blog\/wp-content\/uploads\/2022\/11\/slow-content.webp\" alt=\"Infogr\u00e1fico da Domo que mostra a quantidade de dados gerados a cada minuto na internet.\" class=\"wp-image-7660\" srcset=\"https:\/\/nacao.digital\/blog\/wp-content\/uploads\/2022\/11\/slow-content.webp 586w, https:\/\/nacao.digital\/blog\/wp-content\/uploads\/2022\/11\/slow-content-174x300.webp 174w, https:\/\/nacao.digital\/blog\/wp-content\/uploads\/2022\/11\/slow-content-150x258.webp 150w\" sizes=\"(max-width: 586px) 100vw, 586px\" \/><figcaption>Infogr\u00e1fico da Domo mostra a quantidade de dados gerados a cada minuto na internet. Foto: Reprodu\u00e7\u00e3o\/Domo.<\/figcaption><\/figure><\/div>\n\n\n\n<p>Esse cen\u00e1rio hiperconectado provoca a ideia de que \u00e9 preciso estar em guerra constante com outros criadores de <a href=\"https:\/\/nacao.digital\/blog\/conteudo-para-redes-sociais\/\" target=\"_blank\" rel=\"noreferrer noopener\">conte\u00fado<\/a>, sempre oferecendo o m\u00e1ximo poss\u00edvel de produ\u00e7\u00f5es. Tudo isso seguindo a ideologia de que o tempo de intera\u00e7\u00e3o dos usu\u00e1rios com a marca tamb\u00e9m ser\u00e1 maior, j\u00e1 que se entrega mais.<\/p>\n\n\n\n<p>Contudo, ainda que uma frequ\u00eancia de postagens possa favorecer <a href=\"https:\/\/nacao.digital\/blog\/melhores-praticas-de-inbound-commerce-para-midias-sociais\/\" target=\"_blank\" rel=\"noreferrer noopener\">m\u00eddias sociais<\/a> e <a href=\"https:\/\/nacao.digital\/blog\/blog-corporativo\/\" target=\"_blank\" rel=\"noreferrer noopener\">blogs<\/a>, por exemplo, as chances da<strong> qualidade do material <\/strong>ser afetada tamb\u00e9m acompanham esse crescimento no volume de produ\u00e7\u00f5es.\u00a0<\/p>\n\n\n\n<p>A imagem da marca tamb\u00e9m pode ser prejudicada, resultando em <strong>rejei\u00e7\u00e3o <\/strong>por parte dos usu\u00e1rios.<\/p>\n\n\n\n<p>Nesse contexto, o <em>slow content<\/em> surge como um manifesto, uma estrat\u00e9gia inspirada no <em>slow living<\/em>, e tem como foco um processo de produ\u00e7\u00e3o de conte\u00fado no qual a quantidade \u00e9 deixada de lado. <strong>Para o <\/strong><strong><em>slow content movement<\/em><\/strong><strong>, n\u00e3o importa o quanto se cria, mas como, por que e para quem<\/strong>.<\/p>\n\n\n\n<p>Quem apoia esse movimento defende que a ideia de respeitar os pr\u00f3prios limites \u00e9 imprescind\u00edvel \u2014 deixar de lado o piloto autom\u00e1tico e investir em verdade, <a href=\"https:\/\/nacao.digital\/blog\/proposito-de-marca\/\" target=\"_blank\" rel=\"noreferrer noopener\">prop\u00f3sito<\/a> e identidade \u00e9 o mantra do <em>slow movement<\/em>.<\/p>\n\n\n\n<div class=\"wp-block-image\"><figure class=\"aligncenter size-full\"><a href=\"https:\/\/conteudo.nacao.digital\/guia-definitivo-de-inbound-commerce\/?utm_source=blog&amp;utm_medium=post&amp;utm_content=banner-saiba-tudo-inbound-commerce&amp;utm_campaign=slow-content\" target=\"_blank\" rel=\"noopener\"><img decoding=\"async\" width=\"750\" height=\"100\" src=\"https:\/\/nacao.digital\/blog\/wp-content\/uploads\/2017\/05\/guia-inbound-marketing-para-e-commerces-inbound-commerce.jpg\" alt=\"guia-inbound-marketing-para-e-commerces-inbound-commerce\" class=\"wp-image-6449\" srcset=\"https:\/\/nacao.digital\/blog\/wp-content\/uploads\/2017\/05\/guia-inbound-marketing-para-e-commerces-inbound-commerce.jpg 750w, https:\/\/nacao.digital\/blog\/wp-content\/uploads\/2017\/05\/guia-inbound-marketing-para-e-commerces-inbound-commerce-300x40.jpg 300w\" sizes=\"(max-width: 750px) 100vw, 750px\" \/><\/a><\/figure><\/div>\n\n\n\n<h2 class=\"wp-block-heading\"><strong>Import\u00e2ncia do<\/strong><strong> <\/strong><strong><em>slow content<\/em><\/strong><\/h2>\n\n\n\n<p>Muito mais do que uma oportunidade de estrat\u00e9gia no <a href=\"https:\/\/nacao.digital\/blog\/podcasts-de-marketing-digital\/\" target=\"_blank\" rel=\"noreferrer noopener\">marketing digital<\/a>, o <em>slow content <\/em>precisa ser compreendido por meio do objetivo principal que possui: garantir a <strong>qualidade de vida<\/strong> e a<strong> sa\u00fade mental<\/strong> de quem trabalha com cria\u00e7\u00e3o de conte\u00fado.<\/p>\n\n\n\n<p>Isso porque a exig\u00eancia dos algoritmos de estar gerando novos materiais para as redes a todo momento, expondo a pr\u00f3pria imagem, competindo com outros criadores e bombardeando os usu\u00e1rios com novas informa\u00e7\u00f5es, pode ocasionar diversos problemas \u00e0 <a href=\"https:\/\/nacao.digital\/blog\/eqi-saude-higiene-beleza\/\" target=\"_blank\" rel=\"noreferrer noopener\">sa\u00fade<\/a> de quem produz e quem consome.<\/p>\n\n\n\n<div class=\"wp-block-image\"><figure class=\"aligncenter size-full\"><img decoding=\"async\" width=\"1000\" height=\"651\" src=\"https:\/\/nacao.digital\/blog\/wp-content\/uploads\/2022\/11\/slow-content-3-1.jpg\" alt=\"Imagem de uma mulher. Ela est\u00e1 no trabalho e aparenta estar estressada, cansada.\" class=\"wp-image-7656\" srcset=\"https:\/\/nacao.digital\/blog\/wp-content\/uploads\/2022\/11\/slow-content-3-1.jpg 1000w, https:\/\/nacao.digital\/blog\/wp-content\/uploads\/2022\/11\/slow-content-3-1-300x195.jpg 300w, https:\/\/nacao.digital\/blog\/wp-content\/uploads\/2022\/11\/slow-content-3-1-768x500.jpg 768w, https:\/\/nacao.digital\/blog\/wp-content\/uploads\/2022\/11\/slow-content-3-1-150x98.jpg 150w\" sizes=\"(max-width: 1000px) 100vw, 1000px\" \/><figcaption>O excesso de produ\u00e7\u00e3o ou consumo de conte\u00fados online pode ocasionar problemas f\u00edsicos e mentais.<\/figcaption><\/figure><\/div>\n\n\n\n<p>Em cen\u00e1rios como esse, podem ser comuns crises de ansiedade, p\u00e2nico, <a href=\"https:\/\/nacao.digital\/blog\/setembro-amarelo-empresas\/\" target=\"_blank\" rel=\"noreferrer noopener\">depress\u00e3o<\/a> e s\u00edndromes atreladas ao excesso de trabalho, como \u00e9 o caso do <strong>Burnout <\/strong>\u2014 tamb\u00e9m conhecido por S\u00edndrome do Esgotamento Profissional, sendo caracterizado como dist\u00farbio ps\u00edquico e doen\u00e7a ocupacional inclu\u00edda na 11\u00aa Revis\u00e3o da Classifica\u00e7\u00e3o Internacional de Doen\u00e7as (CID-11).<\/p>\n\n\n\n<p>Para se ter ideia, o stress profissional afeta 72% dos brasileiros, frequentemente causando adoecimento, e 32% sofrem da S\u00edndrome de Burnout, conforme dados da <a href=\"https:\/\/www.ismabrasil.com.br\/\" target=\"_blank\" rel=\"noreferrer noopener\"><em>International Stress Management Association no Brasil<\/em> (ISMA-BR)<\/a>.<\/p>\n\n\n\n<p>Da mesma forma, o consumo excessivo de informa\u00e7\u00f5es online interfere na capta\u00e7\u00e3o de <a href=\"https:\/\/nacao.digital\/blog\/marketing-de-conteudo-para-industria\/\" target=\"_blank\" rel=\"noreferrer noopener\">conte\u00fados de qualidade<\/a>, assim como resulta em cansa\u00e7o emocional e mental, gerando procrastina\u00e7\u00e3o e ansiedade, al\u00e9m de problemas f\u00edsicos, como dores de cabe\u00e7a e nos olhos \u2014 sintomas ocasionados pelo uso desregrado de telas.\u00a0<\/p>\n\n\n\n<h2 class=\"wp-block-heading\"><strong>Como praticar o <\/strong><strong>s<\/strong><strong><em>low content<\/em><\/strong><strong>?<\/strong><\/h2>\n\n\n\n<p>Mas afinal, como aderir ao <em>slow content <\/em>na rotina? Existem algumas formas de torn\u00e1-lo poss\u00edvel e ampliar as possibilidades quando o assunto \u00e9 produ\u00e7\u00e3o de conte\u00fado na internet e sa\u00fade emocional e f\u00edsica.<\/p>\n\n\n\n<p>Para clarear esse caminho, a seguir voc\u00ea confere algumas sugest\u00f5es de a\u00e7\u00f5es e atitudes para come\u00e7ar a colocar em pr\u00e1tica o quanto antes.&nbsp;<\/p>\n\n\n\n<h3 class=\"wp-block-heading\"><strong>Reduza o volume de publica\u00e7\u00f5es<\/strong><\/h3>\n\n\n\n<p>Existe um fen\u00f4meno denominado <strong><em>infoxication<\/em><\/strong>, infoxica\u00e7\u00e3o em portugu\u00eas. Ele se refere \u00e0 dificuldade que as pessoas possuem, atualmente, de tomar decis\u00f5es perante uma quantidade excessiva de informa\u00e7\u00e3o.&nbsp;<\/p>\n\n\n\n<p>Esse neologismo entre informa\u00e7\u00e3o e intoxica\u00e7\u00e3o acaba sendo fortalecido por conta da disputa que as m\u00eddias travam entre si, na qual as marcas est\u00e3o o tempo todo disparando conte\u00fados.&nbsp;<\/p>\n\n\n\n<p>Por isso, se voc\u00ea cria todos os dias e posta cada passo que d\u00e1, come\u00e7ar reduzindo o n\u00famero de publica\u00e7\u00f5es \u00e9 o caminho.<\/p>\n\n\n\n<p>Tenha em mente que as pessoas realmente interessadas no seu conte\u00fado n\u00e3o v\u00e3o te abandonar. Pelo contr\u00e1rio, v\u00e3o ansiar por atualiza\u00e7\u00f5es suas e do seu neg\u00f3cio. Por outro lado, as chances de criar rejei\u00e7\u00e3o nos usu\u00e1rios enchendo a barrinha dos stories de pontinhos, sempre ser\u00e1 maior.&nbsp;<\/p>\n\n\n\n<h3 class=\"wp-block-heading\"><strong>Respeite sua sa\u00fade<\/strong><\/h3>\n\n\n\n<p>Quando o excesso de trabalho bate \u00e0 porta, n\u00e3o demora muito para que o corpo d\u00ea sinais de que algo est\u00e1 errado. A mente, ent\u00e3o, pode ser a primeira a confirmar a teoria de que, sim, as coisas est\u00e3o fora do controle.<\/p>\n\n\n\n<p>Portanto, alimente-se bem, pratique exerc\u00edcios f\u00edsicos, n\u00e3o troque suas noites de sono por horas acordado criando, beba \u00e1gua e fa\u00e7a pausas. At\u00e9 a ida ao banheiro n\u00e3o deve ser adiada e pode trazer consequ\u00eancias que, diferentemente de um conte\u00fado ef\u00eamero, podem ser eternas.<\/p>\n\n\n\n<div class=\"wp-block-image\"><figure class=\"aligncenter size-full\"><img decoding=\"async\" width=\"1000\" height=\"667\" src=\"https:\/\/nacao.digital\/blog\/wp-content\/uploads\/2022\/11\/slow-content-2-1.jpg\" alt=\"Imagem de uma mulher praticando exerc\u00edcio f\u00edsico na frente de um rio. Ela est\u00e1 correndo.\" class=\"wp-image-7655\" srcset=\"https:\/\/nacao.digital\/blog\/wp-content\/uploads\/2022\/11\/slow-content-2-1.jpg 1000w, https:\/\/nacao.digital\/blog\/wp-content\/uploads\/2022\/11\/slow-content-2-1-300x200.jpg 300w, https:\/\/nacao.digital\/blog\/wp-content\/uploads\/2022\/11\/slow-content-2-1-768x512.jpg 768w, https:\/\/nacao.digital\/blog\/wp-content\/uploads\/2022\/11\/slow-content-2-1-150x100.jpg 150w\" sizes=\"(max-width: 1000px) 100vw, 1000px\" \/><figcaption>Inclua a pr\u00e1tica de exerc\u00edcios f\u00edsicos na sua rotina!<\/figcaption><\/figure><\/div>\n\n\n\n<h3 class=\"wp-block-heading\"><strong>Defina um prop\u00f3sito<\/strong><\/h3>\n\n\n\n<p>Por que voc\u00ea cria? Se n\u00e3o sabe a resposta para essa pergunta, talvez seja a hora de parar e rever os seus planos profissionais como criador de conte\u00fado. Vale lembrar que objetivo \u00e9 diferente de prop\u00f3sito. Seu objetivo, por exemplo, pode ser ter 2 milh\u00f5es de seguidores em dois anos ou <a href=\"https:\/\/nacao.digital\/blog\/como-abrir-um-negocio-digital\/\" target=\"_blank\" rel=\"noreferrer noopener\">abrir uma marca pr\u00f3pria<\/a>. De forma clara, o objetivo \u00e9 onde voc\u00ea quer chegar.\u00a0<\/p>\n\n\n\n<p>Quanto ao prop\u00f3sito, ele est\u00e1 diretamente relacionado a quem voc\u00ea \u00e9, ao que acredita e aos valores que possui. Em um n\u00edvel profundo, \u00e9 a b\u00fassola que norteia os seus atos.<\/p>\n\n\n\n<p>Ao encontr\u00e1-lo, talvez perceba que muitas cria\u00e7\u00f5es, no fundo, n\u00e3o possuem nenhuma rela\u00e7\u00e3o com o seu prop\u00f3sito.<\/p>\n\n\n\n<h3 class=\"wp-block-heading\"><strong>Produza apenas informa\u00e7\u00e3o de valor<\/strong><\/h3>\n\n\n\n<p>Juntamente com a defini\u00e7\u00e3o de um prop\u00f3sito e al\u00e9m de reduzir a quantidade de cria\u00e7\u00f5es, \u00e9 preciso que os conte\u00fados trabalhem informa\u00e7\u00f5es importantes para o p\u00fablico que voc\u00ea deseja atingir.<\/p>\n\n\n\n<p>Recentemente, o <a href=\"https:\/\/nacao.digital\/blog\/google-analytics-4\/\" target=\"_blank\" rel=\"noreferrer noopener\">Google<\/a> confirmou o lan\u00e7amento da <a href=\"https:\/\/developers.google.com\/search\/blog\/2022\/08\/helpful-content-update\" target=\"_blank\" rel=\"noreferrer noopener\"><em>Google&#8217;s helpful content update<\/em><\/a>, uma atualiza\u00e7\u00e3o \u00fatil que deve interferir, principalmente, em sites que produzem grande quantidade de conte\u00fado insatisfat\u00f3rio ou in\u00fatil, cuja produ\u00e7\u00e3o \u00e9 focada nos mecanismos de pesquisa, e n\u00e3o em ajudar o usu\u00e1rio.<\/p>\n\n\n\n<p>De acordo com a empresa, \u201ca atualiza\u00e7\u00e3o de conte\u00fado \u00fatil tem como objetivo recompensar melhor o conte\u00fado que oferece uma experi\u00eancia mais satisfat\u00f3ria aos visitantes, enquanto o conte\u00fado que n\u00e3o atende \u00e0s expectativas do visitante n\u00e3o ter\u00e1 um bom desempenho\u201d.<\/p>\n\n\n\n<p>Sem d\u00favidas, o <a href=\"https:\/\/nacao.digital\/blog\/seo-para-loja-virtual\/\" target=\"_blank\" rel=\"noreferrer noopener\">SEO<\/a> n\u00e3o deve ser inviabilizado. Contudo, \u00e9 preciso que o conte\u00fado criado tenha <a href=\"https:\/\/nacao.digital\/blog\/quanto-vale-sua-empresa\/\" target=\"_blank\" rel=\"noreferrer noopener\">valor<\/a>. Ou seja, que ele fa\u00e7a sentido para o usu\u00e1rio, proporcionando conhecimento e uma boa experi\u00eancia.<\/p>\n\n\n\n<h3 class=\"wp-block-heading\"><strong>Crie um espa\u00e7o seguro<\/strong><\/h3>\n\n\n\n<p>Criar um espa\u00e7o seguro \u00e9 uma maneira de evitar preju\u00edzos emocionais e f\u00edsicos em rela\u00e7\u00e3o \u00e0 forma de consumir conte\u00fado na internet. Portanto, n\u00e3o tenha medo de ficar alguns dias sem publicar novos conte\u00fados, ou at\u00e9 mesmo dar <em>unfollow <\/em>naquela conta que, l\u00e1 no fundo, n\u00e3o te faz bem.<\/p>\n\n\n\n<p>J\u00e1 se voc\u00ea gerencia uma <a href=\"https:\/\/nacao.digital\/blog\/agencia-de-marketing-digital-b2b\/\" target=\"_blank\" rel=\"noreferrer noopener\">ag\u00eancia de publicidade<\/a>, por exemplo, que \u00e9 respons\u00e1vel por terceirizar a produ\u00e7\u00e3o de conte\u00fado de outras marcas, crie um ambiente de acolhimento aos seus colaboradores.\u00a0<\/p>\n\n\n\n<p>Permita que eles compartilhem como se sentem em rela\u00e7\u00e3o ao n\u00famero de demandas e, se algu\u00e9m estiver se sentindo sobrecarregado, elabore um plano de a\u00e7\u00e3o para aliviar a situa\u00e7\u00e3o e busque por melhorias nos processos.<\/p>\n\n\n\n<div class=\"wp-block-image\"><figure class=\"aligncenter size-full\"><img decoding=\"async\" width=\"1000\" height=\"667\" src=\"https:\/\/nacao.digital\/blog\/wp-content\/uploads\/2022\/11\/slow-content-1-1.jpg\" alt=\"Uma equipe de pessoas brancas e negras est\u00e1 fazendo reuni\u00e3o.\" class=\"wp-image-7657\" srcset=\"https:\/\/nacao.digital\/blog\/wp-content\/uploads\/2022\/11\/slow-content-1-1.jpg 1000w, https:\/\/nacao.digital\/blog\/wp-content\/uploads\/2022\/11\/slow-content-1-1-300x200.jpg 300w, https:\/\/nacao.digital\/blog\/wp-content\/uploads\/2022\/11\/slow-content-1-1-768x512.jpg 768w, https:\/\/nacao.digital\/blog\/wp-content\/uploads\/2022\/11\/slow-content-1-1-150x100.jpg 150w\" sizes=\"(max-width: 1000px) 100vw, 1000px\" \/><figcaption>Crie um ambiente de acolhimento para os seus colaboradores!<\/figcaption><\/figure><\/div>\n\n\n\n<h3 class=\"wp-block-heading\"><strong>Desacelerar \u00e9 preciso<\/strong><\/h3>\n\n\n\n<p>Como diria o poeta, \u201cnavegar \u00e9 preciso\u201d, mas desacelerar tamb\u00e9m \u00e9. Sendo assim, se voc\u00ea trabalha com produ\u00e7\u00e3o de conte\u00fado para a web, que tal colocar o p\u00e9 no freio naqueles dias em que a mente est\u00e1 longe, em outro lugar?<\/p>\n\n\n\n<p>\u00c0s vezes, a inspira\u00e7\u00e3o para o trabalho pode estar onde menos se espera, como ao abrir um <a href=\"https:\/\/nacao.digital\/blog\/livros-sobre-inbound-marketing\/\" target=\"_blank\" rel=\"noreferrer noopener\">livro<\/a>, visitar um museu, escrever sobre os pr\u00f3prios sentimentos, durante uma conversa com os amigos, naquele esporte preferido\u2026 ela pode, sim, estar fora do mundo virtual!<\/p>\n\n\n\n<p>Lembre-se que a <strong>seletividade no consumo e na produ\u00e7\u00e3o de informa\u00e7\u00f5es \u00e9 indispens\u00e1vel<\/strong> para manter a atividade mental em equil\u00edbrio. Existe uma vida fora das telas. Descubra-a!<\/p>\n\n\n\n<p>Gostou deste texto e deseja receber mais conte\u00fados como este? Inscreva-se na <em>newsletter <\/em>da<strong> <\/strong><a href=\"https:\/\/nacao.digital\/?utm_source=blog&amp;utm_medium=post&amp;utm_content=nacao-digital&amp;utm_campaign=slow-content\" target=\"_blank\" rel=\"noreferrer noopener\"><strong>Na\u00e7\u00e3o Digital<\/strong><\/a> preenchendo o formul\u00e1rio abaixo.<\/p>\n\n\n\n<center> <div id=\"newsletter-blog-post-00a6f862a0546f78a91d\"><\/div>\n<script type=\"text\/javascript\" src=\"https:\/\/d335luupugsy2.cloudfront.net\/js\/rdstation-forms\/stable\/rdstation-forms.min.js\"><\/script>\n<script type=\"text\/javascript\">\n new RDStationForms('newsletter-blog-post-00a6f862a0546f78a91d-html').createForm();\n<\/script> <\/center>\n","protected":false},"excerpt":{"rendered":"<p>Este conte\u00fado foi atualizado em: 17\/11\/2022 \u201cCalma, respira\u201d. Quantas vezes voc\u00ea j\u00e1 escutou essa frase na vida real? Melhor ainda, quantas vezes precisou diz\u00ea-la a algu\u00e9m ou at\u00e9 refor\u00e7ar para si mesmo em voz alta? Acontece que desacelerar n\u00e3o \u00e9 positivo apenas no offline, na vida que ningu\u00e9m v\u00ea, mas tamb\u00e9m no universo online, entre&hellip;<\/p>\n","protected":false},"author":7,"featured_media":7654,"comment_status":"open","ping_status":"open","sticky":false,"template":"","format":"standard","meta":{"footnotes":""},"categories":[113,312],"tags":[531],"post_series":[],"yoast_head":"<!-- This site is optimized with the Yoast SEO plugin v22.0 - https:\/\/yoast.com\/wordpress\/plugins\/seo\/ -->\n<title>Entenda o conceito e a import\u00e2ncia do slow content<\/title>\n<meta name=\"description\" content=\"J\u00e1 ouviu falar em slow content? Acesse o blog da Na\u00e7\u00e3o Digital e entenda a relev\u00e2ncia dessa nova tend\u00eancia do marketing digital.\" \/>\n<meta name=\"robots\" content=\"index, follow, max-snippet:-1, max-image-preview:large, max-video-preview:-1\" \/>\n<link rel=\"canonical\" href=\"https:\/\/nacao.digital\/blog\/slow-content\/\" \/>\n<meta property=\"og:locale\" content=\"pt_BR\" \/>\n<meta property=\"og:type\" content=\"article\" \/>\n<meta property=\"og:title\" content=\"Entenda o conceito e a import\u00e2ncia do slow content\" \/>\n<meta property=\"og:description\" content=\"J\u00e1 ouviu falar em slow content? Acesse o blog da Na\u00e7\u00e3o Digital e entenda a relev\u00e2ncia dessa nova tend\u00eancia do marketing digital.\" \/>\n<meta property=\"og:url\" content=\"https:\/\/nacao.digital\/blog\/slow-content\/\" \/>\n<meta property=\"og:site_name\" content=\"Blog da Na\u00e7\u00e3o Digital\" \/>\n<meta property=\"article:publisher\" content=\"https:\/\/www.facebook.com\/inbound.commerce\" \/>\n<meta property=\"article:published_time\" content=\"2022-11-16T11:00:00+00:00\" \/>\n<meta property=\"article:modified_time\" content=\"2022-11-17T13:36:08+00:00\" \/>\n<meta property=\"og:image\" content=\"https:\/\/nacao.digital\/blog\/wp-content\/uploads\/2022\/11\/slow-content-4-1.jpg\" \/>\n\t<meta property=\"og:image:width\" content=\"1200\" \/>\n\t<meta property=\"og:image:height\" content=\"700\" \/>\n\t<meta property=\"og:image:type\" content=\"image\/jpeg\" \/>\n<meta name=\"author\" content=\"Reda\u00e7\u00e3o - Na\u00e7\u00e3o Digital\" \/>\n<meta name=\"twitter:card\" content=\"summary_large_image\" \/>\n<meta name=\"twitter:label1\" content=\"Escrito por\" \/>\n\t<meta name=\"twitter:data1\" content=\"Reda\u00e7\u00e3o - Na\u00e7\u00e3o Digital\" \/>\n\t<meta name=\"twitter:label2\" content=\"Est. tempo de leitura\" \/>\n\t<meta name=\"twitter:data2\" content=\"10 minutos\" \/>\n<script type=\"application\/ld+json\" class=\"yoast-schema-graph\">{\"@context\":\"https:\/\/schema.org\",\"@graph\":[{\"@type\":\"Article\",\"@id\":\"https:\/\/nacao.digital\/blog\/slow-content\/#article\",\"isPartOf\":{\"@id\":\"https:\/\/nacao.digital\/blog\/slow-content\/\"},\"author\":{\"name\":\"Reda\u00e7\u00e3o - Na\u00e7\u00e3o Digital\",\"@id\":\"https:\/\/nacao.digital\/blog\/#\/schema\/person\/4e45d0f5b6d52948e113abab0619dcdc\"},\"headline\":\"Entenda o conceito e a import\u00e2ncia do slow content\",\"datePublished\":\"2022-11-16T11:00:00+00:00\",\"dateModified\":\"2022-11-17T13:36:08+00:00\",\"mainEntityOfPage\":{\"@id\":\"https:\/\/nacao.digital\/blog\/slow-content\/\"},\"wordCount\":1644,\"commentCount\":0,\"publisher\":{\"@id\":\"https:\/\/nacao.digital\/blog\/#organization\"},\"keywords\":[\"slow content\"],\"articleSection\":[\"E-commerce\",\"Marketing\"],\"inLanguage\":\"pt-BR\",\"potentialAction\":[{\"@type\":\"CommentAction\",\"name\":\"Comment\",\"target\":[\"https:\/\/nacao.digital\/blog\/slow-content\/#respond\"]}]},{\"@type\":\"WebPage\",\"@id\":\"https:\/\/nacao.digital\/blog\/slow-content\/\",\"url\":\"https:\/\/nacao.digital\/blog\/slow-content\/\",\"name\":\"Entenda o conceito e a import\u00e2ncia do slow content\",\"isPartOf\":{\"@id\":\"https:\/\/nacao.digital\/blog\/#website\"},\"datePublished\":\"2022-11-16T11:00:00+00:00\",\"dateModified\":\"2022-11-17T13:36:08+00:00\",\"description\":\"J\u00e1 ouviu falar em slow content? Acesse o blog da Na\u00e7\u00e3o Digital e entenda a relev\u00e2ncia dessa nova tend\u00eancia do marketing digital.\",\"breadcrumb\":{\"@id\":\"https:\/\/nacao.digital\/blog\/slow-content\/#breadcrumb\"},\"inLanguage\":\"pt-BR\",\"potentialAction\":[{\"@type\":\"ReadAction\",\"target\":[\"https:\/\/nacao.digital\/blog\/slow-content\/\"]}]},{\"@type\":\"BreadcrumbList\",\"@id\":\"https:\/\/nacao.digital\/blog\/slow-content\/#breadcrumb\",\"itemListElement\":[{\"@type\":\"ListItem\",\"position\":1,\"name\":\"In\u00edcio\",\"item\":\"https:\/\/nacao.digital\/blog\/\"},{\"@type\":\"ListItem\",\"position\":2,\"name\":\"Entenda o conceito e a import\u00e2ncia do slow content\"}]},{\"@type\":\"WebSite\",\"@id\":\"https:\/\/nacao.digital\/blog\/#website\",\"url\":\"https:\/\/nacao.digital\/blog\/\",\"name\":\"Blog da Na\u00e7\u00e3o Digital\",\"description\":\"Aprenda as melhores estrat\u00e9gias para atrair p\u00fablico mais segmentado, converter mais e vender muito. Tudo isso usando a metodologia de Inbound Marketing para E-commerce.\",\"publisher\":{\"@id\":\"https:\/\/nacao.digital\/blog\/#organization\"},\"potentialAction\":[{\"@type\":\"SearchAction\",\"target\":{\"@type\":\"EntryPoint\",\"urlTemplate\":\"https:\/\/nacao.digital\/blog\/?s={search_term_string}\"},\"query-input\":\"required name=search_term_string\"}],\"inLanguage\":\"pt-BR\"},{\"@type\":\"Organization\",\"@id\":\"https:\/\/nacao.digital\/blog\/#organization\",\"name\":\"Na\u00e7\u00e3o Digital\",\"url\":\"https:\/\/nacao.digital\/blog\/\",\"logo\":{\"@type\":\"ImageObject\",\"inLanguage\":\"pt-BR\",\"@id\":\"https:\/\/nacao.digital\/blog\/#\/schema\/logo\/image\/\",\"url\":\"https:\/\/nacao.digital\/blog\/wp-content\/uploads\/2018\/05\/nacao-digital.jpg\",\"contentUrl\":\"https:\/\/nacao.digital\/blog\/wp-content\/uploads\/2018\/05\/nacao-digital.jpg\",\"width\":590,\"height\":389,\"caption\":\"Na\u00e7\u00e3o Digital\"},\"image\":{\"@id\":\"https:\/\/nacao.digital\/blog\/#\/schema\/logo\/image\/\"},\"sameAs\":[\"https:\/\/www.facebook.com\/inbound.commerce\",\"https:\/\/www.instagram.com\/nacaodigital\/\",\"https:\/\/pt.linkedin.com\/company\/na\u00e7\u00e3o-digital\"]},{\"@type\":\"Person\",\"@id\":\"https:\/\/nacao.digital\/blog\/#\/schema\/person\/4e45d0f5b6d52948e113abab0619dcdc\",\"name\":\"Reda\u00e7\u00e3o - Na\u00e7\u00e3o Digital\",\"image\":{\"@type\":\"ImageObject\",\"inLanguage\":\"pt-BR\",\"@id\":\"https:\/\/nacao.digital\/blog\/#\/schema\/person\/image\/\",\"url\":\"https:\/\/secure.gravatar.com\/avatar\/02e4691d00230d3425c562e7e363f571?s=96&d=mm&r=g\",\"contentUrl\":\"https:\/\/secure.gravatar.com\/avatar\/02e4691d00230d3425c562e7e363f571?s=96&d=mm&r=g\",\"caption\":\"Reda\u00e7\u00e3o - Na\u00e7\u00e3o Digital\"},\"description\":\"Equipe de Reda\u00e7\u00e3o da Na\u00e7\u00e3o Digital\",\"sameAs\":[\"http:\/\/nacao.digital\"],\"url\":\"https:\/\/nacao.digital\/blog\/author\/redacao\/\"}]}<\/script>\n<!-- \/ Yoast SEO plugin. -->","yoast_head_json":{"title":"Entenda o conceito e a import\u00e2ncia do slow content","description":"J\u00e1 ouviu falar em slow content? Acesse o blog da Na\u00e7\u00e3o Digital e entenda a relev\u00e2ncia dessa nova tend\u00eancia do marketing digital.","robots":{"index":"index","follow":"follow","max-snippet":"max-snippet:-1","max-image-preview":"max-image-preview:large","max-video-preview":"max-video-preview:-1"},"canonical":"https:\/\/nacao.digital\/blog\/slow-content\/","og_locale":"pt_BR","og_type":"article","og_title":"Entenda o conceito e a import\u00e2ncia do slow content","og_description":"J\u00e1 ouviu falar em slow content? Acesse o blog da Na\u00e7\u00e3o Digital e entenda a relev\u00e2ncia dessa nova tend\u00eancia do marketing digital.","og_url":"https:\/\/nacao.digital\/blog\/slow-content\/","og_site_name":"Blog da Na\u00e7\u00e3o Digital","article_publisher":"https:\/\/www.facebook.com\/inbound.commerce","article_published_time":"2022-11-16T11:00:00+00:00","article_modified_time":"2022-11-17T13:36:08+00:00","og_image":[{"width":1200,"height":700,"url":"https:\/\/nacao.digital\/blog\/wp-content\/uploads\/2022\/11\/slow-content-4-1.jpg","type":"image\/jpeg"}],"author":"Reda\u00e7\u00e3o - Na\u00e7\u00e3o Digital","twitter_card":"summary_large_image","twitter_misc":{"Escrito por":"Reda\u00e7\u00e3o - Na\u00e7\u00e3o Digital","Est. tempo de leitura":"10 minutos"},"schema":{"@context":"https:\/\/schema.org","@graph":[{"@type":"Article","@id":"https:\/\/nacao.digital\/blog\/slow-content\/#article","isPartOf":{"@id":"https:\/\/nacao.digital\/blog\/slow-content\/"},"author":{"name":"Reda\u00e7\u00e3o - Na\u00e7\u00e3o Digital","@id":"https:\/\/nacao.digital\/blog\/#\/schema\/person\/4e45d0f5b6d52948e113abab0619dcdc"},"headline":"Entenda o conceito e a import\u00e2ncia do slow content","datePublished":"2022-11-16T11:00:00+00:00","dateModified":"2022-11-17T13:36:08+00:00","mainEntityOfPage":{"@id":"https:\/\/nacao.digital\/blog\/slow-content\/"},"wordCount":1644,"commentCount":0,"publisher":{"@id":"https:\/\/nacao.digital\/blog\/#organization"},"keywords":["slow content"],"articleSection":["E-commerce","Marketing"],"inLanguage":"pt-BR","potentialAction":[{"@type":"CommentAction","name":"Comment","target":["https:\/\/nacao.digital\/blog\/slow-content\/#respond"]}]},{"@type":"WebPage","@id":"https:\/\/nacao.digital\/blog\/slow-content\/","url":"https:\/\/nacao.digital\/blog\/slow-content\/","name":"Entenda o conceito e a import\u00e2ncia do slow content","isPartOf":{"@id":"https:\/\/nacao.digital\/blog\/#website"},"datePublished":"2022-11-16T11:00:00+00:00","dateModified":"2022-11-17T13:36:08+00:00","description":"J\u00e1 ouviu falar em slow content? Acesse o blog da Na\u00e7\u00e3o Digital e entenda a relev\u00e2ncia dessa nova tend\u00eancia do marketing digital.","breadcrumb":{"@id":"https:\/\/nacao.digital\/blog\/slow-content\/#breadcrumb"},"inLanguage":"pt-BR","potentialAction":[{"@type":"ReadAction","target":["https:\/\/nacao.digital\/blog\/slow-content\/"]}]},{"@type":"BreadcrumbList","@id":"https:\/\/nacao.digital\/blog\/slow-content\/#breadcrumb","itemListElement":[{"@type":"ListItem","position":1,"name":"In\u00edcio","item":"https:\/\/nacao.digital\/blog\/"},{"@type":"ListItem","position":2,"name":"Entenda o conceito e a import\u00e2ncia do slow content"}]},{"@type":"WebSite","@id":"https:\/\/nacao.digital\/blog\/#website","url":"https:\/\/nacao.digital\/blog\/","name":"Blog da Na\u00e7\u00e3o Digital","description":"Aprenda as melhores estrat\u00e9gias para atrair p\u00fablico mais segmentado, converter mais e vender muito. Tudo isso usando a metodologia de Inbound Marketing para E-commerce.","publisher":{"@id":"https:\/\/nacao.digital\/blog\/#organization"},"potentialAction":[{"@type":"SearchAction","target":{"@type":"EntryPoint","urlTemplate":"https:\/\/nacao.digital\/blog\/?s={search_term_string}"},"query-input":"required name=search_term_string"}],"inLanguage":"pt-BR"},{"@type":"Organization","@id":"https:\/\/nacao.digital\/blog\/#organization","name":"Na\u00e7\u00e3o Digital","url":"https:\/\/nacao.digital\/blog\/","logo":{"@type":"ImageObject","inLanguage":"pt-BR","@id":"https:\/\/nacao.digital\/blog\/#\/schema\/logo\/image\/","url":"https:\/\/nacao.digital\/blog\/wp-content\/uploads\/2018\/05\/nacao-digital.jpg","contentUrl":"https:\/\/nacao.digital\/blog\/wp-content\/uploads\/2018\/05\/nacao-digital.jpg","width":590,"height":389,"caption":"Na\u00e7\u00e3o Digital"},"image":{"@id":"https:\/\/nacao.digital\/blog\/#\/schema\/logo\/image\/"},"sameAs":["https:\/\/www.facebook.com\/inbound.commerce","https:\/\/www.instagram.com\/nacaodigital\/","https:\/\/pt.linkedin.com\/company\/na\u00e7\u00e3o-digital"]},{"@type":"Person","@id":"https:\/\/nacao.digital\/blog\/#\/schema\/person\/4e45d0f5b6d52948e113abab0619dcdc","name":"Reda\u00e7\u00e3o - Na\u00e7\u00e3o Digital","image":{"@type":"ImageObject","inLanguage":"pt-BR","@id":"https:\/\/nacao.digital\/blog\/#\/schema\/person\/image\/","url":"https:\/\/secure.gravatar.com\/avatar\/02e4691d00230d3425c562e7e363f571?s=96&d=mm&r=g","contentUrl":"https:\/\/secure.gravatar.com\/avatar\/02e4691d00230d3425c562e7e363f571?s=96&d=mm&r=g","caption":"Reda\u00e7\u00e3o - Na\u00e7\u00e3o Digital"},"description":"Equipe de Reda\u00e7\u00e3o da Na\u00e7\u00e3o Digital","sameAs":["http:\/\/nacao.digital"],"url":"https:\/\/nacao.digital\/blog\/author\/redacao\/"}]}},"amp_enabled":true,"_links":{"self":[{"href":"https:\/\/nacao.digital\/blog\/wp-json\/wp\/v2\/posts\/7653"}],"collection":[{"href":"https:\/\/nacao.digital\/blog\/wp-json\/wp\/v2\/posts"}],"about":[{"href":"https:\/\/nacao.digital\/blog\/wp-json\/wp\/v2\/types\/post"}],"author":[{"embeddable":true,"href":"https:\/\/nacao.digital\/blog\/wp-json\/wp\/v2\/users\/7"}],"replies":[{"embeddable":true,"href":"https:\/\/nacao.digital\/blog\/wp-json\/wp\/v2\/comments?post=7653"}],"version-history":[{"count":2,"href":"https:\/\/nacao.digital\/blog\/wp-json\/wp\/v2\/posts\/7653\/revisions"}],"predecessor-version":[{"id":7661,"href":"https:\/\/nacao.digital\/blog\/wp-json\/wp\/v2\/posts\/7653\/revisions\/7661"}],"wp:featuredmedia":[{"embeddable":true,"href":"https:\/\/nacao.digital\/blog\/wp-json\/wp\/v2\/media\/7654"}],"wp:attachment":[{"href":"https:\/\/nacao.digital\/blog\/wp-json\/wp\/v2\/media?parent=7653"}],"wp:term":[{"taxonomy":"category","embeddable":true,"href":"https:\/\/nacao.digital\/blog\/wp-json\/wp\/v2\/categories?post=7653"},{"taxonomy":"post_tag","embeddable":true,"href":"https:\/\/nacao.digital\/blog\/wp-json\/wp\/v2\/tags?post=7653"},{"taxonomy":"post_series","embeddable":true,"href":"https:\/\/nacao.digital\/blog\/wp-json\/wp\/v2\/post_series?post=7653"}],"curies":[{"name":"wp","href":"https:\/\/api.w.org\/{rel}","templated":true}]}}