{"id":7719,"date":"2022-12-16T07:30:00","date_gmt":"2022-12-16T10:30:00","guid":{"rendered":"https:\/\/nacao.digital\/blog\/?p=7719"},"modified":"2022-12-16T15:56:16","modified_gmt":"2022-12-16T18:56:16","slug":"consumidor-do-futuro","status":"publish","type":"post","link":"https:\/\/nacao.digital\/blog\/consumidor-do-futuro\/","title":{"rendered":"Consumidor do Futuro: conhe\u00e7a os perfis de 2023"},"content":{"rendered":"\n<p>\u00c9 un\u00e2nime que vender bem est\u00e1 diretamente atrelado ao quanto uma empresa conhece e satisfaz os perfis de consumidores de cada nicho de mercado. Acontece que <strong>eles n\u00e3o s\u00e3o est\u00e1veis e est\u00e3o em constante transforma\u00e7\u00e3o<\/strong>. Isso ocorre por conta das mudan\u00e7as sociais, econ\u00f4micas e at\u00e9 mesmo pol\u00edticas que o mundo enfrenta a cada segundo.<\/p>\n\n\n\n<!--more-->\n\n\n\n<p>Para analisar essas metamorfoses, a <a href=\"https:\/\/www.wgsn.com\/pt\" target=\"_blank\" rel=\"noreferrer noopener\"><em>Worth Global Style Network<\/em> (WGSN)<\/a>, uma das maiores empresas de previs\u00e3o de tend\u00eancias e dados anal\u00edticos, lan\u00e7a anualmente o <a href=\"https:\/\/createtomorrowwgsn.com\/2513751-wp-future-consumer-2023-pt\/2\/?aliId=eyJpIjoia1o0V0U1SFFMeUFBWURlRiIsInQiOiIwbHFDbGozdnNrdjk5cXhBYzZUeGRRPT0ifQ%253D%253D\" target=\"_blank\" rel=\"noreferrer noopener\">relat\u00f3rio Consumidor do Futuro<\/a>.<\/p>\n\n\n\n<p>Ficou curioso e quer entender quais s\u00e3o as novas prioridades das pessoas e o impacto delas na forma de consumir? Neste texto, listamos um apanhado dos perfis mais relevantes para 2023. Boa leitura!<\/p>\n\n\n\n<div class=\"wp-block-image\"><figure class=\"aligncenter size-full is-resized\"><a href=\"https:\/\/conteudo.nacao.digital\/ebook-99-ferramentas\/?utm_source=blog&amp;utm_medium=post&amp;utm_content=banner-99-ferramentas-para-ecommerces&amp;utm_campaign=consumidor-do-futuro\" target=\"_blank\" rel=\"noopener\"><img decoding=\"async\" src=\"https:\/\/nacao.digital\/blog\/wp-content\/uploads\/2020\/04\/nacao-99-ferramentas-fino.jpg\" alt=\"99-ferramentas-para-e-commerces\" class=\"wp-image-5532\" width=\"700\" srcset=\"https:\/\/nacao.digital\/blog\/wp-content\/uploads\/2020\/04\/nacao-99-ferramentas-fino.jpg 750w, https:\/\/nacao.digital\/blog\/wp-content\/uploads\/2020\/04\/nacao-99-ferramentas-fino-300x40.jpg 300w\" sizes=\"(max-width: 750px) 100vw, 750px\" \/><\/a><\/figure><\/div>\n\n\n\n<h2 class=\"wp-block-heading\"><strong>Quem \u00e9 o consumidor do futuro?<\/strong><\/h2>\n\n\n\n<p>Foram tantos acontecimentos nos \u00faltimos anos, que, \u00e0s vezes, a sensa\u00e7\u00e3o \u00e9 de que j\u00e1 vivemos uma d\u00e9cada inteirinha, n\u00e3o \u00e9 mesmo? Especialmente por conta da pandemia da covid-19, que alterou o modo de ser, estar e consumir no mundo.<\/p>\n\n\n\n<p>O normal ganhou uma nova defini\u00e7\u00e3o. O olhar do consumidor foi impactado. Os sentimentos ganharam mais intensidade. Para os neg\u00f3cios, se alinhar a essas novas percep\u00e7\u00f5es passou a ser essencial.<\/p>\n\n\n\n<p>Nesse cen\u00e1rio, a WGSN identificou n\u00e3o um, mas quatro perfis de compradores que v\u00e3o moldar 2023: <strong>Antecipadores, Novos Rom\u00e2nticos, Inconformados e Condutores.<\/strong><\/p>\n\n\n\n<h3 class=\"wp-block-heading\"><strong>Antecipadores<\/strong><\/h3>\n\n\n\n<p>Cautela. Essa \u00e9 a palavra-chave que define os antecipadores. Em um cen\u00e1rio de incertezas na sa\u00fade, no trabalho, no aprendizado e no acesso a itens essenciais, ainda que as fam\u00edlias e os indiv\u00edduos sejam financeiramente est\u00e1veis, <strong>ir com calma na hora de gastar \u00e9 o lema deste perfil.<\/strong><\/p>\n\n\n\n<p>No entanto, h\u00e1 ainda outro sentimento que colabora com toda essa precau\u00e7\u00e3o: a culpa. Essa sensa\u00e7\u00e3o tem diversas origens e pode ocorrer at\u00e9 mesmo por conta da impress\u00e3o que n\u00e3o \u00e9 certo gastar dinheiro considerando o contexto atual.<\/p>\n\n\n\n<p>Para esse p\u00fablico, lidar com mudan\u00e7as inesperadas na rotina se tornou uma dificuldade, seja uma entrega atrasada ou um produto esgotado no supermercado. Esses erros provocam um cansa\u00e7o mental no grupo cujos c\u00e9rebros captam tais situa\u00e7\u00f5es como uma esp\u00e9cie de \u201camea\u00e7a \u00e0 vida\u201d, alerta o relat\u00f3rio.<\/p>\n\n\n\n<div class=\"wp-block-image\"><figure class=\"aligncenter size-full is-resized\"><img decoding=\"async\" src=\"https:\/\/nacao.digital\/blog\/wp-content\/uploads\/2022\/12\/consumidor-do-futuro-4.jpg\" alt=\"Imagem de uma mulher sentada em uma cal\u00e7ada. Ela veste um camiseta roxa, tem os cabelos loiros e segura um celular. Parece estar descontente com algo.\" class=\"wp-image-7724\" width=\"600\" height=\"400\" srcset=\"https:\/\/nacao.digital\/blog\/wp-content\/uploads\/2022\/12\/consumidor-do-futuro-4.jpg 1000w, https:\/\/nacao.digital\/blog\/wp-content\/uploads\/2022\/12\/consumidor-do-futuro-4-300x200.jpg 300w, https:\/\/nacao.digital\/blog\/wp-content\/uploads\/2022\/12\/consumidor-do-futuro-4-768x512.jpg 768w, https:\/\/nacao.digital\/blog\/wp-content\/uploads\/2022\/12\/consumidor-do-futuro-4-150x100.jpg 150w\" sizes=\"(max-width: 600px) 100vw, 600px\" \/><figcaption>O perfil de antecipador tende a ser mais cauteloso.<\/figcaption><\/figure><\/div>\n\n\n\n<p>A aten\u00e7\u00e3o tamb\u00e9m se fragmentou. H\u00e1 mais dificuldade e menos paci\u00eancia para se dedicar a diversas tarefas. O abandono de carrinho \u00e9 um cl\u00e1ssico exemplo disso. O usu\u00e1rio desiste da compra para se dedicar a outra coisa, seja responder um e-mail ou at\u00e9 conversar com algu\u00e9m.<\/p>\n\n\n\n<h4 class=\"wp-block-heading\"><strong>Estrat\u00e9gias de engajamento<\/strong><\/h4>\n\n\n\n<p>Para os Antecipadores, os <strong>refis autom\u00e1ticos <\/strong>ajudam a poupar tempo e s\u00e3o <a href=\"https:\/\/nacao.digital\/blog\/embalagens-sustentaveis\/\" target=\"_blank\" rel=\"noreferrer noopener\">sustent\u00e1veis<\/a>. Os <strong>servi\u00e7os por assinatura<\/strong> colaboram com a cria\u00e7\u00e3o de uma rotina, al\u00e9m da recompensa positiva que provocam no c\u00e9rebro, gerando satisfa\u00e7\u00e3o ao assinar um servi\u00e7o.<\/p>\n\n\n\n<p>A<strong> pr\u00e9-venda <\/strong>tamb\u00e9m \u00e9 uma tend\u00eancia que agrada esse p\u00fablico, j\u00e1 que eles t\u00eam receio da indisponibilidade. E por serem compradores experientes, mas com tempo agitado, <strong>modelos de descontos inovadores<\/strong> tendem a conquist\u00e1-los.<\/p>\n\n\n\n<h3 class=\"wp-block-heading\"><strong>Novos Rom\u00e2nticos<\/strong><\/h3>\n\n\n\n<p>Para os Novos Rom\u00e2nticos, chegou o momento de se <strong>reconectar com as pr\u00f3prias emo\u00e7\u00f5es<\/strong> e redefinir o significado de coletividade.<\/p>\n\n\n\n<p>Durante e ap\u00f3s a pandemia, a import\u00e2ncia da comunidade e da fam\u00edlia moveu esse perfil cujas caracter\u00edsticas podem ser comparadas \u00e0s do Romantismo nas artes e na literatura, movimento que surgiu como oposi\u00e7\u00e3o \u00e0 Revolu\u00e7\u00e3o Industrial.&nbsp;<\/p>\n\n\n\n<p>Contudo, os <strong>Novos Rom\u00e2nticos s\u00e3o mais pr\u00e1ticos e pragm\u00e1ticos,<\/strong> distanciando- se dos ideais ut\u00f3picos dos personagens que at\u00e9 hoje encantam leitores e atraem olhares.<\/p>\n\n\n\n<p>O retorno \u00e0 \u00e1rea rural \u2014 em grande parte potencializado pelo trabalho remoto \u2014, a necessidade de mais espa\u00e7o, a busca por uma vida mais acess\u00edvel e \u201cmenos cheia\u201d comprovam isso, especialmente entre os millennials.<\/p>\n\n\n\n<div class=\"wp-block-image\"><figure class=\"aligncenter size-full is-resized\"><img decoding=\"async\" src=\"https:\/\/nacao.digital\/blog\/wp-content\/uploads\/2022\/12\/consumidor-do-futuro-3.jpg\" alt=\"V\u00e1rias pessoas ao redor de uma mesa, brindando com vinho. Elas parecem estar contentes e est\u00e3o na \u00e1rea de uma casa, em meio a um jardim.\" class=\"wp-image-7723\" width=\"600\" height=\"400\" srcset=\"https:\/\/nacao.digital\/blog\/wp-content\/uploads\/2022\/12\/consumidor-do-futuro-3.jpg 1000w, https:\/\/nacao.digital\/blog\/wp-content\/uploads\/2022\/12\/consumidor-do-futuro-3-300x200.jpg 300w, https:\/\/nacao.digital\/blog\/wp-content\/uploads\/2022\/12\/consumidor-do-futuro-3-768x512.jpg 768w, https:\/\/nacao.digital\/blog\/wp-content\/uploads\/2022\/12\/consumidor-do-futuro-3-150x100.jpg 150w\" sizes=\"(max-width: 600px) 100vw, 600px\" \/><figcaption>Entre as premissas, os Novos Rom\u00e2nticos desejam ressignificar o sentido de coletividade.<\/figcaption><\/figure><\/div>\n\n\n\n<p>A busca do <strong>equil\u00edbrio entre vida pessoal e profissional<\/strong> tamb\u00e9m \u00e9 pauta dos Novos Rom\u00e2nticos. J\u00e1 que, se a produtividade aumentou, as jornadas tamb\u00e9m sofreram um impacto significativo.&nbsp;<\/p>\n\n\n\n<p>Surgiram ainda novas ferramentas de monitoramento de funcion\u00e1rios. De acordo com o relat\u00f3rio, \u201ceste novo enfoque no rastreamento de dados \u00e9 frequentemente referido como gerenciamento de capital humano. [&#8230;] Para os Novos Rom\u00e2nticos, o desconforto de saber que est\u00e3o sendo monitorados remotamente \u00e9 mais um fator que os leva a reavaliar os pr\u00f3prios valores e a pensar mais nas pessoas e na comunidade\u201d.<\/p>\n\n\n\n<p>A <strong>atra\u00e7\u00e3o por coletivos contempor\u00e2neos<\/strong> que contemplem uma vida mais sustent\u00e1vel, priorizem a <a href=\"https:\/\/nacao.digital\/blog\/diversidade-e-inclusao\/\" target=\"_blank\" rel=\"noreferrer noopener\">diversidade<\/a> racial, et\u00e1ria e socioecon\u00f4mica \u00e9 mais um conceito que atrai esse p\u00fablico.<\/p>\n\n\n\n<h4 class=\"wp-block-heading\"><strong>Estrat\u00e9gias de engajamento<\/strong><\/h4>\n\n\n\n<p>Entusiasmados por momentos sensoriais, os Novos Rom\u00e2nticos desejam<strong> produtos que garantem conex\u00e3o<\/strong>, que criem rituais. A defesa por <strong>materiais e subst\u00e2ncias encontradas na natureza <\/strong>tamb\u00e9m \u00e9 uma causa do grupo.&nbsp;<\/p>\n\n\n\n<p>Al\u00e9m disso, depois da crise na sa\u00fade mental ocasionada pela pandemia, <strong>solu\u00e7\u00f5es para lidar com sentimentos negativos,<\/strong> como estresse, ins\u00f4nia, desconex\u00e3o, etc, s\u00e3o uma forte demanda desse p\u00fablico.<\/p>\n\n\n\n<div class=\"wp-block-image\"><figure class=\"aligncenter size-full\"><a href=\"https:\/\/conteudo.nacao.digital\/performance-content\/?utm_source=blog&amp;utm_medium=post&amp;utm_content=banner-perfomance-content&amp;utm_campaign=consumidor-do-futuro\" target=\"_blank\" rel=\"noopener\"><img decoding=\"async\" width=\"700\" height=\"100\" src=\"https:\/\/nacao.digital\/blog\/wp-content\/uploads\/2021\/11\/performance-content-descricao-de-produto-nacao-digital.jpg\" alt=\"performance-content-descricao-de-produto-nacao-digital\" class=\"wp-image-6855\" srcset=\"https:\/\/nacao.digital\/blog\/wp-content\/uploads\/2021\/11\/performance-content-descricao-de-produto-nacao-digital.jpg 700w, https:\/\/nacao.digital\/blog\/wp-content\/uploads\/2021\/11\/performance-content-descricao-de-produto-nacao-digital-300x43.jpg 300w\" sizes=\"(max-width: 700px) 100vw, 700px\" \/><\/a><\/figure><\/div>\n\n\n\n<h3 class=\"wp-block-heading\"><strong>Inconformados<\/strong><\/h3>\n\n\n\n<p>A ideia de um futuro no qual tudo \u00e9 poss\u00edvel gra\u00e7as \u00e0 tecnologia, mas sem deixar de lado a comunidade, \u00e9 o que move os Inconformados. Decepcionados com a assist\u00eancia institucional e governamental em 2020,<strong> este grupo questiona as funda\u00e7\u00f5es e estruturas das sociedades em que vivem. <\/strong>Al\u00e9m disso, pressionam para que os problemas sejam resolvidos pela raiz.<\/p>\n\n\n\n<p>Conforme o relat\u00f3rio, \u201ch\u00e1 um despertar em massa de que as desigualdades raciais e educacionais est\u00e3o interligadas. Como resultado, os Inconformados est\u00e3o criando solu\u00e7\u00f5es para conquistar uma mudan\u00e7a sist\u00eamica\u201d.<\/p>\n\n\n\n<p>Capazes de impactar os <a href=\"https:\/\/nacao.digital\/blog\/quanto-vale-sua-empresa\/\" target=\"_blank\" rel=\"noreferrer noopener\">resultados financeiros de uma empresa<\/a>, eles v\u00e3o fechar neg\u00f3cio com quem promove a diversidade em produtos, servi\u00e7os e at\u00e9 investimentos futuros.<\/p>\n\n\n\n<p>Focados em desenvolver a\u00e7\u00f5es por e para si pr\u00f3prios, apoiar empresas e comunidades diversas tamb\u00e9m \u00e9 uma premissa.<\/p>\n\n\n\n<p>H\u00e1 ainda a quest\u00e3o da <strong>autossufici\u00eancia<\/strong>, uma das prioridades dos Inconformados. Portanto, a <strong>preserva\u00e7\u00e3o de recursos<\/strong>, sejam eles ambientais e financeiros, assim como a <strong>circula\u00e7\u00e3o do dinheiro na pr\u00f3pria regi\u00e3o<\/strong> s\u00e3o temas importantes para esse grupo.&nbsp;<\/p>\n\n\n\n<p>A ascens\u00e3o de hortas e cozinhas comunit\u00e1rias, assim como do <a href=\"https:\/\/nacao.digital\/blog\/recommerce\/\" target=\"_blank\" rel=\"noreferrer noopener\">re-commerce<\/a>, s\u00e3o exemplos pr\u00e1ticos que mostram a for\u00e7a dos Inconformados.<\/p>\n\n\n\n<div class=\"wp-block-image\"><figure class=\"aligncenter size-full is-resized\"><img decoding=\"async\" src=\"https:\/\/nacao.digital\/blog\/wp-content\/uploads\/2022\/12\/consumidor-do-futuro-2.jpg\" alt=\"Imagem de pessoas trabalhando em uma esp\u00e9cie de horta comunit\u00e1ria. H\u00e1 um homem, uma mulher e duas crian\u00e7as.\" class=\"wp-image-7722\" width=\"600\" height=\"400\" srcset=\"https:\/\/nacao.digital\/blog\/wp-content\/uploads\/2022\/12\/consumidor-do-futuro-2.jpg 1000w, https:\/\/nacao.digital\/blog\/wp-content\/uploads\/2022\/12\/consumidor-do-futuro-2-300x200.jpg 300w, https:\/\/nacao.digital\/blog\/wp-content\/uploads\/2022\/12\/consumidor-do-futuro-2-768x512.jpg 768w, https:\/\/nacao.digital\/blog\/wp-content\/uploads\/2022\/12\/consumidor-do-futuro-2-150x100.jpg 150w\" sizes=\"(max-width: 600px) 100vw, 600px\" \/><figcaption>Os Inconformados s\u00e3o autossuficientes e almejam a preserva\u00e7\u00e3o de recursos.<\/figcaption><\/figure><\/div>\n\n\n\n<p><strong>Estrat\u00e9gias de engajamento<\/strong><\/p>\n\n\n\n<p>Experientes em tecnologia, motiva\u00e7\u00e3o pol\u00edtica e social, os Inconformados querem itens que unam heran\u00e7a hist\u00f3rica, mas tamb\u00e9m progresso, que representem uma gama de vozes \u2014 s\u00e3o os <strong>produtos transculturais<\/strong>. Os <strong>rituais de bem-estar <\/strong>que possibilitam curas e prote\u00e7\u00f5es se unem ao <strong>ativismo<\/strong>.&nbsp;<\/p>\n\n\n\n<p>Aos olhos dos Inconformados, <strong>exaltar profissionais<\/strong> que colaboram com um neg\u00f3cio e s\u00e3o essenciais para faz\u00ea-lo funcionar \u00e9 uma forma de garantir a fidelidade desse p\u00fablico.<\/p>\n\n\n\n<p>Uma novidade nos <em>marketplaces <\/em>que tamb\u00e9m agrada a esse grupo \u00e9 o <strong>modelo <\/strong><strong><em>direct-to-investor<\/em><\/strong><strong> (DTI)<\/strong>, \u201cdireito ao investidor\u201d \u2014 uma forma de garantir que pequenas empresas sobrevivam e prosperem ap\u00f3s a pandemia. As caixas de assinatura com produtos de marcas distintas s\u00e3o um exemplo. Com isso, os consumidores se envolvem diretamente em iniciativas de neg\u00f3cios que promovem mudan\u00e7as sociais de longo prazo, seja localmente ou ao redor do mundo.<\/p>\n\n\n\n<h3 class=\"wp-block-heading\"><strong>Condutores<\/strong><\/h3>\n\n\n\n<p><strong>Adeptos das multitarefas,<\/strong> os Condutores s\u00e3o o quarto e \u00faltimo perfil de consumidor do futuro definido pelo relat\u00f3rio da WGSN. Para eles, novos desafios e novas experi\u00eancias s\u00e3o demandas que agregam satisfa\u00e7\u00e3o ao viver.<\/p>\n\n\n\n<p>Com todas as adapta\u00e7\u00f5es que foram necess\u00e1rias em 2020, novas habilidades tamb\u00e9m foram desenvolvidas. \u201cO lar se transformou em escrit\u00f3rio, bar, restaurante, pronto-socorro, escola e academia, e n\u00e3o podemos esquecer a explos\u00e3o de hobbies, que v\u00e3o da confeitaria \u00e0 costura. Essas mudan\u00e7as permitiram que a maioria das pessoas sobrevivesse a 2020 e algumas at\u00e9 prosperassem em 2020\u201d, diz o relat\u00f3rio.<\/p>\n\n\n\n<p>Nesse caminho, os Condutores foram capazes de canalizar efetivamente a energia que possuem em diferentes dire\u00e7\u00f5es. A explica\u00e7\u00e3o se d\u00e1 por conta da chamada <strong>flexibilidade cognitiva<\/strong>, habilidade neural que permite que as pessoas se alterem e avaliem as coisas de uma nova forma.<\/p>\n\n\n\n<p>Tr\u00eas anos depois, em 2023, esse grupo continuar\u00e1 na <strong>procura de novas experi\u00eancias e momentos altamente sensoriais.<\/strong> N\u00e3o h\u00e1 limites, apenas espa\u00e7o para a imagina\u00e7\u00e3o e novas ideias.<\/p>\n\n\n\n<p>Essas mudan\u00e7as de comportamento est\u00e3o criando um novo setor de empregos que permite \u00e0s pessoas monetizar pensamentos, habilidades e ideias. Exemplo: antes, a \u00fanica op\u00e7\u00e3o de trabalho de um professor era na escola ou universidade; agora existem plataformas como <em>MasterClass, Udemy e Outschool.<\/em><\/p>\n\n\n\n<div class=\"wp-block-image\"><figure class=\"aligncenter size-full is-resized\"><img decoding=\"async\" src=\"https:\/\/nacao.digital\/blog\/wp-content\/uploads\/2022\/12\/consumidor-do-futuro-1.jpg\" alt=\"Uma mulher de cabelos pretos em frente a um computador. Ela segura um caderno, como se estivesse ensinando algo a algu\u00e9m por meio da internet.\" class=\"wp-image-7721\" width=\"600\" height=\"400\" srcset=\"https:\/\/nacao.digital\/blog\/wp-content\/uploads\/2022\/12\/consumidor-do-futuro-1.jpg 1000w, https:\/\/nacao.digital\/blog\/wp-content\/uploads\/2022\/12\/consumidor-do-futuro-1-300x200.jpg 300w, https:\/\/nacao.digital\/blog\/wp-content\/uploads\/2022\/12\/consumidor-do-futuro-1-768x511.jpg 768w, https:\/\/nacao.digital\/blog\/wp-content\/uploads\/2022\/12\/consumidor-do-futuro-1-150x100.jpg 150w\" sizes=\"(max-width: 600px) 100vw, 600px\" \/><figcaption>O perfil dos Condutores est\u00e1 transformando at\u00e9 mesmo os modos de trabalho.<\/figcaption><\/figure><\/div>\n\n\n\n<p>Isso porque a pandemia normalizou o tempo passado em frente \u00e0s telas digitais, que s\u00e3o capazes de aumentar as formas de cria\u00e7\u00e3o de conte\u00fado.<\/p>\n\n\n\n<p>Uma postura mais aventureira, com viagens mais lentas e sustent\u00e1veis que possibilitam <strong>conex\u00e3o maior com comunidades locais<\/strong>, tamb\u00e9m faz parte da personalidade desse grupo.<\/p>\n\n\n\n<h4 class=\"wp-block-heading\"><strong>Estrat\u00e9gias de engajamento<\/strong><\/h4>\n\n\n\n<p>Os Condutores buscam novas experi\u00eancias, inclusive aventuras virtuais. De olho nos <a href=\"https:\/\/nacao.digital\/blog\/metaverso-e-commerce\/\" target=\"_blank\" rel=\"noreferrer noopener\"><strong>mercados do metaverso<\/strong><\/a>, eles anseiam por <strong>recompensas virtuais<\/strong> que possam ser convertidas em dinheiro ou gratifica\u00e7\u00f5es tang\u00edveis.&nbsp;<\/p>\n\n\n\n<p>O <strong>com\u00e9rcio \u201ce-terativo\u201d<\/strong> tende a estimular a conex\u00e3o com pessoas que realmente utilizam determinado item, n\u00e3o apenas sejam embaixadoras \u2014 o que influencia diretamente nas estrat\u00e9gias de <a href=\"https:\/\/nacao.digital\/blog\/marketing-de-influencia\/\" target=\"_blank\" rel=\"noreferrer noopener\">marketing de influ\u00eancia.&nbsp;<\/a><\/p>\n\n\n\n<p>Seja no f\u00edsico ou no <a href=\"https:\/\/nacao.digital\/blog\/como-abrir-um-negocio-digital\/\" target=\"_blank\" rel=\"noreferrer noopener\">digital<\/a>, momentos nost\u00e1lgicos, servi\u00e7os multifuncionais e integra\u00e7\u00e3o entre tecnologias tamb\u00e9m devem atra\u00ed-los.<\/p>\n\n\n\n<h2 class=\"wp-block-heading\"><strong>Pontos de a\u00e7\u00e3o<\/strong> para atrair o consumidor do futuro<\/h2>\n\n\n\n<p>Agora que voc\u00ea j\u00e1 conhece quais s\u00e3o os quatro perfis de consumidor do futuro identificados pela WGSN, fica a quest\u00e3o: como atra\u00ed-los? O relat\u00f3rio traz ainda seis pontos de a\u00e7\u00e3o para essa nova era da ind\u00fastria.<\/p>\n\n\n\n<h3 class=\"wp-block-heading\"><strong>1. Atente-se ao poder da previsibilidade<\/strong><\/h3>\n\n\n\n<p>Evite a falta de <a href=\"https:\/\/nacao.digital\/blog\/estoque-loja-virtual\/\" target=\"_blank\" rel=\"noreferrer noopener\">estoque<\/a> para um grupo de consumidores que necessita de certezas, tem pouca aten\u00e7\u00e3o e privilegia a estabilidade financeira.<\/p>\n\n\n\n<h3 class=\"wp-block-heading\"><strong>2. Priorize quem est\u00e1 de olho no pre\u00e7o<\/strong><\/h3>\n\n\n\n<p>Com plataformas que ajudam na busca dos pre\u00e7os, \u00e9 preciso que as marcas trabalhem para agregar valor e possam <a href=\"https:\/\/nacao.digital\/blog\/retencao-de-clientes\/\" target=\"_blank\" rel=\"noreferrer noopener\">reter a fidelidade do consumidor<\/a> que prioriza os valores dos produtos.<\/p>\n\n\n\n<h3 class=\"wp-block-heading\"><strong>3. Aposte no lazer diversificado<\/strong><\/h3>\n\n\n\n<p>Priorizando o autocuidado e os momentos com amigos, a fam\u00edlia e si mesmos, um novo grupo est\u00e1 em busca de produtos que mexem com os sentidos. \u00c9 o <a href=\"https:\/\/nacao.digital\/blog\/dados-do-mercado-de-e-commerce-b2b\/\" target=\"_blank\" rel=\"noreferrer noopener\">mercado<\/a> das emo\u00e7\u00f5es que nasce a partir de servi\u00e7os hipersensoriais.<\/p>\n\n\n\n<h3 class=\"wp-block-heading\"><strong>4. Perceba como o &#8216;Consumentretenimento&#8217; chega ao mainstream<\/strong><\/h3>\n\n\n\n<p>Novas plataformas, ferramentas de <em>livestreaming <\/em>e a aceita\u00e7\u00e3o do consumidor de massa indicam esses espa\u00e7os como canais de venda.<\/p>\n\n\n\n<div class=\"wp-block-image\"><figure class=\"aligncenter size-full\"><a href=\"https:\/\/conteudo.nacao.digital\/live-commerce\/?utm_source=blog&amp;utm_medium=post&amp;utm_content=banner-live-commerce&amp;utm_campaign=consumidor-do-futuro\" target=\"_blank\" rel=\"noopener\"><img decoding=\"async\" width=\"700\" height=\"100\" src=\"https:\/\/nacao.digital\/blog\/wp-content\/uploads\/2021\/02\/live-commerce-com-vender-transmissoes-ao-vivo.jpg\" alt=\"live-commerce-com-vender-transmissoes-ao-vivo\" class=\"wp-image-6497\" srcset=\"https:\/\/nacao.digital\/blog\/wp-content\/uploads\/2021\/02\/live-commerce-com-vender-transmissoes-ao-vivo.jpg 700w, https:\/\/nacao.digital\/blog\/wp-content\/uploads\/2021\/02\/live-commerce-com-vender-transmissoes-ao-vivo-300x43.jpg 300w\" sizes=\"(max-width: 700px) 100vw, 700px\" \/><\/a><\/figure><\/div>\n\n\n\n<h3 class=\"wp-block-heading\"><strong>5. Mergulhe no metaverso<\/strong><\/h3>\n\n\n\n<p>Especialmente no varejo, um novo canal digital chegou para transformar a forma como as pessoas compram, trabalham, se divertem e aprendem.&nbsp;<\/p>\n\n\n\n<h3 class=\"wp-block-heading\"><strong>6. Preocupe-se com a\u00e7\u00f5es \u00e9ticas<\/strong><\/h3>\n\n\n\n<p>De acordo com o relat\u00f3rio, \u201ctodos os grupos exigem mudan\u00e7as positivas \u2014 sociais, ambientais e \u00e9ticas\u201d. Por isso, criar um plano de neg\u00f3cios que priorize as pessoas ao inv\u00e9s dos lucros \u00e9 a premissa.<\/p>\n\n\n\n<div class=\"wp-block-image\"><figure class=\"aligncenter size-full is-resized\"><img decoding=\"async\" src=\"https:\/\/nacao.digital\/blog\/wp-content\/uploads\/2022\/12\/consumidor-do-futuro-6.jpg\" alt=\"Mulher de cabelos pretos. Ela segura uma cesta cheia de flores brancas. Parecem margaridas. Ela est\u00e1 sorrindo, com uma apar\u00eancia de contente.\" class=\"wp-image-7720\" width=\"600\" height=\"400\" srcset=\"https:\/\/nacao.digital\/blog\/wp-content\/uploads\/2022\/12\/consumidor-do-futuro-6.jpg 1000w, https:\/\/nacao.digital\/blog\/wp-content\/uploads\/2022\/12\/consumidor-do-futuro-6-300x200.jpg 300w, https:\/\/nacao.digital\/blog\/wp-content\/uploads\/2022\/12\/consumidor-do-futuro-6-768x512.jpg 768w, https:\/\/nacao.digital\/blog\/wp-content\/uploads\/2022\/12\/consumidor-do-futuro-6-150x100.jpg 150w\" sizes=\"(max-width: 600px) 100vw, 600px\" \/><figcaption>A conex\u00e3o vai mover os novos perfis de consumidores em 2023.<\/figcaption><\/figure><\/div>\n\n\n\n<p>Entre o digital e o humano, entender o que esse novo p\u00fablico sente, como se comporta e o que deseja \u00e9 essencial para investir em conhecimento, servi\u00e7os e estrat\u00e9gias que saciem as demandas dessas pessoas e fa\u00e7a com que seu neg\u00f3cio siga relevante.<\/p>\n\n\n\n<p>Em resumo, para se destacar com esses novos quatro perfis de p\u00fablico, \u00e9 preciso proporcionar o toque f\u00edsico, acreditar no poder da conex\u00e3o em tempo real e dedicar aten\u00e7\u00e3o plena.<\/p>\n\n\n\n<p>Gostou deste texto e quer receber mais conte\u00fados como este direto na caixa de entrada do seu e-mail? Preencha o formul\u00e1rio abaixo e assine a <em>newsletter <\/em>da <a href=\"https:\/\/nacao.digital\/?utm_source=blog&amp;utm_medium=post&amp;utm_content=nacao-digital&amp;utm_campaign=consumidor-do-futuro\" target=\"_blank\" rel=\"noreferrer noopener\"><strong>Na\u00e7\u00e3o Digital<\/strong><\/a>!<\/p>\n\n\n\n<center> <div id=\"newsletter-blog-post-00a6f862a0546f78a91d\"><\/div>\n<script type=\"text\/javascript\" src=\"https:\/\/d335luupugsy2.cloudfront.net\/js\/rdstation-forms\/stable\/rdstation-forms.min.js\"><\/script>\n<script type=\"text\/javascript\">\n new RDStationForms('newsletter-blog-post-00a6f862a0546f78a91d-html').createForm();\n<\/script> <\/center>\n","protected":false},"excerpt":{"rendered":"<p>\u00c9 un\u00e2nime que vender bem est\u00e1 diretamente atrelado ao quanto uma empresa conhece e satisfaz os perfis de consumidores de cada nicho de mercado. Acontece que eles n\u00e3o s\u00e3o est\u00e1veis e est\u00e3o em constante transforma\u00e7\u00e3o. Isso ocorre por conta das mudan\u00e7as sociais, econ\u00f4micas e at\u00e9 mesmo pol\u00edticas que o mundo enfrenta a cada segundo.<\/p>\n","protected":false},"author":7,"featured_media":7725,"comment_status":"open","ping_status":"open","sticky":false,"template":"","format":"standard","meta":{"footnotes":""},"categories":[113,60,12,312],"tags":[533],"post_series":[],"yoast_head":"<!-- This site is optimized with the Yoast SEO plugin v22.0 - https:\/\/yoast.com\/wordpress\/plugins\/seo\/ -->\n<title>Consumidor do Futuro: conhe\u00e7a os perfis para 2023<\/title>\n<meta name=\"description\" content=\"Voc\u00ea \u00e9 capaz de definir e entender o consumidor do futuro? Acesse este conte\u00fado do blog para descobrir!\" \/>\n<meta name=\"robots\" content=\"index, follow, max-snippet:-1, max-image-preview:large, max-video-preview:-1\" \/>\n<link rel=\"canonical\" href=\"https:\/\/nacao.digital\/blog\/consumidor-do-futuro\/\" \/>\n<meta property=\"og:locale\" content=\"pt_BR\" \/>\n<meta property=\"og:type\" content=\"article\" \/>\n<meta property=\"og:title\" content=\"Consumidor do Futuro: conhe\u00e7a os perfis para 2023\" \/>\n<meta property=\"og:description\" content=\"Voc\u00ea \u00e9 capaz de definir e entender o consumidor do futuro? Acesse este conte\u00fado do blog para descobrir!\" \/>\n<meta property=\"og:url\" content=\"https:\/\/nacao.digital\/blog\/consumidor-do-futuro\/\" \/>\n<meta property=\"og:site_name\" content=\"Blog da Na\u00e7\u00e3o Digital\" \/>\n<meta property=\"article:publisher\" content=\"https:\/\/www.facebook.com\/inbound.commerce\" \/>\n<meta property=\"article:published_time\" content=\"2022-12-16T10:30:00+00:00\" \/>\n<meta property=\"article:modified_time\" content=\"2022-12-16T18:56:16+00:00\" \/>\n<meta property=\"og:image\" content=\"https:\/\/nacao.digital\/blog\/wp-content\/uploads\/2022\/12\/consumidor-do-futuro-5-e1669924087353.jpg\" \/>\n\t<meta property=\"og:image:width\" content=\"1000\" \/>\n\t<meta property=\"og:image:height\" content=\"540\" \/>\n\t<meta property=\"og:image:type\" content=\"image\/jpeg\" \/>\n<meta name=\"author\" content=\"Reda\u00e7\u00e3o - Na\u00e7\u00e3o Digital\" \/>\n<meta name=\"twitter:card\" content=\"summary_large_image\" \/>\n<meta name=\"twitter:label1\" content=\"Escrito por\" \/>\n\t<meta name=\"twitter:data1\" content=\"Reda\u00e7\u00e3o - Na\u00e7\u00e3o Digital\" \/>\n\t<meta name=\"twitter:label2\" content=\"Est. tempo de leitura\" \/>\n\t<meta name=\"twitter:data2\" content=\"12 minutos\" \/>\n<script type=\"application\/ld+json\" class=\"yoast-schema-graph\">{\"@context\":\"https:\/\/schema.org\",\"@graph\":[{\"@type\":\"Article\",\"@id\":\"https:\/\/nacao.digital\/blog\/consumidor-do-futuro\/#article\",\"isPartOf\":{\"@id\":\"https:\/\/nacao.digital\/blog\/consumidor-do-futuro\/\"},\"author\":{\"name\":\"Reda\u00e7\u00e3o - Na\u00e7\u00e3o Digital\",\"@id\":\"https:\/\/nacao.digital\/blog\/#\/schema\/person\/4e45d0f5b6d52948e113abab0619dcdc\"},\"headline\":\"Consumidor do Futuro: conhe\u00e7a os perfis de 2023\",\"datePublished\":\"2022-12-16T10:30:00+00:00\",\"dateModified\":\"2022-12-16T18:56:16+00:00\",\"mainEntityOfPage\":{\"@id\":\"https:\/\/nacao.digital\/blog\/consumidor-do-futuro\/\"},\"wordCount\":2025,\"commentCount\":0,\"publisher\":{\"@id\":\"https:\/\/nacao.digital\/blog\/#organization\"},\"keywords\":[\"consumidor do futuro\"],\"articleSection\":[\"E-commerce\",\"Gest\u00e3o\",\"inbound commerce\",\"Marketing\"],\"inLanguage\":\"pt-BR\",\"potentialAction\":[{\"@type\":\"CommentAction\",\"name\":\"Comment\",\"target\":[\"https:\/\/nacao.digital\/blog\/consumidor-do-futuro\/#respond\"]}]},{\"@type\":\"WebPage\",\"@id\":\"https:\/\/nacao.digital\/blog\/consumidor-do-futuro\/\",\"url\":\"https:\/\/nacao.digital\/blog\/consumidor-do-futuro\/\",\"name\":\"Consumidor do Futuro: conhe\u00e7a os perfis para 2023\",\"isPartOf\":{\"@id\":\"https:\/\/nacao.digital\/blog\/#website\"},\"datePublished\":\"2022-12-16T10:30:00+00:00\",\"dateModified\":\"2022-12-16T18:56:16+00:00\",\"description\":\"Voc\u00ea \u00e9 capaz de definir e entender o consumidor do futuro? Acesse este conte\u00fado do blog para descobrir!\",\"breadcrumb\":{\"@id\":\"https:\/\/nacao.digital\/blog\/consumidor-do-futuro\/#breadcrumb\"},\"inLanguage\":\"pt-BR\",\"potentialAction\":[{\"@type\":\"ReadAction\",\"target\":[\"https:\/\/nacao.digital\/blog\/consumidor-do-futuro\/\"]}]},{\"@type\":\"BreadcrumbList\",\"@id\":\"https:\/\/nacao.digital\/blog\/consumidor-do-futuro\/#breadcrumb\",\"itemListElement\":[{\"@type\":\"ListItem\",\"position\":1,\"name\":\"In\u00edcio\",\"item\":\"https:\/\/nacao.digital\/blog\/\"},{\"@type\":\"ListItem\",\"position\":2,\"name\":\"Consumidor do Futuro: conhe\u00e7a os perfis de 2023\"}]},{\"@type\":\"WebSite\",\"@id\":\"https:\/\/nacao.digital\/blog\/#website\",\"url\":\"https:\/\/nacao.digital\/blog\/\",\"name\":\"Blog da Na\u00e7\u00e3o Digital\",\"description\":\"Aprenda as melhores estrat\u00e9gias para atrair p\u00fablico mais segmentado, converter mais e vender muito. Tudo isso usando a metodologia de Inbound Marketing para E-commerce.\",\"publisher\":{\"@id\":\"https:\/\/nacao.digital\/blog\/#organization\"},\"potentialAction\":[{\"@type\":\"SearchAction\",\"target\":{\"@type\":\"EntryPoint\",\"urlTemplate\":\"https:\/\/nacao.digital\/blog\/?s={search_term_string}\"},\"query-input\":\"required name=search_term_string\"}],\"inLanguage\":\"pt-BR\"},{\"@type\":\"Organization\",\"@id\":\"https:\/\/nacao.digital\/blog\/#organization\",\"name\":\"Na\u00e7\u00e3o Digital\",\"url\":\"https:\/\/nacao.digital\/blog\/\",\"logo\":{\"@type\":\"ImageObject\",\"inLanguage\":\"pt-BR\",\"@id\":\"https:\/\/nacao.digital\/blog\/#\/schema\/logo\/image\/\",\"url\":\"https:\/\/nacao.digital\/blog\/wp-content\/uploads\/2018\/05\/nacao-digital.jpg\",\"contentUrl\":\"https:\/\/nacao.digital\/blog\/wp-content\/uploads\/2018\/05\/nacao-digital.jpg\",\"width\":590,\"height\":389,\"caption\":\"Na\u00e7\u00e3o Digital\"},\"image\":{\"@id\":\"https:\/\/nacao.digital\/blog\/#\/schema\/logo\/image\/\"},\"sameAs\":[\"https:\/\/www.facebook.com\/inbound.commerce\",\"https:\/\/www.instagram.com\/nacaodigital\/\",\"https:\/\/pt.linkedin.com\/company\/na\u00e7\u00e3o-digital\"]},{\"@type\":\"Person\",\"@id\":\"https:\/\/nacao.digital\/blog\/#\/schema\/person\/4e45d0f5b6d52948e113abab0619dcdc\",\"name\":\"Reda\u00e7\u00e3o - Na\u00e7\u00e3o Digital\",\"image\":{\"@type\":\"ImageObject\",\"inLanguage\":\"pt-BR\",\"@id\":\"https:\/\/nacao.digital\/blog\/#\/schema\/person\/image\/\",\"url\":\"https:\/\/secure.gravatar.com\/avatar\/02e4691d00230d3425c562e7e363f571?s=96&d=mm&r=g\",\"contentUrl\":\"https:\/\/secure.gravatar.com\/avatar\/02e4691d00230d3425c562e7e363f571?s=96&d=mm&r=g\",\"caption\":\"Reda\u00e7\u00e3o - Na\u00e7\u00e3o Digital\"},\"description\":\"Equipe de Reda\u00e7\u00e3o da Na\u00e7\u00e3o Digital\",\"sameAs\":[\"http:\/\/nacao.digital\"],\"url\":\"https:\/\/nacao.digital\/blog\/author\/redacao\/\"}]}<\/script>\n<!-- \/ Yoast SEO plugin. -->","yoast_head_json":{"title":"Consumidor do Futuro: conhe\u00e7a os perfis para 2023","description":"Voc\u00ea \u00e9 capaz de definir e entender o consumidor do futuro? Acesse este conte\u00fado do blog para descobrir!","robots":{"index":"index","follow":"follow","max-snippet":"max-snippet:-1","max-image-preview":"max-image-preview:large","max-video-preview":"max-video-preview:-1"},"canonical":"https:\/\/nacao.digital\/blog\/consumidor-do-futuro\/","og_locale":"pt_BR","og_type":"article","og_title":"Consumidor do Futuro: conhe\u00e7a os perfis para 2023","og_description":"Voc\u00ea \u00e9 capaz de definir e entender o consumidor do futuro? Acesse este conte\u00fado do blog para descobrir!","og_url":"https:\/\/nacao.digital\/blog\/consumidor-do-futuro\/","og_site_name":"Blog da Na\u00e7\u00e3o Digital","article_publisher":"https:\/\/www.facebook.com\/inbound.commerce","article_published_time":"2022-12-16T10:30:00+00:00","article_modified_time":"2022-12-16T18:56:16+00:00","og_image":[{"width":1000,"height":540,"url":"https:\/\/nacao.digital\/blog\/wp-content\/uploads\/2022\/12\/consumidor-do-futuro-5-e1669924087353.jpg","type":"image\/jpeg"}],"author":"Reda\u00e7\u00e3o - Na\u00e7\u00e3o Digital","twitter_card":"summary_large_image","twitter_misc":{"Escrito por":"Reda\u00e7\u00e3o - Na\u00e7\u00e3o Digital","Est. tempo de leitura":"12 minutos"},"schema":{"@context":"https:\/\/schema.org","@graph":[{"@type":"Article","@id":"https:\/\/nacao.digital\/blog\/consumidor-do-futuro\/#article","isPartOf":{"@id":"https:\/\/nacao.digital\/blog\/consumidor-do-futuro\/"},"author":{"name":"Reda\u00e7\u00e3o - Na\u00e7\u00e3o Digital","@id":"https:\/\/nacao.digital\/blog\/#\/schema\/person\/4e45d0f5b6d52948e113abab0619dcdc"},"headline":"Consumidor do Futuro: conhe\u00e7a os perfis de 2023","datePublished":"2022-12-16T10:30:00+00:00","dateModified":"2022-12-16T18:56:16+00:00","mainEntityOfPage":{"@id":"https:\/\/nacao.digital\/blog\/consumidor-do-futuro\/"},"wordCount":2025,"commentCount":0,"publisher":{"@id":"https:\/\/nacao.digital\/blog\/#organization"},"keywords":["consumidor do futuro"],"articleSection":["E-commerce","Gest\u00e3o","inbound commerce","Marketing"],"inLanguage":"pt-BR","potentialAction":[{"@type":"CommentAction","name":"Comment","target":["https:\/\/nacao.digital\/blog\/consumidor-do-futuro\/#respond"]}]},{"@type":"WebPage","@id":"https:\/\/nacao.digital\/blog\/consumidor-do-futuro\/","url":"https:\/\/nacao.digital\/blog\/consumidor-do-futuro\/","name":"Consumidor do Futuro: conhe\u00e7a os perfis para 2023","isPartOf":{"@id":"https:\/\/nacao.digital\/blog\/#website"},"datePublished":"2022-12-16T10:30:00+00:00","dateModified":"2022-12-16T18:56:16+00:00","description":"Voc\u00ea \u00e9 capaz de definir e entender o consumidor do futuro? Acesse este conte\u00fado do blog para descobrir!","breadcrumb":{"@id":"https:\/\/nacao.digital\/blog\/consumidor-do-futuro\/#breadcrumb"},"inLanguage":"pt-BR","potentialAction":[{"@type":"ReadAction","target":["https:\/\/nacao.digital\/blog\/consumidor-do-futuro\/"]}]},{"@type":"BreadcrumbList","@id":"https:\/\/nacao.digital\/blog\/consumidor-do-futuro\/#breadcrumb","itemListElement":[{"@type":"ListItem","position":1,"name":"In\u00edcio","item":"https:\/\/nacao.digital\/blog\/"},{"@type":"ListItem","position":2,"name":"Consumidor do Futuro: conhe\u00e7a os perfis de 2023"}]},{"@type":"WebSite","@id":"https:\/\/nacao.digital\/blog\/#website","url":"https:\/\/nacao.digital\/blog\/","name":"Blog da Na\u00e7\u00e3o Digital","description":"Aprenda as melhores estrat\u00e9gias para atrair p\u00fablico mais segmentado, converter mais e vender muito. Tudo isso usando a metodologia de Inbound Marketing para E-commerce.","publisher":{"@id":"https:\/\/nacao.digital\/blog\/#organization"},"potentialAction":[{"@type":"SearchAction","target":{"@type":"EntryPoint","urlTemplate":"https:\/\/nacao.digital\/blog\/?s={search_term_string}"},"query-input":"required name=search_term_string"}],"inLanguage":"pt-BR"},{"@type":"Organization","@id":"https:\/\/nacao.digital\/blog\/#organization","name":"Na\u00e7\u00e3o Digital","url":"https:\/\/nacao.digital\/blog\/","logo":{"@type":"ImageObject","inLanguage":"pt-BR","@id":"https:\/\/nacao.digital\/blog\/#\/schema\/logo\/image\/","url":"https:\/\/nacao.digital\/blog\/wp-content\/uploads\/2018\/05\/nacao-digital.jpg","contentUrl":"https:\/\/nacao.digital\/blog\/wp-content\/uploads\/2018\/05\/nacao-digital.jpg","width":590,"height":389,"caption":"Na\u00e7\u00e3o Digital"},"image":{"@id":"https:\/\/nacao.digital\/blog\/#\/schema\/logo\/image\/"},"sameAs":["https:\/\/www.facebook.com\/inbound.commerce","https:\/\/www.instagram.com\/nacaodigital\/","https:\/\/pt.linkedin.com\/company\/na\u00e7\u00e3o-digital"]},{"@type":"Person","@id":"https:\/\/nacao.digital\/blog\/#\/schema\/person\/4e45d0f5b6d52948e113abab0619dcdc","name":"Reda\u00e7\u00e3o - Na\u00e7\u00e3o Digital","image":{"@type":"ImageObject","inLanguage":"pt-BR","@id":"https:\/\/nacao.digital\/blog\/#\/schema\/person\/image\/","url":"https:\/\/secure.gravatar.com\/avatar\/02e4691d00230d3425c562e7e363f571?s=96&d=mm&r=g","contentUrl":"https:\/\/secure.gravatar.com\/avatar\/02e4691d00230d3425c562e7e363f571?s=96&d=mm&r=g","caption":"Reda\u00e7\u00e3o - Na\u00e7\u00e3o Digital"},"description":"Equipe de Reda\u00e7\u00e3o da Na\u00e7\u00e3o Digital","sameAs":["http:\/\/nacao.digital"],"url":"https:\/\/nacao.digital\/blog\/author\/redacao\/"}]}},"amp_enabled":true,"_links":{"self":[{"href":"https:\/\/nacao.digital\/blog\/wp-json\/wp\/v2\/posts\/7719"}],"collection":[{"href":"https:\/\/nacao.digital\/blog\/wp-json\/wp\/v2\/posts"}],"about":[{"href":"https:\/\/nacao.digital\/blog\/wp-json\/wp\/v2\/types\/post"}],"author":[{"embeddable":true,"href":"https:\/\/nacao.digital\/blog\/wp-json\/wp\/v2\/users\/7"}],"replies":[{"embeddable":true,"href":"https:\/\/nacao.digital\/blog\/wp-json\/wp\/v2\/comments?post=7719"}],"version-history":[{"count":6,"href":"https:\/\/nacao.digital\/blog\/wp-json\/wp\/v2\/posts\/7719\/revisions"}],"predecessor-version":[{"id":7781,"href":"https:\/\/nacao.digital\/blog\/wp-json\/wp\/v2\/posts\/7719\/revisions\/7781"}],"wp:featuredmedia":[{"embeddable":true,"href":"https:\/\/nacao.digital\/blog\/wp-json\/wp\/v2\/media\/7725"}],"wp:attachment":[{"href":"https:\/\/nacao.digital\/blog\/wp-json\/wp\/v2\/media?parent=7719"}],"wp:term":[{"taxonomy":"category","embeddable":true,"href":"https:\/\/nacao.digital\/blog\/wp-json\/wp\/v2\/categories?post=7719"},{"taxonomy":"post_tag","embeddable":true,"href":"https:\/\/nacao.digital\/blog\/wp-json\/wp\/v2\/tags?post=7719"},{"taxonomy":"post_series","embeddable":true,"href":"https:\/\/nacao.digital\/blog\/wp-json\/wp\/v2\/post_series?post=7719"}],"curies":[{"name":"wp","href":"https:\/\/api.w.org\/{rel}","templated":true}]}}