{"id":795,"date":"2016-12-20T08:00:30","date_gmt":"2016-12-20T08:00:30","guid":{"rendered":"http:\/\/nacao.digital\/blog\/?p=795"},"modified":"2016-12-20T08:00:30","modified_gmt":"2016-12-20T08:00:30","slug":"retrospectiva-e-commerce-2016","status":"publish","type":"post","link":"https:\/\/nacao.digital\/blog\/retrospectiva-e-commerce-2016\/","title":{"rendered":"Retrospectiva e-commerce 2016 e tend\u00eancias para 2017"},"content":{"rendered":"<p><span style=\"font-weight: 400;\">O ano de 2016 foi mais um indicativo do quanto o e-commerce vem ultrapassando as lojas f\u00edsicas em porcentagem de crescimento e em inova\u00e7\u00f5es para o setor. Tend\u00eancias foram lan\u00e7adas, testadas e confirmadas durante este ano, e muitos resultados positivos foram alcan\u00e7ados.<\/span><\/p>\n<p><!--more--><\/p>\n<h2><b>Dados do e-commerce em 2016<\/b><\/h2>\n<p>&nbsp;<\/p>\n<p><span style=\"font-weight: 400;\">O primeiro semestre representou 5,2% de crescimento em rela\u00e7\u00e3o \u00e0 2015, com um faturamento de 19,6 bilh\u00f5es. Foi um aumento de 7% no ticket m\u00e9dio, ficando em R$403,46, com maior participa\u00e7\u00e3o das classes AB e aumento de vendas via dispositivos m\u00f3veis.<\/span><\/p>\n<p><span style=\"font-weight: 400;\">Este valor foi marcado principalmente pelo dia das m\u00e3es, dia do consumidor e dia dos namorados. O dia das m\u00e3es apresentou 8% de crescimento no faturamento, com R$ 1,62 bilh\u00e3o, tendo eletr\u00f4nicos, moda e acess\u00f3rios como destaque. <\/span><\/p>\n<p><span style=\"font-weight: 400;\">O dia do consumidor, data bastante explorada durante per\u00edodos mais longos para promo\u00e7\u00f5es no e-commerce, teve um n\u00famero de pedidos 19% maior do que no ano anterior, chegando a 562 mil nas primeiras 24 horas. Durante todo o per\u00edodo, foi alcan\u00e7ado R$ 271 milh\u00f5es de faturamento. Livros, assinaturas e revistas foram o destaque para a data, seguidos dos eletrodom\u00e9sticos. <\/span><\/p>\n<p><span style=\"font-weight: 400;\">O dia dos namorados, data que s\u00f3 cresce no e-commerce brasileiro, teve um faturamento de R$ 1,65 bilh\u00e3o. Isto representou uma varia\u00e7\u00e3o positiva de 16% em compara\u00e7\u00e3o \u00e0 2015, com 8% de aumento no n\u00famero de pedidos. Assim como no dia do consumidor, livros, assinaturas e revistas foram destaque, seguidos de eletrodom\u00e9sticos.<\/span><\/p>\n<p><span style=\"font-weight: 400;\">No segundo semestre, as vendas foram marcadas pelo dia dos pais e black friday. O dia dos pais apresentou 12% de crescimento com rela\u00e7\u00e3o a 2015, gerando uma receita de R$ 1,76 bilh\u00e3o para as lojas virtuais. \u00a0<\/span><\/p>\n<p><span style=\"font-weight: 400;\">Durante a Black Friday, as vendas registraram alta de 17% em compara\u00e7\u00e3o ao ano anterior, com um crescimento de 4% no n\u00famero de pedidos, alcan\u00e7ando 2,92 milh\u00f5es no faturamento com ticket m\u00e9dio de R$653. Uma tend\u00eancia do e-commerce ficou ainda mais clara durante este per\u00edodo: compras por dispositivos m\u00f3veis representaram 20% das vendas na Black Friday. <\/span><\/p>\n<p><span style=\"font-weight: 400;\">A previs\u00e3o do e-Bit no come\u00e7o de 2016 era de que o e-commerce faturasse R$44,6 bilh\u00f5es durante este ano, com um crescimento nominal de 8% com rela\u00e7\u00e3o ao ano anterior. Considerando o valor do faturamento no primeiro semestre e os resultados do primeiro trimestre de 2016 em R$ 9,75 bilh\u00f5es, podemos prever que at\u00e9 o fim do ano esta previs\u00e3o ser\u00e1 alcan\u00e7ada e, possivelmente, ultrapassada.<\/span><\/p>\n<h2><b>Tend\u00eancias para 2017<\/b><\/h2>\n<p><span style=\"font-weight: 400;\">Com todos estes resultados, diversas tend\u00eancias vieram a tona durante o ano de 2016 e permanecem no pr\u00f3ximo ano. A principal dela \u00e9 a compra via <\/span><b>mobile<\/b><span style=\"font-weight: 400;\">. Durante todas as principais datas do setor foi percebido um crescimento exponencial do uso de dispositivos m\u00f3veis para finalizar a compra.<\/span><\/p>\n<p><span style=\"font-weight: 400;\">Junto \u00e0 esta tend\u00eancia vem o <\/span><b>omnichannel <\/b><span style=\"font-weight: 400;\">ampliado em todos os canais de venda. \u00c9 preciso ser poss\u00edvel come\u00e7ar a compra em um dispositivo e terminar em outro, assim como comprar um produto por meio do e-commerce e buscar na loja f\u00edsica e vice versa. S\u00e3o infinitas as possibilidades para o omnichannel e a tend\u00eancia ser\u00e1 explor\u00e1-las cada vez mais como um diferencial. <\/span><\/p>\n<p><span style=\"font-weight: 400;\">O omnichannel s\u00f3 pode ocorrer a partir da cria\u00e7\u00e3o de um<\/span><b> relacionamento mais personalizado <\/b><span style=\"font-weight: 400;\">para cada experi\u00eancia de compra. Uma equipe treinada para responder de forma pessoal e direta cada consumidor \u00e9 obrigat\u00f3ria para o ano de 2017, assim como a coer\u00eancia de atendimento em todos os canais.<\/span><\/p>\n<p><span style=\"font-weight: 400;\">Al\u00e9m disso, \u00e9 poss\u00edvel perceber uma mudan\u00e7a ocorrendo na forma de envio dos produtos no e-commerce, devido as diversas altera\u00e7\u00f5es dos Correios em 2016. O e-sedex acabou e \u00e9 preciso encontrar <\/span><b>alternativas de frete e pagamento<\/b><span style=\"font-weight: 400;\"> para os consumidores n\u00e3o desistirem da compra. Este talvez seja o maior desafio do e-commerce em 2017. <\/span><\/p>\n<p><span style=\"font-weight: 400;\">Uma \u00faltima tend\u00eancia que se destacou em 2016 foram os <\/span><b>e-commerces de nicho<\/b><span style=\"font-weight: 400;\">. Foi percebido um crescimento exponencial nas lojas que utilizam um marketing mais assertivo para nichos espec\u00edficos, o que pode ser uma \u00f3tima oportunidade estendida para 2017. <\/span><\/p>\n<p><span style=\"font-weight: 400;\">Est\u00e1 preparado para o pr\u00f3ximo desafio no e-commerce? Ent\u00e3o fique ligado no calend\u00e1rio para o e-commerce e comece seu planejamento! <\/span><\/p>\n<p><a href=\"http:\/\/conteudo.nacao.digital\/calendario-ecommerce-2018\" target=\"_blank\" rel=\"noopener\"><img decoding=\"async\" class=\"aligncenter wp-image-1179 size-large\" title=\"calend\u00e1rio para o e-commerce\" src=\"http:\/\/nacao.digital\/blog\/wp-content\/uploads\/2016\/04\/calend\u00e1rio-para-o-e-commerce-1024x512.png\" alt=\"calend\u00e1rio para o e-commerce\" width=\"900\" height=\"450\" srcset=\"https:\/\/nacao.digital\/blog\/wp-content\/uploads\/2016\/04\/calend\u00e1rio-para-o-e-commerce-1024x512.png 1024w, https:\/\/nacao.digital\/blog\/wp-content\/uploads\/2016\/04\/calend\u00e1rio-para-o-e-commerce-300x150.png 300w, https:\/\/nacao.digital\/blog\/wp-content\/uploads\/2016\/04\/calend\u00e1rio-para-o-e-commerce-768x384.png 768w, https:\/\/nacao.digital\/blog\/wp-content\/uploads\/2016\/04\/calend\u00e1rio-para-o-e-commerce.png 1200w\" sizes=\"(max-width: 900px) 100vw, 900px\" \/><\/a><\/p>\n","protected":false},"excerpt":{"rendered":"<p>O ano de 2016 foi mais um indicativo do quanto o e-commerce vem ultrapassando as lojas f\u00edsicas em porcentagem de crescimento e em inova\u00e7\u00f5es para o setor. Tend\u00eancias foram lan\u00e7adas, testadas e confirmadas durante este ano, e muitos resultados positivos foram alcan\u00e7ados.<\/p>\n","protected":false},"author":7,"featured_media":796,"comment_status":"open","ping_status":"open","sticky":false,"template":"","format":"standard","meta":{"footnotes":""},"categories":[60],"tags":[43],"post_series":[],"yoast_head":"<!-- This site is optimized with the Yoast SEO plugin v22.0 - https:\/\/yoast.com\/wordpress\/plugins\/seo\/ -->\n<title>Retrospectiva e-commerce 2016 e tend\u00eancias para 2017 | Blog da Na\u00e7\u00e3o Digital<\/title>\n<meta name=\"description\" content=\"Veja os dados do e-commerce em 2016 para as principais datas de promo\u00e7\u00f5es e as tend\u00eancias que surgiram este ano e prometem para 2017.\" \/>\n<meta name=\"robots\" content=\"index, follow, max-snippet:-1, max-image-preview:large, max-video-preview:-1\" \/>\n<link rel=\"canonical\" href=\"https:\/\/nacao.digital\/blog\/retrospectiva-e-commerce-2016\/\" \/>\n<meta property=\"og:locale\" content=\"pt_BR\" \/>\n<meta property=\"og:type\" content=\"article\" \/>\n<meta property=\"og:title\" content=\"Retrospectiva e-commerce 2016 e tend\u00eancias para 2017 | Blog da Na\u00e7\u00e3o Digital\" \/>\n<meta property=\"og:description\" content=\"Veja os dados do e-commerce em 2016 para as principais datas de promo\u00e7\u00f5es e as tend\u00eancias que surgiram este ano e prometem para 2017.\" \/>\n<meta property=\"og:url\" content=\"https:\/\/nacao.digital\/blog\/retrospectiva-e-commerce-2016\/\" \/>\n<meta property=\"og:site_name\" content=\"Blog da Na\u00e7\u00e3o Digital\" \/>\n<meta property=\"article:publisher\" content=\"https:\/\/www.facebook.com\/inbound.commerce\" \/>\n<meta property=\"article:published_time\" content=\"2016-12-20T08:00:30+00:00\" \/>\n<meta property=\"og:image\" content=\"https:\/\/nacao.digital\/blog\/wp-content\/uploads\/2016\/12\/retrospectiva-ecommerce.png\" \/>\n\t<meta property=\"og:image:width\" content=\"855\" \/>\n\t<meta property=\"og:image:height\" content=\"400\" \/>\n\t<meta property=\"og:image:type\" content=\"image\/png\" \/>\n<meta name=\"author\" content=\"Reda\u00e7\u00e3o - Na\u00e7\u00e3o Digital\" \/>\n<meta name=\"twitter:card\" content=\"summary_large_image\" \/>\n<meta name=\"twitter:label1\" content=\"Escrito por\" \/>\n\t<meta name=\"twitter:data1\" content=\"Reda\u00e7\u00e3o - Na\u00e7\u00e3o Digital\" \/>\n\t<meta name=\"twitter:label2\" content=\"Est. tempo de leitura\" \/>\n\t<meta name=\"twitter:data2\" content=\"3 minutos\" \/>\n<script type=\"application\/ld+json\" class=\"yoast-schema-graph\">{\"@context\":\"https:\/\/schema.org\",\"@graph\":[{\"@type\":\"Article\",\"@id\":\"https:\/\/nacao.digital\/blog\/retrospectiva-e-commerce-2016\/#article\",\"isPartOf\":{\"@id\":\"https:\/\/nacao.digital\/blog\/retrospectiva-e-commerce-2016\/\"},\"author\":{\"name\":\"Reda\u00e7\u00e3o - Na\u00e7\u00e3o Digital\",\"@id\":\"https:\/\/nacao.digital\/blog\/#\/schema\/person\/4e45d0f5b6d52948e113abab0619dcdc\"},\"headline\":\"Retrospectiva e-commerce 2016 e tend\u00eancias para 2017\",\"datePublished\":\"2016-12-20T08:00:30+00:00\",\"dateModified\":\"2016-12-20T08:00:30+00:00\",\"mainEntityOfPage\":{\"@id\":\"https:\/\/nacao.digital\/blog\/retrospectiva-e-commerce-2016\/\"},\"wordCount\":702,\"commentCount\":4,\"publisher\":{\"@id\":\"https:\/\/nacao.digital\/blog\/#organization\"},\"keywords\":[\"calend\u00e1rio para o e-commerce\"],\"articleSection\":[\"Gest\u00e3o\"],\"inLanguage\":\"pt-BR\",\"potentialAction\":[{\"@type\":\"CommentAction\",\"name\":\"Comment\",\"target\":[\"https:\/\/nacao.digital\/blog\/retrospectiva-e-commerce-2016\/#respond\"]}]},{\"@type\":\"WebPage\",\"@id\":\"https:\/\/nacao.digital\/blog\/retrospectiva-e-commerce-2016\/\",\"url\":\"https:\/\/nacao.digital\/blog\/retrospectiva-e-commerce-2016\/\",\"name\":\"Retrospectiva e-commerce 2016 e tend\u00eancias para 2017 | Blog da Na\u00e7\u00e3o Digital\",\"isPartOf\":{\"@id\":\"https:\/\/nacao.digital\/blog\/#website\"},\"datePublished\":\"2016-12-20T08:00:30+00:00\",\"dateModified\":\"2016-12-20T08:00:30+00:00\",\"description\":\"Veja os dados do e-commerce em 2016 para as principais datas de promo\u00e7\u00f5es e as tend\u00eancias que surgiram este ano e prometem para 2017.\",\"breadcrumb\":{\"@id\":\"https:\/\/nacao.digital\/blog\/retrospectiva-e-commerce-2016\/#breadcrumb\"},\"inLanguage\":\"pt-BR\",\"potentialAction\":[{\"@type\":\"ReadAction\",\"target\":[\"https:\/\/nacao.digital\/blog\/retrospectiva-e-commerce-2016\/\"]}]},{\"@type\":\"BreadcrumbList\",\"@id\":\"https:\/\/nacao.digital\/blog\/retrospectiva-e-commerce-2016\/#breadcrumb\",\"itemListElement\":[{\"@type\":\"ListItem\",\"position\":1,\"name\":\"In\u00edcio\",\"item\":\"https:\/\/nacao.digital\/blog\/\"},{\"@type\":\"ListItem\",\"position\":2,\"name\":\"Retrospectiva e-commerce 2016 e tend\u00eancias para 2017\"}]},{\"@type\":\"WebSite\",\"@id\":\"https:\/\/nacao.digital\/blog\/#website\",\"url\":\"https:\/\/nacao.digital\/blog\/\",\"name\":\"Blog da Na\u00e7\u00e3o Digital\",\"description\":\"Aprenda as melhores estrat\u00e9gias para atrair p\u00fablico mais segmentado, converter mais e vender muito. Tudo isso usando a metodologia de Inbound Marketing para E-commerce.\",\"publisher\":{\"@id\":\"https:\/\/nacao.digital\/blog\/#organization\"},\"potentialAction\":[{\"@type\":\"SearchAction\",\"target\":{\"@type\":\"EntryPoint\",\"urlTemplate\":\"https:\/\/nacao.digital\/blog\/?s={search_term_string}\"},\"query-input\":\"required name=search_term_string\"}],\"inLanguage\":\"pt-BR\"},{\"@type\":\"Organization\",\"@id\":\"https:\/\/nacao.digital\/blog\/#organization\",\"name\":\"Na\u00e7\u00e3o Digital\",\"url\":\"https:\/\/nacao.digital\/blog\/\",\"logo\":{\"@type\":\"ImageObject\",\"inLanguage\":\"pt-BR\",\"@id\":\"https:\/\/nacao.digital\/blog\/#\/schema\/logo\/image\/\",\"url\":\"https:\/\/nacao.digital\/blog\/wp-content\/uploads\/2018\/05\/nacao-digital.jpg\",\"contentUrl\":\"https:\/\/nacao.digital\/blog\/wp-content\/uploads\/2018\/05\/nacao-digital.jpg\",\"width\":590,\"height\":389,\"caption\":\"Na\u00e7\u00e3o Digital\"},\"image\":{\"@id\":\"https:\/\/nacao.digital\/blog\/#\/schema\/logo\/image\/\"},\"sameAs\":[\"https:\/\/www.facebook.com\/inbound.commerce\",\"https:\/\/www.instagram.com\/nacaodigital\/\",\"https:\/\/pt.linkedin.com\/company\/na\u00e7\u00e3o-digital\"]},{\"@type\":\"Person\",\"@id\":\"https:\/\/nacao.digital\/blog\/#\/schema\/person\/4e45d0f5b6d52948e113abab0619dcdc\",\"name\":\"Reda\u00e7\u00e3o - Na\u00e7\u00e3o Digital\",\"image\":{\"@type\":\"ImageObject\",\"inLanguage\":\"pt-BR\",\"@id\":\"https:\/\/nacao.digital\/blog\/#\/schema\/person\/image\/\",\"url\":\"https:\/\/secure.gravatar.com\/avatar\/02e4691d00230d3425c562e7e363f571?s=96&d=mm&r=g\",\"contentUrl\":\"https:\/\/secure.gravatar.com\/avatar\/02e4691d00230d3425c562e7e363f571?s=96&d=mm&r=g\",\"caption\":\"Reda\u00e7\u00e3o - Na\u00e7\u00e3o Digital\"},\"description\":\"Equipe de Reda\u00e7\u00e3o da Na\u00e7\u00e3o Digital\",\"sameAs\":[\"http:\/\/nacao.digital\"],\"url\":\"https:\/\/nacao.digital\/blog\/author\/redacao\/\"}]}<\/script>\n<!-- \/ Yoast SEO plugin. -->","yoast_head_json":{"title":"Retrospectiva e-commerce 2016 e tend\u00eancias para 2017 | Blog da Na\u00e7\u00e3o Digital","description":"Veja os dados do e-commerce em 2016 para as principais datas de promo\u00e7\u00f5es e as tend\u00eancias que surgiram este ano e prometem para 2017.","robots":{"index":"index","follow":"follow","max-snippet":"max-snippet:-1","max-image-preview":"max-image-preview:large","max-video-preview":"max-video-preview:-1"},"canonical":"https:\/\/nacao.digital\/blog\/retrospectiva-e-commerce-2016\/","og_locale":"pt_BR","og_type":"article","og_title":"Retrospectiva e-commerce 2016 e tend\u00eancias para 2017 | Blog da Na\u00e7\u00e3o Digital","og_description":"Veja os dados do e-commerce em 2016 para as principais datas de promo\u00e7\u00f5es e as tend\u00eancias que surgiram este ano e prometem para 2017.","og_url":"https:\/\/nacao.digital\/blog\/retrospectiva-e-commerce-2016\/","og_site_name":"Blog da Na\u00e7\u00e3o Digital","article_publisher":"https:\/\/www.facebook.com\/inbound.commerce","article_published_time":"2016-12-20T08:00:30+00:00","og_image":[{"width":855,"height":400,"url":"https:\/\/nacao.digital\/blog\/wp-content\/uploads\/2016\/12\/retrospectiva-ecommerce.png","type":"image\/png"}],"author":"Reda\u00e7\u00e3o - Na\u00e7\u00e3o Digital","twitter_card":"summary_large_image","twitter_misc":{"Escrito por":"Reda\u00e7\u00e3o - Na\u00e7\u00e3o Digital","Est. tempo de leitura":"3 minutos"},"schema":{"@context":"https:\/\/schema.org","@graph":[{"@type":"Article","@id":"https:\/\/nacao.digital\/blog\/retrospectiva-e-commerce-2016\/#article","isPartOf":{"@id":"https:\/\/nacao.digital\/blog\/retrospectiva-e-commerce-2016\/"},"author":{"name":"Reda\u00e7\u00e3o - Na\u00e7\u00e3o Digital","@id":"https:\/\/nacao.digital\/blog\/#\/schema\/person\/4e45d0f5b6d52948e113abab0619dcdc"},"headline":"Retrospectiva e-commerce 2016 e tend\u00eancias para 2017","datePublished":"2016-12-20T08:00:30+00:00","dateModified":"2016-12-20T08:00:30+00:00","mainEntityOfPage":{"@id":"https:\/\/nacao.digital\/blog\/retrospectiva-e-commerce-2016\/"},"wordCount":702,"commentCount":4,"publisher":{"@id":"https:\/\/nacao.digital\/blog\/#organization"},"keywords":["calend\u00e1rio para o e-commerce"],"articleSection":["Gest\u00e3o"],"inLanguage":"pt-BR","potentialAction":[{"@type":"CommentAction","name":"Comment","target":["https:\/\/nacao.digital\/blog\/retrospectiva-e-commerce-2016\/#respond"]}]},{"@type":"WebPage","@id":"https:\/\/nacao.digital\/blog\/retrospectiva-e-commerce-2016\/","url":"https:\/\/nacao.digital\/blog\/retrospectiva-e-commerce-2016\/","name":"Retrospectiva e-commerce 2016 e tend\u00eancias para 2017 | Blog da Na\u00e7\u00e3o Digital","isPartOf":{"@id":"https:\/\/nacao.digital\/blog\/#website"},"datePublished":"2016-12-20T08:00:30+00:00","dateModified":"2016-12-20T08:00:30+00:00","description":"Veja os dados do e-commerce em 2016 para as principais datas de promo\u00e7\u00f5es e as tend\u00eancias que surgiram este ano e prometem para 2017.","breadcrumb":{"@id":"https:\/\/nacao.digital\/blog\/retrospectiva-e-commerce-2016\/#breadcrumb"},"inLanguage":"pt-BR","potentialAction":[{"@type":"ReadAction","target":["https:\/\/nacao.digital\/blog\/retrospectiva-e-commerce-2016\/"]}]},{"@type":"BreadcrumbList","@id":"https:\/\/nacao.digital\/blog\/retrospectiva-e-commerce-2016\/#breadcrumb","itemListElement":[{"@type":"ListItem","position":1,"name":"In\u00edcio","item":"https:\/\/nacao.digital\/blog\/"},{"@type":"ListItem","position":2,"name":"Retrospectiva e-commerce 2016 e tend\u00eancias para 2017"}]},{"@type":"WebSite","@id":"https:\/\/nacao.digital\/blog\/#website","url":"https:\/\/nacao.digital\/blog\/","name":"Blog da Na\u00e7\u00e3o Digital","description":"Aprenda as melhores estrat\u00e9gias para atrair p\u00fablico mais segmentado, converter mais e vender muito. Tudo isso usando a metodologia de Inbound Marketing para E-commerce.","publisher":{"@id":"https:\/\/nacao.digital\/blog\/#organization"},"potentialAction":[{"@type":"SearchAction","target":{"@type":"EntryPoint","urlTemplate":"https:\/\/nacao.digital\/blog\/?s={search_term_string}"},"query-input":"required name=search_term_string"}],"inLanguage":"pt-BR"},{"@type":"Organization","@id":"https:\/\/nacao.digital\/blog\/#organization","name":"Na\u00e7\u00e3o Digital","url":"https:\/\/nacao.digital\/blog\/","logo":{"@type":"ImageObject","inLanguage":"pt-BR","@id":"https:\/\/nacao.digital\/blog\/#\/schema\/logo\/image\/","url":"https:\/\/nacao.digital\/blog\/wp-content\/uploads\/2018\/05\/nacao-digital.jpg","contentUrl":"https:\/\/nacao.digital\/blog\/wp-content\/uploads\/2018\/05\/nacao-digital.jpg","width":590,"height":389,"caption":"Na\u00e7\u00e3o Digital"},"image":{"@id":"https:\/\/nacao.digital\/blog\/#\/schema\/logo\/image\/"},"sameAs":["https:\/\/www.facebook.com\/inbound.commerce","https:\/\/www.instagram.com\/nacaodigital\/","https:\/\/pt.linkedin.com\/company\/na\u00e7\u00e3o-digital"]},{"@type":"Person","@id":"https:\/\/nacao.digital\/blog\/#\/schema\/person\/4e45d0f5b6d52948e113abab0619dcdc","name":"Reda\u00e7\u00e3o - Na\u00e7\u00e3o Digital","image":{"@type":"ImageObject","inLanguage":"pt-BR","@id":"https:\/\/nacao.digital\/blog\/#\/schema\/person\/image\/","url":"https:\/\/secure.gravatar.com\/avatar\/02e4691d00230d3425c562e7e363f571?s=96&d=mm&r=g","contentUrl":"https:\/\/secure.gravatar.com\/avatar\/02e4691d00230d3425c562e7e363f571?s=96&d=mm&r=g","caption":"Reda\u00e7\u00e3o - Na\u00e7\u00e3o Digital"},"description":"Equipe de Reda\u00e7\u00e3o da Na\u00e7\u00e3o Digital","sameAs":["http:\/\/nacao.digital"],"url":"https:\/\/nacao.digital\/blog\/author\/redacao\/"}]}},"amp_enabled":true,"_links":{"self":[{"href":"https:\/\/nacao.digital\/blog\/wp-json\/wp\/v2\/posts\/795"}],"collection":[{"href":"https:\/\/nacao.digital\/blog\/wp-json\/wp\/v2\/posts"}],"about":[{"href":"https:\/\/nacao.digital\/blog\/wp-json\/wp\/v2\/types\/post"}],"author":[{"embeddable":true,"href":"https:\/\/nacao.digital\/blog\/wp-json\/wp\/v2\/users\/7"}],"replies":[{"embeddable":true,"href":"https:\/\/nacao.digital\/blog\/wp-json\/wp\/v2\/comments?post=795"}],"version-history":[{"count":0,"href":"https:\/\/nacao.digital\/blog\/wp-json\/wp\/v2\/posts\/795\/revisions"}],"wp:featuredmedia":[{"embeddable":true,"href":"https:\/\/nacao.digital\/blog\/wp-json\/wp\/v2\/media\/796"}],"wp:attachment":[{"href":"https:\/\/nacao.digital\/blog\/wp-json\/wp\/v2\/media?parent=795"}],"wp:term":[{"taxonomy":"category","embeddable":true,"href":"https:\/\/nacao.digital\/blog\/wp-json\/wp\/v2\/categories?post=795"},{"taxonomy":"post_tag","embeddable":true,"href":"https:\/\/nacao.digital\/blog\/wp-json\/wp\/v2\/tags?post=795"},{"taxonomy":"post_series","embeddable":true,"href":"https:\/\/nacao.digital\/blog\/wp-json\/wp\/v2\/post_series?post=795"}],"curies":[{"name":"wp","href":"https:\/\/api.w.org\/{rel}","templated":true}]}}