{"id":798,"date":"2016-12-27T08:00:15","date_gmt":"2016-12-27T08:00:15","guid":{"rendered":"http:\/\/nacao.digital\/blog\/?p=798"},"modified":"2020-06-02T08:34:16","modified_gmt":"2020-06-02T11:34:16","slug":"retrospectiva-2016-da-nacao","status":"publish","type":"post","link":"https:\/\/nacao.digital\/blog\/retrospectiva-2016-da-nacao\/","title":{"rendered":"Retrospectiva 2016 da Na\u00e7\u00e3o Digital: um ano de cria\u00e7\u00e3o de valor"},"content":{"rendered":"<p class=\"last-modified\"> <b> <i> Este conte\u00fado foi atualizado em: 02\/06\/2020 <\/i> <\/b> <\/p><p><span style=\"font-weight: 400;\">O ano de 2016 foi marcado por acontecimentos inesperados em todo o mundo, que bagun\u00e7aram com a zona de conforto de milhares de pessoas e fizeram crescer ideias conflitantes. <\/span><\/p>\n<p><!--more--><\/p>\n<p><span style=\"font-weight: 400;\">Para a Na\u00e7\u00e3o Digital, as novas ideias surgidas aqui dentro foram propulsoras para o movimento em 2016. Este ano foi s\u00edmbolo dos primeiros passos para novidades maiores na digital: novos membros na equipe, novos clientes, novos eventos, novas ferramentas, novas estrat\u00e9gias, nova metodologia, nova sede. Foi o ano de criar valor e come\u00e7ar a ver este valor voltando para n\u00f3s. Veja tudo o que aconteceu na retrospectiva 2016 da Na\u00e7\u00e3o!<\/span><\/p>\n<h2><b>Caminhando com a Na\u00e7\u00e3o<\/b><\/h2>\n<p><span style=\"font-weight: 400;\">O mais importante para n\u00f3s vem primeiro. 2016 foi ano de renovar nossa cartela de clientes com algumas conquistas que geraram um aprendizado conjunto. Quisty, Malucos Por Custom, Shopinfo e ELGScreen foram os clientes novos que caminharam com a gente neste 2016, com estrat\u00e9gias reais e resultados reais. <\/span><\/p>\n<h2><b>Equipe renovada<\/b><\/h2>\n<p><span style=\"font-weight: 400;\">Nada do que conquistamos este ano foi um resultado individual. Adicionamos cinco novos membros em nossa equipe, para auxiliar no inbound, design, conte\u00fado e SEO. Sarah, Evergton, Tayara, Karina e Augusto foram os chegados de 2016, que j\u00e1 come\u00e7aram com o p\u00e9 direito, compartilhando suas ideias, fazendo crescer e crescendo junto com a gente. \u00a0<\/span><\/p>\n<h2><b>Na estrada<\/b><\/h2>\n<p><span style=\"font-weight: 400;\">O ano de 2016 tamb\u00e9m foi sin\u00f4nimo de p\u00e9 na estrada para a digital. Come\u00e7amos a participar ativamente em eventos de e-commerce e inbound pelo pa\u00eds e j\u00e1 pudemos ver o potencial e influ\u00eancia da Na\u00e7\u00e3o no mercado. Patrocinamos o F\u00f3rum E-commerce Brasil 2016 em S\u00e3o Paulo, com um espa\u00e7o para apresentarmos nossos trabalhos e muito resultado positivo durante o evento, patrocinamos o RD on the Road em Curitiba e marcamos presen\u00e7a no F\u00f3rum Gestores E-commerce Brasil em agosto de 2016. <\/span><\/p>\n<h2><b>Gerando valor<\/b><\/h2>\n<p><span style=\"font-weight: 400;\">Renovamos o site e blog, fizemos webinars de prepara\u00e7\u00e3o para a Black Friday junto de parcerias incr\u00edveis, participamos do evento com sucesso junto aos clientes, investimos em novas estrat\u00e9gias de convers\u00e3o e desenvolvemos uma metodologia \u00fanica de Inbound Commerce.<\/span><\/p>\n<p><span style=\"font-weight: 400;\">Com todo esse valor gerado durante o ano para nossos clientes, parceiros e colaboradores, acabamos recebendo valor em troca. Tivemos um crescimento de 30% no faturamento anual da empresa, com boas previs\u00f5es para o ano que vem.<\/span><\/p>\n<h2><b>Nova casa!<\/b><\/h2>\n<p><span style=\"font-weight: 400;\">E para completar o ano com mudan\u00e7as boas, estamos em uma nova casa! Com uma equipe maior e mais unida, resolvemos crescer em um lugar mais amplo, mais funcional e mais aberto \u00e0s novidades que est\u00e3o por vir no ano que vem. <\/span><\/p>\n<p><span style=\"font-weight: 400;\">Quer caminhar com a gente em 2017?<\/span><a href=\"http:\/\/nacao.digital\/\" target=\"_blank\" rel=\"noopener noreferrer\"><span style=\"font-weight: 400;\"> Clique aqui e conhe\u00e7a mais um pouco sobre n\u00f3s!<\/span><\/a><\/p>\n<p>&nbsp;<\/p>\n","protected":false},"excerpt":{"rendered":"<p>Este conte\u00fado foi atualizado em: 02\/06\/2020 O ano de 2016 foi marcado por acontecimentos inesperados em todo o mundo, que bagun\u00e7aram com a zona de conforto de milhares de pessoas e fizeram crescer ideias conflitantes.<\/p>\n","protected":false},"author":7,"featured_media":800,"comment_status":"open","ping_status":"open","sticky":false,"template":"","format":"standard","meta":{"footnotes":""},"categories":[310],"tags":[],"post_series":[],"yoast_head":"<!-- This site is optimized with the Yoast SEO plugin v22.0 - https:\/\/yoast.com\/wordpress\/plugins\/seo\/ -->\n<title>Retrospectiva 2016 da Na\u00e7\u00e3o Digital: um ano de cria\u00e7\u00e3o de valor | Blog da Na\u00e7\u00e3o Digital<\/title>\n<meta name=\"description\" content=\"Para a Na\u00e7\u00e3o Digital, 2016 foi um ano de criar valor e recome\u00e7ar em uma nova sede. Veja tudo o que aconteceu na retrospectiva 2016 da na\u00e7\u00e3o!\" \/>\n<meta name=\"robots\" content=\"index, follow, max-snippet:-1, max-image-preview:large, max-video-preview:-1\" \/>\n<link rel=\"canonical\" href=\"https:\/\/nacao.digital\/blog\/retrospectiva-2016-da-nacao\/\" \/>\n<meta property=\"og:locale\" content=\"pt_BR\" \/>\n<meta property=\"og:type\" content=\"article\" \/>\n<meta property=\"og:title\" content=\"Retrospectiva 2016 da Na\u00e7\u00e3o Digital: um ano de cria\u00e7\u00e3o de valor | Blog da Na\u00e7\u00e3o Digital\" \/>\n<meta property=\"og:description\" content=\"Para a Na\u00e7\u00e3o Digital, 2016 foi um ano de criar valor e recome\u00e7ar em uma nova sede. Veja tudo o que aconteceu na retrospectiva 2016 da na\u00e7\u00e3o!\" \/>\n<meta property=\"og:url\" content=\"https:\/\/nacao.digital\/blog\/retrospectiva-2016-da-nacao\/\" \/>\n<meta property=\"og:site_name\" content=\"Blog da Na\u00e7\u00e3o Digital\" \/>\n<meta property=\"article:publisher\" content=\"https:\/\/www.facebook.com\/inbound.commerce\" \/>\n<meta property=\"article:published_time\" content=\"2016-12-27T08:00:15+00:00\" \/>\n<meta property=\"article:modified_time\" content=\"2020-06-02T11:34:16+00:00\" \/>\n<meta property=\"og:image\" content=\"https:\/\/nacao.digital\/blog\/wp-content\/uploads\/2016\/12\/retrospectiva-na\u00e7\u00e3o.png\" \/>\n\t<meta property=\"og:image:width\" content=\"855\" \/>\n\t<meta property=\"og:image:height\" content=\"400\" \/>\n\t<meta property=\"og:image:type\" content=\"image\/png\" \/>\n<meta name=\"author\" content=\"Reda\u00e7\u00e3o - Na\u00e7\u00e3o Digital\" \/>\n<meta name=\"twitter:card\" content=\"summary_large_image\" \/>\n<meta name=\"twitter:label1\" content=\"Escrito por\" \/>\n\t<meta name=\"twitter:data1\" content=\"Reda\u00e7\u00e3o - Na\u00e7\u00e3o Digital\" \/>\n\t<meta name=\"twitter:label2\" content=\"Est. tempo de leitura\" \/>\n\t<meta name=\"twitter:data2\" content=\"2 minutos\" \/>\n<script type=\"application\/ld+json\" class=\"yoast-schema-graph\">{\"@context\":\"https:\/\/schema.org\",\"@graph\":[{\"@type\":\"Article\",\"@id\":\"https:\/\/nacao.digital\/blog\/retrospectiva-2016-da-nacao\/#article\",\"isPartOf\":{\"@id\":\"https:\/\/nacao.digital\/blog\/retrospectiva-2016-da-nacao\/\"},\"author\":{\"name\":\"Reda\u00e7\u00e3o - Na\u00e7\u00e3o Digital\",\"@id\":\"https:\/\/nacao.digital\/blog\/#\/schema\/person\/4e45d0f5b6d52948e113abab0619dcdc\"},\"headline\":\"Retrospectiva 2016 da Na\u00e7\u00e3o Digital: um ano de cria\u00e7\u00e3o de valor\",\"datePublished\":\"2016-12-27T08:00:15+00:00\",\"dateModified\":\"2020-06-02T11:34:16+00:00\",\"mainEntityOfPage\":{\"@id\":\"https:\/\/nacao.digital\/blog\/retrospectiva-2016-da-nacao\/\"},\"wordCount\":462,\"commentCount\":0,\"publisher\":{\"@id\":\"https:\/\/nacao.digital\/blog\/#organization\"},\"articleSection\":[\"A Na\u00e7\u00e3o\"],\"inLanguage\":\"pt-BR\",\"potentialAction\":[{\"@type\":\"CommentAction\",\"name\":\"Comment\",\"target\":[\"https:\/\/nacao.digital\/blog\/retrospectiva-2016-da-nacao\/#respond\"]}]},{\"@type\":\"WebPage\",\"@id\":\"https:\/\/nacao.digital\/blog\/retrospectiva-2016-da-nacao\/\",\"url\":\"https:\/\/nacao.digital\/blog\/retrospectiva-2016-da-nacao\/\",\"name\":\"Retrospectiva 2016 da Na\u00e7\u00e3o Digital: um ano de cria\u00e7\u00e3o de valor | Blog da Na\u00e7\u00e3o Digital\",\"isPartOf\":{\"@id\":\"https:\/\/nacao.digital\/blog\/#website\"},\"datePublished\":\"2016-12-27T08:00:15+00:00\",\"dateModified\":\"2020-06-02T11:34:16+00:00\",\"description\":\"Para a Na\u00e7\u00e3o Digital, 2016 foi um ano de criar valor e recome\u00e7ar em uma nova sede. Veja tudo o que aconteceu na retrospectiva 2016 da na\u00e7\u00e3o!\",\"breadcrumb\":{\"@id\":\"https:\/\/nacao.digital\/blog\/retrospectiva-2016-da-nacao\/#breadcrumb\"},\"inLanguage\":\"pt-BR\",\"potentialAction\":[{\"@type\":\"ReadAction\",\"target\":[\"https:\/\/nacao.digital\/blog\/retrospectiva-2016-da-nacao\/\"]}]},{\"@type\":\"BreadcrumbList\",\"@id\":\"https:\/\/nacao.digital\/blog\/retrospectiva-2016-da-nacao\/#breadcrumb\",\"itemListElement\":[{\"@type\":\"ListItem\",\"position\":1,\"name\":\"In\u00edcio\",\"item\":\"https:\/\/nacao.digital\/blog\/\"},{\"@type\":\"ListItem\",\"position\":2,\"name\":\"Retrospectiva 2016 da Na\u00e7\u00e3o Digital: um ano de cria\u00e7\u00e3o de valor\"}]},{\"@type\":\"WebSite\",\"@id\":\"https:\/\/nacao.digital\/blog\/#website\",\"url\":\"https:\/\/nacao.digital\/blog\/\",\"name\":\"Blog da Na\u00e7\u00e3o Digital\",\"description\":\"Aprenda as melhores estrat\u00e9gias para atrair p\u00fablico mais segmentado, converter mais e vender muito. Tudo isso usando a metodologia de Inbound Marketing para E-commerce.\",\"publisher\":{\"@id\":\"https:\/\/nacao.digital\/blog\/#organization\"},\"potentialAction\":[{\"@type\":\"SearchAction\",\"target\":{\"@type\":\"EntryPoint\",\"urlTemplate\":\"https:\/\/nacao.digital\/blog\/?s={search_term_string}\"},\"query-input\":\"required name=search_term_string\"}],\"inLanguage\":\"pt-BR\"},{\"@type\":\"Organization\",\"@id\":\"https:\/\/nacao.digital\/blog\/#organization\",\"name\":\"Na\u00e7\u00e3o Digital\",\"url\":\"https:\/\/nacao.digital\/blog\/\",\"logo\":{\"@type\":\"ImageObject\",\"inLanguage\":\"pt-BR\",\"@id\":\"https:\/\/nacao.digital\/blog\/#\/schema\/logo\/image\/\",\"url\":\"https:\/\/nacao.digital\/blog\/wp-content\/uploads\/2018\/05\/nacao-digital.jpg\",\"contentUrl\":\"https:\/\/nacao.digital\/blog\/wp-content\/uploads\/2018\/05\/nacao-digital.jpg\",\"width\":590,\"height\":389,\"caption\":\"Na\u00e7\u00e3o Digital\"},\"image\":{\"@id\":\"https:\/\/nacao.digital\/blog\/#\/schema\/logo\/image\/\"},\"sameAs\":[\"https:\/\/www.facebook.com\/inbound.commerce\",\"https:\/\/www.instagram.com\/nacaodigital\/\",\"https:\/\/pt.linkedin.com\/company\/na\u00e7\u00e3o-digital\"]},{\"@type\":\"Person\",\"@id\":\"https:\/\/nacao.digital\/blog\/#\/schema\/person\/4e45d0f5b6d52948e113abab0619dcdc\",\"name\":\"Reda\u00e7\u00e3o - Na\u00e7\u00e3o Digital\",\"image\":{\"@type\":\"ImageObject\",\"inLanguage\":\"pt-BR\",\"@id\":\"https:\/\/nacao.digital\/blog\/#\/schema\/person\/image\/\",\"url\":\"https:\/\/secure.gravatar.com\/avatar\/02e4691d00230d3425c562e7e363f571?s=96&d=mm&r=g\",\"contentUrl\":\"https:\/\/secure.gravatar.com\/avatar\/02e4691d00230d3425c562e7e363f571?s=96&d=mm&r=g\",\"caption\":\"Reda\u00e7\u00e3o - Na\u00e7\u00e3o Digital\"},\"description\":\"Equipe de Reda\u00e7\u00e3o da Na\u00e7\u00e3o Digital\",\"sameAs\":[\"http:\/\/nacao.digital\"],\"url\":\"https:\/\/nacao.digital\/blog\/author\/redacao\/\"}]}<\/script>\n<!-- \/ Yoast SEO plugin. -->","yoast_head_json":{"title":"Retrospectiva 2016 da Na\u00e7\u00e3o Digital: um ano de cria\u00e7\u00e3o de valor | Blog da Na\u00e7\u00e3o Digital","description":"Para a Na\u00e7\u00e3o Digital, 2016 foi um ano de criar valor e recome\u00e7ar em uma nova sede. Veja tudo o que aconteceu na retrospectiva 2016 da na\u00e7\u00e3o!","robots":{"index":"index","follow":"follow","max-snippet":"max-snippet:-1","max-image-preview":"max-image-preview:large","max-video-preview":"max-video-preview:-1"},"canonical":"https:\/\/nacao.digital\/blog\/retrospectiva-2016-da-nacao\/","og_locale":"pt_BR","og_type":"article","og_title":"Retrospectiva 2016 da Na\u00e7\u00e3o Digital: um ano de cria\u00e7\u00e3o de valor | Blog da Na\u00e7\u00e3o Digital","og_description":"Para a Na\u00e7\u00e3o Digital, 2016 foi um ano de criar valor e recome\u00e7ar em uma nova sede. Veja tudo o que aconteceu na retrospectiva 2016 da na\u00e7\u00e3o!","og_url":"https:\/\/nacao.digital\/blog\/retrospectiva-2016-da-nacao\/","og_site_name":"Blog da Na\u00e7\u00e3o Digital","article_publisher":"https:\/\/www.facebook.com\/inbound.commerce","article_published_time":"2016-12-27T08:00:15+00:00","article_modified_time":"2020-06-02T11:34:16+00:00","og_image":[{"width":855,"height":400,"url":"https:\/\/nacao.digital\/blog\/wp-content\/uploads\/2016\/12\/retrospectiva-na\u00e7\u00e3o.png","type":"image\/png"}],"author":"Reda\u00e7\u00e3o - Na\u00e7\u00e3o Digital","twitter_card":"summary_large_image","twitter_misc":{"Escrito por":"Reda\u00e7\u00e3o - Na\u00e7\u00e3o Digital","Est. tempo de leitura":"2 minutos"},"schema":{"@context":"https:\/\/schema.org","@graph":[{"@type":"Article","@id":"https:\/\/nacao.digital\/blog\/retrospectiva-2016-da-nacao\/#article","isPartOf":{"@id":"https:\/\/nacao.digital\/blog\/retrospectiva-2016-da-nacao\/"},"author":{"name":"Reda\u00e7\u00e3o - Na\u00e7\u00e3o Digital","@id":"https:\/\/nacao.digital\/blog\/#\/schema\/person\/4e45d0f5b6d52948e113abab0619dcdc"},"headline":"Retrospectiva 2016 da Na\u00e7\u00e3o Digital: um ano de cria\u00e7\u00e3o de valor","datePublished":"2016-12-27T08:00:15+00:00","dateModified":"2020-06-02T11:34:16+00:00","mainEntityOfPage":{"@id":"https:\/\/nacao.digital\/blog\/retrospectiva-2016-da-nacao\/"},"wordCount":462,"commentCount":0,"publisher":{"@id":"https:\/\/nacao.digital\/blog\/#organization"},"articleSection":["A Na\u00e7\u00e3o"],"inLanguage":"pt-BR","potentialAction":[{"@type":"CommentAction","name":"Comment","target":["https:\/\/nacao.digital\/blog\/retrospectiva-2016-da-nacao\/#respond"]}]},{"@type":"WebPage","@id":"https:\/\/nacao.digital\/blog\/retrospectiva-2016-da-nacao\/","url":"https:\/\/nacao.digital\/blog\/retrospectiva-2016-da-nacao\/","name":"Retrospectiva 2016 da Na\u00e7\u00e3o Digital: um ano de cria\u00e7\u00e3o de valor | Blog da Na\u00e7\u00e3o Digital","isPartOf":{"@id":"https:\/\/nacao.digital\/blog\/#website"},"datePublished":"2016-12-27T08:00:15+00:00","dateModified":"2020-06-02T11:34:16+00:00","description":"Para a Na\u00e7\u00e3o Digital, 2016 foi um ano de criar valor e recome\u00e7ar em uma nova sede. Veja tudo o que aconteceu na retrospectiva 2016 da na\u00e7\u00e3o!","breadcrumb":{"@id":"https:\/\/nacao.digital\/blog\/retrospectiva-2016-da-nacao\/#breadcrumb"},"inLanguage":"pt-BR","potentialAction":[{"@type":"ReadAction","target":["https:\/\/nacao.digital\/blog\/retrospectiva-2016-da-nacao\/"]}]},{"@type":"BreadcrumbList","@id":"https:\/\/nacao.digital\/blog\/retrospectiva-2016-da-nacao\/#breadcrumb","itemListElement":[{"@type":"ListItem","position":1,"name":"In\u00edcio","item":"https:\/\/nacao.digital\/blog\/"},{"@type":"ListItem","position":2,"name":"Retrospectiva 2016 da Na\u00e7\u00e3o Digital: um ano de cria\u00e7\u00e3o de valor"}]},{"@type":"WebSite","@id":"https:\/\/nacao.digital\/blog\/#website","url":"https:\/\/nacao.digital\/blog\/","name":"Blog da Na\u00e7\u00e3o Digital","description":"Aprenda as melhores estrat\u00e9gias para atrair p\u00fablico mais segmentado, converter mais e vender muito. Tudo isso usando a metodologia de Inbound Marketing para E-commerce.","publisher":{"@id":"https:\/\/nacao.digital\/blog\/#organization"},"potentialAction":[{"@type":"SearchAction","target":{"@type":"EntryPoint","urlTemplate":"https:\/\/nacao.digital\/blog\/?s={search_term_string}"},"query-input":"required name=search_term_string"}],"inLanguage":"pt-BR"},{"@type":"Organization","@id":"https:\/\/nacao.digital\/blog\/#organization","name":"Na\u00e7\u00e3o Digital","url":"https:\/\/nacao.digital\/blog\/","logo":{"@type":"ImageObject","inLanguage":"pt-BR","@id":"https:\/\/nacao.digital\/blog\/#\/schema\/logo\/image\/","url":"https:\/\/nacao.digital\/blog\/wp-content\/uploads\/2018\/05\/nacao-digital.jpg","contentUrl":"https:\/\/nacao.digital\/blog\/wp-content\/uploads\/2018\/05\/nacao-digital.jpg","width":590,"height":389,"caption":"Na\u00e7\u00e3o Digital"},"image":{"@id":"https:\/\/nacao.digital\/blog\/#\/schema\/logo\/image\/"},"sameAs":["https:\/\/www.facebook.com\/inbound.commerce","https:\/\/www.instagram.com\/nacaodigital\/","https:\/\/pt.linkedin.com\/company\/na\u00e7\u00e3o-digital"]},{"@type":"Person","@id":"https:\/\/nacao.digital\/blog\/#\/schema\/person\/4e45d0f5b6d52948e113abab0619dcdc","name":"Reda\u00e7\u00e3o - Na\u00e7\u00e3o Digital","image":{"@type":"ImageObject","inLanguage":"pt-BR","@id":"https:\/\/nacao.digital\/blog\/#\/schema\/person\/image\/","url":"https:\/\/secure.gravatar.com\/avatar\/02e4691d00230d3425c562e7e363f571?s=96&d=mm&r=g","contentUrl":"https:\/\/secure.gravatar.com\/avatar\/02e4691d00230d3425c562e7e363f571?s=96&d=mm&r=g","caption":"Reda\u00e7\u00e3o - Na\u00e7\u00e3o Digital"},"description":"Equipe de Reda\u00e7\u00e3o da Na\u00e7\u00e3o Digital","sameAs":["http:\/\/nacao.digital"],"url":"https:\/\/nacao.digital\/blog\/author\/redacao\/"}]}},"amp_enabled":true,"_links":{"self":[{"href":"https:\/\/nacao.digital\/blog\/wp-json\/wp\/v2\/posts\/798"}],"collection":[{"href":"https:\/\/nacao.digital\/blog\/wp-json\/wp\/v2\/posts"}],"about":[{"href":"https:\/\/nacao.digital\/blog\/wp-json\/wp\/v2\/types\/post"}],"author":[{"embeddable":true,"href":"https:\/\/nacao.digital\/blog\/wp-json\/wp\/v2\/users\/7"}],"replies":[{"embeddable":true,"href":"https:\/\/nacao.digital\/blog\/wp-json\/wp\/v2\/comments?post=798"}],"version-history":[{"count":0,"href":"https:\/\/nacao.digital\/blog\/wp-json\/wp\/v2\/posts\/798\/revisions"}],"wp:featuredmedia":[{"embeddable":true,"href":"https:\/\/nacao.digital\/blog\/wp-json\/wp\/v2\/media\/800"}],"wp:attachment":[{"href":"https:\/\/nacao.digital\/blog\/wp-json\/wp\/v2\/media?parent=798"}],"wp:term":[{"taxonomy":"category","embeddable":true,"href":"https:\/\/nacao.digital\/blog\/wp-json\/wp\/v2\/categories?post=798"},{"taxonomy":"post_tag","embeddable":true,"href":"https:\/\/nacao.digital\/blog\/wp-json\/wp\/v2\/tags?post=798"},{"taxonomy":"post_series","embeddable":true,"href":"https:\/\/nacao.digital\/blog\/wp-json\/wp\/v2\/post_series?post=798"}],"curies":[{"name":"wp","href":"https:\/\/api.w.org\/{rel}","templated":true}]}}